{"id":20106,"date":"2011-10-21T16:41:52","date_gmt":"2011-10-21T16:41:52","guid":{"rendered":"http:\/\/desarrollo.mcvicious.com\/aero2020\/2011\/10\/21\/ministra-de-trabajo-de-chile-se-opone-a-gratuidad-universitaria\/"},"modified":"2011-10-21T16:41:52","modified_gmt":"2011-10-21T16:41:52","slug":"ministra-de-trabajo-de-chile-se-opone-a-gratuidad-universitaria","status":"publish","type":"post","link":"https:\/\/aeronoticias.com.pe\/noticiero\/internacionales\/ministra-de-trabajo-de-chile-se-opone-a-gratuidad-universitaria\/","title":{"rendered":"Ministra de Trabajo de Chile se opone a gratuidad universitaria"},"content":{"rendered":"<p style=\"text-align: justify;\"><strong>(Aeronoticias).-<\/strong> Evelyn Mattei, titular del Ministerio de Trabajo de Chile, manifest\u00f3 que es opuesta a que el gobierno de su pa\u00eds otorgue gratuidad total a la ense\u00f1anza universitaria.<\/p>\n<p style=\"text-align: justify;\">\u201cYo me opongo puesto que existen muchas personas que no han podido acceder a estudios y que necesitan de estudios b\u00e1sicos as\u00ed como capacitaci\u00f3n\u201d, argument\u00f3.<\/p>\n<p style=\"text-align: justify;\">Mattei dijo tambi\u00e9n que \u201c la mayor\u00eda de los trabajadores en Chile no han terminado cuarto medio, no puedo creer que haya alguien que quiera darle gratuidad a un joven cuya familia viva en La Dehesa y que no nos gastemos la plata en darle capacitaci\u00f3n a gente que a veces no ha terminado cuarto medio. Eso lo encuentro inaceptable\u201d, declar\u00f3 a la prensa.<\/p>\n<p style=\"text-align: justify;\">El pronunciamiento de la ministra de Trabajo ha suscitado diversos comentarios en Chile, cuyo gobierno enfrenta actualmente una crisis en el sector educativo con grandes movilizaci\u00f3n de universitarios que la polic\u00eda trata de contener.<\/p>\n<p>  <!--more-->  <\/p>\n<p><img decoding=\"async\" src=\"images\/stories\/11\/10\/211011\/chile_educacion_gratuita_ministra_trabajo.jpg\" border=\"0\" alt=\"Ministra de Trabajo de Chile se opone a gratuidad universitaria\" title=\"Ministra de Trabajo de Chile se opone a gratuidad universitaria\" \/><\/p>\n","protected":false},"excerpt":{"rendered":"<p>(Aeronoticias).- Evelyn Mattei, titular del Ministerio de Trabajo de Chile, manifest\u00f3 que es opuesta a que el gobierno de su pa\u00eds otorgue gratuidad total a la ense\u00f1anza universitaria. \u201cYo me opongo puesto que existen muchas personas que no han podido acceder a estudios y que necesitan de estudios b\u00e1sicos as\u00ed como capacitaci\u00f3n\u201d, argument\u00f3. Mattei dijo [&hellip;]<\/p>\n","protected":false},"author":1,"featured_media":0,"comment_status":"open","ping_status":"open","sticky":false,"template":"","format":"standard","meta":{"tdm_status":"","tdm_grid_status":"","footnotes":""},"categories":[34],"tags":[],"class_list":{"0":"post-20106","1":"post","2":"type-post","3":"status-publish","4":"format-standard","6":"category-internacionales"},"yoast_head":"<!-- This site is optimized with the Yoast SEO plugin v25.1 - https:\/\/yoast.com\/wordpress\/plugins\/seo\/ -->\n<title>Ministra de Trabajo de Chile se opone a gratuidad universitaria<\/title>\n<meta name=\"description\" content=\"Portal de noticias del Per\u00fa sobre el transporte a\u00e9reo, aviaci\u00f3n, turismo, hoteleria, actualidad.\" \/>\n<meta name=\"robots\" content=\"index, follow, max-snippet:-1, max-image-preview:large, max-video-preview:-1\" \/>\n<link rel=\"canonical\" href=\"https:\/\/aeronoticias.com.pe\/noticiero\/internacionales\/ministra-de-trabajo-de-chile-se-opone-a-gratuidad-universitaria\/\" \/>\n<meta property=\"og:locale\" content=\"es_ES\" \/>\n<meta property=\"og:type\" content=\"article\" \/>\n<meta property=\"og:title\" content=\"Ministra de Trabajo de Chile se opone a gratuidad universitaria\" \/>\n<meta property=\"og:description\" content=\"Portal de noticias del Per\u00fa sobre el transporte a\u00e9reo, aviaci\u00f3n, turismo, hoteleria, actualidad.\" \/>\n<meta property=\"og:url\" content=\"https:\/\/aeronoticias.com.pe\/noticiero\/internacionales\/ministra-de-trabajo-de-chile-se-opone-a-gratuidad-universitaria\/\" \/>\n<meta property=\"og:site_name\" content=\"Aeronoticias.com.pe\" \/>\n<meta property=\"article:publisher\" content=\"https:\/\/www.facebook.com\/Aeronoticias.com.pe\/\" \/>\n<meta property=\"article:published_time\" content=\"2011-10-21T16:41:52+00:00\" \/>\n<meta name=\"author\" content=\"Redacci\u00f3n Aeronoticias\" \/>\n<meta name=\"twitter:card\" content=\"summary_large_image\" \/>\n<meta name=\"twitter:creator\" content=\"@aeronoticias\" \/>\n<meta name=\"twitter:site\" content=\"@aeronoticias\" \/>\n<meta name=\"twitter:label1\" content=\"Escrito por\" \/>\n\t<meta name=\"twitter:data1\" content=\"Redacci\u00f3n Aeronoticias\" \/>\n\t<meta name=\"twitter:label2\" content=\"Tiempo de lectura\" \/>\n\t<meta name=\"twitter:data2\" content=\"1 minuto\" \/>\n<script type=\"application\/ld+json\" class=\"yoast-schema-graph\">{\"@context\":\"https:\/\/schema.org\",\"@graph\":[{\"@type\":\"WebPage\",\"@id\":\"https:\/\/aeronoticias.com.pe\/noticiero\/internacionales\/ministra-de-trabajo-de-chile-se-opone-a-gratuidad-universitaria\/\",\"url\":\"https:\/\/aeronoticias.com.pe\/noticiero\/internacionales\/ministra-de-trabajo-de-chile-se-opone-a-gratuidad-universitaria\/\",\"name\":\"Ministra de Trabajo de Chile se opone a gratuidad universitaria\",\"isPartOf\":{\"@id\":\"https:\/\/aeronoticias.com.pe\/noticiero\/#website\"},\"datePublished\":\"2011-10-21T16:41:52+00:00\",\"author\":{\"@id\":\"https:\/\/aeronoticias.com.pe\/noticiero\/#\/schema\/person\/fc1e5d578f4b62ba1cf7ac2bba1170a0\"},\"description\":\"Portal de noticias del Per\u00fa sobre el transporte a\u00e9reo, aviaci\u00f3n, turismo, hoteleria, actualidad.\",\"breadcrumb\":{\"@id\":\"https:\/\/aeronoticias.com.pe\/noticiero\/internacionales\/ministra-de-trabajo-de-chile-se-opone-a-gratuidad-universitaria\/#breadcrumb\"},\"inLanguage\":\"es\",\"potentialAction\":[{\"@type\":\"ReadAction\",\"target\":[\"https:\/\/aeronoticias.com.pe\/noticiero\/internacionales\/ministra-de-trabajo-de-chile-se-opone-a-gratuidad-universitaria\/\"]}]},{\"@type\":\"BreadcrumbList\",\"@id\":\"https:\/\/aeronoticias.com.pe\/noticiero\/internacionales\/ministra-de-trabajo-de-chile-se-opone-a-gratuidad-universitaria\/#breadcrumb\",\"itemListElement\":[{\"@type\":\"ListItem\",\"position\":1,\"name\":\"Portada\",\"item\":\"https:\/\/aeronoticias.com.pe\/noticiero\/\"},{\"@type\":\"ListItem\",\"position\":2,\"name\":\"Ministra de Trabajo de Chile se opone a gratuidad universitaria\"}]},{\"@type\":\"WebSite\",\"@id\":\"https:\/\/aeronoticias.com.pe\/noticiero\/#website\",\"url\":\"https:\/\/aeronoticias.com.pe\/noticiero\/\",\"name\":\"Aeronoticias.com.pe\",\"description\":\"Noticias de tranporte aereo, turismo, hoteles, gastronomia, actualidad, internacional\",\"potentialAction\":[{\"@type\":\"SearchAction\",\"target\":{\"@type\":\"EntryPoint\",\"urlTemplate\":\"https:\/\/aeronoticias.com.pe\/noticiero\/?s={search_term_string}\"},\"query-input\":{\"@type\":\"PropertyValueSpecification\",\"valueRequired\":true,\"valueName\":\"search_term_string\"}}],\"inLanguage\":\"es\"},{\"@type\":\"Person\",\"@id\":\"https:\/\/aeronoticias.com.pe\/noticiero\/#\/schema\/person\/fc1e5d578f4b62ba1cf7ac2bba1170a0\",\"name\":\"Redacci\u00f3n Aeronoticias\",\"url\":\"https:\/\/aeronoticias.com.pe\/noticiero\/author\/piloto\/\"}]}<\/script>\n<!-- \/ Yoast SEO plugin. -->","yoast_head_json":{"title":"Ministra de Trabajo de Chile se opone a gratuidad universitaria","description":"Portal de noticias del Per\u00fa sobre el transporte a\u00e9reo, aviaci\u00f3n, turismo, hoteleria, actualidad.","robots":{"index":"index","follow":"follow","max-snippet":"max-snippet:-1","max-image-preview":"max-image-preview:large","max-video-preview":"max-video-preview:-1"},"canonical":"https:\/\/aeronoticias.com.pe\/noticiero\/internacionales\/ministra-de-trabajo-de-chile-se-opone-a-gratuidad-universitaria\/","og_locale":"es_ES","og_type":"article","og_title":"Ministra de Trabajo de Chile se opone a gratuidad universitaria","og_description":"Portal de noticias del Per\u00fa sobre el transporte a\u00e9reo, aviaci\u00f3n, turismo, hoteleria, actualidad.","og_url":"https:\/\/aeronoticias.com.pe\/noticiero\/internacionales\/ministra-de-trabajo-de-chile-se-opone-a-gratuidad-universitaria\/","og_site_name":"Aeronoticias.com.pe","article_publisher":"https:\/\/www.facebook.com\/Aeronoticias.com.pe\/","article_published_time":"2011-10-21T16:41:52+00:00","author":"Redacci\u00f3n Aeronoticias","twitter_card":"summary_large_image","twitter_creator":"@aeronoticias","twitter_site":"@aeronoticias","twitter_misc":{"Escrito por":"Redacci\u00f3n Aeronoticias","Tiempo de lectura":"1 minuto"},"schema":{"@context":"https:\/\/schema.org","@graph":[{"@type":"WebPage","@id":"https:\/\/aeronoticias.com.pe\/noticiero\/internacionales\/ministra-de-trabajo-de-chile-se-opone-a-gratuidad-universitaria\/","url":"https:\/\/aeronoticias.com.pe\/noticiero\/internacionales\/ministra-de-trabajo-de-chile-se-opone-a-gratuidad-universitaria\/","name":"Ministra de Trabajo de Chile se opone a gratuidad universitaria","isPartOf":{"@id":"https:\/\/aeronoticias.com.pe\/noticiero\/#website"},"datePublished":"2011-10-21T16:41:52+00:00","author":{"@id":"https:\/\/aeronoticias.com.pe\/noticiero\/#\/schema\/person\/fc1e5d578f4b62ba1cf7ac2bba1170a0"},"description":"Portal de noticias del Per\u00fa sobre el transporte a\u00e9reo, aviaci\u00f3n, turismo, hoteleria, actualidad.","breadcrumb":{"@id":"https:\/\/aeronoticias.com.pe\/noticiero\/internacionales\/ministra-de-trabajo-de-chile-se-opone-a-gratuidad-universitaria\/#breadcrumb"},"inLanguage":"es","potentialAction":[{"@type":"ReadAction","target":["https:\/\/aeronoticias.com.pe\/noticiero\/internacionales\/ministra-de-trabajo-de-chile-se-opone-a-gratuidad-universitaria\/"]}]},{"@type":"BreadcrumbList","@id":"https:\/\/aeronoticias.com.pe\/noticiero\/internacionales\/ministra-de-trabajo-de-chile-se-opone-a-gratuidad-universitaria\/#breadcrumb","itemListElement":[{"@type":"ListItem","position":1,"name":"Portada","item":"https:\/\/aeronoticias.com.pe\/noticiero\/"},{"@type":"ListItem","position":2,"name":"Ministra de Trabajo de Chile se opone a gratuidad universitaria"}]},{"@type":"WebSite","@id":"https:\/\/aeronoticias.com.pe\/noticiero\/#website","url":"https:\/\/aeronoticias.com.pe\/noticiero\/","name":"Aeronoticias.com.pe","description":"Noticias de tranporte aereo, turismo, hoteles, gastronomia, actualidad, internacional","potentialAction":[{"@type":"SearchAction","target":{"@type":"EntryPoint","urlTemplate":"https:\/\/aeronoticias.com.pe\/noticiero\/?s={search_term_string}"},"query-input":{"@type":"PropertyValueSpecification","valueRequired":true,"valueName":"search_term_string"}}],"inLanguage":"es"},{"@type":"Person","@id":"https:\/\/aeronoticias.com.pe\/noticiero\/#\/schema\/person\/fc1e5d578f4b62ba1cf7ac2bba1170a0","name":"Redacci\u00f3n Aeronoticias","url":"https:\/\/aeronoticias.com.pe\/noticiero\/author\/piloto\/"}]}},"_links":{"self":[{"href":"https:\/\/aeronoticias.com.pe\/noticiero\/wp-json\/wp\/v2\/posts\/20106","targetHints":{"allow":["GET"]}}],"collection":[{"href":"https:\/\/aeronoticias.com.pe\/noticiero\/wp-json\/wp\/v2\/posts"}],"about":[{"href":"https:\/\/aeronoticias.com.pe\/noticiero\/wp-json\/wp\/v2\/types\/post"}],"author":[{"embeddable":true,"href":"https:\/\/aeronoticias.com.pe\/noticiero\/wp-json\/wp\/v2\/users\/1"}],"replies":[{"embeddable":true,"href":"https:\/\/aeronoticias.com.pe\/noticiero\/wp-json\/wp\/v2\/comments?post=20106"}],"version-history":[{"count":0,"href":"https:\/\/aeronoticias.com.pe\/noticiero\/wp-json\/wp\/v2\/posts\/20106\/revisions"}],"wp:attachment":[{"href":"https:\/\/aeronoticias.com.pe\/noticiero\/wp-json\/wp\/v2\/media?parent=20106"}],"wp:term":[{"taxonomy":"category","embeddable":true,"href":"https:\/\/aeronoticias.com.pe\/noticiero\/wp-json\/wp\/v2\/categories?post=20106"},{"taxonomy":"post_tag","embeddable":true,"href":"https:\/\/aeronoticias.com.pe\/noticiero\/wp-json\/wp\/v2\/tags?post=20106"}],"curies":[{"name":"wp","href":"https:\/\/api.w.org\/{rel}","templated":true}]}}