{"id":20108,"date":"2011-10-21T16:57:47","date_gmt":"2011-10-21T16:57:47","guid":{"rendered":"http:\/\/desarrollo.mcvicious.com\/aero2020\/2011\/10\/21\/carolina-trivelli-juramento-como-ministra-del-ministerio-de-desarrollo-e-inclusion-social\/"},"modified":"2011-10-21T16:57:47","modified_gmt":"2011-10-21T16:57:47","slug":"carolina-trivelli-juramento-como-ministra-del-ministerio-de-desarrollo-e-inclusion-social","status":"publish","type":"post","link":"https:\/\/aeronoticias.com.pe\/noticiero\/politica\/carolina-trivelli-juramento-como-ministra-del-ministerio-de-desarrollo-e-inclusion-social\/","title":{"rendered":"Carolina Trivelli jurament\u00f3 como ministra del Ministerio de Desarrollo e Inclusi\u00f3n Social"},"content":{"rendered":"<p style=\"text-align: justify;\"><strong>(Aeronoticias)<\/strong> En la Ciudad del Cuzco, exactamente en el distrito de San Sebasti\u00e1n,\u00a0 el Presidente de la Rep\u00fablica, Ollanta Humala realiz\u00f3 la juramentaci\u00f3n a la nueva ministra del nuevo Ministerio de Desarrollo e Inclusi\u00f3n Social, Carolina Trivelli \u00c1vila.<\/p>\n<p style=\"text-align: center;\"><img decoding=\"async\" src=\"images\/stories\/11\/10\/211011\/carolina.jpg\" border=\"0\" alt=\"carolina\" title=\"carolina\" \/><\/p>\n<p style=\"text-align: justify;\">A esta juramentaci\u00f3n estuvieron presentes todos los ministros de los diferentes Ministerios, y este en particular concentrar\u00e1 los principales programas sociales de lucha contra la pobreza y promoci\u00f3n de la equidad social en el pa\u00eds. Para tal caso, contar\u00e1 con los vice ministerios de Pol\u00edticas y Evaluaci\u00f3n Social y de Prestaciones Sociales.<\/p>\n<p>Cabe mencionar que la nueva ministra Trivelli es una especialista en temas de pobreza y desarrollo rural, y ha sido consultora de organismos nacionales e internacionales, como el Banco Interamericano de Desarrollo, Banco Mundial, entre otros.<\/p>\n<p style=\"text-align: center;\">\u00a0<\/p>\n","protected":false},"excerpt":{"rendered":"<p>(Aeronoticias) En la Ciudad del Cuzco, exactamente en el distrito de San Sebasti\u00e1n,\u00a0 el Presidente de la Rep\u00fablica, Ollanta Humala realiz\u00f3 la juramentaci\u00f3n a la nueva ministra del nuevo Ministerio de Desarrollo e Inclusi\u00f3n Social, Carolina Trivelli \u00c1vila. A esta juramentaci\u00f3n estuvieron presentes todos los ministros de los diferentes Ministerios, y este en particular concentrar\u00e1 [&hellip;]<\/p>\n","protected":false},"author":1,"featured_media":0,"comment_status":"open","ping_status":"open","sticky":false,"template":"","format":"standard","meta":{"tdm_status":"","tdm_grid_status":"","footnotes":""},"categories":[36],"tags":[],"class_list":{"0":"post-20108","1":"post","2":"type-post","3":"status-publish","4":"format-standard","6":"category-politica"},"yoast_head":"<!-- This site is optimized with the Yoast SEO plugin v25.1 - https:\/\/yoast.com\/wordpress\/plugins\/seo\/ -->\n<title>Carolina Trivelli jurament\u00f3 como ministra del Ministerio de Desarrollo e Inclusi\u00f3n Social<\/title>\n<meta name=\"description\" content=\"Portal de noticias del Per\u00fa sobre el transporte a\u00e9reo, aviaci\u00f3n, turismo, hoteleria, actualidad.\" \/>\n<meta name=\"robots\" content=\"index, follow, max-snippet:-1, max-image-preview:large, max-video-preview:-1\" \/>\n<link rel=\"canonical\" href=\"https:\/\/aeronoticias.com.pe\/noticiero\/politica\/carolina-trivelli-juramento-como-ministra-del-ministerio-de-desarrollo-e-inclusion-social\/\" \/>\n<meta property=\"og:locale\" content=\"es_ES\" \/>\n<meta property=\"og:type\" content=\"article\" \/>\n<meta property=\"og:title\" content=\"Carolina Trivelli jurament\u00f3 como ministra del Ministerio de Desarrollo e Inclusi\u00f3n Social\" \/>\n<meta property=\"og:description\" content=\"Portal de noticias del Per\u00fa sobre el transporte a\u00e9reo, aviaci\u00f3n, turismo, hoteleria, actualidad.\" \/>\n<meta property=\"og:url\" content=\"https:\/\/aeronoticias.com.pe\/noticiero\/politica\/carolina-trivelli-juramento-como-ministra-del-ministerio-de-desarrollo-e-inclusion-social\/\" \/>\n<meta property=\"og:site_name\" content=\"Aeronoticias.com.pe\" \/>\n<meta property=\"article:publisher\" content=\"https:\/\/www.facebook.com\/Aeronoticias.com.pe\/\" \/>\n<meta property=\"article:published_time\" content=\"2011-10-21T16:57:47+00:00\" \/>\n<meta name=\"author\" content=\"Redacci\u00f3n Aeronoticias\" \/>\n<meta name=\"twitter:card\" content=\"summary_large_image\" \/>\n<meta name=\"twitter:creator\" content=\"@aeronoticias\" \/>\n<meta name=\"twitter:site\" content=\"@aeronoticias\" \/>\n<meta name=\"twitter:label1\" content=\"Escrito por\" \/>\n\t<meta name=\"twitter:data1\" content=\"Redacci\u00f3n Aeronoticias\" \/>\n\t<meta name=\"twitter:label2\" content=\"Tiempo de lectura\" \/>\n\t<meta name=\"twitter:data2\" content=\"1 minuto\" \/>\n<script type=\"application\/ld+json\" class=\"yoast-schema-graph\">{\"@context\":\"https:\/\/schema.org\",\"@graph\":[{\"@type\":\"WebPage\",\"@id\":\"https:\/\/aeronoticias.com.pe\/noticiero\/politica\/carolina-trivelli-juramento-como-ministra-del-ministerio-de-desarrollo-e-inclusion-social\/\",\"url\":\"https:\/\/aeronoticias.com.pe\/noticiero\/politica\/carolina-trivelli-juramento-como-ministra-del-ministerio-de-desarrollo-e-inclusion-social\/\",\"name\":\"Carolina Trivelli jurament\u00f3 como ministra del Ministerio de Desarrollo e Inclusi\u00f3n Social\",\"isPartOf\":{\"@id\":\"https:\/\/aeronoticias.com.pe\/noticiero\/#website\"},\"datePublished\":\"2011-10-21T16:57:47+00:00\",\"author\":{\"@id\":\"https:\/\/aeronoticias.com.pe\/noticiero\/#\/schema\/person\/fc1e5d578f4b62ba1cf7ac2bba1170a0\"},\"description\":\"Portal de noticias del Per\u00fa sobre el transporte a\u00e9reo, aviaci\u00f3n, turismo, hoteleria, actualidad.\",\"breadcrumb\":{\"@id\":\"https:\/\/aeronoticias.com.pe\/noticiero\/politica\/carolina-trivelli-juramento-como-ministra-del-ministerio-de-desarrollo-e-inclusion-social\/#breadcrumb\"},\"inLanguage\":\"es\",\"potentialAction\":[{\"@type\":\"ReadAction\",\"target\":[\"https:\/\/aeronoticias.com.pe\/noticiero\/politica\/carolina-trivelli-juramento-como-ministra-del-ministerio-de-desarrollo-e-inclusion-social\/\"]}]},{\"@type\":\"BreadcrumbList\",\"@id\":\"https:\/\/aeronoticias.com.pe\/noticiero\/politica\/carolina-trivelli-juramento-como-ministra-del-ministerio-de-desarrollo-e-inclusion-social\/#breadcrumb\",\"itemListElement\":[{\"@type\":\"ListItem\",\"position\":1,\"name\":\"Portada\",\"item\":\"https:\/\/aeronoticias.com.pe\/noticiero\/\"},{\"@type\":\"ListItem\",\"position\":2,\"name\":\"Carolina Trivelli jurament\u00f3 como ministra del Ministerio de Desarrollo e Inclusi\u00f3n Social\"}]},{\"@type\":\"WebSite\",\"@id\":\"https:\/\/aeronoticias.com.pe\/noticiero\/#website\",\"url\":\"https:\/\/aeronoticias.com.pe\/noticiero\/\",\"name\":\"Aeronoticias.com.pe\",\"description\":\"Noticias de tranporte aereo, turismo, hoteles, gastronomia, actualidad, internacional\",\"potentialAction\":[{\"@type\":\"SearchAction\",\"target\":{\"@type\":\"EntryPoint\",\"urlTemplate\":\"https:\/\/aeronoticias.com.pe\/noticiero\/?s={search_term_string}\"},\"query-input\":{\"@type\":\"PropertyValueSpecification\",\"valueRequired\":true,\"valueName\":\"search_term_string\"}}],\"inLanguage\":\"es\"},{\"@type\":\"Person\",\"@id\":\"https:\/\/aeronoticias.com.pe\/noticiero\/#\/schema\/person\/fc1e5d578f4b62ba1cf7ac2bba1170a0\",\"name\":\"Redacci\u00f3n Aeronoticias\",\"url\":\"https:\/\/aeronoticias.com.pe\/noticiero\/author\/piloto\/\"}]}<\/script>\n<!-- \/ Yoast SEO plugin. -->","yoast_head_json":{"title":"Carolina Trivelli jurament\u00f3 como ministra del Ministerio de Desarrollo e Inclusi\u00f3n Social","description":"Portal de noticias del Per\u00fa sobre el transporte a\u00e9reo, aviaci\u00f3n, turismo, hoteleria, actualidad.","robots":{"index":"index","follow":"follow","max-snippet":"max-snippet:-1","max-image-preview":"max-image-preview:large","max-video-preview":"max-video-preview:-1"},"canonical":"https:\/\/aeronoticias.com.pe\/noticiero\/politica\/carolina-trivelli-juramento-como-ministra-del-ministerio-de-desarrollo-e-inclusion-social\/","og_locale":"es_ES","og_type":"article","og_title":"Carolina Trivelli jurament\u00f3 como ministra del Ministerio de Desarrollo e Inclusi\u00f3n Social","og_description":"Portal de noticias del Per\u00fa sobre el transporte a\u00e9reo, aviaci\u00f3n, turismo, hoteleria, actualidad.","og_url":"https:\/\/aeronoticias.com.pe\/noticiero\/politica\/carolina-trivelli-juramento-como-ministra-del-ministerio-de-desarrollo-e-inclusion-social\/","og_site_name":"Aeronoticias.com.pe","article_publisher":"https:\/\/www.facebook.com\/Aeronoticias.com.pe\/","article_published_time":"2011-10-21T16:57:47+00:00","author":"Redacci\u00f3n Aeronoticias","twitter_card":"summary_large_image","twitter_creator":"@aeronoticias","twitter_site":"@aeronoticias","twitter_misc":{"Escrito por":"Redacci\u00f3n Aeronoticias","Tiempo de lectura":"1 minuto"},"schema":{"@context":"https:\/\/schema.org","@graph":[{"@type":"WebPage","@id":"https:\/\/aeronoticias.com.pe\/noticiero\/politica\/carolina-trivelli-juramento-como-ministra-del-ministerio-de-desarrollo-e-inclusion-social\/","url":"https:\/\/aeronoticias.com.pe\/noticiero\/politica\/carolina-trivelli-juramento-como-ministra-del-ministerio-de-desarrollo-e-inclusion-social\/","name":"Carolina Trivelli jurament\u00f3 como ministra del Ministerio de Desarrollo e Inclusi\u00f3n Social","isPartOf":{"@id":"https:\/\/aeronoticias.com.pe\/noticiero\/#website"},"datePublished":"2011-10-21T16:57:47+00:00","author":{"@id":"https:\/\/aeronoticias.com.pe\/noticiero\/#\/schema\/person\/fc1e5d578f4b62ba1cf7ac2bba1170a0"},"description":"Portal de noticias del Per\u00fa sobre el transporte a\u00e9reo, aviaci\u00f3n, turismo, hoteleria, actualidad.","breadcrumb":{"@id":"https:\/\/aeronoticias.com.pe\/noticiero\/politica\/carolina-trivelli-juramento-como-ministra-del-ministerio-de-desarrollo-e-inclusion-social\/#breadcrumb"},"inLanguage":"es","potentialAction":[{"@type":"ReadAction","target":["https:\/\/aeronoticias.com.pe\/noticiero\/politica\/carolina-trivelli-juramento-como-ministra-del-ministerio-de-desarrollo-e-inclusion-social\/"]}]},{"@type":"BreadcrumbList","@id":"https:\/\/aeronoticias.com.pe\/noticiero\/politica\/carolina-trivelli-juramento-como-ministra-del-ministerio-de-desarrollo-e-inclusion-social\/#breadcrumb","itemListElement":[{"@type":"ListItem","position":1,"name":"Portada","item":"https:\/\/aeronoticias.com.pe\/noticiero\/"},{"@type":"ListItem","position":2,"name":"Carolina Trivelli jurament\u00f3 como ministra del Ministerio de Desarrollo e Inclusi\u00f3n Social"}]},{"@type":"WebSite","@id":"https:\/\/aeronoticias.com.pe\/noticiero\/#website","url":"https:\/\/aeronoticias.com.pe\/noticiero\/","name":"Aeronoticias.com.pe","description":"Noticias de tranporte aereo, turismo, hoteles, gastronomia, actualidad, internacional","potentialAction":[{"@type":"SearchAction","target":{"@type":"EntryPoint","urlTemplate":"https:\/\/aeronoticias.com.pe\/noticiero\/?s={search_term_string}"},"query-input":{"@type":"PropertyValueSpecification","valueRequired":true,"valueName":"search_term_string"}}],"inLanguage":"es"},{"@type":"Person","@id":"https:\/\/aeronoticias.com.pe\/noticiero\/#\/schema\/person\/fc1e5d578f4b62ba1cf7ac2bba1170a0","name":"Redacci\u00f3n Aeronoticias","url":"https:\/\/aeronoticias.com.pe\/noticiero\/author\/piloto\/"}]}},"_links":{"self":[{"href":"https:\/\/aeronoticias.com.pe\/noticiero\/wp-json\/wp\/v2\/posts\/20108","targetHints":{"allow":["GET"]}}],"collection":[{"href":"https:\/\/aeronoticias.com.pe\/noticiero\/wp-json\/wp\/v2\/posts"}],"about":[{"href":"https:\/\/aeronoticias.com.pe\/noticiero\/wp-json\/wp\/v2\/types\/post"}],"author":[{"embeddable":true,"href":"https:\/\/aeronoticias.com.pe\/noticiero\/wp-json\/wp\/v2\/users\/1"}],"replies":[{"embeddable":true,"href":"https:\/\/aeronoticias.com.pe\/noticiero\/wp-json\/wp\/v2\/comments?post=20108"}],"version-history":[{"count":0,"href":"https:\/\/aeronoticias.com.pe\/noticiero\/wp-json\/wp\/v2\/posts\/20108\/revisions"}],"wp:attachment":[{"href":"https:\/\/aeronoticias.com.pe\/noticiero\/wp-json\/wp\/v2\/media?parent=20108"}],"wp:term":[{"taxonomy":"category","embeddable":true,"href":"https:\/\/aeronoticias.com.pe\/noticiero\/wp-json\/wp\/v2\/categories?post=20108"},{"taxonomy":"post_tag","embeddable":true,"href":"https:\/\/aeronoticias.com.pe\/noticiero\/wp-json\/wp\/v2\/tags?post=20108"}],"curies":[{"name":"wp","href":"https:\/\/api.w.org\/{rel}","templated":true}]}}