{"id":20109,"date":"2011-10-21T18:11:04","date_gmt":"2011-10-21T18:11:04","guid":{"rendered":"http:\/\/desarrollo.mcvicious.com\/aero2020\/2011\/10\/21\/designan-a-ivonne-chavez-chiarella-de-gomez-restrepo-directora-de-rrpp-de-aeronoticias\/"},"modified":"2011-10-21T18:11:04","modified_gmt":"2011-10-21T18:11:04","slug":"designan-a-ivonne-chavez-chiarella-de-gomez-restrepo-directora-de-rrpp-de-aeronoticias","status":"publish","type":"post","link":"https:\/\/aeronoticias.com.pe\/noticiero\/ultimas\/1\/designan-a-ivonne-chavez-chiarella-de-gomez-restrepo-directora-de-rrpp-de-aeronoticias\/","title":{"rendered":"Designan a Ivonne Ch\u00e1vez Chiarella de G\u00f3mez Restrepo, directora  de RR.PP. de Aeronoticias"},"content":{"rendered":"<p style=\"text-align: justify;\"><strong>(Aeronoticias).-<\/strong> La conocida ejecutiva, ex gerente de relaciones p\u00fablicas de la Corporaci\u00f3n Peruana de Aeropuertos y Aviaci\u00f3n Comercial CORPAC, Ivonne Ch\u00e1vez Chiarella G\u00f3mez Restrepo fue designada directora de Relaciones P\u00fablicas y Publicidad y de la Secci\u00f3n Diplom\u00e1tica \u2013 Sociales del diario digital Aeronoticias.<\/p>\n<p>La se\u00f1ora G\u00f3mez Restrepo est\u00e1 vinculada al circulo diplom\u00e1tico y pol\u00edtico lime\u00f1o y en su trayectoria en el \u00e1mbito de empresa privada se desempe\u00f1\u00f3 como reconocida dise\u00f1adora peruana impulsando la promoci\u00f3n de los hilados de algod\u00f3n peruano y alpaca entre otros textiles a nivel internacional siendo promocionada por las embajadas peruanas en el exterior realizando de esta manera apoyo de responsabilidad social hacia los hijos de los peruanos en el extranjero.<\/p>\n<p>  <!--more-->  <\/p>\n<p style=\"text-align: justify;\">Aeronoticias cubrir\u00e1 de esta forma todos los eventos diplom\u00e1ticos y sociales para lo cual las misiones diplom\u00e1ticas deber\u00e1n cursar un correo a ichiarella@aeronoticias.com.pe \/ ivonnechiarella@yahoo.com<\/p>\n<p style=\"text-align: justify;\"><img decoding=\"async\" src=\"images\/stories\/11\/10\/211011\/foto_rrpp.jpg\" border=\"0\" alt=\"Designan a Ivonne Ch\u00e1vez Chiarella de G\u00f3mez Restrepo, directora  de RR.PP. de Aeronoticias\" title=\"Designan a Ivonne Ch\u00e1vez Chiarella de G\u00f3mez Restrepo, directora  de RR.PP. de Aeronoticias\" \/><\/p>\n","protected":false},"excerpt":{"rendered":"<p>(Aeronoticias).- La conocida ejecutiva, ex gerente de relaciones p\u00fablicas de la Corporaci\u00f3n Peruana de Aeropuertos y Aviaci\u00f3n Comercial CORPAC, Ivonne Ch\u00e1vez Chiarella G\u00f3mez Restrepo fue designada directora de Relaciones P\u00fablicas y Publicidad y de la Secci\u00f3n Diplom\u00e1tica \u2013 Sociales del diario digital Aeronoticias. La se\u00f1ora G\u00f3mez Restrepo est\u00e1 vinculada al circulo diplom\u00e1tico y pol\u00edtico lime\u00f1o [&hellip;]<\/p>\n","protected":false},"author":1,"featured_media":0,"comment_status":"open","ping_status":"open","sticky":false,"template":"","format":"standard","meta":{"tdm_status":"","tdm_grid_status":"","footnotes":""},"categories":[30],"tags":[],"class_list":{"0":"post-20109","1":"post","2":"type-post","3":"status-publish","4":"format-standard","6":"category-30"},"yoast_head":"<!-- This site is optimized with the Yoast SEO plugin v25.1 - https:\/\/yoast.com\/wordpress\/plugins\/seo\/ -->\n<title>Designan a Ivonne Ch\u00e1vez Chiarella de G\u00f3mez Restrepo, directora de RR.PP. de Aeronoticias<\/title>\n<meta name=\"description\" content=\"Portal de noticias del Per\u00fa sobre el transporte a\u00e9reo, aviaci\u00f3n, turismo, hoteleria, actualidad.\" \/>\n<meta name=\"robots\" content=\"index, follow, max-snippet:-1, max-image-preview:large, max-video-preview:-1\" \/>\n<link rel=\"canonical\" href=\"https:\/\/aeronoticias.com.pe\/noticiero\/ultimas\/1\/designan-a-ivonne-chavez-chiarella-de-gomez-restrepo-directora-de-rrpp-de-aeronoticias\/\" \/>\n<meta property=\"og:locale\" content=\"es_ES\" \/>\n<meta property=\"og:type\" content=\"article\" \/>\n<meta property=\"og:title\" content=\"Designan a Ivonne Ch\u00e1vez Chiarella de G\u00f3mez Restrepo, directora de RR.PP. de Aeronoticias\" \/>\n<meta property=\"og:description\" content=\"Portal de noticias del Per\u00fa sobre el transporte a\u00e9reo, aviaci\u00f3n, turismo, hoteleria, actualidad.\" \/>\n<meta property=\"og:url\" content=\"https:\/\/aeronoticias.com.pe\/noticiero\/ultimas\/1\/designan-a-ivonne-chavez-chiarella-de-gomez-restrepo-directora-de-rrpp-de-aeronoticias\/\" \/>\n<meta property=\"og:site_name\" content=\"Aeronoticias.com.pe\" \/>\n<meta property=\"article:publisher\" content=\"https:\/\/www.facebook.com\/Aeronoticias.com.pe\/\" \/>\n<meta property=\"article:published_time\" content=\"2011-10-21T18:11:04+00:00\" \/>\n<meta name=\"author\" content=\"Redacci\u00f3n Aeronoticias\" \/>\n<meta name=\"twitter:card\" content=\"summary_large_image\" \/>\n<meta name=\"twitter:creator\" content=\"@aeronoticias\" \/>\n<meta name=\"twitter:site\" content=\"@aeronoticias\" \/>\n<meta name=\"twitter:label1\" content=\"Escrito por\" \/>\n\t<meta name=\"twitter:data1\" content=\"Redacci\u00f3n Aeronoticias\" \/>\n\t<meta name=\"twitter:label2\" content=\"Tiempo de lectura\" \/>\n\t<meta name=\"twitter:data2\" content=\"1 minuto\" \/>\n<script type=\"application\/ld+json\" class=\"yoast-schema-graph\">{\"@context\":\"https:\/\/schema.org\",\"@graph\":[{\"@type\":\"WebPage\",\"@id\":\"https:\/\/aeronoticias.com.pe\/noticiero\/ultimas\/1\/designan-a-ivonne-chavez-chiarella-de-gomez-restrepo-directora-de-rrpp-de-aeronoticias\/\",\"url\":\"https:\/\/aeronoticias.com.pe\/noticiero\/ultimas\/1\/designan-a-ivonne-chavez-chiarella-de-gomez-restrepo-directora-de-rrpp-de-aeronoticias\/\",\"name\":\"Designan a Ivonne Ch\u00e1vez Chiarella de G\u00f3mez Restrepo, directora de RR.PP. de Aeronoticias\",\"isPartOf\":{\"@id\":\"https:\/\/aeronoticias.com.pe\/noticiero\/#website\"},\"datePublished\":\"2011-10-21T18:11:04+00:00\",\"author\":{\"@id\":\"https:\/\/aeronoticias.com.pe\/noticiero\/#\/schema\/person\/fc1e5d578f4b62ba1cf7ac2bba1170a0\"},\"description\":\"Portal de noticias del Per\u00fa sobre el transporte a\u00e9reo, aviaci\u00f3n, turismo, hoteleria, actualidad.\",\"breadcrumb\":{\"@id\":\"https:\/\/aeronoticias.com.pe\/noticiero\/ultimas\/1\/designan-a-ivonne-chavez-chiarella-de-gomez-restrepo-directora-de-rrpp-de-aeronoticias\/#breadcrumb\"},\"inLanguage\":\"es\",\"potentialAction\":[{\"@type\":\"ReadAction\",\"target\":[\"https:\/\/aeronoticias.com.pe\/noticiero\/ultimas\/1\/designan-a-ivonne-chavez-chiarella-de-gomez-restrepo-directora-de-rrpp-de-aeronoticias\/\"]}]},{\"@type\":\"BreadcrumbList\",\"@id\":\"https:\/\/aeronoticias.com.pe\/noticiero\/ultimas\/1\/designan-a-ivonne-chavez-chiarella-de-gomez-restrepo-directora-de-rrpp-de-aeronoticias\/#breadcrumb\",\"itemListElement\":[{\"@type\":\"ListItem\",\"position\":1,\"name\":\"Portada\",\"item\":\"https:\/\/aeronoticias.com.pe\/noticiero\/\"},{\"@type\":\"ListItem\",\"position\":2,\"name\":\"Designan a Ivonne Ch\u00e1vez Chiarella de G\u00f3mez Restrepo, directora de RR.PP. de Aeronoticias\"}]},{\"@type\":\"WebSite\",\"@id\":\"https:\/\/aeronoticias.com.pe\/noticiero\/#website\",\"url\":\"https:\/\/aeronoticias.com.pe\/noticiero\/\",\"name\":\"Aeronoticias.com.pe\",\"description\":\"Noticias de tranporte aereo, turismo, hoteles, gastronomia, actualidad, internacional\",\"potentialAction\":[{\"@type\":\"SearchAction\",\"target\":{\"@type\":\"EntryPoint\",\"urlTemplate\":\"https:\/\/aeronoticias.com.pe\/noticiero\/?s={search_term_string}\"},\"query-input\":{\"@type\":\"PropertyValueSpecification\",\"valueRequired\":true,\"valueName\":\"search_term_string\"}}],\"inLanguage\":\"es\"},{\"@type\":\"Person\",\"@id\":\"https:\/\/aeronoticias.com.pe\/noticiero\/#\/schema\/person\/fc1e5d578f4b62ba1cf7ac2bba1170a0\",\"name\":\"Redacci\u00f3n Aeronoticias\",\"url\":\"https:\/\/aeronoticias.com.pe\/noticiero\/author\/piloto\/\"}]}<\/script>\n<!-- \/ Yoast SEO plugin. -->","yoast_head_json":{"title":"Designan a Ivonne Ch\u00e1vez Chiarella de G\u00f3mez Restrepo, directora de RR.PP. de Aeronoticias","description":"Portal de noticias del Per\u00fa sobre el transporte a\u00e9reo, aviaci\u00f3n, turismo, hoteleria, actualidad.","robots":{"index":"index","follow":"follow","max-snippet":"max-snippet:-1","max-image-preview":"max-image-preview:large","max-video-preview":"max-video-preview:-1"},"canonical":"https:\/\/aeronoticias.com.pe\/noticiero\/ultimas\/1\/designan-a-ivonne-chavez-chiarella-de-gomez-restrepo-directora-de-rrpp-de-aeronoticias\/","og_locale":"es_ES","og_type":"article","og_title":"Designan a Ivonne Ch\u00e1vez Chiarella de G\u00f3mez Restrepo, directora de RR.PP. de Aeronoticias","og_description":"Portal de noticias del Per\u00fa sobre el transporte a\u00e9reo, aviaci\u00f3n, turismo, hoteleria, actualidad.","og_url":"https:\/\/aeronoticias.com.pe\/noticiero\/ultimas\/1\/designan-a-ivonne-chavez-chiarella-de-gomez-restrepo-directora-de-rrpp-de-aeronoticias\/","og_site_name":"Aeronoticias.com.pe","article_publisher":"https:\/\/www.facebook.com\/Aeronoticias.com.pe\/","article_published_time":"2011-10-21T18:11:04+00:00","author":"Redacci\u00f3n Aeronoticias","twitter_card":"summary_large_image","twitter_creator":"@aeronoticias","twitter_site":"@aeronoticias","twitter_misc":{"Escrito por":"Redacci\u00f3n Aeronoticias","Tiempo de lectura":"1 minuto"},"schema":{"@context":"https:\/\/schema.org","@graph":[{"@type":"WebPage","@id":"https:\/\/aeronoticias.com.pe\/noticiero\/ultimas\/1\/designan-a-ivonne-chavez-chiarella-de-gomez-restrepo-directora-de-rrpp-de-aeronoticias\/","url":"https:\/\/aeronoticias.com.pe\/noticiero\/ultimas\/1\/designan-a-ivonne-chavez-chiarella-de-gomez-restrepo-directora-de-rrpp-de-aeronoticias\/","name":"Designan a Ivonne Ch\u00e1vez Chiarella de G\u00f3mez Restrepo, directora de RR.PP. de Aeronoticias","isPartOf":{"@id":"https:\/\/aeronoticias.com.pe\/noticiero\/#website"},"datePublished":"2011-10-21T18:11:04+00:00","author":{"@id":"https:\/\/aeronoticias.com.pe\/noticiero\/#\/schema\/person\/fc1e5d578f4b62ba1cf7ac2bba1170a0"},"description":"Portal de noticias del Per\u00fa sobre el transporte a\u00e9reo, aviaci\u00f3n, turismo, hoteleria, actualidad.","breadcrumb":{"@id":"https:\/\/aeronoticias.com.pe\/noticiero\/ultimas\/1\/designan-a-ivonne-chavez-chiarella-de-gomez-restrepo-directora-de-rrpp-de-aeronoticias\/#breadcrumb"},"inLanguage":"es","potentialAction":[{"@type":"ReadAction","target":["https:\/\/aeronoticias.com.pe\/noticiero\/ultimas\/1\/designan-a-ivonne-chavez-chiarella-de-gomez-restrepo-directora-de-rrpp-de-aeronoticias\/"]}]},{"@type":"BreadcrumbList","@id":"https:\/\/aeronoticias.com.pe\/noticiero\/ultimas\/1\/designan-a-ivonne-chavez-chiarella-de-gomez-restrepo-directora-de-rrpp-de-aeronoticias\/#breadcrumb","itemListElement":[{"@type":"ListItem","position":1,"name":"Portada","item":"https:\/\/aeronoticias.com.pe\/noticiero\/"},{"@type":"ListItem","position":2,"name":"Designan a Ivonne Ch\u00e1vez Chiarella de G\u00f3mez Restrepo, directora de RR.PP. de Aeronoticias"}]},{"@type":"WebSite","@id":"https:\/\/aeronoticias.com.pe\/noticiero\/#website","url":"https:\/\/aeronoticias.com.pe\/noticiero\/","name":"Aeronoticias.com.pe","description":"Noticias de tranporte aereo, turismo, hoteles, gastronomia, actualidad, internacional","potentialAction":[{"@type":"SearchAction","target":{"@type":"EntryPoint","urlTemplate":"https:\/\/aeronoticias.com.pe\/noticiero\/?s={search_term_string}"},"query-input":{"@type":"PropertyValueSpecification","valueRequired":true,"valueName":"search_term_string"}}],"inLanguage":"es"},{"@type":"Person","@id":"https:\/\/aeronoticias.com.pe\/noticiero\/#\/schema\/person\/fc1e5d578f4b62ba1cf7ac2bba1170a0","name":"Redacci\u00f3n Aeronoticias","url":"https:\/\/aeronoticias.com.pe\/noticiero\/author\/piloto\/"}]}},"_links":{"self":[{"href":"https:\/\/aeronoticias.com.pe\/noticiero\/wp-json\/wp\/v2\/posts\/20109","targetHints":{"allow":["GET"]}}],"collection":[{"href":"https:\/\/aeronoticias.com.pe\/noticiero\/wp-json\/wp\/v2\/posts"}],"about":[{"href":"https:\/\/aeronoticias.com.pe\/noticiero\/wp-json\/wp\/v2\/types\/post"}],"author":[{"embeddable":true,"href":"https:\/\/aeronoticias.com.pe\/noticiero\/wp-json\/wp\/v2\/users\/1"}],"replies":[{"embeddable":true,"href":"https:\/\/aeronoticias.com.pe\/noticiero\/wp-json\/wp\/v2\/comments?post=20109"}],"version-history":[{"count":0,"href":"https:\/\/aeronoticias.com.pe\/noticiero\/wp-json\/wp\/v2\/posts\/20109\/revisions"}],"wp:attachment":[{"href":"https:\/\/aeronoticias.com.pe\/noticiero\/wp-json\/wp\/v2\/media?parent=20109"}],"wp:term":[{"taxonomy":"category","embeddable":true,"href":"https:\/\/aeronoticias.com.pe\/noticiero\/wp-json\/wp\/v2\/categories?post=20109"},{"taxonomy":"post_tag","embeddable":true,"href":"https:\/\/aeronoticias.com.pe\/noticiero\/wp-json\/wp\/v2\/tags?post=20109"}],"curies":[{"name":"wp","href":"https:\/\/api.w.org\/{rel}","templated":true}]}}