{"id":20111,"date":"2011-10-21T20:02:04","date_gmt":"2011-10-21T20:02:04","guid":{"rendered":"http:\/\/desarrollo.mcvicious.com\/aero2020\/2011\/10\/21\/aeropuerto-aleman-de-francfort-inaugura-su-cuarta-pista\/"},"modified":"2011-10-21T20:02:04","modified_gmt":"2011-10-21T20:02:04","slug":"aeropuerto-aleman-de-francfort-inaugura-su-cuarta-pista","status":"publish","type":"post","link":"https:\/\/aeronoticias.com.pe\/noticiero\/internacionales\/aeropuerto-aleman-de-francfort-inaugura-su-cuarta-pista\/","title":{"rendered":"Aeropuerto alem\u00e1n de Fr\u00e1ncfort inaugura su cuarta pista"},"content":{"rendered":"<p style=\"text-align: justify;\"><strong>(Aeronoticias).-<\/strong> El aeropuerto alem\u00e1n de Fr\u00e1ncfort, tercero en Europa y sede de la compa\u00f1\u00eda Lufthansa\u00a0inaugur\u00f3 este viernes su cuarta pista, pero la ceremonia se vi\u00f3 opacada tras una prohibici\u00f3n provisional de los vuelos nocturnos que reduce su rentabilidad.<\/p>\n<p>El proyecto incluye pistas de rodaje por encima de una carretera muy transitada, la reforestaci\u00f3n de cientos de hect\u00e1reas y la reubicaci\u00f3n de fauna silvestre. Asimismo, le aumentar\u00e1 50% de capacidad, de 83 despegues y aterrizajes por hora a posiblemente 126, y de los actuales 53 millones de pasajeros al a\u00f1o a 88,6 millones para 2020.<\/p>\n<hr id=\"system-readmore\" style=\"text-align: justify;\" \/>\n<p style=\"text-align: justify;\">La inauguraci\u00f3n, sin embargo, ha quedado relegada a un segundo plano por la decisi\u00f3n tomada la semana pasada por un tribunal regional de prohibir provisionalmente todos los vuelos nocturnos entre las 23 horas y las 5 horas. Un tribunal federal deber\u00e1 pronunciarse definitivamente a principios de 2012.<\/p>\n<p style=\"text-align: justify;\">Los habitantes pr\u00f3ximos al aeropuerto se quejan desde hace a\u00f1os de los ruidos causados por los vuelos nocturnos. En 2008 se lleg\u00f3 a un acuerdo para permitir la ampliaci\u00f3n del aeropuerto a cambio de limitar los vuelos nocturnos, seg\u00fan revel\u00f3 la agencia Efe.<\/p>\n<p><strong>M\u00e1s informaci\u00f3n<br \/><\/strong><br \/>Fr\u00e1ncfort es el tercer aeropuerto de Europa por n\u00famero de pasajeros tras los de Heathrow (Londres) y Charles de Gaulle (Par\u00eds).<\/p>\n<p><img decoding=\"async\" src=\"images\/stories\/11\/10\/211011\/francfort.jpg\" border=\"0\" alt=\"Aeropuerto alem\u00e1n de Fr\u00e1ncfort inaugura su cuarta pista\" title=\"Aeropuerto alem\u00e1n de Fr\u00e1ncfort inaugura su cuarta pista\" \/><\/p>\n<p><\/p>\n","protected":false},"excerpt":{"rendered":"<p>(Aeronoticias).- El aeropuerto alem\u00e1n de Fr\u00e1ncfort, tercero en Europa y sede de la compa\u00f1\u00eda Lufthansa\u00a0inaugur\u00f3 este viernes su cuarta pista, pero la ceremonia se vi\u00f3 opacada tras una prohibici\u00f3n provisional de los vuelos nocturnos que reduce su rentabilidad. El proyecto incluye pistas de rodaje por encima de una carretera muy transitada, la reforestaci\u00f3n de cientos [&hellip;]<\/p>\n","protected":false},"author":1,"featured_media":0,"comment_status":"open","ping_status":"open","sticky":false,"template":"","format":"standard","meta":{"tdm_status":"","tdm_grid_status":"","footnotes":""},"categories":[34],"tags":[],"class_list":{"0":"post-20111","1":"post","2":"type-post","3":"status-publish","4":"format-standard","6":"category-internacionales"},"yoast_head":"<!-- This site is optimized with the Yoast SEO plugin v25.1 - https:\/\/yoast.com\/wordpress\/plugins\/seo\/ -->\n<title>Aeropuerto alem\u00e1n de Fr\u00e1ncfort inaugura su cuarta pista<\/title>\n<meta name=\"description\" content=\"Portal de noticias del Per\u00fa sobre el transporte a\u00e9reo, aviaci\u00f3n, turismo, hoteleria, actualidad.\" \/>\n<meta name=\"robots\" content=\"index, follow, max-snippet:-1, max-image-preview:large, max-video-preview:-1\" \/>\n<link rel=\"canonical\" href=\"https:\/\/aeronoticias.com.pe\/noticiero\/internacionales\/aeropuerto-aleman-de-francfort-inaugura-su-cuarta-pista\/\" \/>\n<meta property=\"og:locale\" content=\"es_ES\" \/>\n<meta property=\"og:type\" content=\"article\" \/>\n<meta property=\"og:title\" content=\"Aeropuerto alem\u00e1n de Fr\u00e1ncfort inaugura su cuarta pista\" \/>\n<meta property=\"og:description\" content=\"Portal de noticias del Per\u00fa sobre el transporte a\u00e9reo, aviaci\u00f3n, turismo, hoteleria, actualidad.\" \/>\n<meta property=\"og:url\" content=\"https:\/\/aeronoticias.com.pe\/noticiero\/internacionales\/aeropuerto-aleman-de-francfort-inaugura-su-cuarta-pista\/\" \/>\n<meta property=\"og:site_name\" content=\"Aeronoticias.com.pe\" \/>\n<meta property=\"article:publisher\" content=\"https:\/\/www.facebook.com\/Aeronoticias.com.pe\/\" \/>\n<meta property=\"article:published_time\" content=\"2011-10-21T20:02:04+00:00\" \/>\n<meta name=\"author\" content=\"Redacci\u00f3n Aeronoticias\" \/>\n<meta name=\"twitter:card\" content=\"summary_large_image\" \/>\n<meta name=\"twitter:creator\" content=\"@aeronoticias\" \/>\n<meta name=\"twitter:site\" content=\"@aeronoticias\" \/>\n<meta name=\"twitter:label1\" content=\"Escrito por\" \/>\n\t<meta name=\"twitter:data1\" content=\"Redacci\u00f3n Aeronoticias\" \/>\n\t<meta name=\"twitter:label2\" content=\"Tiempo de lectura\" \/>\n\t<meta name=\"twitter:data2\" content=\"1 minuto\" \/>\n<script type=\"application\/ld+json\" class=\"yoast-schema-graph\">{\"@context\":\"https:\/\/schema.org\",\"@graph\":[{\"@type\":\"WebPage\",\"@id\":\"https:\/\/aeronoticias.com.pe\/noticiero\/internacionales\/aeropuerto-aleman-de-francfort-inaugura-su-cuarta-pista\/\",\"url\":\"https:\/\/aeronoticias.com.pe\/noticiero\/internacionales\/aeropuerto-aleman-de-francfort-inaugura-su-cuarta-pista\/\",\"name\":\"Aeropuerto alem\u00e1n de Fr\u00e1ncfort inaugura su cuarta pista\",\"isPartOf\":{\"@id\":\"https:\/\/aeronoticias.com.pe\/noticiero\/#website\"},\"datePublished\":\"2011-10-21T20:02:04+00:00\",\"author\":{\"@id\":\"https:\/\/aeronoticias.com.pe\/noticiero\/#\/schema\/person\/fc1e5d578f4b62ba1cf7ac2bba1170a0\"},\"description\":\"Portal de noticias del Per\u00fa sobre el transporte a\u00e9reo, aviaci\u00f3n, turismo, hoteleria, actualidad.\",\"breadcrumb\":{\"@id\":\"https:\/\/aeronoticias.com.pe\/noticiero\/internacionales\/aeropuerto-aleman-de-francfort-inaugura-su-cuarta-pista\/#breadcrumb\"},\"inLanguage\":\"es\",\"potentialAction\":[{\"@type\":\"ReadAction\",\"target\":[\"https:\/\/aeronoticias.com.pe\/noticiero\/internacionales\/aeropuerto-aleman-de-francfort-inaugura-su-cuarta-pista\/\"]}]},{\"@type\":\"BreadcrumbList\",\"@id\":\"https:\/\/aeronoticias.com.pe\/noticiero\/internacionales\/aeropuerto-aleman-de-francfort-inaugura-su-cuarta-pista\/#breadcrumb\",\"itemListElement\":[{\"@type\":\"ListItem\",\"position\":1,\"name\":\"Portada\",\"item\":\"https:\/\/aeronoticias.com.pe\/noticiero\/\"},{\"@type\":\"ListItem\",\"position\":2,\"name\":\"Aeropuerto alem\u00e1n de Fr\u00e1ncfort inaugura su cuarta pista\"}]},{\"@type\":\"WebSite\",\"@id\":\"https:\/\/aeronoticias.com.pe\/noticiero\/#website\",\"url\":\"https:\/\/aeronoticias.com.pe\/noticiero\/\",\"name\":\"Aeronoticias.com.pe\",\"description\":\"Noticias de tranporte aereo, turismo, hoteles, gastronomia, actualidad, internacional\",\"potentialAction\":[{\"@type\":\"SearchAction\",\"target\":{\"@type\":\"EntryPoint\",\"urlTemplate\":\"https:\/\/aeronoticias.com.pe\/noticiero\/?s={search_term_string}\"},\"query-input\":{\"@type\":\"PropertyValueSpecification\",\"valueRequired\":true,\"valueName\":\"search_term_string\"}}],\"inLanguage\":\"es\"},{\"@type\":\"Person\",\"@id\":\"https:\/\/aeronoticias.com.pe\/noticiero\/#\/schema\/person\/fc1e5d578f4b62ba1cf7ac2bba1170a0\",\"name\":\"Redacci\u00f3n Aeronoticias\",\"url\":\"https:\/\/aeronoticias.com.pe\/noticiero\/author\/piloto\/\"}]}<\/script>\n<!-- \/ Yoast SEO plugin. -->","yoast_head_json":{"title":"Aeropuerto alem\u00e1n de Fr\u00e1ncfort inaugura su cuarta pista","description":"Portal de noticias del Per\u00fa sobre el transporte a\u00e9reo, aviaci\u00f3n, turismo, hoteleria, actualidad.","robots":{"index":"index","follow":"follow","max-snippet":"max-snippet:-1","max-image-preview":"max-image-preview:large","max-video-preview":"max-video-preview:-1"},"canonical":"https:\/\/aeronoticias.com.pe\/noticiero\/internacionales\/aeropuerto-aleman-de-francfort-inaugura-su-cuarta-pista\/","og_locale":"es_ES","og_type":"article","og_title":"Aeropuerto alem\u00e1n de Fr\u00e1ncfort inaugura su cuarta pista","og_description":"Portal de noticias del Per\u00fa sobre el transporte a\u00e9reo, aviaci\u00f3n, turismo, hoteleria, actualidad.","og_url":"https:\/\/aeronoticias.com.pe\/noticiero\/internacionales\/aeropuerto-aleman-de-francfort-inaugura-su-cuarta-pista\/","og_site_name":"Aeronoticias.com.pe","article_publisher":"https:\/\/www.facebook.com\/Aeronoticias.com.pe\/","article_published_time":"2011-10-21T20:02:04+00:00","author":"Redacci\u00f3n Aeronoticias","twitter_card":"summary_large_image","twitter_creator":"@aeronoticias","twitter_site":"@aeronoticias","twitter_misc":{"Escrito por":"Redacci\u00f3n Aeronoticias","Tiempo de lectura":"1 minuto"},"schema":{"@context":"https:\/\/schema.org","@graph":[{"@type":"WebPage","@id":"https:\/\/aeronoticias.com.pe\/noticiero\/internacionales\/aeropuerto-aleman-de-francfort-inaugura-su-cuarta-pista\/","url":"https:\/\/aeronoticias.com.pe\/noticiero\/internacionales\/aeropuerto-aleman-de-francfort-inaugura-su-cuarta-pista\/","name":"Aeropuerto alem\u00e1n de Fr\u00e1ncfort inaugura su cuarta pista","isPartOf":{"@id":"https:\/\/aeronoticias.com.pe\/noticiero\/#website"},"datePublished":"2011-10-21T20:02:04+00:00","author":{"@id":"https:\/\/aeronoticias.com.pe\/noticiero\/#\/schema\/person\/fc1e5d578f4b62ba1cf7ac2bba1170a0"},"description":"Portal de noticias del Per\u00fa sobre el transporte a\u00e9reo, aviaci\u00f3n, turismo, hoteleria, actualidad.","breadcrumb":{"@id":"https:\/\/aeronoticias.com.pe\/noticiero\/internacionales\/aeropuerto-aleman-de-francfort-inaugura-su-cuarta-pista\/#breadcrumb"},"inLanguage":"es","potentialAction":[{"@type":"ReadAction","target":["https:\/\/aeronoticias.com.pe\/noticiero\/internacionales\/aeropuerto-aleman-de-francfort-inaugura-su-cuarta-pista\/"]}]},{"@type":"BreadcrumbList","@id":"https:\/\/aeronoticias.com.pe\/noticiero\/internacionales\/aeropuerto-aleman-de-francfort-inaugura-su-cuarta-pista\/#breadcrumb","itemListElement":[{"@type":"ListItem","position":1,"name":"Portada","item":"https:\/\/aeronoticias.com.pe\/noticiero\/"},{"@type":"ListItem","position":2,"name":"Aeropuerto alem\u00e1n de Fr\u00e1ncfort inaugura su cuarta pista"}]},{"@type":"WebSite","@id":"https:\/\/aeronoticias.com.pe\/noticiero\/#website","url":"https:\/\/aeronoticias.com.pe\/noticiero\/","name":"Aeronoticias.com.pe","description":"Noticias de tranporte aereo, turismo, hoteles, gastronomia, actualidad, internacional","potentialAction":[{"@type":"SearchAction","target":{"@type":"EntryPoint","urlTemplate":"https:\/\/aeronoticias.com.pe\/noticiero\/?s={search_term_string}"},"query-input":{"@type":"PropertyValueSpecification","valueRequired":true,"valueName":"search_term_string"}}],"inLanguage":"es"},{"@type":"Person","@id":"https:\/\/aeronoticias.com.pe\/noticiero\/#\/schema\/person\/fc1e5d578f4b62ba1cf7ac2bba1170a0","name":"Redacci\u00f3n Aeronoticias","url":"https:\/\/aeronoticias.com.pe\/noticiero\/author\/piloto\/"}]}},"_links":{"self":[{"href":"https:\/\/aeronoticias.com.pe\/noticiero\/wp-json\/wp\/v2\/posts\/20111","targetHints":{"allow":["GET"]}}],"collection":[{"href":"https:\/\/aeronoticias.com.pe\/noticiero\/wp-json\/wp\/v2\/posts"}],"about":[{"href":"https:\/\/aeronoticias.com.pe\/noticiero\/wp-json\/wp\/v2\/types\/post"}],"author":[{"embeddable":true,"href":"https:\/\/aeronoticias.com.pe\/noticiero\/wp-json\/wp\/v2\/users\/1"}],"replies":[{"embeddable":true,"href":"https:\/\/aeronoticias.com.pe\/noticiero\/wp-json\/wp\/v2\/comments?post=20111"}],"version-history":[{"count":0,"href":"https:\/\/aeronoticias.com.pe\/noticiero\/wp-json\/wp\/v2\/posts\/20111\/revisions"}],"wp:attachment":[{"href":"https:\/\/aeronoticias.com.pe\/noticiero\/wp-json\/wp\/v2\/media?parent=20111"}],"wp:term":[{"taxonomy":"category","embeddable":true,"href":"https:\/\/aeronoticias.com.pe\/noticiero\/wp-json\/wp\/v2\/categories?post=20111"},{"taxonomy":"post_tag","embeddable":true,"href":"https:\/\/aeronoticias.com.pe\/noticiero\/wp-json\/wp\/v2\/tags?post=20111"}],"curies":[{"name":"wp","href":"https:\/\/api.w.org\/{rel}","templated":true}]}}