{"id":20119,"date":"2011-10-23T12:04:23","date_gmt":"2011-10-23T12:04:23","guid":{"rendered":"http:\/\/desarrollo.mcvicious.com\/aero2020\/2011\/10\/23\/piden-que-victor-girao-sea-declarado-reo-contumaz\/"},"modified":"2011-10-23T12:04:23","modified_gmt":"2011-10-23T12:04:23","slug":"piden-que-victor-girao-sea-declarado-reo-contumaz","status":"publish","type":"post","link":"https:\/\/aeronoticias.com.pe\/noticiero\/ultimas\/1\/piden-que-victor-girao-sea-declarado-reo-contumaz\/","title":{"rendered":"Piden que V\u00edctor Girao sea declarado reo contumaz"},"content":{"rendered":"<p style=\"text-align: justify;\"><strong>(Aeronoticias).-<\/strong> El d\u00eda jueves 20 de octubre, el 43 Juzgado Penal de Lima debi\u00f3 leer la sentencia penal condenatoria a 6 a\u00f1os de c\u00e1rcel al abogado suspendido por el Tribunal de Honor del Colegio de Abogados de Lima, V\u00edctor Octavio Girao Alatrista, quien en 1998, siendo solo un estudiante de derecho, se las agenci\u00f3 para fundar un estudio jur\u00eddico Yon y Girao que funcionaba en Las Camelias en San Isidro y de esta forma se le presentaba a sus v\u00edctimas como un supuesto abogado y le hac\u00eda firmar poderes por escritura p\u00fablica y luego como es caso de Pablo Castillo Bardales se quedaba con la indemnizaci\u00f3n que\u00a0consegu\u00eda un estudio\u00a0jur\u00eddico\u00a0norteamericano.<\/p>\n<p>Pablo Castillo Bardales se comunico con <strong>Aeronoticias <\/strong>indignado porque el abogado suspendido por el CAL V\u00edctor Girao Alatrista, quien ha cometido graves faltas a la \u00e9tica profesional en agravio de la familia de la joven asesinada Juliana Villacorta Garc\u00eda, ahora luego de 5 a\u00f1os de proceso judicial en donde no quiere devolver m\u00e1s de 100 mil d\u00f3lares, le pide al juez clemencia,\u00a0inform\u00e1ndole\u00a0que como es un anciano de 72 a\u00f1os, su delito de apropiaci\u00f3n il\u00edcita agravada habr\u00eda prescrito en aplicaci\u00f3n al art\u00edculo 81 del C\u00f3digo Penal que establece que los\u00a0inculpados\u00a0que cometen delitos despu\u00e9s de los 65 a\u00f1os pueden acogerse a la reducci\u00f3n a la mitad del plazo de prescripci\u00f3n.<\/p>\n<p>  <!--more-->  <\/p>\n<p style=\"text-align: justify;\">Es decir, se apropio\u00a0il\u00edcitamente\u00a0del dinero de Pablo Castillo Bardales pero como ahora tiene 72 a\u00f1os pide que le prescriba su delito. La defensa del ciudadano agraviado ha manifestado que\u00a0V\u00edctor\u00a0Girao Alatrista se apropi\u00f3 del dinero de Pablo Castillo Bardales cuando Girao ten\u00eda 61 a\u00f1os y no se lo devolvi\u00f3 hasta la fecha, no obstante los requerimientos de la v\u00edctima, quien a la fecha le ha pedido al 43 Juzgado Penal de Lima que declare reo contumaz a\u00a0V\u00edctor\u00a0Girao Alatrista y ordene su captura nacional e internacional ya que no se presento a la lectura de sentencia el d\u00eda jueves 20 de octubre.<\/p>\n<p>Ser\u00eda una\u00a0verg\u00fcenza\u00a0para el Poder Judicial que se le conceda la prescripci\u00f3n a un inculpado que se apropi\u00f3 del dinero de su cliente teniendo el acusado 61 a\u00f1os, es decir, se espera que el juez condene a 6 a\u00f1os de prisi\u00f3n a\u00a0V\u00edctor\u00a0Girao Alatrista ya que inmediatamente a ingresar al CAL\u00a0 el 3 de julio del 2001 como abogado se quedo con la indemnizacion de su cliente agravando el delito por lo que se pide al juez penal\u00a0 que no le conceda ning\u00fan beneficio de prescripci\u00f3n de su delito ya que esta forma ser\u00eda muy f\u00e1cil evadir la acci\u00f3n de la justicia.<\/p>\n<p>Por su parte, el Tribunal de Honor del Colegio de Abogados de Lima, que preside Fernando Vidal Ramirez, el 7 de octubre ha confirmado la resoluci\u00f3n en \u00faltima instancia que suspende en la profesi\u00f3n de abogado por graves faltas a la \u00e9tica profesional a V\u00edctor Girao Alatrista y se espera que en los pr\u00f3ximos d\u00edas el 43 Juzgado Penal de Lima cite nuevamente a V\u00edctor Girao Alatrista a la lectura de sentencia con el\u00a0apercibimiento\u00a0de declararlo reo contumaz y ordenar su captura nacional e internacional e impedimento de salida del pa\u00eds como lo ha solicitado la v\u00edctima, en este caso el ciudadano loretano Pablo Castillo Bardales.<\/p>\n<p><img decoding=\"async\" class=\"caption\" src=\"images\/stories\/10\/09\/060910\/pablocastillo.jpg\" border=\"0\" title=\"V\u00edctimas de Victor Girao Alatrista piden que juez penal lo condene a 6 a\u00f1os de carcel\" \/><\/p>\n<p>\u00a0<\/p>\n","protected":false},"excerpt":{"rendered":"<p>(Aeronoticias).- El d\u00eda jueves 20 de octubre, el 43 Juzgado Penal de Lima debi\u00f3 leer la sentencia penal condenatoria a 6 a\u00f1os de c\u00e1rcel al abogado suspendido por el Tribunal de Honor del Colegio de Abogados de Lima, V\u00edctor Octavio Girao Alatrista, quien en 1998, siendo solo un estudiante de derecho, se las agenci\u00f3 para [&hellip;]<\/p>\n","protected":false},"author":1,"featured_media":0,"comment_status":"open","ping_status":"open","sticky":false,"template":"","format":"standard","meta":{"tdm_status":"","tdm_grid_status":"","footnotes":""},"categories":[30],"tags":[],"class_list":{"0":"post-20119","1":"post","2":"type-post","3":"status-publish","4":"format-standard","6":"category-30"},"yoast_head":"<!-- This site is optimized with the Yoast SEO plugin v25.1 - https:\/\/yoast.com\/wordpress\/plugins\/seo\/ -->\n<title>Piden que V\u00edctor Girao sea declarado reo contumaz<\/title>\n<meta name=\"description\" content=\"Portal de noticias del Per\u00fa sobre el transporte a\u00e9reo, aviaci\u00f3n, turismo, hoteleria, actualidad.\" \/>\n<meta name=\"robots\" content=\"index, follow, max-snippet:-1, max-image-preview:large, max-video-preview:-1\" \/>\n<link rel=\"canonical\" href=\"https:\/\/aeronoticias.com.pe\/noticiero\/ultimas\/1\/piden-que-victor-girao-sea-declarado-reo-contumaz\/\" \/>\n<meta property=\"og:locale\" content=\"es_ES\" \/>\n<meta property=\"og:type\" content=\"article\" \/>\n<meta property=\"og:title\" content=\"Piden que V\u00edctor Girao sea declarado reo contumaz\" \/>\n<meta property=\"og:description\" content=\"Portal de noticias del Per\u00fa sobre el transporte a\u00e9reo, aviaci\u00f3n, turismo, hoteleria, actualidad.\" \/>\n<meta property=\"og:url\" content=\"https:\/\/aeronoticias.com.pe\/noticiero\/ultimas\/1\/piden-que-victor-girao-sea-declarado-reo-contumaz\/\" \/>\n<meta property=\"og:site_name\" content=\"Aeronoticias.com.pe\" \/>\n<meta property=\"article:publisher\" content=\"https:\/\/www.facebook.com\/Aeronoticias.com.pe\/\" \/>\n<meta property=\"article:published_time\" content=\"2011-10-23T12:04:23+00:00\" \/>\n<meta name=\"author\" content=\"Redacci\u00f3n Aeronoticias\" \/>\n<meta name=\"twitter:card\" content=\"summary_large_image\" \/>\n<meta name=\"twitter:creator\" content=\"@aeronoticias\" \/>\n<meta name=\"twitter:site\" content=\"@aeronoticias\" \/>\n<meta name=\"twitter:label1\" content=\"Escrito por\" \/>\n\t<meta name=\"twitter:data1\" content=\"Redacci\u00f3n Aeronoticias\" \/>\n\t<meta name=\"twitter:label2\" content=\"Tiempo de lectura\" \/>\n\t<meta name=\"twitter:data2\" content=\"3 minutos\" \/>\n<script type=\"application\/ld+json\" class=\"yoast-schema-graph\">{\"@context\":\"https:\/\/schema.org\",\"@graph\":[{\"@type\":\"WebPage\",\"@id\":\"https:\/\/aeronoticias.com.pe\/noticiero\/ultimas\/1\/piden-que-victor-girao-sea-declarado-reo-contumaz\/\",\"url\":\"https:\/\/aeronoticias.com.pe\/noticiero\/ultimas\/1\/piden-que-victor-girao-sea-declarado-reo-contumaz\/\",\"name\":\"Piden que V\u00edctor Girao sea declarado reo contumaz\",\"isPartOf\":{\"@id\":\"https:\/\/aeronoticias.com.pe\/noticiero\/#website\"},\"datePublished\":\"2011-10-23T12:04:23+00:00\",\"author\":{\"@id\":\"https:\/\/aeronoticias.com.pe\/noticiero\/#\/schema\/person\/fc1e5d578f4b62ba1cf7ac2bba1170a0\"},\"description\":\"Portal de noticias del Per\u00fa sobre el transporte a\u00e9reo, aviaci\u00f3n, turismo, hoteleria, actualidad.\",\"breadcrumb\":{\"@id\":\"https:\/\/aeronoticias.com.pe\/noticiero\/ultimas\/1\/piden-que-victor-girao-sea-declarado-reo-contumaz\/#breadcrumb\"},\"inLanguage\":\"es\",\"potentialAction\":[{\"@type\":\"ReadAction\",\"target\":[\"https:\/\/aeronoticias.com.pe\/noticiero\/ultimas\/1\/piden-que-victor-girao-sea-declarado-reo-contumaz\/\"]}]},{\"@type\":\"BreadcrumbList\",\"@id\":\"https:\/\/aeronoticias.com.pe\/noticiero\/ultimas\/1\/piden-que-victor-girao-sea-declarado-reo-contumaz\/#breadcrumb\",\"itemListElement\":[{\"@type\":\"ListItem\",\"position\":1,\"name\":\"Portada\",\"item\":\"https:\/\/aeronoticias.com.pe\/noticiero\/\"},{\"@type\":\"ListItem\",\"position\":2,\"name\":\"Piden que V\u00edctor Girao sea declarado reo contumaz\"}]},{\"@type\":\"WebSite\",\"@id\":\"https:\/\/aeronoticias.com.pe\/noticiero\/#website\",\"url\":\"https:\/\/aeronoticias.com.pe\/noticiero\/\",\"name\":\"Aeronoticias.com.pe\",\"description\":\"Noticias de tranporte aereo, turismo, hoteles, gastronomia, actualidad, internacional\",\"potentialAction\":[{\"@type\":\"SearchAction\",\"target\":{\"@type\":\"EntryPoint\",\"urlTemplate\":\"https:\/\/aeronoticias.com.pe\/noticiero\/?s={search_term_string}\"},\"query-input\":{\"@type\":\"PropertyValueSpecification\",\"valueRequired\":true,\"valueName\":\"search_term_string\"}}],\"inLanguage\":\"es\"},{\"@type\":\"Person\",\"@id\":\"https:\/\/aeronoticias.com.pe\/noticiero\/#\/schema\/person\/fc1e5d578f4b62ba1cf7ac2bba1170a0\",\"name\":\"Redacci\u00f3n Aeronoticias\",\"url\":\"https:\/\/aeronoticias.com.pe\/noticiero\/author\/piloto\/\"}]}<\/script>\n<!-- \/ Yoast SEO plugin. -->","yoast_head_json":{"title":"Piden que V\u00edctor Girao sea declarado reo contumaz","description":"Portal de noticias del Per\u00fa sobre el transporte a\u00e9reo, aviaci\u00f3n, turismo, hoteleria, actualidad.","robots":{"index":"index","follow":"follow","max-snippet":"max-snippet:-1","max-image-preview":"max-image-preview:large","max-video-preview":"max-video-preview:-1"},"canonical":"https:\/\/aeronoticias.com.pe\/noticiero\/ultimas\/1\/piden-que-victor-girao-sea-declarado-reo-contumaz\/","og_locale":"es_ES","og_type":"article","og_title":"Piden que V\u00edctor Girao sea declarado reo contumaz","og_description":"Portal de noticias del Per\u00fa sobre el transporte a\u00e9reo, aviaci\u00f3n, turismo, hoteleria, actualidad.","og_url":"https:\/\/aeronoticias.com.pe\/noticiero\/ultimas\/1\/piden-que-victor-girao-sea-declarado-reo-contumaz\/","og_site_name":"Aeronoticias.com.pe","article_publisher":"https:\/\/www.facebook.com\/Aeronoticias.com.pe\/","article_published_time":"2011-10-23T12:04:23+00:00","author":"Redacci\u00f3n Aeronoticias","twitter_card":"summary_large_image","twitter_creator":"@aeronoticias","twitter_site":"@aeronoticias","twitter_misc":{"Escrito por":"Redacci\u00f3n Aeronoticias","Tiempo de lectura":"3 minutos"},"schema":{"@context":"https:\/\/schema.org","@graph":[{"@type":"WebPage","@id":"https:\/\/aeronoticias.com.pe\/noticiero\/ultimas\/1\/piden-que-victor-girao-sea-declarado-reo-contumaz\/","url":"https:\/\/aeronoticias.com.pe\/noticiero\/ultimas\/1\/piden-que-victor-girao-sea-declarado-reo-contumaz\/","name":"Piden que V\u00edctor Girao sea declarado reo contumaz","isPartOf":{"@id":"https:\/\/aeronoticias.com.pe\/noticiero\/#website"},"datePublished":"2011-10-23T12:04:23+00:00","author":{"@id":"https:\/\/aeronoticias.com.pe\/noticiero\/#\/schema\/person\/fc1e5d578f4b62ba1cf7ac2bba1170a0"},"description":"Portal de noticias del Per\u00fa sobre el transporte a\u00e9reo, aviaci\u00f3n, turismo, hoteleria, actualidad.","breadcrumb":{"@id":"https:\/\/aeronoticias.com.pe\/noticiero\/ultimas\/1\/piden-que-victor-girao-sea-declarado-reo-contumaz\/#breadcrumb"},"inLanguage":"es","potentialAction":[{"@type":"ReadAction","target":["https:\/\/aeronoticias.com.pe\/noticiero\/ultimas\/1\/piden-que-victor-girao-sea-declarado-reo-contumaz\/"]}]},{"@type":"BreadcrumbList","@id":"https:\/\/aeronoticias.com.pe\/noticiero\/ultimas\/1\/piden-que-victor-girao-sea-declarado-reo-contumaz\/#breadcrumb","itemListElement":[{"@type":"ListItem","position":1,"name":"Portada","item":"https:\/\/aeronoticias.com.pe\/noticiero\/"},{"@type":"ListItem","position":2,"name":"Piden que V\u00edctor Girao sea declarado reo contumaz"}]},{"@type":"WebSite","@id":"https:\/\/aeronoticias.com.pe\/noticiero\/#website","url":"https:\/\/aeronoticias.com.pe\/noticiero\/","name":"Aeronoticias.com.pe","description":"Noticias de tranporte aereo, turismo, hoteles, gastronomia, actualidad, internacional","potentialAction":[{"@type":"SearchAction","target":{"@type":"EntryPoint","urlTemplate":"https:\/\/aeronoticias.com.pe\/noticiero\/?s={search_term_string}"},"query-input":{"@type":"PropertyValueSpecification","valueRequired":true,"valueName":"search_term_string"}}],"inLanguage":"es"},{"@type":"Person","@id":"https:\/\/aeronoticias.com.pe\/noticiero\/#\/schema\/person\/fc1e5d578f4b62ba1cf7ac2bba1170a0","name":"Redacci\u00f3n Aeronoticias","url":"https:\/\/aeronoticias.com.pe\/noticiero\/author\/piloto\/"}]}},"_links":{"self":[{"href":"https:\/\/aeronoticias.com.pe\/noticiero\/wp-json\/wp\/v2\/posts\/20119","targetHints":{"allow":["GET"]}}],"collection":[{"href":"https:\/\/aeronoticias.com.pe\/noticiero\/wp-json\/wp\/v2\/posts"}],"about":[{"href":"https:\/\/aeronoticias.com.pe\/noticiero\/wp-json\/wp\/v2\/types\/post"}],"author":[{"embeddable":true,"href":"https:\/\/aeronoticias.com.pe\/noticiero\/wp-json\/wp\/v2\/users\/1"}],"replies":[{"embeddable":true,"href":"https:\/\/aeronoticias.com.pe\/noticiero\/wp-json\/wp\/v2\/comments?post=20119"}],"version-history":[{"count":0,"href":"https:\/\/aeronoticias.com.pe\/noticiero\/wp-json\/wp\/v2\/posts\/20119\/revisions"}],"wp:attachment":[{"href":"https:\/\/aeronoticias.com.pe\/noticiero\/wp-json\/wp\/v2\/media?parent=20119"}],"wp:term":[{"taxonomy":"category","embeddable":true,"href":"https:\/\/aeronoticias.com.pe\/noticiero\/wp-json\/wp\/v2\/categories?post=20119"},{"taxonomy":"post_tag","embeddable":true,"href":"https:\/\/aeronoticias.com.pe\/noticiero\/wp-json\/wp\/v2\/tags?post=20119"}],"curies":[{"name":"wp","href":"https:\/\/api.w.org\/{rel}","templated":true}]}}