{"id":20135,"date":"2011-10-22T15:29:09","date_gmt":"2011-10-22T15:29:09","guid":{"rendered":"http:\/\/desarrollo.mcvicious.com\/aero2020\/2011\/10\/22\/caso-ciro-castillo-rescate-de-supuesto-cuerpo-tomaria-3-dias\/"},"modified":"2011-10-22T15:29:09","modified_gmt":"2011-10-22T15:29:09","slug":"caso-ciro-castillo-rescate-de-supuesto-cuerpo-tomaria-3-dias","status":"publish","type":"post","link":"https:\/\/aeronoticias.com.pe\/noticiero\/nacionales\/caso-ciro-castillo-rescate-de-supuesto-cuerpo-tomaria-3-dias\/","title":{"rendered":"Caso Ciro Castillo: Rescate de supuesto cuerpo tomar\u00eda 3 d\u00edas"},"content":{"rendered":"<p style=\"text-align: justify;\"><strong>(Aeronoticias).-<\/strong> El rescate del supuesto cuerpo de Ciro Castillo encontrado cerca al nevado de Bomboya en el valle del Colca tomar\u00eda tres d\u00edas afirm\u00f3 la fiscal del caso, Rosario Lozada, quien actualmente se encuentra en Arequipa para dirigirse a la zona.<\/p>\n<p style=\"text-align: justify;\">Tras su llegada al distrito de Madrigal, en el inicio de la diligencia de reconocimiento y rescate del cuerpo, dijo que se han tomado previsiones, ya que el lugar donde este yace es de dif\u00edcil acceso.<\/p>\n<p style=\"text-align: justify;\">Indic\u00f3 en RPP que se cuenta con un plan operativo dise\u00f1ado con la Polic\u00eda Nacional, el cual contempla que deben acampar en el Colca.<\/p>\n<p>  <!--more-->  <\/p>\n<p style=\"text-align: justify;\">Lozada integra \u00a0el grupo de fiscales y peritos a cargo de la diligencia que permitir\u00e1 esclarecer si los restos humanos avistados pertenecen o no al universitario desaparecido en el Colca el 4 de abril.<\/p>\n<p style=\"text-align: justify;\">El doctor Ciro Castillo Rojo, padre del estudiante, tambi\u00e9n viaja hacia el Colca para seguir de cerca las acciones de los fiscales y polic\u00edas.<\/p>\n<p style=\"text-align: justify;\">El joven desapareci\u00f3 durante un viaje junto a su pareja Rosario Ponce L\u00f3pez, en un caso que concit\u00f3 la atenci\u00f3n de las autoridades, que dispusieron apoyo log\u00edstico y personal de rescate, y de la prensa nacional.<\/p>\n<p style=\"text-align: justify;\">Ponce L\u00f3pez fue rescatada el 13 de abril, y el paradero de Castillo Rojo se manten\u00eda incierto, pese a los esfuerzos de brigadas de la Polic\u00eda Nacional, Ej\u00e9rcito peruano y rescatistas particulares.<\/p>\n<p style=\"text-align: justify;\">Agencia Andina.<\/p>\n<p style=\"text-align: justify;\"><img decoding=\"async\" src=\"images\/stories\/11\/10\/221011\/ciro_castillo_cuerpo_ubicacion_.jpg\" border=\"0\" alt=\"Caso Ciro Castillo: Rescate de supuesto cuerpo tomar\u00eda 3 d\u00edas\" title=\"Caso Ciro Castillo: Rescate de supuesto cuerpo tomar\u00eda 3 d\u00edas\" \/><\/p>\n<p style=\"text-align: justify;\">\u00a0<\/p>\n","protected":false},"excerpt":{"rendered":"<p>(Aeronoticias).- El rescate del supuesto cuerpo de Ciro Castillo encontrado cerca al nevado de Bomboya en el valle del Colca tomar\u00eda tres d\u00edas afirm\u00f3 la fiscal del caso, Rosario Lozada, quien actualmente se encuentra en Arequipa para dirigirse a la zona. Tras su llegada al distrito de Madrigal, en el inicio de la diligencia de [&hellip;]<\/p>\n","protected":false},"author":1,"featured_media":0,"comment_status":"open","ping_status":"open","sticky":false,"template":"","format":"standard","meta":{"tdm_status":"","tdm_grid_status":"","footnotes":""},"categories":[38],"tags":[],"class_list":{"0":"post-20135","1":"post","2":"type-post","3":"status-publish","4":"format-standard","6":"category-nacionales"},"yoast_head":"<!-- This site is optimized with the Yoast SEO plugin v25.1 - https:\/\/yoast.com\/wordpress\/plugins\/seo\/ -->\n<title>Caso Ciro Castillo: Rescate de supuesto cuerpo tomar\u00eda 3 d\u00edas<\/title>\n<meta name=\"description\" content=\"Portal de noticias del Per\u00fa sobre el transporte a\u00e9reo, aviaci\u00f3n, turismo, hoteleria, actualidad.\" \/>\n<meta name=\"robots\" content=\"index, follow, max-snippet:-1, max-image-preview:large, max-video-preview:-1\" \/>\n<link rel=\"canonical\" href=\"https:\/\/aeronoticias.com.pe\/noticiero\/nacionales\/caso-ciro-castillo-rescate-de-supuesto-cuerpo-tomaria-3-dias\/\" \/>\n<meta property=\"og:locale\" content=\"es_ES\" \/>\n<meta property=\"og:type\" content=\"article\" \/>\n<meta property=\"og:title\" content=\"Caso Ciro Castillo: Rescate de supuesto cuerpo tomar\u00eda 3 d\u00edas\" \/>\n<meta property=\"og:description\" content=\"Portal de noticias del Per\u00fa sobre el transporte a\u00e9reo, aviaci\u00f3n, turismo, hoteleria, actualidad.\" \/>\n<meta property=\"og:url\" content=\"https:\/\/aeronoticias.com.pe\/noticiero\/nacionales\/caso-ciro-castillo-rescate-de-supuesto-cuerpo-tomaria-3-dias\/\" \/>\n<meta property=\"og:site_name\" content=\"Aeronoticias.com.pe\" \/>\n<meta property=\"article:publisher\" content=\"https:\/\/www.facebook.com\/Aeronoticias.com.pe\/\" \/>\n<meta property=\"article:published_time\" content=\"2011-10-22T15:29:09+00:00\" \/>\n<meta name=\"author\" content=\"Redacci\u00f3n Aeronoticias\" \/>\n<meta name=\"twitter:card\" content=\"summary_large_image\" \/>\n<meta name=\"twitter:creator\" content=\"@aeronoticias\" \/>\n<meta name=\"twitter:site\" content=\"@aeronoticias\" \/>\n<meta name=\"twitter:label1\" content=\"Escrito por\" \/>\n\t<meta name=\"twitter:data1\" content=\"Redacci\u00f3n Aeronoticias\" \/>\n\t<meta name=\"twitter:label2\" content=\"Tiempo de lectura\" \/>\n\t<meta name=\"twitter:data2\" content=\"1 minuto\" \/>\n<script type=\"application\/ld+json\" class=\"yoast-schema-graph\">{\"@context\":\"https:\/\/schema.org\",\"@graph\":[{\"@type\":\"WebPage\",\"@id\":\"https:\/\/aeronoticias.com.pe\/noticiero\/nacionales\/caso-ciro-castillo-rescate-de-supuesto-cuerpo-tomaria-3-dias\/\",\"url\":\"https:\/\/aeronoticias.com.pe\/noticiero\/nacionales\/caso-ciro-castillo-rescate-de-supuesto-cuerpo-tomaria-3-dias\/\",\"name\":\"Caso Ciro Castillo: Rescate de supuesto cuerpo tomar\u00eda 3 d\u00edas\",\"isPartOf\":{\"@id\":\"https:\/\/aeronoticias.com.pe\/noticiero\/#website\"},\"datePublished\":\"2011-10-22T15:29:09+00:00\",\"author\":{\"@id\":\"https:\/\/aeronoticias.com.pe\/noticiero\/#\/schema\/person\/fc1e5d578f4b62ba1cf7ac2bba1170a0\"},\"description\":\"Portal de noticias del Per\u00fa sobre el transporte a\u00e9reo, aviaci\u00f3n, turismo, hoteleria, actualidad.\",\"breadcrumb\":{\"@id\":\"https:\/\/aeronoticias.com.pe\/noticiero\/nacionales\/caso-ciro-castillo-rescate-de-supuesto-cuerpo-tomaria-3-dias\/#breadcrumb\"},\"inLanguage\":\"es\",\"potentialAction\":[{\"@type\":\"ReadAction\",\"target\":[\"https:\/\/aeronoticias.com.pe\/noticiero\/nacionales\/caso-ciro-castillo-rescate-de-supuesto-cuerpo-tomaria-3-dias\/\"]}]},{\"@type\":\"BreadcrumbList\",\"@id\":\"https:\/\/aeronoticias.com.pe\/noticiero\/nacionales\/caso-ciro-castillo-rescate-de-supuesto-cuerpo-tomaria-3-dias\/#breadcrumb\",\"itemListElement\":[{\"@type\":\"ListItem\",\"position\":1,\"name\":\"Portada\",\"item\":\"https:\/\/aeronoticias.com.pe\/noticiero\/\"},{\"@type\":\"ListItem\",\"position\":2,\"name\":\"Caso Ciro Castillo: Rescate de supuesto cuerpo tomar\u00eda 3 d\u00edas\"}]},{\"@type\":\"WebSite\",\"@id\":\"https:\/\/aeronoticias.com.pe\/noticiero\/#website\",\"url\":\"https:\/\/aeronoticias.com.pe\/noticiero\/\",\"name\":\"Aeronoticias.com.pe\",\"description\":\"Noticias de tranporte aereo, turismo, hoteles, gastronomia, actualidad, internacional\",\"potentialAction\":[{\"@type\":\"SearchAction\",\"target\":{\"@type\":\"EntryPoint\",\"urlTemplate\":\"https:\/\/aeronoticias.com.pe\/noticiero\/?s={search_term_string}\"},\"query-input\":{\"@type\":\"PropertyValueSpecification\",\"valueRequired\":true,\"valueName\":\"search_term_string\"}}],\"inLanguage\":\"es\"},{\"@type\":\"Person\",\"@id\":\"https:\/\/aeronoticias.com.pe\/noticiero\/#\/schema\/person\/fc1e5d578f4b62ba1cf7ac2bba1170a0\",\"name\":\"Redacci\u00f3n Aeronoticias\",\"url\":\"https:\/\/aeronoticias.com.pe\/noticiero\/author\/piloto\/\"}]}<\/script>\n<!-- \/ Yoast SEO plugin. -->","yoast_head_json":{"title":"Caso Ciro Castillo: Rescate de supuesto cuerpo tomar\u00eda 3 d\u00edas","description":"Portal de noticias del Per\u00fa sobre el transporte a\u00e9reo, aviaci\u00f3n, turismo, hoteleria, actualidad.","robots":{"index":"index","follow":"follow","max-snippet":"max-snippet:-1","max-image-preview":"max-image-preview:large","max-video-preview":"max-video-preview:-1"},"canonical":"https:\/\/aeronoticias.com.pe\/noticiero\/nacionales\/caso-ciro-castillo-rescate-de-supuesto-cuerpo-tomaria-3-dias\/","og_locale":"es_ES","og_type":"article","og_title":"Caso Ciro Castillo: Rescate de supuesto cuerpo tomar\u00eda 3 d\u00edas","og_description":"Portal de noticias del Per\u00fa sobre el transporte a\u00e9reo, aviaci\u00f3n, turismo, hoteleria, actualidad.","og_url":"https:\/\/aeronoticias.com.pe\/noticiero\/nacionales\/caso-ciro-castillo-rescate-de-supuesto-cuerpo-tomaria-3-dias\/","og_site_name":"Aeronoticias.com.pe","article_publisher":"https:\/\/www.facebook.com\/Aeronoticias.com.pe\/","article_published_time":"2011-10-22T15:29:09+00:00","author":"Redacci\u00f3n Aeronoticias","twitter_card":"summary_large_image","twitter_creator":"@aeronoticias","twitter_site":"@aeronoticias","twitter_misc":{"Escrito por":"Redacci\u00f3n Aeronoticias","Tiempo de lectura":"1 minuto"},"schema":{"@context":"https:\/\/schema.org","@graph":[{"@type":"WebPage","@id":"https:\/\/aeronoticias.com.pe\/noticiero\/nacionales\/caso-ciro-castillo-rescate-de-supuesto-cuerpo-tomaria-3-dias\/","url":"https:\/\/aeronoticias.com.pe\/noticiero\/nacionales\/caso-ciro-castillo-rescate-de-supuesto-cuerpo-tomaria-3-dias\/","name":"Caso Ciro Castillo: Rescate de supuesto cuerpo tomar\u00eda 3 d\u00edas","isPartOf":{"@id":"https:\/\/aeronoticias.com.pe\/noticiero\/#website"},"datePublished":"2011-10-22T15:29:09+00:00","author":{"@id":"https:\/\/aeronoticias.com.pe\/noticiero\/#\/schema\/person\/fc1e5d578f4b62ba1cf7ac2bba1170a0"},"description":"Portal de noticias del Per\u00fa sobre el transporte a\u00e9reo, aviaci\u00f3n, turismo, hoteleria, actualidad.","breadcrumb":{"@id":"https:\/\/aeronoticias.com.pe\/noticiero\/nacionales\/caso-ciro-castillo-rescate-de-supuesto-cuerpo-tomaria-3-dias\/#breadcrumb"},"inLanguage":"es","potentialAction":[{"@type":"ReadAction","target":["https:\/\/aeronoticias.com.pe\/noticiero\/nacionales\/caso-ciro-castillo-rescate-de-supuesto-cuerpo-tomaria-3-dias\/"]}]},{"@type":"BreadcrumbList","@id":"https:\/\/aeronoticias.com.pe\/noticiero\/nacionales\/caso-ciro-castillo-rescate-de-supuesto-cuerpo-tomaria-3-dias\/#breadcrumb","itemListElement":[{"@type":"ListItem","position":1,"name":"Portada","item":"https:\/\/aeronoticias.com.pe\/noticiero\/"},{"@type":"ListItem","position":2,"name":"Caso Ciro Castillo: Rescate de supuesto cuerpo tomar\u00eda 3 d\u00edas"}]},{"@type":"WebSite","@id":"https:\/\/aeronoticias.com.pe\/noticiero\/#website","url":"https:\/\/aeronoticias.com.pe\/noticiero\/","name":"Aeronoticias.com.pe","description":"Noticias de tranporte aereo, turismo, hoteles, gastronomia, actualidad, internacional","potentialAction":[{"@type":"SearchAction","target":{"@type":"EntryPoint","urlTemplate":"https:\/\/aeronoticias.com.pe\/noticiero\/?s={search_term_string}"},"query-input":{"@type":"PropertyValueSpecification","valueRequired":true,"valueName":"search_term_string"}}],"inLanguage":"es"},{"@type":"Person","@id":"https:\/\/aeronoticias.com.pe\/noticiero\/#\/schema\/person\/fc1e5d578f4b62ba1cf7ac2bba1170a0","name":"Redacci\u00f3n Aeronoticias","url":"https:\/\/aeronoticias.com.pe\/noticiero\/author\/piloto\/"}]}},"_links":{"self":[{"href":"https:\/\/aeronoticias.com.pe\/noticiero\/wp-json\/wp\/v2\/posts\/20135","targetHints":{"allow":["GET"]}}],"collection":[{"href":"https:\/\/aeronoticias.com.pe\/noticiero\/wp-json\/wp\/v2\/posts"}],"about":[{"href":"https:\/\/aeronoticias.com.pe\/noticiero\/wp-json\/wp\/v2\/types\/post"}],"author":[{"embeddable":true,"href":"https:\/\/aeronoticias.com.pe\/noticiero\/wp-json\/wp\/v2\/users\/1"}],"replies":[{"embeddable":true,"href":"https:\/\/aeronoticias.com.pe\/noticiero\/wp-json\/wp\/v2\/comments?post=20135"}],"version-history":[{"count":0,"href":"https:\/\/aeronoticias.com.pe\/noticiero\/wp-json\/wp\/v2\/posts\/20135\/revisions"}],"wp:attachment":[{"href":"https:\/\/aeronoticias.com.pe\/noticiero\/wp-json\/wp\/v2\/media?parent=20135"}],"wp:term":[{"taxonomy":"category","embeddable":true,"href":"https:\/\/aeronoticias.com.pe\/noticiero\/wp-json\/wp\/v2\/categories?post=20135"},{"taxonomy":"post_tag","embeddable":true,"href":"https:\/\/aeronoticias.com.pe\/noticiero\/wp-json\/wp\/v2\/tags?post=20135"}],"curies":[{"name":"wp","href":"https:\/\/api.w.org\/{rel}","templated":true}]}}