{"id":20136,"date":"2011-10-22T15:36:39","date_gmt":"2011-10-22T15:36:39","guid":{"rendered":"http:\/\/desarrollo.mcvicious.com\/aero2020\/2011\/10\/22\/tribu-de-fallecido-gadaffi-exige-cadaver-para-sepultarlo\/"},"modified":"2011-10-22T15:36:39","modified_gmt":"2011-10-22T15:36:39","slug":"tribu-de-fallecido-gadaffi-exige-cadaver-para-sepultarlo","status":"publish","type":"post","link":"https:\/\/aeronoticias.com.pe\/noticiero\/internacionales\/tribu-de-fallecido-gadaffi-exige-cadaver-para-sepultarlo\/","title":{"rendered":"Tribu de fallecido Gadaffi exige cad\u00e1ver para sepultarlo"},"content":{"rendered":"<p style=\"text-align: justify;\"><strong>(Aeronoticias).-<\/strong> La tribu del fallecido ex-dictador Muammar Gadafi exigi\u00f3 al Consejo Nacional de Transici\u00f3n (CNT) de Libia la entrega del cad\u00e1ver de su ex l\u00edder y tambi\u00e9n de su hijo Mutassim, para poder realizar la sepultura en Sirte seg\u00fan el rito isl\u00e1mico.<\/p>\n<p style=\"text-align: justify;\">La demanda fue realizada a trav\u00e9s de un comunicado difundido por la emisora Al Rai, con sede en Siria.<\/p>\n<p style=\"text-align: justify;\">Los firmantes, que hablan de \u00abm\u00e1rtires\u00bb, se dirigen con su reclamo tambi\u00e9n a las autoridades de las Naciones Unidas, la Organizaci\u00f3n de la Conferencia Isl\u00e1mica y Amnist\u00eda Internacional.<\/p>\n<p style=\"text-align: justify;\">Por el momento, hay distintas versiones sobre su muerte: afirman fuentes oficiales en Tr\u00edpoli, que Gadafi ya estaba herido y muri\u00f3 camino al Misrata debido al fuego cruzado de nuevos enfrentamientos.<\/p>\n<p>  <!--more-->  <\/p>\n<p style=\"text-align: justify;\">Pero el primer forense que examin\u00f3 el cuerpo afirm\u00f3 que falleci\u00f3 debido \u00aba disparos cerca de la cabeza y la tripa\u00bb, consign\u00f3 la agencia DPA.<\/p>\n<p style=\"text-align: justify;\">Seg\u00fan la tradici\u00f3n isl\u00e1mica, los muertos suelen enterrarse en un plazo de 24 horas. Sin embargo, el CNT est\u00e1 evaluando un lugar secreto para evitar que los partidarios del ex l\u00edder no lo utilicen como un sitio de peregrinaci\u00f3n.<\/p>\n<p style=\"text-align: justify;\">El cad\u00e1ver de Kadafi permanece en un freezer del tama\u00f1o de una habitaci\u00f3n en un shopping de la localidad libia de Misrata, adonde fue llevado luego de su captura y posterior muerte ocurrida en su ciudad natal de Sirte.<\/p>\n<p style=\"text-align: justify;\">Agencia Andina.<\/p>\n<p style=\"text-align: justify;\"><img decoding=\"async\" src=\"images\/stories\/11\/10\/221011\/gadafi_cuerpo_entierro_sepultura_cara.jpg\" border=\"0\" alt=\"Tribu de fallecido Gadaffi exige cad\u00e1ver para sepultarlo\" title=\"Tribu de fallecido Gadaffi exige cad\u00e1ver para sepultarlo\" \/><\/p>\n","protected":false},"excerpt":{"rendered":"<p>(Aeronoticias).- La tribu del fallecido ex-dictador Muammar Gadafi exigi\u00f3 al Consejo Nacional de Transici\u00f3n (CNT) de Libia la entrega del cad\u00e1ver de su ex l\u00edder y tambi\u00e9n de su hijo Mutassim, para poder realizar la sepultura en Sirte seg\u00fan el rito isl\u00e1mico. La demanda fue realizada a trav\u00e9s de un comunicado difundido por la emisora [&hellip;]<\/p>\n","protected":false},"author":1,"featured_media":0,"comment_status":"open","ping_status":"open","sticky":false,"template":"","format":"standard","meta":{"tdm_status":"","tdm_grid_status":"","footnotes":""},"categories":[34],"tags":[],"class_list":{"0":"post-20136","1":"post","2":"type-post","3":"status-publish","4":"format-standard","6":"category-internacionales"},"yoast_head":"<!-- This site is optimized with the Yoast SEO plugin v25.1 - https:\/\/yoast.com\/wordpress\/plugins\/seo\/ -->\n<title>Tribu de fallecido Gadaffi exige cad\u00e1ver para sepultarlo<\/title>\n<meta name=\"description\" content=\"Portal de noticias del Per\u00fa sobre el transporte a\u00e9reo, aviaci\u00f3n, turismo, hoteleria, actualidad.\" \/>\n<meta name=\"robots\" content=\"index, follow, max-snippet:-1, max-image-preview:large, max-video-preview:-1\" \/>\n<link rel=\"canonical\" href=\"https:\/\/aeronoticias.com.pe\/noticiero\/internacionales\/tribu-de-fallecido-gadaffi-exige-cadaver-para-sepultarlo\/\" \/>\n<meta property=\"og:locale\" content=\"es_ES\" \/>\n<meta property=\"og:type\" content=\"article\" \/>\n<meta property=\"og:title\" content=\"Tribu de fallecido Gadaffi exige cad\u00e1ver para sepultarlo\" \/>\n<meta property=\"og:description\" content=\"Portal de noticias del Per\u00fa sobre el transporte a\u00e9reo, aviaci\u00f3n, turismo, hoteleria, actualidad.\" \/>\n<meta property=\"og:url\" content=\"https:\/\/aeronoticias.com.pe\/noticiero\/internacionales\/tribu-de-fallecido-gadaffi-exige-cadaver-para-sepultarlo\/\" \/>\n<meta property=\"og:site_name\" content=\"Aeronoticias.com.pe\" \/>\n<meta property=\"article:publisher\" content=\"https:\/\/www.facebook.com\/Aeronoticias.com.pe\/\" \/>\n<meta property=\"article:published_time\" content=\"2011-10-22T15:36:39+00:00\" \/>\n<meta name=\"author\" content=\"Redacci\u00f3n Aeronoticias\" \/>\n<meta name=\"twitter:card\" content=\"summary_large_image\" \/>\n<meta name=\"twitter:creator\" content=\"@aeronoticias\" \/>\n<meta name=\"twitter:site\" content=\"@aeronoticias\" \/>\n<meta name=\"twitter:label1\" content=\"Escrito por\" \/>\n\t<meta name=\"twitter:data1\" content=\"Redacci\u00f3n Aeronoticias\" \/>\n\t<meta name=\"twitter:label2\" content=\"Tiempo de lectura\" \/>\n\t<meta name=\"twitter:data2\" content=\"1 minuto\" \/>\n<script type=\"application\/ld+json\" class=\"yoast-schema-graph\">{\"@context\":\"https:\/\/schema.org\",\"@graph\":[{\"@type\":\"WebPage\",\"@id\":\"https:\/\/aeronoticias.com.pe\/noticiero\/internacionales\/tribu-de-fallecido-gadaffi-exige-cadaver-para-sepultarlo\/\",\"url\":\"https:\/\/aeronoticias.com.pe\/noticiero\/internacionales\/tribu-de-fallecido-gadaffi-exige-cadaver-para-sepultarlo\/\",\"name\":\"Tribu de fallecido Gadaffi exige cad\u00e1ver para sepultarlo\",\"isPartOf\":{\"@id\":\"https:\/\/aeronoticias.com.pe\/noticiero\/#website\"},\"datePublished\":\"2011-10-22T15:36:39+00:00\",\"author\":{\"@id\":\"https:\/\/aeronoticias.com.pe\/noticiero\/#\/schema\/person\/fc1e5d578f4b62ba1cf7ac2bba1170a0\"},\"description\":\"Portal de noticias del Per\u00fa sobre el transporte a\u00e9reo, aviaci\u00f3n, turismo, hoteleria, actualidad.\",\"breadcrumb\":{\"@id\":\"https:\/\/aeronoticias.com.pe\/noticiero\/internacionales\/tribu-de-fallecido-gadaffi-exige-cadaver-para-sepultarlo\/#breadcrumb\"},\"inLanguage\":\"es\",\"potentialAction\":[{\"@type\":\"ReadAction\",\"target\":[\"https:\/\/aeronoticias.com.pe\/noticiero\/internacionales\/tribu-de-fallecido-gadaffi-exige-cadaver-para-sepultarlo\/\"]}]},{\"@type\":\"BreadcrumbList\",\"@id\":\"https:\/\/aeronoticias.com.pe\/noticiero\/internacionales\/tribu-de-fallecido-gadaffi-exige-cadaver-para-sepultarlo\/#breadcrumb\",\"itemListElement\":[{\"@type\":\"ListItem\",\"position\":1,\"name\":\"Portada\",\"item\":\"https:\/\/aeronoticias.com.pe\/noticiero\/\"},{\"@type\":\"ListItem\",\"position\":2,\"name\":\"Tribu de fallecido Gadaffi exige cad\u00e1ver para sepultarlo\"}]},{\"@type\":\"WebSite\",\"@id\":\"https:\/\/aeronoticias.com.pe\/noticiero\/#website\",\"url\":\"https:\/\/aeronoticias.com.pe\/noticiero\/\",\"name\":\"Aeronoticias.com.pe\",\"description\":\"Noticias de tranporte aereo, turismo, hoteles, gastronomia, actualidad, internacional\",\"potentialAction\":[{\"@type\":\"SearchAction\",\"target\":{\"@type\":\"EntryPoint\",\"urlTemplate\":\"https:\/\/aeronoticias.com.pe\/noticiero\/?s={search_term_string}\"},\"query-input\":{\"@type\":\"PropertyValueSpecification\",\"valueRequired\":true,\"valueName\":\"search_term_string\"}}],\"inLanguage\":\"es\"},{\"@type\":\"Person\",\"@id\":\"https:\/\/aeronoticias.com.pe\/noticiero\/#\/schema\/person\/fc1e5d578f4b62ba1cf7ac2bba1170a0\",\"name\":\"Redacci\u00f3n Aeronoticias\",\"url\":\"https:\/\/aeronoticias.com.pe\/noticiero\/author\/piloto\/\"}]}<\/script>\n<!-- \/ Yoast SEO plugin. -->","yoast_head_json":{"title":"Tribu de fallecido Gadaffi exige cad\u00e1ver para sepultarlo","description":"Portal de noticias del Per\u00fa sobre el transporte a\u00e9reo, aviaci\u00f3n, turismo, hoteleria, actualidad.","robots":{"index":"index","follow":"follow","max-snippet":"max-snippet:-1","max-image-preview":"max-image-preview:large","max-video-preview":"max-video-preview:-1"},"canonical":"https:\/\/aeronoticias.com.pe\/noticiero\/internacionales\/tribu-de-fallecido-gadaffi-exige-cadaver-para-sepultarlo\/","og_locale":"es_ES","og_type":"article","og_title":"Tribu de fallecido Gadaffi exige cad\u00e1ver para sepultarlo","og_description":"Portal de noticias del Per\u00fa sobre el transporte a\u00e9reo, aviaci\u00f3n, turismo, hoteleria, actualidad.","og_url":"https:\/\/aeronoticias.com.pe\/noticiero\/internacionales\/tribu-de-fallecido-gadaffi-exige-cadaver-para-sepultarlo\/","og_site_name":"Aeronoticias.com.pe","article_publisher":"https:\/\/www.facebook.com\/Aeronoticias.com.pe\/","article_published_time":"2011-10-22T15:36:39+00:00","author":"Redacci\u00f3n Aeronoticias","twitter_card":"summary_large_image","twitter_creator":"@aeronoticias","twitter_site":"@aeronoticias","twitter_misc":{"Escrito por":"Redacci\u00f3n Aeronoticias","Tiempo de lectura":"1 minuto"},"schema":{"@context":"https:\/\/schema.org","@graph":[{"@type":"WebPage","@id":"https:\/\/aeronoticias.com.pe\/noticiero\/internacionales\/tribu-de-fallecido-gadaffi-exige-cadaver-para-sepultarlo\/","url":"https:\/\/aeronoticias.com.pe\/noticiero\/internacionales\/tribu-de-fallecido-gadaffi-exige-cadaver-para-sepultarlo\/","name":"Tribu de fallecido Gadaffi exige cad\u00e1ver para sepultarlo","isPartOf":{"@id":"https:\/\/aeronoticias.com.pe\/noticiero\/#website"},"datePublished":"2011-10-22T15:36:39+00:00","author":{"@id":"https:\/\/aeronoticias.com.pe\/noticiero\/#\/schema\/person\/fc1e5d578f4b62ba1cf7ac2bba1170a0"},"description":"Portal de noticias del Per\u00fa sobre el transporte a\u00e9reo, aviaci\u00f3n, turismo, hoteleria, actualidad.","breadcrumb":{"@id":"https:\/\/aeronoticias.com.pe\/noticiero\/internacionales\/tribu-de-fallecido-gadaffi-exige-cadaver-para-sepultarlo\/#breadcrumb"},"inLanguage":"es","potentialAction":[{"@type":"ReadAction","target":["https:\/\/aeronoticias.com.pe\/noticiero\/internacionales\/tribu-de-fallecido-gadaffi-exige-cadaver-para-sepultarlo\/"]}]},{"@type":"BreadcrumbList","@id":"https:\/\/aeronoticias.com.pe\/noticiero\/internacionales\/tribu-de-fallecido-gadaffi-exige-cadaver-para-sepultarlo\/#breadcrumb","itemListElement":[{"@type":"ListItem","position":1,"name":"Portada","item":"https:\/\/aeronoticias.com.pe\/noticiero\/"},{"@type":"ListItem","position":2,"name":"Tribu de fallecido Gadaffi exige cad\u00e1ver para sepultarlo"}]},{"@type":"WebSite","@id":"https:\/\/aeronoticias.com.pe\/noticiero\/#website","url":"https:\/\/aeronoticias.com.pe\/noticiero\/","name":"Aeronoticias.com.pe","description":"Noticias de tranporte aereo, turismo, hoteles, gastronomia, actualidad, internacional","potentialAction":[{"@type":"SearchAction","target":{"@type":"EntryPoint","urlTemplate":"https:\/\/aeronoticias.com.pe\/noticiero\/?s={search_term_string}"},"query-input":{"@type":"PropertyValueSpecification","valueRequired":true,"valueName":"search_term_string"}}],"inLanguage":"es"},{"@type":"Person","@id":"https:\/\/aeronoticias.com.pe\/noticiero\/#\/schema\/person\/fc1e5d578f4b62ba1cf7ac2bba1170a0","name":"Redacci\u00f3n Aeronoticias","url":"https:\/\/aeronoticias.com.pe\/noticiero\/author\/piloto\/"}]}},"_links":{"self":[{"href":"https:\/\/aeronoticias.com.pe\/noticiero\/wp-json\/wp\/v2\/posts\/20136","targetHints":{"allow":["GET"]}}],"collection":[{"href":"https:\/\/aeronoticias.com.pe\/noticiero\/wp-json\/wp\/v2\/posts"}],"about":[{"href":"https:\/\/aeronoticias.com.pe\/noticiero\/wp-json\/wp\/v2\/types\/post"}],"author":[{"embeddable":true,"href":"https:\/\/aeronoticias.com.pe\/noticiero\/wp-json\/wp\/v2\/users\/1"}],"replies":[{"embeddable":true,"href":"https:\/\/aeronoticias.com.pe\/noticiero\/wp-json\/wp\/v2\/comments?post=20136"}],"version-history":[{"count":0,"href":"https:\/\/aeronoticias.com.pe\/noticiero\/wp-json\/wp\/v2\/posts\/20136\/revisions"}],"wp:attachment":[{"href":"https:\/\/aeronoticias.com.pe\/noticiero\/wp-json\/wp\/v2\/media?parent=20136"}],"wp:term":[{"taxonomy":"category","embeddable":true,"href":"https:\/\/aeronoticias.com.pe\/noticiero\/wp-json\/wp\/v2\/categories?post=20136"},{"taxonomy":"post_tag","embeddable":true,"href":"https:\/\/aeronoticias.com.pe\/noticiero\/wp-json\/wp\/v2\/tags?post=20136"}],"curies":[{"name":"wp","href":"https:\/\/api.w.org\/{rel}","templated":true}]}}