{"id":20140,"date":"2011-10-23T12:05:15","date_gmt":"2011-10-23T12:05:15","guid":{"rendered":"http:\/\/desarrollo.mcvicious.com\/aero2020\/2011\/10\/23\/finalizo-semana-contra-el-cancer-en-peru\/"},"modified":"2011-10-23T12:05:15","modified_gmt":"2011-10-23T12:05:15","slug":"finalizo-semana-contra-el-cancer-en-peru","status":"publish","type":"post","link":"https:\/\/aeronoticias.com.pe\/noticiero\/salud\/finalizo-semana-contra-el-cancer-en-peru\/","title":{"rendered":"Finaliz\u00f3 semana contra el c\u00e1ncer en Per\u00fa"},"content":{"rendered":"<p style=\"text-align: justify;\"><strong>(Aeronoticias).-<\/strong> En un clima de alegr\u00eda, fraternidad, uni\u00f3n y con mucho colorido \u00a0se realiz\u00f3 la ceremonia de clausura de la 9\u00aa Semana Per\u00fa Contra el C\u00e1ncer (SPCC) organizada por el Instituto Nacional de Enfermedaes Neopl\u00e1sicas (INEN).<\/p>\n<p style=\"text-align: justify;\">En ese marco, se realiz\u00f3 el bailet\u00f3n \u201cLos a\u00f1os maravillosos\u201d, en el cual participaron adultos mayores que integran los clubes organizados de diversos distritos de la capital. Todos ellos expresaron su satisfacci\u00f3n por el \u00e9xito que ha tenido la campa\u00f1a de este a\u00f1o, en cuyas actividades hubo una considerable convocatoria p\u00fablica desde el primer d\u00eda.<\/p>\n<p style=\"text-align: justify;\">En su discurso de clausura, el Dr. Mois\u00e9s Navarro, secretario general del citado nosocomio, felicit\u00f3 por el \u00e9xito a la Comisi\u00f3n Organizadora. Dijo que todas las acciones desarrolladas fomentaron la pr\u00e1ctica de estilos de vida saludable dese las familias. Resalt\u00f3 adem\u00e1s los logros y avances del INEN en cuanto a la descentralizaci\u00f3n de la atenci\u00f3n oncol\u00f3gica y la ejecuci\u00f3n del Programa Nacional de Prevenci\u00f3n y Control del C\u00e1ncer.<\/p>\n<p>  <!--more-->  <\/p>\n<p style=\"text-align: justify;\">En la ceremonia estuvieron la presidenta la Asociaci\u00f3n de Damas Voluntarias y Amigas del Ministerio de Salud (Adavaminsa) Maria Soledad Conroy de Tejada, esposa del ministro de Salud; el alcalde de San Borja, Marco \u00c1lvarez; Mariella Poblete, vice presidenta de la Comisi\u00f3n Organizadora de la SPC 2011; la representante la Este\u00e9 Lauder Company, Pilar Garc\u00eda; y en representaci\u00f3n de la Asociaci\u00f3n Panificadora del Per\u00fa, P\u00edo Pantoja, entre otros.<\/p>\n<p style=\"text-align: justify;\">En dicho acto ceremonial se premi\u00f3 a los ganadores del Concurso de Pintura \u201cAlerta color, cuyos trabajos pueden observarse en la p\u00e1ginas de Facebook del INEN. Del mismo modo, las escenas de las diversas actividades pueden verse en dicho espacio virtual:<\/p>\n<p style=\"text-align: justify;\">http:\/\/www.facebook.com\/browse\/admined_pages\/?id=100001569079271#!\/media\/set\/?set=a.255890677790176.58357.227072047338706&#038;type=3<\/p>\n<p style=\"text-align: justify;\"><img decoding=\"async\" src=\"images\/stories\/11\/10\/231011\/semana_cancer_peru.jpg\" border=\"0\" alt=\"Finaliz\u00f3 semana contra el c\u00e1ncer en Per\u00fa\" title=\"Finaliz\u00f3 semana contra el c\u00e1ncer en Per\u00fa\" \/><\/p>\n","protected":false},"excerpt":{"rendered":"<p>(Aeronoticias).- En un clima de alegr\u00eda, fraternidad, uni\u00f3n y con mucho colorido \u00a0se realiz\u00f3 la ceremonia de clausura de la 9\u00aa Semana Per\u00fa Contra el C\u00e1ncer (SPCC) organizada por el Instituto Nacional de Enfermedaes Neopl\u00e1sicas (INEN). En ese marco, se realiz\u00f3 el bailet\u00f3n \u201cLos a\u00f1os maravillosos\u201d, en el cual participaron adultos mayores que integran los [&hellip;]<\/p>\n","protected":false},"author":1,"featured_media":0,"comment_status":"open","ping_status":"open","sticky":false,"template":"","format":"standard","meta":{"tdm_status":"","tdm_grid_status":"","footnotes":""},"categories":[37],"tags":[],"class_list":{"0":"post-20140","1":"post","2":"type-post","3":"status-publish","4":"format-standard","6":"category-salud"},"yoast_head":"<!-- This site is optimized with the Yoast SEO plugin v25.1 - https:\/\/yoast.com\/wordpress\/plugins\/seo\/ -->\n<title>Finaliz\u00f3 semana contra el c\u00e1ncer en Per\u00fa<\/title>\n<meta name=\"description\" content=\"Portal de noticias del Per\u00fa sobre el transporte a\u00e9reo, aviaci\u00f3n, turismo, hoteleria, actualidad.\" \/>\n<meta name=\"robots\" content=\"index, follow, max-snippet:-1, max-image-preview:large, max-video-preview:-1\" \/>\n<link rel=\"canonical\" href=\"https:\/\/aeronoticias.com.pe\/noticiero\/salud\/finalizo-semana-contra-el-cancer-en-peru\/\" \/>\n<meta property=\"og:locale\" content=\"es_ES\" \/>\n<meta property=\"og:type\" content=\"article\" \/>\n<meta property=\"og:title\" content=\"Finaliz\u00f3 semana contra el c\u00e1ncer en Per\u00fa\" \/>\n<meta property=\"og:description\" content=\"Portal de noticias del Per\u00fa sobre el transporte a\u00e9reo, aviaci\u00f3n, turismo, hoteleria, actualidad.\" \/>\n<meta property=\"og:url\" content=\"https:\/\/aeronoticias.com.pe\/noticiero\/salud\/finalizo-semana-contra-el-cancer-en-peru\/\" \/>\n<meta property=\"og:site_name\" content=\"Aeronoticias.com.pe\" \/>\n<meta property=\"article:publisher\" content=\"https:\/\/www.facebook.com\/Aeronoticias.com.pe\/\" \/>\n<meta property=\"article:published_time\" content=\"2011-10-23T12:05:15+00:00\" \/>\n<meta name=\"author\" content=\"Redacci\u00f3n Aeronoticias\" \/>\n<meta name=\"twitter:card\" content=\"summary_large_image\" \/>\n<meta name=\"twitter:creator\" content=\"@aeronoticias\" \/>\n<meta name=\"twitter:site\" content=\"@aeronoticias\" \/>\n<meta name=\"twitter:label1\" content=\"Escrito por\" \/>\n\t<meta name=\"twitter:data1\" content=\"Redacci\u00f3n Aeronoticias\" \/>\n\t<meta name=\"twitter:label2\" content=\"Tiempo de lectura\" \/>\n\t<meta name=\"twitter:data2\" content=\"2 minutos\" \/>\n<script type=\"application\/ld+json\" class=\"yoast-schema-graph\">{\"@context\":\"https:\/\/schema.org\",\"@graph\":[{\"@type\":\"WebPage\",\"@id\":\"https:\/\/aeronoticias.com.pe\/noticiero\/salud\/finalizo-semana-contra-el-cancer-en-peru\/\",\"url\":\"https:\/\/aeronoticias.com.pe\/noticiero\/salud\/finalizo-semana-contra-el-cancer-en-peru\/\",\"name\":\"Finaliz\u00f3 semana contra el c\u00e1ncer en Per\u00fa\",\"isPartOf\":{\"@id\":\"https:\/\/aeronoticias.com.pe\/noticiero\/#website\"},\"datePublished\":\"2011-10-23T12:05:15+00:00\",\"author\":{\"@id\":\"https:\/\/aeronoticias.com.pe\/noticiero\/#\/schema\/person\/fc1e5d578f4b62ba1cf7ac2bba1170a0\"},\"description\":\"Portal de noticias del Per\u00fa sobre el transporte a\u00e9reo, aviaci\u00f3n, turismo, hoteleria, actualidad.\",\"breadcrumb\":{\"@id\":\"https:\/\/aeronoticias.com.pe\/noticiero\/salud\/finalizo-semana-contra-el-cancer-en-peru\/#breadcrumb\"},\"inLanguage\":\"es\",\"potentialAction\":[{\"@type\":\"ReadAction\",\"target\":[\"https:\/\/aeronoticias.com.pe\/noticiero\/salud\/finalizo-semana-contra-el-cancer-en-peru\/\"]}]},{\"@type\":\"BreadcrumbList\",\"@id\":\"https:\/\/aeronoticias.com.pe\/noticiero\/salud\/finalizo-semana-contra-el-cancer-en-peru\/#breadcrumb\",\"itemListElement\":[{\"@type\":\"ListItem\",\"position\":1,\"name\":\"Portada\",\"item\":\"https:\/\/aeronoticias.com.pe\/noticiero\/\"},{\"@type\":\"ListItem\",\"position\":2,\"name\":\"Finaliz\u00f3 semana contra el c\u00e1ncer en Per\u00fa\"}]},{\"@type\":\"WebSite\",\"@id\":\"https:\/\/aeronoticias.com.pe\/noticiero\/#website\",\"url\":\"https:\/\/aeronoticias.com.pe\/noticiero\/\",\"name\":\"Aeronoticias.com.pe\",\"description\":\"Noticias de tranporte aereo, turismo, hoteles, gastronomia, actualidad, internacional\",\"potentialAction\":[{\"@type\":\"SearchAction\",\"target\":{\"@type\":\"EntryPoint\",\"urlTemplate\":\"https:\/\/aeronoticias.com.pe\/noticiero\/?s={search_term_string}\"},\"query-input\":{\"@type\":\"PropertyValueSpecification\",\"valueRequired\":true,\"valueName\":\"search_term_string\"}}],\"inLanguage\":\"es\"},{\"@type\":\"Person\",\"@id\":\"https:\/\/aeronoticias.com.pe\/noticiero\/#\/schema\/person\/fc1e5d578f4b62ba1cf7ac2bba1170a0\",\"name\":\"Redacci\u00f3n Aeronoticias\",\"url\":\"https:\/\/aeronoticias.com.pe\/noticiero\/author\/piloto\/\"}]}<\/script>\n<!-- \/ Yoast SEO plugin. -->","yoast_head_json":{"title":"Finaliz\u00f3 semana contra el c\u00e1ncer en Per\u00fa","description":"Portal de noticias del Per\u00fa sobre el transporte a\u00e9reo, aviaci\u00f3n, turismo, hoteleria, actualidad.","robots":{"index":"index","follow":"follow","max-snippet":"max-snippet:-1","max-image-preview":"max-image-preview:large","max-video-preview":"max-video-preview:-1"},"canonical":"https:\/\/aeronoticias.com.pe\/noticiero\/salud\/finalizo-semana-contra-el-cancer-en-peru\/","og_locale":"es_ES","og_type":"article","og_title":"Finaliz\u00f3 semana contra el c\u00e1ncer en Per\u00fa","og_description":"Portal de noticias del Per\u00fa sobre el transporte a\u00e9reo, aviaci\u00f3n, turismo, hoteleria, actualidad.","og_url":"https:\/\/aeronoticias.com.pe\/noticiero\/salud\/finalizo-semana-contra-el-cancer-en-peru\/","og_site_name":"Aeronoticias.com.pe","article_publisher":"https:\/\/www.facebook.com\/Aeronoticias.com.pe\/","article_published_time":"2011-10-23T12:05:15+00:00","author":"Redacci\u00f3n Aeronoticias","twitter_card":"summary_large_image","twitter_creator":"@aeronoticias","twitter_site":"@aeronoticias","twitter_misc":{"Escrito por":"Redacci\u00f3n Aeronoticias","Tiempo de lectura":"2 minutos"},"schema":{"@context":"https:\/\/schema.org","@graph":[{"@type":"WebPage","@id":"https:\/\/aeronoticias.com.pe\/noticiero\/salud\/finalizo-semana-contra-el-cancer-en-peru\/","url":"https:\/\/aeronoticias.com.pe\/noticiero\/salud\/finalizo-semana-contra-el-cancer-en-peru\/","name":"Finaliz\u00f3 semana contra el c\u00e1ncer en Per\u00fa","isPartOf":{"@id":"https:\/\/aeronoticias.com.pe\/noticiero\/#website"},"datePublished":"2011-10-23T12:05:15+00:00","author":{"@id":"https:\/\/aeronoticias.com.pe\/noticiero\/#\/schema\/person\/fc1e5d578f4b62ba1cf7ac2bba1170a0"},"description":"Portal de noticias del Per\u00fa sobre el transporte a\u00e9reo, aviaci\u00f3n, turismo, hoteleria, actualidad.","breadcrumb":{"@id":"https:\/\/aeronoticias.com.pe\/noticiero\/salud\/finalizo-semana-contra-el-cancer-en-peru\/#breadcrumb"},"inLanguage":"es","potentialAction":[{"@type":"ReadAction","target":["https:\/\/aeronoticias.com.pe\/noticiero\/salud\/finalizo-semana-contra-el-cancer-en-peru\/"]}]},{"@type":"BreadcrumbList","@id":"https:\/\/aeronoticias.com.pe\/noticiero\/salud\/finalizo-semana-contra-el-cancer-en-peru\/#breadcrumb","itemListElement":[{"@type":"ListItem","position":1,"name":"Portada","item":"https:\/\/aeronoticias.com.pe\/noticiero\/"},{"@type":"ListItem","position":2,"name":"Finaliz\u00f3 semana contra el c\u00e1ncer en Per\u00fa"}]},{"@type":"WebSite","@id":"https:\/\/aeronoticias.com.pe\/noticiero\/#website","url":"https:\/\/aeronoticias.com.pe\/noticiero\/","name":"Aeronoticias.com.pe","description":"Noticias de tranporte aereo, turismo, hoteles, gastronomia, actualidad, internacional","potentialAction":[{"@type":"SearchAction","target":{"@type":"EntryPoint","urlTemplate":"https:\/\/aeronoticias.com.pe\/noticiero\/?s={search_term_string}"},"query-input":{"@type":"PropertyValueSpecification","valueRequired":true,"valueName":"search_term_string"}}],"inLanguage":"es"},{"@type":"Person","@id":"https:\/\/aeronoticias.com.pe\/noticiero\/#\/schema\/person\/fc1e5d578f4b62ba1cf7ac2bba1170a0","name":"Redacci\u00f3n Aeronoticias","url":"https:\/\/aeronoticias.com.pe\/noticiero\/author\/piloto\/"}]}},"_links":{"self":[{"href":"https:\/\/aeronoticias.com.pe\/noticiero\/wp-json\/wp\/v2\/posts\/20140","targetHints":{"allow":["GET"]}}],"collection":[{"href":"https:\/\/aeronoticias.com.pe\/noticiero\/wp-json\/wp\/v2\/posts"}],"about":[{"href":"https:\/\/aeronoticias.com.pe\/noticiero\/wp-json\/wp\/v2\/types\/post"}],"author":[{"embeddable":true,"href":"https:\/\/aeronoticias.com.pe\/noticiero\/wp-json\/wp\/v2\/users\/1"}],"replies":[{"embeddable":true,"href":"https:\/\/aeronoticias.com.pe\/noticiero\/wp-json\/wp\/v2\/comments?post=20140"}],"version-history":[{"count":0,"href":"https:\/\/aeronoticias.com.pe\/noticiero\/wp-json\/wp\/v2\/posts\/20140\/revisions"}],"wp:attachment":[{"href":"https:\/\/aeronoticias.com.pe\/noticiero\/wp-json\/wp\/v2\/media?parent=20140"}],"wp:term":[{"taxonomy":"category","embeddable":true,"href":"https:\/\/aeronoticias.com.pe\/noticiero\/wp-json\/wp\/v2\/categories?post=20140"},{"taxonomy":"post_tag","embeddable":true,"href":"https:\/\/aeronoticias.com.pe\/noticiero\/wp-json\/wp\/v2\/tags?post=20140"}],"curies":[{"name":"wp","href":"https:\/\/api.w.org\/{rel}","templated":true}]}}