{"id":20444,"date":"2011-11-02T21:02:55","date_gmt":"2011-11-02T21:02:55","guid":{"rendered":"http:\/\/desarrollo.mcvicious.com\/aero2020\/2011\/11\/02\/el-referendo-griego-es-una-decision-equivocada-opinan-expertos\/"},"modified":"2020-09-11T15:49:12","modified_gmt":"2020-09-11T15:49:12","slug":"el-referendo-griego-es-una-decision-equivocada-opinan-expertos","status":"publish","type":"post","link":"https:\/\/aeronoticias.com.pe\/noticiero\/economia\/el-referendo-griego-es-una-decision-equivocada-opinan-expertos\/","title":{"rendered":"El referendo griego es una &#8216;decisi\u00f3n equivocada&#8217;, opinan expertos"},"content":{"rendered":"<p style=\"text-align: justify;\">La crisis de deuda soberana griega parece no tener un final claro en el horizonte, a pesar de dos cumbres europeas que parec\u00edan haber cerrado, al menos oficialmente, la crisis del euro.<\/p>\n<p style=\"text-align: justify;\">Con el anuncio de referendo sobre el segundo rescate europeo, Atenas ignora, de manera casi ofensiva para Bruselas y para el eje franco-alem\u00e1n, el dogma pol\u00edtico de que los acuerdos hay que respetarlos.<\/p>\n<p style=\"text-align: justify;\">Cuando parec\u00eda que la Uni\u00f3n Europea (UE) hab\u00eda cerrado, al menos oficialmente, la crisis de deuda soberana en la eurozona, con dos cumbres europeas con 72 horas de diferencia, el anuncio del primer ministro griego, Giorgos Papandreu, de que someter\u00e1 a referendo el segundo plan de rescate a su pa\u00eds de la UE y del Fondo Monetario Internacional (FMI) centrar\u00e1 buena parte de las negociaciones del G20 que comienza ma\u00f1ana en Cannes, Francia.<\/p>\n<p>  <!--more-->  <\/p>\n<p style=\"text-align: justify;\">En un prurito de democracia, nacida precisamente en tierras helenas hace m\u00e1s de 2.000 a\u00f1os, el primer ministro griego deja en manos de sus compatriotas, hartos de soportar duros planes de ajuste a cambio de la ayuda internacional parea evitar la quiebra, nada menos que el futuro del euro. En opini\u00f3n de los expertos de varios \u00abthink tanks\u00bb de Bruselas, se trata de una decisi\u00f3n equivocada.<\/p>\n<p style=\"text-align: justify;\">Todav\u00eda se recuerda entre bastidores de la Comisi\u00f3n Europea los sobresaltos provocados por varias consultas populares, especialmente en los \u00faltimos a\u00f1os, entre ellos dos referendos en Irlanda por el Tratado de Lisboa.<\/p>\n<p style=\"text-align: justify;\">Y es que a pesar de que los l\u00edderes de los 17 socios de la eurozona creen que el acuerdo alcanzado en la madrugada del pasado jueves es bueno para Grecia, el 60 por ciento de griegos est\u00e1 en contra del plan, seg\u00fan los \u00faltimos sondeos.<\/p>\n<p style=\"text-align: justify;\">Ello hace presagiar un naufragio del plan en las urnas, a menos que el Gobierno de Atenas realice una profunda labor de explicaci\u00f3n que pasa, fundamentalmente, por poner a la poblaci\u00f3n helena ante una disyuntiva: o este plan gestado entre la canciller germana, Angela Merkel, y el presidente galo, Nicolas Sarkozy, o el hundimiento del pa\u00eds.<\/p>\n<p style=\"text-align: justify;\">En Bruselas, la palabra referendo evoca casi siempre malos recuerdos: entre las negativas m\u00e1s sonoras en diferentes referendos europeos destaca el \u00abno\u00bb mayoritario de los irlandeses en 2008 al Tratado de Lisboa, corregido posteriormente en octubre de 2009, con un s\u00ed mayoritario en un segundo referendo, impulsado por el miedo a la crisis econ\u00f3mica, que concluy\u00f3 con un 67 por ciento de aprobaci\u00f3n.<\/p>\n<p style=\"text-align: justify;\">Otro episodio complicado de los \u00faltimos a\u00f1os relativo a las consultas populares y la construcci\u00f3n europea se produjo en junio de 2005, cuando dos pa\u00edses fundadores de la Uni\u00f3n Europea (UE) Francia y Pa\u00edses Bajos rechazaban la entonces Constituci\u00f3n Europea, el germen del actual Tratado de Lisboa.<\/p>\n<p style=\"text-align: justify;\">El 61 por ciento de holandeses dec\u00eda \u00abno\u00bb a ese texto, en el cual se basa (en m\u00e1s de un 70 por ciento) el actual Tratado de Lisboa, mientras que el 55 por ciento de franceses se pronunciaban en contra.<\/p>\n<p style=\"text-align: justify;\">Esas negativas dejaron gravemente tocada la nave de la UE y obligaron a practicar numerosas correcciones al texto, para pulirlo de algunas formulaciones, cambiar algunos conceptos en el pre\u00e1mbulo y ajustar otros asuntos sensibles para algunos socios del bloque: un trabajo de cirujanos hasta lograr el s\u00ed final de ambos pa\u00edses.<\/p>\n<p style=\"text-align: justify;\">El hecho es que este anuncio de referendo en Grecia ha vuelto a disparar las alarmas en Europa. Cuando se cre\u00eda conjurado el peligro, al menos inminente, de nueva crisis en la eurozona y los l\u00edderes europeos pensaban llegar a Cannes de manera m\u00e1s tranquila, con los deberes hechos, el fantasma vuelve a aparecer.<\/p>\n<p style=\"text-align: justify;\">El problema es que el plan anticrisis europeo est\u00e1 ligado estrechamente con el segundo rescate griego, por 100.000 millones de euros, en realidad 130.000 millones si se tiene en cuenta que la eurozona aportar\u00e1 30.000 millones en garant\u00edas a los acreedores privados para que acepten condonar (quita) a Grecia el 50 por ciento de la deuda (100.000 millones).<\/p>\n<p style=\"text-align: justify;\">Y es que sin una aprobaci\u00f3n del rescate griego, todo el acuerdo peligra.<\/p>\n<p style=\"text-align: justify;\">DPA<\/p>\n<p style=\"text-align: justify;\">Editor: Enrique L\u00f3pez<\/p>\n<p style=\"text-align: justify;\">Deutsche Welle<\/p>\n<p style=\"text-align: justify;\"><img decoding=\"async\" src=\"images\/stories\/11\/11\/021111\/deu_01.jpg\" border=\"0\" alt=\"El referendo griego es una 'decisi\u00f3n equivocada', opinan expertos\" title=\"El referendo griego es una 'decisi\u00f3n equivocada', opinan expertos\" \/><\/p>\n","protected":false},"excerpt":{"rendered":"<p>La crisis de deuda soberana griega parece no tener un final claro en el horizonte, a pesar de dos cumbres europeas que parec\u00edan haber cerrado, al menos oficialmente, la crisis del euro. Con el anuncio de referendo sobre el segundo rescate europeo, Atenas ignora, de manera casi ofensiva para Bruselas y para el eje franco-alem\u00e1n, [&hellip;]<\/p>\n","protected":false},"author":1,"featured_media":0,"comment_status":"open","ping_status":"open","sticky":false,"template":"","format":"standard","meta":{"tdm_status":"","tdm_grid_status":"","footnotes":""},"categories":[33],"tags":[],"class_list":{"0":"post-20444","1":"post","2":"type-post","3":"status-publish","4":"format-standard","6":"category-economia"},"yoast_head":"<!-- This site is optimized with the Yoast SEO plugin v25.1 - https:\/\/yoast.com\/wordpress\/plugins\/seo\/ -->\n<title>El referendo griego es una &#039;decisi\u00f3n equivocada&#039;, opinan expertos<\/title>\n<meta name=\"description\" content=\"Portal de noticias del Per\u00fa sobre el transporte a\u00e9reo, aviaci\u00f3n, turismo, hoteleria, actualidad.\" \/>\n<meta name=\"robots\" content=\"index, follow, max-snippet:-1, max-image-preview:large, max-video-preview:-1\" \/>\n<link rel=\"canonical\" href=\"https:\/\/aeronoticias.com.pe\/noticiero\/economia\/el-referendo-griego-es-una-decision-equivocada-opinan-expertos\/\" \/>\n<meta property=\"og:locale\" content=\"es_ES\" \/>\n<meta property=\"og:type\" content=\"article\" \/>\n<meta property=\"og:title\" content=\"El referendo griego es una &#039;decisi\u00f3n equivocada&#039;, opinan expertos\" \/>\n<meta property=\"og:description\" content=\"Portal de noticias del Per\u00fa sobre el transporte a\u00e9reo, aviaci\u00f3n, turismo, hoteleria, actualidad.\" \/>\n<meta property=\"og:url\" content=\"https:\/\/aeronoticias.com.pe\/noticiero\/economia\/el-referendo-griego-es-una-decision-equivocada-opinan-expertos\/\" \/>\n<meta property=\"og:site_name\" content=\"Aeronoticias.com.pe\" \/>\n<meta property=\"article:publisher\" content=\"https:\/\/www.facebook.com\/Aeronoticias.com.pe\/\" \/>\n<meta property=\"article:published_time\" content=\"2011-11-02T21:02:55+00:00\" \/>\n<meta property=\"article:modified_time\" content=\"2020-09-11T15:49:12+00:00\" \/>\n<meta name=\"author\" content=\"Redacci\u00f3n Aeronoticias\" \/>\n<meta name=\"twitter:card\" content=\"summary_large_image\" \/>\n<meta name=\"twitter:creator\" content=\"@aeronoticias\" \/>\n<meta name=\"twitter:site\" content=\"@aeronoticias\" \/>\n<meta name=\"twitter:label1\" content=\"Escrito por\" \/>\n\t<meta name=\"twitter:data1\" content=\"Redacci\u00f3n Aeronoticias\" \/>\n\t<meta name=\"twitter:label2\" content=\"Tiempo de lectura\" \/>\n\t<meta name=\"twitter:data2\" content=\"3 minutos\" \/>\n<script type=\"application\/ld+json\" class=\"yoast-schema-graph\">{\"@context\":\"https:\/\/schema.org\",\"@graph\":[{\"@type\":\"WebPage\",\"@id\":\"https:\/\/aeronoticias.com.pe\/noticiero\/economia\/el-referendo-griego-es-una-decision-equivocada-opinan-expertos\/\",\"url\":\"https:\/\/aeronoticias.com.pe\/noticiero\/economia\/el-referendo-griego-es-una-decision-equivocada-opinan-expertos\/\",\"name\":\"El referendo griego es una 'decisi\u00f3n equivocada', opinan expertos\",\"isPartOf\":{\"@id\":\"https:\/\/aeronoticias.com.pe\/noticiero\/#website\"},\"datePublished\":\"2011-11-02T21:02:55+00:00\",\"dateModified\":\"2020-09-11T15:49:12+00:00\",\"author\":{\"@id\":\"https:\/\/aeronoticias.com.pe\/noticiero\/#\/schema\/person\/fc1e5d578f4b62ba1cf7ac2bba1170a0\"},\"description\":\"Portal de noticias del Per\u00fa sobre el transporte a\u00e9reo, aviaci\u00f3n, turismo, hoteleria, actualidad.\",\"breadcrumb\":{\"@id\":\"https:\/\/aeronoticias.com.pe\/noticiero\/economia\/el-referendo-griego-es-una-decision-equivocada-opinan-expertos\/#breadcrumb\"},\"inLanguage\":\"es\",\"potentialAction\":[{\"@type\":\"ReadAction\",\"target\":[\"https:\/\/aeronoticias.com.pe\/noticiero\/economia\/el-referendo-griego-es-una-decision-equivocada-opinan-expertos\/\"]}]},{\"@type\":\"BreadcrumbList\",\"@id\":\"https:\/\/aeronoticias.com.pe\/noticiero\/economia\/el-referendo-griego-es-una-decision-equivocada-opinan-expertos\/#breadcrumb\",\"itemListElement\":[{\"@type\":\"ListItem\",\"position\":1,\"name\":\"Portada\",\"item\":\"https:\/\/aeronoticias.com.pe\/noticiero\/\"},{\"@type\":\"ListItem\",\"position\":2,\"name\":\"El referendo griego es una &#8216;decisi\u00f3n equivocada&#8217;, opinan expertos\"}]},{\"@type\":\"WebSite\",\"@id\":\"https:\/\/aeronoticias.com.pe\/noticiero\/#website\",\"url\":\"https:\/\/aeronoticias.com.pe\/noticiero\/\",\"name\":\"Aeronoticias.com.pe\",\"description\":\"Noticias de tranporte aereo, turismo, hoteles, gastronomia, actualidad, internacional\",\"potentialAction\":[{\"@type\":\"SearchAction\",\"target\":{\"@type\":\"EntryPoint\",\"urlTemplate\":\"https:\/\/aeronoticias.com.pe\/noticiero\/?s={search_term_string}\"},\"query-input\":{\"@type\":\"PropertyValueSpecification\",\"valueRequired\":true,\"valueName\":\"search_term_string\"}}],\"inLanguage\":\"es\"},{\"@type\":\"Person\",\"@id\":\"https:\/\/aeronoticias.com.pe\/noticiero\/#\/schema\/person\/fc1e5d578f4b62ba1cf7ac2bba1170a0\",\"name\":\"Redacci\u00f3n Aeronoticias\",\"url\":\"https:\/\/aeronoticias.com.pe\/noticiero\/author\/piloto\/\"}]}<\/script>\n<!-- \/ Yoast SEO plugin. -->","yoast_head_json":{"title":"El referendo griego es una 'decisi\u00f3n equivocada', opinan expertos","description":"Portal de noticias del Per\u00fa sobre el transporte a\u00e9reo, aviaci\u00f3n, turismo, hoteleria, actualidad.","robots":{"index":"index","follow":"follow","max-snippet":"max-snippet:-1","max-image-preview":"max-image-preview:large","max-video-preview":"max-video-preview:-1"},"canonical":"https:\/\/aeronoticias.com.pe\/noticiero\/economia\/el-referendo-griego-es-una-decision-equivocada-opinan-expertos\/","og_locale":"es_ES","og_type":"article","og_title":"El referendo griego es una 'decisi\u00f3n equivocada', opinan expertos","og_description":"Portal de noticias del Per\u00fa sobre el transporte a\u00e9reo, aviaci\u00f3n, turismo, hoteleria, actualidad.","og_url":"https:\/\/aeronoticias.com.pe\/noticiero\/economia\/el-referendo-griego-es-una-decision-equivocada-opinan-expertos\/","og_site_name":"Aeronoticias.com.pe","article_publisher":"https:\/\/www.facebook.com\/Aeronoticias.com.pe\/","article_published_time":"2011-11-02T21:02:55+00:00","article_modified_time":"2020-09-11T15:49:12+00:00","author":"Redacci\u00f3n Aeronoticias","twitter_card":"summary_large_image","twitter_creator":"@aeronoticias","twitter_site":"@aeronoticias","twitter_misc":{"Escrito por":"Redacci\u00f3n Aeronoticias","Tiempo de lectura":"3 minutos"},"schema":{"@context":"https:\/\/schema.org","@graph":[{"@type":"WebPage","@id":"https:\/\/aeronoticias.com.pe\/noticiero\/economia\/el-referendo-griego-es-una-decision-equivocada-opinan-expertos\/","url":"https:\/\/aeronoticias.com.pe\/noticiero\/economia\/el-referendo-griego-es-una-decision-equivocada-opinan-expertos\/","name":"El referendo griego es una 'decisi\u00f3n equivocada', opinan expertos","isPartOf":{"@id":"https:\/\/aeronoticias.com.pe\/noticiero\/#website"},"datePublished":"2011-11-02T21:02:55+00:00","dateModified":"2020-09-11T15:49:12+00:00","author":{"@id":"https:\/\/aeronoticias.com.pe\/noticiero\/#\/schema\/person\/fc1e5d578f4b62ba1cf7ac2bba1170a0"},"description":"Portal de noticias del Per\u00fa sobre el transporte a\u00e9reo, aviaci\u00f3n, turismo, hoteleria, actualidad.","breadcrumb":{"@id":"https:\/\/aeronoticias.com.pe\/noticiero\/economia\/el-referendo-griego-es-una-decision-equivocada-opinan-expertos\/#breadcrumb"},"inLanguage":"es","potentialAction":[{"@type":"ReadAction","target":["https:\/\/aeronoticias.com.pe\/noticiero\/economia\/el-referendo-griego-es-una-decision-equivocada-opinan-expertos\/"]}]},{"@type":"BreadcrumbList","@id":"https:\/\/aeronoticias.com.pe\/noticiero\/economia\/el-referendo-griego-es-una-decision-equivocada-opinan-expertos\/#breadcrumb","itemListElement":[{"@type":"ListItem","position":1,"name":"Portada","item":"https:\/\/aeronoticias.com.pe\/noticiero\/"},{"@type":"ListItem","position":2,"name":"El referendo griego es una &#8216;decisi\u00f3n equivocada&#8217;, opinan expertos"}]},{"@type":"WebSite","@id":"https:\/\/aeronoticias.com.pe\/noticiero\/#website","url":"https:\/\/aeronoticias.com.pe\/noticiero\/","name":"Aeronoticias.com.pe","description":"Noticias de tranporte aereo, turismo, hoteles, gastronomia, actualidad, internacional","potentialAction":[{"@type":"SearchAction","target":{"@type":"EntryPoint","urlTemplate":"https:\/\/aeronoticias.com.pe\/noticiero\/?s={search_term_string}"},"query-input":{"@type":"PropertyValueSpecification","valueRequired":true,"valueName":"search_term_string"}}],"inLanguage":"es"},{"@type":"Person","@id":"https:\/\/aeronoticias.com.pe\/noticiero\/#\/schema\/person\/fc1e5d578f4b62ba1cf7ac2bba1170a0","name":"Redacci\u00f3n Aeronoticias","url":"https:\/\/aeronoticias.com.pe\/noticiero\/author\/piloto\/"}]}},"_links":{"self":[{"href":"https:\/\/aeronoticias.com.pe\/noticiero\/wp-json\/wp\/v2\/posts\/20444","targetHints":{"allow":["GET"]}}],"collection":[{"href":"https:\/\/aeronoticias.com.pe\/noticiero\/wp-json\/wp\/v2\/posts"}],"about":[{"href":"https:\/\/aeronoticias.com.pe\/noticiero\/wp-json\/wp\/v2\/types\/post"}],"author":[{"embeddable":true,"href":"https:\/\/aeronoticias.com.pe\/noticiero\/wp-json\/wp\/v2\/users\/1"}],"replies":[{"embeddable":true,"href":"https:\/\/aeronoticias.com.pe\/noticiero\/wp-json\/wp\/v2\/comments?post=20444"}],"version-history":[{"count":0,"href":"https:\/\/aeronoticias.com.pe\/noticiero\/wp-json\/wp\/v2\/posts\/20444\/revisions"}],"wp:attachment":[{"href":"https:\/\/aeronoticias.com.pe\/noticiero\/wp-json\/wp\/v2\/media?parent=20444"}],"wp:term":[{"taxonomy":"category","embeddable":true,"href":"https:\/\/aeronoticias.com.pe\/noticiero\/wp-json\/wp\/v2\/categories?post=20444"},{"taxonomy":"post_tag","embeddable":true,"href":"https:\/\/aeronoticias.com.pe\/noticiero\/wp-json\/wp\/v2\/tags?post=20444"}],"curies":[{"name":"wp","href":"https:\/\/api.w.org\/{rel}","templated":true}]}}