{"id":20445,"date":"2011-11-02T21:05:49","date_gmt":"2011-11-02T21:05:49","guid":{"rendered":"http:\/\/desarrollo.mcvicious.com\/aero2020\/2011\/11\/02\/europa-un-dia-despues-de-la-sorpresa-griega\/"},"modified":"2020-09-11T15:49:12","modified_gmt":"2020-09-11T15:49:12","slug":"europa-un-dia-despues-de-la-sorpresa-griega","status":"publish","type":"post","link":"https:\/\/aeronoticias.com.pe\/noticiero\/economia\/europa-un-dia-despues-de-la-sorpresa-griega\/","title":{"rendered":"Europa un d\u00eda despu\u00e9s de la sorpresa griega"},"content":{"rendered":"<p style=\"text-align: justify;\">Europa se acost\u00f3 ayer martes (01.11.2011) petrificada por la sorpresa y se ha despertado el mi\u00e9rcoles tomando paulatina conciencia de que el anuncio del primer ministro griego, Giorgos Papandreu, de convocar un refer\u00e9ndum es real y no una pesadilla pasajera. Qu\u00e9 le quiere preguntar el mandatario exactamente a su pueblo no se sabe todav\u00eda, como tambi\u00e9n se desconoce la fecha para tal cita e incluso si \u00e9sta llegar\u00e1 a tener lugar o si unas elecciones anticipadas y un posible cambio de Ejecutivo solventar\u00e1n el tema, pero lo que s\u00ed se perfila es que el nuevo debate le va a costar al pa\u00eds mediterr\u00e1neo un preciado tiempo que apenas tiene.<\/p>\n<p style=\"text-align: justify;\">\u201cSer\u00eda de gran ayuda si existiera cuanto antes claridad acerca de qu\u00e9 camino desea seguir Grecia\u201d, declar\u00f3 el ministro de Finanzas alem\u00e1n, Wolfgang Sch\u00e4uble, al diario Hamburger Abendblatt. Sobre la decisi\u00f3n de Papandreu, por el contrario, no se ha manifestado personalmente la canciller alemana, Angela Merkel, que esta ma\u00f1ana emprend\u00eda junto a su ministro el viaje a Cannes para preparar con el presidente franc\u00e9s, Nicolas Sarkozy, y representantes de la Uni\u00f3n Europea, el Banco Central Europeo (BCE) y el Fondo Monetario Internacional (FMI) un encuentro con el jefe de Gobierno heleno, a celebrar antes de que este jueves se re\u00fana el G-20.<\/p>\n<p>  <!--more-->  <\/p>\n<p style=\"text-align: justify;\">\u00bfDecide realmente el pueblo?<br \/>La mayor\u00eda de los griegos rechaza las medidas de ajuste con las que Atenas trata de asegurarse el sustento econ\u00f3mico europeo porque considera que \u00e9stas no afectan a los causantes de la crisis sino a quienes menos han contribuido a ella. Frente a la sede del Parlamento llevan quej\u00e1ndose los manifestantes desde que se descubrieran los primeros agujeros financieros, y han ido siendo m\u00e1s a medida de que pasaban los a\u00f1os sin que las soluciones llegaran. Las \u00faltimas semanas, los altercados p\u00fablicos fueron especialmente duros. El dictamen de Papandreu: en pro de la democracia, que decida el pueblo.<\/p>\n<p style=\"text-align: justify;\">Sin embargo, cabe dudar de que los ciudadanos vayan a poder decirle \u201cno\u201d a los recortes \u2013en caso de que se les pregunte por tal cosa- con verdadera libertad, o determinar por s\u00ed solos el conservar o abandonar el euro. Las voces que en Europa ya ped\u00edan la exclusi\u00f3n del pa\u00eds, al menos temporalmente, de la moneda \u00fanica se han tornado ahora m\u00e1s sonoras. Los expertos pronostican una cat\u00e1strofe para Grecia si \u00e9sta retorna al dracma, pero la prolongaci\u00f3n de la incertidumbre hace aumentar el miedo al contagio de sus problemas a otras econom\u00edas como la espa\u00f1ola o la italiana, y podr\u00eda precipitar una salida del pa\u00eds de la eurozona incluso sin intervenci\u00f3n de la voluntad popular.<\/p>\n<p style=\"text-align: justify;\">Por otra parte, quienes eran de por s\u00ed reticentes a nuevas transferencias de fondos comunitarios ven respaldada con los acontecimientos actuales su opini\u00f3n y reclaman, como es el caso de los diputados democratacristianos germanos Wolfgang Bosbach y Michael Fuchs, que se suspenda la entrega de las partidas acordadas recientemente hasta que el Gobierno griego presente resultados. \u201cNo creo que se vayan a desembolsar otros 8.000 millones de euros sin saber si Grecia cumple o no sus compromisos\u201d, dijo Bosbach a la cadena de televisi\u00f3n p\u00fablica alemana ZDF.<\/p>\n<p style=\"text-align: justify;\">Tambi\u00e9n los bancos se han apresurado tras el discurso de Papandreu a advertir que no habr\u00e1 condonaci\u00f3n de deuda alguna \u2013el 50 % fue lo fijado en la pasada cumbre de la UE- \u201cantes de que se lleve a cabo el refer\u00e9ndum\u201d, asegur\u00f3 Michael Kemmer, director general de la Asociaci\u00f3n de Bancos Alemanes. La reestructuraci\u00f3n puede ir prepar\u00e1ndose, pero \u201cno deber\u00edamos crear hechos consumados\u201d, indic\u00f3 Kemmer.<\/p>\n<p style=\"text-align: justify;\">A lo mencionado se le suma la presi\u00f3n que ejercen los mercados, de ah\u00ed que haya quien considere la cita con las urnas como una puesta entre la espada y la pared del votante griego. Otros creen que se trata de una maniobra de Papandreu para conservar el poder, y hasta de una para marcharse a tiempo. \u201cObservado en su conjunto, parece un suicidio pol\u00edtico por miedo a la muerte\u201d, coment\u00f3 el director del Instituto de la Econom\u00eda Alemana (IW), Michael H\u00fcther, en la edici\u00f3n digital del peri\u00f3dico Handelsblatt.<\/p>\n<p style=\"text-align: justify;\">Cuanto antes, \u00bfes a tiempo?<br \/>\u201cEstoy convencido de que los griegos ser\u00e1n lo suficientemente sensatos como para darse cuenta de que la soluci\u00f3n que se les propone es mejor que cualquiera de las alternativas\u201d, dijo Kemmer. \u201cNosotros partimos de que Grecia es consciente de la responsabilidad que ostenta y de que seguir\u00e1 apostando por las medidas que hemos aprobado juntos y un\u00e1nimemente\u201d, continuaba Sch\u00e4uble en el Hamburger Abendblatt y la misma sinton\u00eda segu\u00eda un comunicado la Comisi\u00f3n y el Consejo europeos. \u201cEl refer\u00e9ndum emitir\u00e1 una se\u00f1al clara a favor del euro\u201d, sostuvo Papandreu para tranquilizar a sus colegas. Despu\u00e9s de las draconianas ca\u00eddas con las que cerraron las bolsas europeas ayer, abr\u00edan hoy los parqu\u00e9s con ligeras subidas.<\/p>\n<p style=\"text-align: justify;\">Si hay que llamar a las urnas, que se llame pero cuanto antes, fue la exigencia que expresaron Berl\u00edn y Par\u00eds. \u201cEn la actual situaci\u00f3n no nos podemos permitirnos perder el tiempo\u201d, record\u00f3 el portavoz del Gobierno alem\u00e1n Steffen Seifert. Papandreu, atacado desde la oposici\u00f3n, las filas de su propio partido y la prensa griega -que lo ha bautizado como \u201cel rey del caos\u201d- tiene que superar primero este viernes (04.11.2011) el voto de confianza del Parlamento. Luego ser\u00e1 una comisi\u00f3n la encargada de ponerle fecha al refer\u00e9ndum, pero, en cualquier caso, no se cuenta con que \u00e9ste vaya a poder celebrarse antes de enero de 2012. El Estado griego dispone de liquidez hasta mediados del pr\u00f3ximo diciembre. Qu\u00e9 pasar\u00e1 con la inyecci\u00f3n de 8.000 millones de euros que Bruselas ten\u00eda lista se ha convertido, de la noche del martes a la ma\u00f1ana del mi\u00e9rcoles, en una inc\u00f3gnita.<\/p>\n<p style=\"text-align: justify;\">Autor: Luna Bol\u00edvar<\/p>\n<p style=\"text-align: justify;\">Editor: Enrique L\u00f3pez Magall\u00f3n<\/p>\n<p style=\"text-align: justify;\">Deutsche Welle<\/p>\n<p style=\"text-align: justify;\"><img decoding=\"async\" src=\"images\/stories\/11\/11\/021111\/deu_02.jpg\" border=\"0\" alt=\"Europa un d\u00eda despu\u00e9s de la sorpresa griega\" title=\"Europa un d\u00eda despu\u00e9s de la sorpresa griega\" \/><\/p>\n","protected":false},"excerpt":{"rendered":"<p>Europa se acost\u00f3 ayer martes (01.11.2011) petrificada por la sorpresa y se ha despertado el mi\u00e9rcoles tomando paulatina conciencia de que el anuncio del primer ministro griego, Giorgos Papandreu, de convocar un refer\u00e9ndum es real y no una pesadilla pasajera. Qu\u00e9 le quiere preguntar el mandatario exactamente a su pueblo no se sabe todav\u00eda, como [&hellip;]<\/p>\n","protected":false},"author":1,"featured_media":0,"comment_status":"open","ping_status":"open","sticky":false,"template":"","format":"standard","meta":{"tdm_status":"","tdm_grid_status":"","footnotes":""},"categories":[33],"tags":[],"class_list":{"0":"post-20445","1":"post","2":"type-post","3":"status-publish","4":"format-standard","6":"category-economia"},"yoast_head":"<!-- This site is optimized with the Yoast SEO plugin v25.1 - https:\/\/yoast.com\/wordpress\/plugins\/seo\/ -->\n<title>Europa un d\u00eda despu\u00e9s de la sorpresa griega<\/title>\n<meta name=\"description\" content=\"Portal de noticias del Per\u00fa sobre el transporte a\u00e9reo, aviaci\u00f3n, turismo, hoteleria, actualidad.\" \/>\n<meta name=\"robots\" content=\"index, follow, max-snippet:-1, max-image-preview:large, max-video-preview:-1\" \/>\n<link rel=\"canonical\" href=\"https:\/\/aeronoticias.com.pe\/noticiero\/economia\/europa-un-dia-despues-de-la-sorpresa-griega\/\" \/>\n<meta property=\"og:locale\" content=\"es_ES\" \/>\n<meta property=\"og:type\" content=\"article\" \/>\n<meta property=\"og:title\" content=\"Europa un d\u00eda despu\u00e9s de la sorpresa griega\" \/>\n<meta property=\"og:description\" content=\"Portal de noticias del Per\u00fa sobre el transporte a\u00e9reo, aviaci\u00f3n, turismo, hoteleria, actualidad.\" \/>\n<meta property=\"og:url\" content=\"https:\/\/aeronoticias.com.pe\/noticiero\/economia\/europa-un-dia-despues-de-la-sorpresa-griega\/\" \/>\n<meta property=\"og:site_name\" content=\"Aeronoticias.com.pe\" \/>\n<meta property=\"article:publisher\" content=\"https:\/\/www.facebook.com\/Aeronoticias.com.pe\/\" \/>\n<meta property=\"article:published_time\" content=\"2011-11-02T21:05:49+00:00\" \/>\n<meta property=\"article:modified_time\" content=\"2020-09-11T15:49:12+00:00\" \/>\n<meta name=\"author\" content=\"Redacci\u00f3n Aeronoticias\" \/>\n<meta name=\"twitter:card\" content=\"summary_large_image\" \/>\n<meta name=\"twitter:creator\" content=\"@aeronoticias\" \/>\n<meta name=\"twitter:site\" content=\"@aeronoticias\" \/>\n<meta name=\"twitter:label1\" content=\"Escrito por\" \/>\n\t<meta name=\"twitter:data1\" content=\"Redacci\u00f3n Aeronoticias\" \/>\n\t<meta name=\"twitter:label2\" content=\"Tiempo de lectura\" \/>\n\t<meta name=\"twitter:data2\" content=\"5 minutos\" \/>\n<script type=\"application\/ld+json\" class=\"yoast-schema-graph\">{\"@context\":\"https:\/\/schema.org\",\"@graph\":[{\"@type\":\"WebPage\",\"@id\":\"https:\/\/aeronoticias.com.pe\/noticiero\/economia\/europa-un-dia-despues-de-la-sorpresa-griega\/\",\"url\":\"https:\/\/aeronoticias.com.pe\/noticiero\/economia\/europa-un-dia-despues-de-la-sorpresa-griega\/\",\"name\":\"Europa un d\u00eda despu\u00e9s de la sorpresa griega\",\"isPartOf\":{\"@id\":\"https:\/\/aeronoticias.com.pe\/noticiero\/#website\"},\"datePublished\":\"2011-11-02T21:05:49+00:00\",\"dateModified\":\"2020-09-11T15:49:12+00:00\",\"author\":{\"@id\":\"https:\/\/aeronoticias.com.pe\/noticiero\/#\/schema\/person\/fc1e5d578f4b62ba1cf7ac2bba1170a0\"},\"description\":\"Portal de noticias del Per\u00fa sobre el transporte a\u00e9reo, aviaci\u00f3n, turismo, hoteleria, actualidad.\",\"breadcrumb\":{\"@id\":\"https:\/\/aeronoticias.com.pe\/noticiero\/economia\/europa-un-dia-despues-de-la-sorpresa-griega\/#breadcrumb\"},\"inLanguage\":\"es\",\"potentialAction\":[{\"@type\":\"ReadAction\",\"target\":[\"https:\/\/aeronoticias.com.pe\/noticiero\/economia\/europa-un-dia-despues-de-la-sorpresa-griega\/\"]}]},{\"@type\":\"BreadcrumbList\",\"@id\":\"https:\/\/aeronoticias.com.pe\/noticiero\/economia\/europa-un-dia-despues-de-la-sorpresa-griega\/#breadcrumb\",\"itemListElement\":[{\"@type\":\"ListItem\",\"position\":1,\"name\":\"Portada\",\"item\":\"https:\/\/aeronoticias.com.pe\/noticiero\/\"},{\"@type\":\"ListItem\",\"position\":2,\"name\":\"Europa un d\u00eda despu\u00e9s de la sorpresa griega\"}]},{\"@type\":\"WebSite\",\"@id\":\"https:\/\/aeronoticias.com.pe\/noticiero\/#website\",\"url\":\"https:\/\/aeronoticias.com.pe\/noticiero\/\",\"name\":\"Aeronoticias.com.pe\",\"description\":\"Noticias de tranporte aereo, turismo, hoteles, gastronomia, actualidad, internacional\",\"potentialAction\":[{\"@type\":\"SearchAction\",\"target\":{\"@type\":\"EntryPoint\",\"urlTemplate\":\"https:\/\/aeronoticias.com.pe\/noticiero\/?s={search_term_string}\"},\"query-input\":{\"@type\":\"PropertyValueSpecification\",\"valueRequired\":true,\"valueName\":\"search_term_string\"}}],\"inLanguage\":\"es\"},{\"@type\":\"Person\",\"@id\":\"https:\/\/aeronoticias.com.pe\/noticiero\/#\/schema\/person\/fc1e5d578f4b62ba1cf7ac2bba1170a0\",\"name\":\"Redacci\u00f3n Aeronoticias\",\"url\":\"https:\/\/aeronoticias.com.pe\/noticiero\/author\/piloto\/\"}]}<\/script>\n<!-- \/ Yoast SEO plugin. -->","yoast_head_json":{"title":"Europa un d\u00eda despu\u00e9s de la sorpresa griega","description":"Portal de noticias del Per\u00fa sobre el transporte a\u00e9reo, aviaci\u00f3n, turismo, hoteleria, actualidad.","robots":{"index":"index","follow":"follow","max-snippet":"max-snippet:-1","max-image-preview":"max-image-preview:large","max-video-preview":"max-video-preview:-1"},"canonical":"https:\/\/aeronoticias.com.pe\/noticiero\/economia\/europa-un-dia-despues-de-la-sorpresa-griega\/","og_locale":"es_ES","og_type":"article","og_title":"Europa un d\u00eda despu\u00e9s de la sorpresa griega","og_description":"Portal de noticias del Per\u00fa sobre el transporte a\u00e9reo, aviaci\u00f3n, turismo, hoteleria, actualidad.","og_url":"https:\/\/aeronoticias.com.pe\/noticiero\/economia\/europa-un-dia-despues-de-la-sorpresa-griega\/","og_site_name":"Aeronoticias.com.pe","article_publisher":"https:\/\/www.facebook.com\/Aeronoticias.com.pe\/","article_published_time":"2011-11-02T21:05:49+00:00","article_modified_time":"2020-09-11T15:49:12+00:00","author":"Redacci\u00f3n Aeronoticias","twitter_card":"summary_large_image","twitter_creator":"@aeronoticias","twitter_site":"@aeronoticias","twitter_misc":{"Escrito por":"Redacci\u00f3n Aeronoticias","Tiempo de lectura":"5 minutos"},"schema":{"@context":"https:\/\/schema.org","@graph":[{"@type":"WebPage","@id":"https:\/\/aeronoticias.com.pe\/noticiero\/economia\/europa-un-dia-despues-de-la-sorpresa-griega\/","url":"https:\/\/aeronoticias.com.pe\/noticiero\/economia\/europa-un-dia-despues-de-la-sorpresa-griega\/","name":"Europa un d\u00eda despu\u00e9s de la sorpresa griega","isPartOf":{"@id":"https:\/\/aeronoticias.com.pe\/noticiero\/#website"},"datePublished":"2011-11-02T21:05:49+00:00","dateModified":"2020-09-11T15:49:12+00:00","author":{"@id":"https:\/\/aeronoticias.com.pe\/noticiero\/#\/schema\/person\/fc1e5d578f4b62ba1cf7ac2bba1170a0"},"description":"Portal de noticias del Per\u00fa sobre el transporte a\u00e9reo, aviaci\u00f3n, turismo, hoteleria, actualidad.","breadcrumb":{"@id":"https:\/\/aeronoticias.com.pe\/noticiero\/economia\/europa-un-dia-despues-de-la-sorpresa-griega\/#breadcrumb"},"inLanguage":"es","potentialAction":[{"@type":"ReadAction","target":["https:\/\/aeronoticias.com.pe\/noticiero\/economia\/europa-un-dia-despues-de-la-sorpresa-griega\/"]}]},{"@type":"BreadcrumbList","@id":"https:\/\/aeronoticias.com.pe\/noticiero\/economia\/europa-un-dia-despues-de-la-sorpresa-griega\/#breadcrumb","itemListElement":[{"@type":"ListItem","position":1,"name":"Portada","item":"https:\/\/aeronoticias.com.pe\/noticiero\/"},{"@type":"ListItem","position":2,"name":"Europa un d\u00eda despu\u00e9s de la sorpresa griega"}]},{"@type":"WebSite","@id":"https:\/\/aeronoticias.com.pe\/noticiero\/#website","url":"https:\/\/aeronoticias.com.pe\/noticiero\/","name":"Aeronoticias.com.pe","description":"Noticias de tranporte aereo, turismo, hoteles, gastronomia, actualidad, internacional","potentialAction":[{"@type":"SearchAction","target":{"@type":"EntryPoint","urlTemplate":"https:\/\/aeronoticias.com.pe\/noticiero\/?s={search_term_string}"},"query-input":{"@type":"PropertyValueSpecification","valueRequired":true,"valueName":"search_term_string"}}],"inLanguage":"es"},{"@type":"Person","@id":"https:\/\/aeronoticias.com.pe\/noticiero\/#\/schema\/person\/fc1e5d578f4b62ba1cf7ac2bba1170a0","name":"Redacci\u00f3n Aeronoticias","url":"https:\/\/aeronoticias.com.pe\/noticiero\/author\/piloto\/"}]}},"_links":{"self":[{"href":"https:\/\/aeronoticias.com.pe\/noticiero\/wp-json\/wp\/v2\/posts\/20445","targetHints":{"allow":["GET"]}}],"collection":[{"href":"https:\/\/aeronoticias.com.pe\/noticiero\/wp-json\/wp\/v2\/posts"}],"about":[{"href":"https:\/\/aeronoticias.com.pe\/noticiero\/wp-json\/wp\/v2\/types\/post"}],"author":[{"embeddable":true,"href":"https:\/\/aeronoticias.com.pe\/noticiero\/wp-json\/wp\/v2\/users\/1"}],"replies":[{"embeddable":true,"href":"https:\/\/aeronoticias.com.pe\/noticiero\/wp-json\/wp\/v2\/comments?post=20445"}],"version-history":[{"count":0,"href":"https:\/\/aeronoticias.com.pe\/noticiero\/wp-json\/wp\/v2\/posts\/20445\/revisions"}],"wp:attachment":[{"href":"https:\/\/aeronoticias.com.pe\/noticiero\/wp-json\/wp\/v2\/media?parent=20445"}],"wp:term":[{"taxonomy":"category","embeddable":true,"href":"https:\/\/aeronoticias.com.pe\/noticiero\/wp-json\/wp\/v2\/categories?post=20445"},{"taxonomy":"post_tag","embeddable":true,"href":"https:\/\/aeronoticias.com.pe\/noticiero\/wp-json\/wp\/v2\/tags?post=20445"}],"curies":[{"name":"wp","href":"https:\/\/api.w.org\/{rel}","templated":true}]}}