{"id":20449,"date":"2011-11-02T21:58:59","date_gmt":"2011-11-02T21:58:59","guid":{"rendered":"http:\/\/desarrollo.mcvicious.com\/aero2020\/2011\/11\/02\/ultra-liberales-se-oponen-a-creacion-de-una-aerolinea-peruana-de-bajo-costo\/"},"modified":"2011-11-02T21:58:59","modified_gmt":"2011-11-02T21:58:59","slug":"ultra-liberales-se-oponen-a-creacion-de-una-aerolinea-peruana-de-bajo-costo","status":"publish","type":"post","link":"https:\/\/aeronoticias.com.pe\/noticiero\/transporte-aereo\/nacional\/ultra-liberales-se-oponen-a-creacion-de-una-aerolinea-peruana-de-bajo-costo\/","title":{"rendered":"Ultra liberales se oponen a creaci\u00f3n de una aerol\u00ednea peruana de bajo costo"},"content":{"rendered":"<p style=\"text-align: justify;\"><strong>(Aeronoticias).-<\/strong> El reconocido jurista y experto en temas aerocomerciales , Juli\u00e1n Palac\u00edn Fern\u00e1ndez, declar\u00f3 esta tarde por Radio San Borja que entre los m\u00e1s tenaces opositores para que el Per\u00fa \u00a0no cuente con una aerol\u00ednea de bandera de bajo costo figuran personajes ultra liberales y sus medios de comunicaci\u00f3n que defienden los dineros que ganan por esta oposici\u00f3n.<\/p>\n<p style=\"text-align: justify;\">Sostuvo que una empresa a\u00e9rea de este tipo si es posible de ser implantada en el Per\u00fa , \u00a0la \u00a0que podr\u00eda reportar visibles ingresos econ\u00f3micos como sucede en varios pa\u00edses de Europa, Asia y otros Continentes \u00a0del mundo. \u201cLo que ocurre es que en nuestro pa\u00eds no existe una pol\u00edtica a\u00e9rea low cost, ni transportadoras que se hayan decidido ingresar a este modelo de negocio aerocomercial\u201d, acot\u00f3.<\/p>\n<p>  <!--more-->  <\/p>\n<p style=\"text-align: justify;\">Abundando en su tesis Palac\u00edn, reclam\u00f3 el redise\u00f1o de la pol\u00edtica aeroportuaria peruana donde se tendr\u00eda que revisar los contratos de concesi\u00f3n de aeropuertos regionales y del mismo aeropuerto internacional \u201cJorge Chavez\u201d para eliminar las anti constitucionales clausulas de dominio monop\u00f3lico que se han firmado en favor de los concesionarios y en perjuicio de los consumidores y de la Regiones del Per\u00fa.<\/p>\n<p style=\"text-align: justify;\">Dijo tambi\u00e9n que el Estado Peruano debe participar en el capital social, donde el porcentaje tendr\u00e1 que conceptuarse y en todo caso podr\u00eda provenir de una parte de las regal\u00edas que paga el concesionario del \u201c Jorge Ch\u00e1vez\u201d (LAP) \u00a0al Ministerio de Transportes por concepto del 46.51 por ciento \u00a0de sus ingresos anuales , \u201c que en 10 a\u00f1os no sabemos en qu\u00e9 ha invertido el MTC \u201c. puntualiz\u00f3.<\/p>\n<p style=\"text-align: justify;\">En otro momento de su intervenci\u00f3n Palac\u00edn denunci\u00f3 que la aerol\u00ednea chilena LAN, que ejerce pr\u00e1cticamente un cuasi monopolio en el transporte a\u00e9reo peruano no ha invertido en la compra de un solo avi\u00f3n con matr\u00edcula peruana por lo que el Per\u00fa no podr\u00eda disponer de una reserva a\u00e9rea civil en casos de conflictos b\u00e9licos, adem\u00e1s que dicha empresa hacia volar sus aviones por todo el territorio nacional ,tripulados por pilotos de la Fuerza A\u00e9rea Chilena que tampoco pose\u00edan carn\u00e9s de trabajo emitidos por nuestras autoridades.<\/p>\n<p style=\"text-align: justify;\">Finalmente anunci\u00f3 que los argumentos en pro y en contra de una aerol\u00ednea peruana de bandera de bajo costo est\u00e1n explicados en un libro de su autor\u00eda que ser\u00e1 presentado oficialmente en el Colegio de Abogados de Lima el pr\u00f3ximo martes 29 del presente, a las 11 de la ma\u00f1ana.<\/p>\n<p style=\"text-align: justify;\">Por nuestra parte recordaremos que Palac\u00edn es tambi\u00e9n autor del dise\u00f1o de un proyecto de ley a favor de la creaci\u00f3n de una empresa como la que rese\u00f1amos y sobre la cual el Presidente de la Rep\u00fablica, Ollanta Humala Taaso prometi\u00f3 \u00a0apoyar el 28 de julio pasado al asumir el poder con las siguientes palabras: \u00a0\u201cTomaremos las medidas necesarias para que el Per\u00fa tenga su l\u00ednea a\u00e9rea de bandera y que el mercado a\u00e9reo comercial sea m\u00e1s abierto y de mayor competencia, sobre todo para abaratar y ampliar la comunicaci\u00f3n al interior del pa\u00eds\u201d.<\/p>\n<p style=\"text-align: justify;\">Finalmente anunci\u00f3 que los argumentos en pro y en contra de una aerol\u00ednea peruana de bandera de bajo costo est\u00e1n explicados en un libro de su autor\u00eda que ser\u00e1 presentado oficialmente en el Colegio de Abogados de Lima el pr\u00f3ximo martes 29 del presente, a las 11 de la ma\u00f1ana.<\/p>\n<p style=\"text-align: justify;\">Por nuestra parte recordaremos que Palac\u00edn es tambi\u00e9n autor del dise\u00f1o de un proyecto de ley a favor de la creaci\u00f3n de una empresa como la que rese\u00f1amos y sobre la cual el Presidente de la Rep\u00fablica, Ollanta Humala Taaso prometi\u00f3 \u00a0apoyar el 28 de julio pasado al asumir el poder con las siguientes palabras: \u00a0\u201cTomaremos las medidas necesarias para que el Per\u00fa tenga su l\u00ednea a\u00e9rea de bandera y que el mercado a\u00e9reo comercial sea m\u00e1s abierto y de mayor competencia, sobre todo para abaratar y ampliar la comunicaci\u00f3n al interior del pa\u00eds\u201d.<\/p>\n<p style=\"text-align: justify;\"><img decoding=\"async\" src=\"images\/stories\/11\/11\/021111\/aerolinea_bandera.jpg\" border=\"0\" alt=\"Ultra liberales se oponen a creaci\u00f3n de una aerol\u00ednea peruana de bajo costo\" title=\"Ultra liberales se oponen a creaci\u00f3n de una aerol\u00ednea peruana de bajo costo\" \/><\/p>\n<p style=\"text-align: center;\"> <param name=\"movie\" value=\"http:\/\/www.youtube.com\/p\/700492CDD74ADFB6?fs=1&#038;hl=en_US&#038;autoplay=0&#038;showinfo=0&#038;rel=0\" \/> <param name=\"wmode\" value=\"transparent\" \/>\u00a0<\/p>\n","protected":false},"excerpt":{"rendered":"<p>(Aeronoticias).- El reconocido jurista y experto en temas aerocomerciales , Juli\u00e1n Palac\u00edn Fern\u00e1ndez, declar\u00f3 esta tarde por Radio San Borja que entre los m\u00e1s tenaces opositores para que el Per\u00fa \u00a0no cuente con una aerol\u00ednea de bandera de bajo costo figuran personajes ultra liberales y sus medios de comunicaci\u00f3n que defienden los dineros que ganan [&hellip;]<\/p>\n","protected":false},"author":1,"featured_media":0,"comment_status":"open","ping_status":"open","sticky":false,"template":"","format":"standard","meta":{"tdm_status":"","tdm_grid_status":"","footnotes":""},"categories":[51],"tags":[],"class_list":{"0":"post-20449","1":"post","2":"type-post","3":"status-publish","4":"format-standard","6":"category-nacional"},"yoast_head":"<!-- This site is optimized with the Yoast SEO plugin v25.1 - https:\/\/yoast.com\/wordpress\/plugins\/seo\/ -->\n<title>Ultra liberales se oponen a creaci\u00f3n de una aerol\u00ednea peruana de bajo costo<\/title>\n<meta name=\"description\" content=\"Portal de noticias del Per\u00fa sobre el transporte a\u00e9reo, aviaci\u00f3n, turismo, hoteleria, actualidad.\" \/>\n<meta name=\"robots\" content=\"index, follow, max-snippet:-1, max-image-preview:large, max-video-preview:-1\" \/>\n<link rel=\"canonical\" href=\"https:\/\/aeronoticias.com.pe\/noticiero\/transporte-aereo\/nacional\/ultra-liberales-se-oponen-a-creacion-de-una-aerolinea-peruana-de-bajo-costo\/\" \/>\n<meta property=\"og:locale\" content=\"es_ES\" \/>\n<meta property=\"og:type\" content=\"article\" \/>\n<meta property=\"og:title\" content=\"Ultra liberales se oponen a creaci\u00f3n de una aerol\u00ednea peruana de bajo costo\" \/>\n<meta property=\"og:description\" content=\"Portal de noticias del Per\u00fa sobre el transporte a\u00e9reo, aviaci\u00f3n, turismo, hoteleria, actualidad.\" \/>\n<meta property=\"og:url\" content=\"https:\/\/aeronoticias.com.pe\/noticiero\/transporte-aereo\/nacional\/ultra-liberales-se-oponen-a-creacion-de-una-aerolinea-peruana-de-bajo-costo\/\" \/>\n<meta property=\"og:site_name\" content=\"Aeronoticias.com.pe\" \/>\n<meta property=\"article:publisher\" content=\"https:\/\/www.facebook.com\/Aeronoticias.com.pe\/\" \/>\n<meta property=\"article:published_time\" content=\"2011-11-02T21:58:59+00:00\" \/>\n<meta name=\"author\" content=\"Redacci\u00f3n Aeronoticias\" \/>\n<meta name=\"twitter:card\" content=\"summary_large_image\" \/>\n<meta name=\"twitter:creator\" content=\"@aeronoticias\" \/>\n<meta name=\"twitter:site\" content=\"@aeronoticias\" \/>\n<meta name=\"twitter:label1\" content=\"Escrito por\" \/>\n\t<meta name=\"twitter:data1\" content=\"Redacci\u00f3n Aeronoticias\" \/>\n\t<meta name=\"twitter:label2\" content=\"Tiempo de lectura\" \/>\n\t<meta name=\"twitter:data2\" content=\"3 minutos\" \/>\n<script type=\"application\/ld+json\" class=\"yoast-schema-graph\">{\"@context\":\"https:\/\/schema.org\",\"@graph\":[{\"@type\":\"WebPage\",\"@id\":\"https:\/\/aeronoticias.com.pe\/noticiero\/transporte-aereo\/nacional\/ultra-liberales-se-oponen-a-creacion-de-una-aerolinea-peruana-de-bajo-costo\/\",\"url\":\"https:\/\/aeronoticias.com.pe\/noticiero\/transporte-aereo\/nacional\/ultra-liberales-se-oponen-a-creacion-de-una-aerolinea-peruana-de-bajo-costo\/\",\"name\":\"Ultra liberales se oponen a creaci\u00f3n de una aerol\u00ednea peruana de bajo costo\",\"isPartOf\":{\"@id\":\"https:\/\/aeronoticias.com.pe\/noticiero\/#website\"},\"datePublished\":\"2011-11-02T21:58:59+00:00\",\"author\":{\"@id\":\"https:\/\/aeronoticias.com.pe\/noticiero\/#\/schema\/person\/fc1e5d578f4b62ba1cf7ac2bba1170a0\"},\"description\":\"Portal de noticias del Per\u00fa sobre el transporte a\u00e9reo, aviaci\u00f3n, turismo, hoteleria, actualidad.\",\"breadcrumb\":{\"@id\":\"https:\/\/aeronoticias.com.pe\/noticiero\/transporte-aereo\/nacional\/ultra-liberales-se-oponen-a-creacion-de-una-aerolinea-peruana-de-bajo-costo\/#breadcrumb\"},\"inLanguage\":\"es\",\"potentialAction\":[{\"@type\":\"ReadAction\",\"target\":[\"https:\/\/aeronoticias.com.pe\/noticiero\/transporte-aereo\/nacional\/ultra-liberales-se-oponen-a-creacion-de-una-aerolinea-peruana-de-bajo-costo\/\"]}]},{\"@type\":\"BreadcrumbList\",\"@id\":\"https:\/\/aeronoticias.com.pe\/noticiero\/transporte-aereo\/nacional\/ultra-liberales-se-oponen-a-creacion-de-una-aerolinea-peruana-de-bajo-costo\/#breadcrumb\",\"itemListElement\":[{\"@type\":\"ListItem\",\"position\":1,\"name\":\"Portada\",\"item\":\"https:\/\/aeronoticias.com.pe\/noticiero\/\"},{\"@type\":\"ListItem\",\"position\":2,\"name\":\"Ultra liberales se oponen a creaci\u00f3n de una aerol\u00ednea peruana de bajo costo\"}]},{\"@type\":\"WebSite\",\"@id\":\"https:\/\/aeronoticias.com.pe\/noticiero\/#website\",\"url\":\"https:\/\/aeronoticias.com.pe\/noticiero\/\",\"name\":\"Aeronoticias.com.pe\",\"description\":\"Noticias de tranporte aereo, turismo, hoteles, gastronomia, actualidad, internacional\",\"potentialAction\":[{\"@type\":\"SearchAction\",\"target\":{\"@type\":\"EntryPoint\",\"urlTemplate\":\"https:\/\/aeronoticias.com.pe\/noticiero\/?s={search_term_string}\"},\"query-input\":{\"@type\":\"PropertyValueSpecification\",\"valueRequired\":true,\"valueName\":\"search_term_string\"}}],\"inLanguage\":\"es\"},{\"@type\":\"Person\",\"@id\":\"https:\/\/aeronoticias.com.pe\/noticiero\/#\/schema\/person\/fc1e5d578f4b62ba1cf7ac2bba1170a0\",\"name\":\"Redacci\u00f3n Aeronoticias\",\"url\":\"https:\/\/aeronoticias.com.pe\/noticiero\/author\/piloto\/\"}]}<\/script>\n<!-- \/ Yoast SEO plugin. -->","yoast_head_json":{"title":"Ultra liberales se oponen a creaci\u00f3n de una aerol\u00ednea peruana de bajo costo","description":"Portal de noticias del Per\u00fa sobre el transporte a\u00e9reo, aviaci\u00f3n, turismo, hoteleria, actualidad.","robots":{"index":"index","follow":"follow","max-snippet":"max-snippet:-1","max-image-preview":"max-image-preview:large","max-video-preview":"max-video-preview:-1"},"canonical":"https:\/\/aeronoticias.com.pe\/noticiero\/transporte-aereo\/nacional\/ultra-liberales-se-oponen-a-creacion-de-una-aerolinea-peruana-de-bajo-costo\/","og_locale":"es_ES","og_type":"article","og_title":"Ultra liberales se oponen a creaci\u00f3n de una aerol\u00ednea peruana de bajo costo","og_description":"Portal de noticias del Per\u00fa sobre el transporte a\u00e9reo, aviaci\u00f3n, turismo, hoteleria, actualidad.","og_url":"https:\/\/aeronoticias.com.pe\/noticiero\/transporte-aereo\/nacional\/ultra-liberales-se-oponen-a-creacion-de-una-aerolinea-peruana-de-bajo-costo\/","og_site_name":"Aeronoticias.com.pe","article_publisher":"https:\/\/www.facebook.com\/Aeronoticias.com.pe\/","article_published_time":"2011-11-02T21:58:59+00:00","author":"Redacci\u00f3n Aeronoticias","twitter_card":"summary_large_image","twitter_creator":"@aeronoticias","twitter_site":"@aeronoticias","twitter_misc":{"Escrito por":"Redacci\u00f3n Aeronoticias","Tiempo de lectura":"3 minutos"},"schema":{"@context":"https:\/\/schema.org","@graph":[{"@type":"WebPage","@id":"https:\/\/aeronoticias.com.pe\/noticiero\/transporte-aereo\/nacional\/ultra-liberales-se-oponen-a-creacion-de-una-aerolinea-peruana-de-bajo-costo\/","url":"https:\/\/aeronoticias.com.pe\/noticiero\/transporte-aereo\/nacional\/ultra-liberales-se-oponen-a-creacion-de-una-aerolinea-peruana-de-bajo-costo\/","name":"Ultra liberales se oponen a creaci\u00f3n de una aerol\u00ednea peruana de bajo costo","isPartOf":{"@id":"https:\/\/aeronoticias.com.pe\/noticiero\/#website"},"datePublished":"2011-11-02T21:58:59+00:00","author":{"@id":"https:\/\/aeronoticias.com.pe\/noticiero\/#\/schema\/person\/fc1e5d578f4b62ba1cf7ac2bba1170a0"},"description":"Portal de noticias del Per\u00fa sobre el transporte a\u00e9reo, aviaci\u00f3n, turismo, hoteleria, actualidad.","breadcrumb":{"@id":"https:\/\/aeronoticias.com.pe\/noticiero\/transporte-aereo\/nacional\/ultra-liberales-se-oponen-a-creacion-de-una-aerolinea-peruana-de-bajo-costo\/#breadcrumb"},"inLanguage":"es","potentialAction":[{"@type":"ReadAction","target":["https:\/\/aeronoticias.com.pe\/noticiero\/transporte-aereo\/nacional\/ultra-liberales-se-oponen-a-creacion-de-una-aerolinea-peruana-de-bajo-costo\/"]}]},{"@type":"BreadcrumbList","@id":"https:\/\/aeronoticias.com.pe\/noticiero\/transporte-aereo\/nacional\/ultra-liberales-se-oponen-a-creacion-de-una-aerolinea-peruana-de-bajo-costo\/#breadcrumb","itemListElement":[{"@type":"ListItem","position":1,"name":"Portada","item":"https:\/\/aeronoticias.com.pe\/noticiero\/"},{"@type":"ListItem","position":2,"name":"Ultra liberales se oponen a creaci\u00f3n de una aerol\u00ednea peruana de bajo costo"}]},{"@type":"WebSite","@id":"https:\/\/aeronoticias.com.pe\/noticiero\/#website","url":"https:\/\/aeronoticias.com.pe\/noticiero\/","name":"Aeronoticias.com.pe","description":"Noticias de tranporte aereo, turismo, hoteles, gastronomia, actualidad, internacional","potentialAction":[{"@type":"SearchAction","target":{"@type":"EntryPoint","urlTemplate":"https:\/\/aeronoticias.com.pe\/noticiero\/?s={search_term_string}"},"query-input":{"@type":"PropertyValueSpecification","valueRequired":true,"valueName":"search_term_string"}}],"inLanguage":"es"},{"@type":"Person","@id":"https:\/\/aeronoticias.com.pe\/noticiero\/#\/schema\/person\/fc1e5d578f4b62ba1cf7ac2bba1170a0","name":"Redacci\u00f3n Aeronoticias","url":"https:\/\/aeronoticias.com.pe\/noticiero\/author\/piloto\/"}]}},"_links":{"self":[{"href":"https:\/\/aeronoticias.com.pe\/noticiero\/wp-json\/wp\/v2\/posts\/20449","targetHints":{"allow":["GET"]}}],"collection":[{"href":"https:\/\/aeronoticias.com.pe\/noticiero\/wp-json\/wp\/v2\/posts"}],"about":[{"href":"https:\/\/aeronoticias.com.pe\/noticiero\/wp-json\/wp\/v2\/types\/post"}],"author":[{"embeddable":true,"href":"https:\/\/aeronoticias.com.pe\/noticiero\/wp-json\/wp\/v2\/users\/1"}],"replies":[{"embeddable":true,"href":"https:\/\/aeronoticias.com.pe\/noticiero\/wp-json\/wp\/v2\/comments?post=20449"}],"version-history":[{"count":0,"href":"https:\/\/aeronoticias.com.pe\/noticiero\/wp-json\/wp\/v2\/posts\/20449\/revisions"}],"wp:attachment":[{"href":"https:\/\/aeronoticias.com.pe\/noticiero\/wp-json\/wp\/v2\/media?parent=20449"}],"wp:term":[{"taxonomy":"category","embeddable":true,"href":"https:\/\/aeronoticias.com.pe\/noticiero\/wp-json\/wp\/v2\/categories?post=20449"},{"taxonomy":"post_tag","embeddable":true,"href":"https:\/\/aeronoticias.com.pe\/noticiero\/wp-json\/wp\/v2\/tags?post=20449"}],"curies":[{"name":"wp","href":"https:\/\/api.w.org\/{rel}","templated":true}]}}