{"id":20450,"date":"2011-11-02T21:54:30","date_gmt":"2011-11-02T21:54:30","guid":{"rendered":"http:\/\/desarrollo.mcvicious.com\/aero2020\/2011\/11\/02\/congreso-pedira-levantamiento-de-secreto-bancario-de-alan-garcia\/"},"modified":"2011-11-02T21:54:30","modified_gmt":"2011-11-02T21:54:30","slug":"congreso-pedira-levantamiento-de-secreto-bancario-de-alan-garcia","status":"publish","type":"post","link":"https:\/\/aeronoticias.com.pe\/noticiero\/politica\/congreso-pedira-levantamiento-de-secreto-bancario-de-alan-garcia\/","title":{"rendered":"Congreso pedir\u00e1 levantamiento de secreto bancario de Alan Garc\u00eda"},"content":{"rendered":"<p style=\"text-align: justify;\"><strong>(Aeronoticias).-<\/strong> El Congreso de la Rep\u00fablica pedir\u00e1 el levantamiento del secreto bancario del expresidente Alan Garc\u00eda para investigar si hubo actos de corrupci\u00f3n en el proceso de reconstrucci\u00f3n de las zonas afectadas por el terremoto del 15 de agosto de 2007, se\u00f1al\u00f3 hoy la legisladora oficialista Ana Jara.<\/p>\n<p>Durante la instalaci\u00f3n de la comisi\u00f3n investigadora sobre el proceso de reconstrucci\u00f3n por el terremoto del 2007, que preside Jara, la congresista se\u00f1al\u00f3 que el pedido tendr\u00e1 un \u00e1mbito nacional e internacional y que tambi\u00e9n involucrar\u00e1 a ministros de la gesti\u00f3n de Garc\u00eda (2006-2011), alcaldes y otras autoridades.<\/p>\n<p>  <!--more-->  <\/p>\n<p style=\"text-align: justify;\">En 2007, un terremoto de magnitud 7,9 en la escala de Richter remeci\u00f3 la regi\u00f3n Ica y dej\u00f3 m\u00e1s de 500 muertos debido al sismo y posterior tsunami.\u00a0Las ciudades m\u00e1s afectadas fueron Ica, Pisco y Chincha, donde hasta ahora cientos de personas viven en carpas y est\u00e1n a la espera de la reconstrucci\u00f3n.<\/p>\n<p style=\"text-align: justify;\">El Gobierno de Garc\u00eda ofreci\u00f3 apoyo a la poblaci\u00f3n afectada con la creaci\u00f3n del Fondo de Reconstrucci\u00f3n del Sur (Forsur), pero esta entidad fue cuestionada por su inacci\u00f3n y presunto mal manejo del presupuesto seg\u00fan informes period\u00edsticos. EFE<\/p>\n<p><img decoding=\"async\" src=\"images\/stories\/11\/11\/021111\/alan-garcia2.jpg\" border=\"0\" alt=\"Congreso pedir\u00e1 levantamiento de secreto bancario de Alan Garc\u00eda\" title=\"Congreso pedir\u00e1 levantamiento de secreto bancario de Alan Garc\u00eda\" \/><\/p>\n<p><\/p>\n","protected":false},"excerpt":{"rendered":"<p>(Aeronoticias).- El Congreso de la Rep\u00fablica pedir\u00e1 el levantamiento del secreto bancario del expresidente Alan Garc\u00eda para investigar si hubo actos de corrupci\u00f3n en el proceso de reconstrucci\u00f3n de las zonas afectadas por el terremoto del 15 de agosto de 2007, se\u00f1al\u00f3 hoy la legisladora oficialista Ana Jara. Durante la instalaci\u00f3n de la comisi\u00f3n investigadora [&hellip;]<\/p>\n","protected":false},"author":1,"featured_media":0,"comment_status":"open","ping_status":"open","sticky":false,"template":"","format":"standard","meta":{"tdm_status":"","tdm_grid_status":"","footnotes":""},"categories":[36],"tags":[],"class_list":{"0":"post-20450","1":"post","2":"type-post","3":"status-publish","4":"format-standard","6":"category-politica"},"yoast_head":"<!-- This site is optimized with the Yoast SEO plugin v25.1 - https:\/\/yoast.com\/wordpress\/plugins\/seo\/ -->\n<title>Congreso pedir\u00e1 levantamiento de secreto bancario de Alan Garc\u00eda<\/title>\n<meta name=\"description\" content=\"Portal de noticias del Per\u00fa sobre el transporte a\u00e9reo, aviaci\u00f3n, turismo, hoteleria, actualidad.\" \/>\n<meta name=\"robots\" content=\"index, follow, max-snippet:-1, max-image-preview:large, max-video-preview:-1\" \/>\n<link rel=\"canonical\" href=\"https:\/\/aeronoticias.com.pe\/noticiero\/politica\/congreso-pedira-levantamiento-de-secreto-bancario-de-alan-garcia\/\" \/>\n<meta property=\"og:locale\" content=\"es_ES\" \/>\n<meta property=\"og:type\" content=\"article\" \/>\n<meta property=\"og:title\" content=\"Congreso pedir\u00e1 levantamiento de secreto bancario de Alan Garc\u00eda\" \/>\n<meta property=\"og:description\" content=\"Portal de noticias del Per\u00fa sobre el transporte a\u00e9reo, aviaci\u00f3n, turismo, hoteleria, actualidad.\" \/>\n<meta property=\"og:url\" content=\"https:\/\/aeronoticias.com.pe\/noticiero\/politica\/congreso-pedira-levantamiento-de-secreto-bancario-de-alan-garcia\/\" \/>\n<meta property=\"og:site_name\" content=\"Aeronoticias.com.pe\" \/>\n<meta property=\"article:publisher\" content=\"https:\/\/www.facebook.com\/Aeronoticias.com.pe\/\" \/>\n<meta property=\"article:published_time\" content=\"2011-11-02T21:54:30+00:00\" \/>\n<meta name=\"author\" content=\"Redacci\u00f3n Aeronoticias\" \/>\n<meta name=\"twitter:card\" content=\"summary_large_image\" \/>\n<meta name=\"twitter:creator\" content=\"@aeronoticias\" \/>\n<meta name=\"twitter:site\" content=\"@aeronoticias\" \/>\n<meta name=\"twitter:label1\" content=\"Escrito por\" \/>\n\t<meta name=\"twitter:data1\" content=\"Redacci\u00f3n Aeronoticias\" \/>\n\t<meta name=\"twitter:label2\" content=\"Tiempo de lectura\" \/>\n\t<meta name=\"twitter:data2\" content=\"1 minuto\" \/>\n<script type=\"application\/ld+json\" class=\"yoast-schema-graph\">{\"@context\":\"https:\/\/schema.org\",\"@graph\":[{\"@type\":\"WebPage\",\"@id\":\"https:\/\/aeronoticias.com.pe\/noticiero\/politica\/congreso-pedira-levantamiento-de-secreto-bancario-de-alan-garcia\/\",\"url\":\"https:\/\/aeronoticias.com.pe\/noticiero\/politica\/congreso-pedira-levantamiento-de-secreto-bancario-de-alan-garcia\/\",\"name\":\"Congreso pedir\u00e1 levantamiento de secreto bancario de Alan Garc\u00eda\",\"isPartOf\":{\"@id\":\"https:\/\/aeronoticias.com.pe\/noticiero\/#website\"},\"datePublished\":\"2011-11-02T21:54:30+00:00\",\"author\":{\"@id\":\"https:\/\/aeronoticias.com.pe\/noticiero\/#\/schema\/person\/fc1e5d578f4b62ba1cf7ac2bba1170a0\"},\"description\":\"Portal de noticias del Per\u00fa sobre el transporte a\u00e9reo, aviaci\u00f3n, turismo, hoteleria, actualidad.\",\"breadcrumb\":{\"@id\":\"https:\/\/aeronoticias.com.pe\/noticiero\/politica\/congreso-pedira-levantamiento-de-secreto-bancario-de-alan-garcia\/#breadcrumb\"},\"inLanguage\":\"es\",\"potentialAction\":[{\"@type\":\"ReadAction\",\"target\":[\"https:\/\/aeronoticias.com.pe\/noticiero\/politica\/congreso-pedira-levantamiento-de-secreto-bancario-de-alan-garcia\/\"]}]},{\"@type\":\"BreadcrumbList\",\"@id\":\"https:\/\/aeronoticias.com.pe\/noticiero\/politica\/congreso-pedira-levantamiento-de-secreto-bancario-de-alan-garcia\/#breadcrumb\",\"itemListElement\":[{\"@type\":\"ListItem\",\"position\":1,\"name\":\"Portada\",\"item\":\"https:\/\/aeronoticias.com.pe\/noticiero\/\"},{\"@type\":\"ListItem\",\"position\":2,\"name\":\"Congreso pedir\u00e1 levantamiento de secreto bancario de Alan Garc\u00eda\"}]},{\"@type\":\"WebSite\",\"@id\":\"https:\/\/aeronoticias.com.pe\/noticiero\/#website\",\"url\":\"https:\/\/aeronoticias.com.pe\/noticiero\/\",\"name\":\"Aeronoticias.com.pe\",\"description\":\"Noticias de tranporte aereo, turismo, hoteles, gastronomia, actualidad, internacional\",\"potentialAction\":[{\"@type\":\"SearchAction\",\"target\":{\"@type\":\"EntryPoint\",\"urlTemplate\":\"https:\/\/aeronoticias.com.pe\/noticiero\/?s={search_term_string}\"},\"query-input\":{\"@type\":\"PropertyValueSpecification\",\"valueRequired\":true,\"valueName\":\"search_term_string\"}}],\"inLanguage\":\"es\"},{\"@type\":\"Person\",\"@id\":\"https:\/\/aeronoticias.com.pe\/noticiero\/#\/schema\/person\/fc1e5d578f4b62ba1cf7ac2bba1170a0\",\"name\":\"Redacci\u00f3n Aeronoticias\",\"url\":\"https:\/\/aeronoticias.com.pe\/noticiero\/author\/piloto\/\"}]}<\/script>\n<!-- \/ Yoast SEO plugin. -->","yoast_head_json":{"title":"Congreso pedir\u00e1 levantamiento de secreto bancario de Alan Garc\u00eda","description":"Portal de noticias del Per\u00fa sobre el transporte a\u00e9reo, aviaci\u00f3n, turismo, hoteleria, actualidad.","robots":{"index":"index","follow":"follow","max-snippet":"max-snippet:-1","max-image-preview":"max-image-preview:large","max-video-preview":"max-video-preview:-1"},"canonical":"https:\/\/aeronoticias.com.pe\/noticiero\/politica\/congreso-pedira-levantamiento-de-secreto-bancario-de-alan-garcia\/","og_locale":"es_ES","og_type":"article","og_title":"Congreso pedir\u00e1 levantamiento de secreto bancario de Alan Garc\u00eda","og_description":"Portal de noticias del Per\u00fa sobre el transporte a\u00e9reo, aviaci\u00f3n, turismo, hoteleria, actualidad.","og_url":"https:\/\/aeronoticias.com.pe\/noticiero\/politica\/congreso-pedira-levantamiento-de-secreto-bancario-de-alan-garcia\/","og_site_name":"Aeronoticias.com.pe","article_publisher":"https:\/\/www.facebook.com\/Aeronoticias.com.pe\/","article_published_time":"2011-11-02T21:54:30+00:00","author":"Redacci\u00f3n Aeronoticias","twitter_card":"summary_large_image","twitter_creator":"@aeronoticias","twitter_site":"@aeronoticias","twitter_misc":{"Escrito por":"Redacci\u00f3n Aeronoticias","Tiempo de lectura":"1 minuto"},"schema":{"@context":"https:\/\/schema.org","@graph":[{"@type":"WebPage","@id":"https:\/\/aeronoticias.com.pe\/noticiero\/politica\/congreso-pedira-levantamiento-de-secreto-bancario-de-alan-garcia\/","url":"https:\/\/aeronoticias.com.pe\/noticiero\/politica\/congreso-pedira-levantamiento-de-secreto-bancario-de-alan-garcia\/","name":"Congreso pedir\u00e1 levantamiento de secreto bancario de Alan Garc\u00eda","isPartOf":{"@id":"https:\/\/aeronoticias.com.pe\/noticiero\/#website"},"datePublished":"2011-11-02T21:54:30+00:00","author":{"@id":"https:\/\/aeronoticias.com.pe\/noticiero\/#\/schema\/person\/fc1e5d578f4b62ba1cf7ac2bba1170a0"},"description":"Portal de noticias del Per\u00fa sobre el transporte a\u00e9reo, aviaci\u00f3n, turismo, hoteleria, actualidad.","breadcrumb":{"@id":"https:\/\/aeronoticias.com.pe\/noticiero\/politica\/congreso-pedira-levantamiento-de-secreto-bancario-de-alan-garcia\/#breadcrumb"},"inLanguage":"es","potentialAction":[{"@type":"ReadAction","target":["https:\/\/aeronoticias.com.pe\/noticiero\/politica\/congreso-pedira-levantamiento-de-secreto-bancario-de-alan-garcia\/"]}]},{"@type":"BreadcrumbList","@id":"https:\/\/aeronoticias.com.pe\/noticiero\/politica\/congreso-pedira-levantamiento-de-secreto-bancario-de-alan-garcia\/#breadcrumb","itemListElement":[{"@type":"ListItem","position":1,"name":"Portada","item":"https:\/\/aeronoticias.com.pe\/noticiero\/"},{"@type":"ListItem","position":2,"name":"Congreso pedir\u00e1 levantamiento de secreto bancario de Alan Garc\u00eda"}]},{"@type":"WebSite","@id":"https:\/\/aeronoticias.com.pe\/noticiero\/#website","url":"https:\/\/aeronoticias.com.pe\/noticiero\/","name":"Aeronoticias.com.pe","description":"Noticias de tranporte aereo, turismo, hoteles, gastronomia, actualidad, internacional","potentialAction":[{"@type":"SearchAction","target":{"@type":"EntryPoint","urlTemplate":"https:\/\/aeronoticias.com.pe\/noticiero\/?s={search_term_string}"},"query-input":{"@type":"PropertyValueSpecification","valueRequired":true,"valueName":"search_term_string"}}],"inLanguage":"es"},{"@type":"Person","@id":"https:\/\/aeronoticias.com.pe\/noticiero\/#\/schema\/person\/fc1e5d578f4b62ba1cf7ac2bba1170a0","name":"Redacci\u00f3n Aeronoticias","url":"https:\/\/aeronoticias.com.pe\/noticiero\/author\/piloto\/"}]}},"_links":{"self":[{"href":"https:\/\/aeronoticias.com.pe\/noticiero\/wp-json\/wp\/v2\/posts\/20450","targetHints":{"allow":["GET"]}}],"collection":[{"href":"https:\/\/aeronoticias.com.pe\/noticiero\/wp-json\/wp\/v2\/posts"}],"about":[{"href":"https:\/\/aeronoticias.com.pe\/noticiero\/wp-json\/wp\/v2\/types\/post"}],"author":[{"embeddable":true,"href":"https:\/\/aeronoticias.com.pe\/noticiero\/wp-json\/wp\/v2\/users\/1"}],"replies":[{"embeddable":true,"href":"https:\/\/aeronoticias.com.pe\/noticiero\/wp-json\/wp\/v2\/comments?post=20450"}],"version-history":[{"count":0,"href":"https:\/\/aeronoticias.com.pe\/noticiero\/wp-json\/wp\/v2\/posts\/20450\/revisions"}],"wp:attachment":[{"href":"https:\/\/aeronoticias.com.pe\/noticiero\/wp-json\/wp\/v2\/media?parent=20450"}],"wp:term":[{"taxonomy":"category","embeddable":true,"href":"https:\/\/aeronoticias.com.pe\/noticiero\/wp-json\/wp\/v2\/categories?post=20450"},{"taxonomy":"post_tag","embeddable":true,"href":"https:\/\/aeronoticias.com.pe\/noticiero\/wp-json\/wp\/v2\/tags?post=20450"}],"curies":[{"name":"wp","href":"https:\/\/api.w.org\/{rel}","templated":true}]}}