{"id":20453,"date":"2011-11-03T13:01:24","date_gmt":"2011-11-03T13:01:24","guid":{"rendered":"http:\/\/desarrollo.mcvicious.com\/aero2020\/2011\/11\/03\/ccl-y-delegacion-de-la-union-europea-en-el-peru-organizan-promo-ue\/"},"modified":"2011-11-03T13:01:24","modified_gmt":"2011-11-03T13:01:24","slug":"ccl-y-delegacion-de-la-union-europea-en-el-peru-organizan-promo-ue","status":"publish","type":"post","link":"https:\/\/aeronoticias.com.pe\/noticiero\/economia\/ccl-y-delegacion-de-la-union-europea-en-el-peru-organizan-promo-ue\/","title":{"rendered":"CCL y delegaci\u00f3n de la Uni\u00f3n Europea en el Per\u00fa organizan Promo UE"},"content":{"rendered":"<p style=\"text-align: justify;\"><strong>(Aeronoticias).-<\/strong> La C\u00e1mara de Comercio de Lima (CCL) y la Delegaci\u00f3n de la Uni\u00f3n Europea en el Per\u00fa tiene el agrado de invitar a su distinguido medio al evento PROMO UE, que se realizar\u00e1 hoy a partir de las 8:30 AM,\u00a0 sito en (Av. Giuseppe Garibaldi 396, ex Gregorio Escobedo, Jes\u00fas Mar\u00eda) donde se conocer\u00e1n las oportunidades de negocio en la Uni\u00f3n Europea y los beneficios del acuerdo comercial que entrar\u00eda en vigencia durante el primer semestre de 2012.<\/p>\n<p>La ceremonia de inauguraci\u00f3n estar\u00e1\u00a0 a cargo del presidente de la CCL, Carlos Durand, y el\u00a0 Jefe de la Delegaci\u00f3n de la UE en el Per\u00fa, Embajador Hans Alld\u00e9n. Seguidamente, para dar a conocer los beneficios del acuerdo comercial con la UE, expondr\u00e1n la Jefe de la Secci\u00f3n Pol\u00edtica, Econ\u00f3mica, Comercial y Prensa, Marianne Van Steen, y el Agregado Comercial de Delegaci\u00f3n de la UE en el Per\u00fa, Stephane Muller<\/p>\n<p>Por su parte, los consejeros comerciales de Finlandia, Espa\u00f1a, Alemana, Pa\u00edses Bajos, Rep\u00fablica Checa y Francia en Per\u00fa, disertar\u00e1n las oportunidades de negocios de las empresas peruanas en dichos mercados.<\/p>\n<p style=\"text-align: justify;\"><img decoding=\"async\" src=\"images\/stories\/11\/11\/031111\/pdte-carlos-durand.jpg\" border=\"0\" alt=\"presidente ccl carlos durand\" title=\"presidente ccl carlos durand\" \/><\/p>\n","protected":false},"excerpt":{"rendered":"<p>(Aeronoticias).- La C\u00e1mara de Comercio de Lima (CCL) y la Delegaci\u00f3n de la Uni\u00f3n Europea en el Per\u00fa tiene el agrado de invitar a su distinguido medio al evento PROMO UE, que se realizar\u00e1 hoy a partir de las 8:30 AM,\u00a0 sito en (Av. Giuseppe Garibaldi 396, ex Gregorio Escobedo, Jes\u00fas Mar\u00eda) donde se conocer\u00e1n [&hellip;]<\/p>\n","protected":false},"author":1,"featured_media":0,"comment_status":"open","ping_status":"open","sticky":false,"template":"","format":"standard","meta":{"tdm_status":"","tdm_grid_status":"","footnotes":""},"categories":[33],"tags":[],"class_list":{"0":"post-20453","1":"post","2":"type-post","3":"status-publish","4":"format-standard","6":"category-economia"},"yoast_head":"<!-- This site is optimized with the Yoast SEO plugin v25.1 - https:\/\/yoast.com\/wordpress\/plugins\/seo\/ -->\n<title>CCL y delegaci\u00f3n de la Uni\u00f3n Europea en el Per\u00fa organizan Promo UE<\/title>\n<meta name=\"description\" content=\"Portal de noticias del Per\u00fa sobre el transporte a\u00e9reo, aviaci\u00f3n, turismo, hoteleria, actualidad.\" \/>\n<meta name=\"robots\" content=\"index, follow, max-snippet:-1, max-image-preview:large, max-video-preview:-1\" \/>\n<link rel=\"canonical\" href=\"https:\/\/aeronoticias.com.pe\/noticiero\/economia\/ccl-y-delegacion-de-la-union-europea-en-el-peru-organizan-promo-ue\/\" \/>\n<meta property=\"og:locale\" content=\"es_ES\" \/>\n<meta property=\"og:type\" content=\"article\" \/>\n<meta property=\"og:title\" content=\"CCL y delegaci\u00f3n de la Uni\u00f3n Europea en el Per\u00fa organizan Promo UE\" \/>\n<meta property=\"og:description\" content=\"Portal de noticias del Per\u00fa sobre el transporte a\u00e9reo, aviaci\u00f3n, turismo, hoteleria, actualidad.\" \/>\n<meta property=\"og:url\" content=\"https:\/\/aeronoticias.com.pe\/noticiero\/economia\/ccl-y-delegacion-de-la-union-europea-en-el-peru-organizan-promo-ue\/\" \/>\n<meta property=\"og:site_name\" content=\"Aeronoticias.com.pe\" \/>\n<meta property=\"article:publisher\" content=\"https:\/\/www.facebook.com\/Aeronoticias.com.pe\/\" \/>\n<meta property=\"article:published_time\" content=\"2011-11-03T13:01:24+00:00\" \/>\n<meta name=\"author\" content=\"Redacci\u00f3n Aeronoticias\" \/>\n<meta name=\"twitter:card\" content=\"summary_large_image\" \/>\n<meta name=\"twitter:creator\" content=\"@aeronoticias\" \/>\n<meta name=\"twitter:site\" content=\"@aeronoticias\" \/>\n<meta name=\"twitter:label1\" content=\"Escrito por\" \/>\n\t<meta name=\"twitter:data1\" content=\"Redacci\u00f3n Aeronoticias\" \/>\n\t<meta name=\"twitter:label2\" content=\"Tiempo de lectura\" \/>\n\t<meta name=\"twitter:data2\" content=\"1 minuto\" \/>\n<script type=\"application\/ld+json\" class=\"yoast-schema-graph\">{\"@context\":\"https:\/\/schema.org\",\"@graph\":[{\"@type\":\"WebPage\",\"@id\":\"https:\/\/aeronoticias.com.pe\/noticiero\/economia\/ccl-y-delegacion-de-la-union-europea-en-el-peru-organizan-promo-ue\/\",\"url\":\"https:\/\/aeronoticias.com.pe\/noticiero\/economia\/ccl-y-delegacion-de-la-union-europea-en-el-peru-organizan-promo-ue\/\",\"name\":\"CCL y delegaci\u00f3n de la Uni\u00f3n Europea en el Per\u00fa organizan Promo UE\",\"isPartOf\":{\"@id\":\"https:\/\/aeronoticias.com.pe\/noticiero\/#website\"},\"datePublished\":\"2011-11-03T13:01:24+00:00\",\"author\":{\"@id\":\"https:\/\/aeronoticias.com.pe\/noticiero\/#\/schema\/person\/fc1e5d578f4b62ba1cf7ac2bba1170a0\"},\"description\":\"Portal de noticias del Per\u00fa sobre el transporte a\u00e9reo, aviaci\u00f3n, turismo, hoteleria, actualidad.\",\"breadcrumb\":{\"@id\":\"https:\/\/aeronoticias.com.pe\/noticiero\/economia\/ccl-y-delegacion-de-la-union-europea-en-el-peru-organizan-promo-ue\/#breadcrumb\"},\"inLanguage\":\"es\",\"potentialAction\":[{\"@type\":\"ReadAction\",\"target\":[\"https:\/\/aeronoticias.com.pe\/noticiero\/economia\/ccl-y-delegacion-de-la-union-europea-en-el-peru-organizan-promo-ue\/\"]}]},{\"@type\":\"BreadcrumbList\",\"@id\":\"https:\/\/aeronoticias.com.pe\/noticiero\/economia\/ccl-y-delegacion-de-la-union-europea-en-el-peru-organizan-promo-ue\/#breadcrumb\",\"itemListElement\":[{\"@type\":\"ListItem\",\"position\":1,\"name\":\"Portada\",\"item\":\"https:\/\/aeronoticias.com.pe\/noticiero\/\"},{\"@type\":\"ListItem\",\"position\":2,\"name\":\"CCL y delegaci\u00f3n de la Uni\u00f3n Europea en el Per\u00fa organizan Promo UE\"}]},{\"@type\":\"WebSite\",\"@id\":\"https:\/\/aeronoticias.com.pe\/noticiero\/#website\",\"url\":\"https:\/\/aeronoticias.com.pe\/noticiero\/\",\"name\":\"Aeronoticias.com.pe\",\"description\":\"Noticias de tranporte aereo, turismo, hoteles, gastronomia, actualidad, internacional\",\"potentialAction\":[{\"@type\":\"SearchAction\",\"target\":{\"@type\":\"EntryPoint\",\"urlTemplate\":\"https:\/\/aeronoticias.com.pe\/noticiero\/?s={search_term_string}\"},\"query-input\":{\"@type\":\"PropertyValueSpecification\",\"valueRequired\":true,\"valueName\":\"search_term_string\"}}],\"inLanguage\":\"es\"},{\"@type\":\"Person\",\"@id\":\"https:\/\/aeronoticias.com.pe\/noticiero\/#\/schema\/person\/fc1e5d578f4b62ba1cf7ac2bba1170a0\",\"name\":\"Redacci\u00f3n Aeronoticias\",\"url\":\"https:\/\/aeronoticias.com.pe\/noticiero\/author\/piloto\/\"}]}<\/script>\n<!-- \/ Yoast SEO plugin. -->","yoast_head_json":{"title":"CCL y delegaci\u00f3n de la Uni\u00f3n Europea en el Per\u00fa organizan Promo UE","description":"Portal de noticias del Per\u00fa sobre el transporte a\u00e9reo, aviaci\u00f3n, turismo, hoteleria, actualidad.","robots":{"index":"index","follow":"follow","max-snippet":"max-snippet:-1","max-image-preview":"max-image-preview:large","max-video-preview":"max-video-preview:-1"},"canonical":"https:\/\/aeronoticias.com.pe\/noticiero\/economia\/ccl-y-delegacion-de-la-union-europea-en-el-peru-organizan-promo-ue\/","og_locale":"es_ES","og_type":"article","og_title":"CCL y delegaci\u00f3n de la Uni\u00f3n Europea en el Per\u00fa organizan Promo UE","og_description":"Portal de noticias del Per\u00fa sobre el transporte a\u00e9reo, aviaci\u00f3n, turismo, hoteleria, actualidad.","og_url":"https:\/\/aeronoticias.com.pe\/noticiero\/economia\/ccl-y-delegacion-de-la-union-europea-en-el-peru-organizan-promo-ue\/","og_site_name":"Aeronoticias.com.pe","article_publisher":"https:\/\/www.facebook.com\/Aeronoticias.com.pe\/","article_published_time":"2011-11-03T13:01:24+00:00","author":"Redacci\u00f3n Aeronoticias","twitter_card":"summary_large_image","twitter_creator":"@aeronoticias","twitter_site":"@aeronoticias","twitter_misc":{"Escrito por":"Redacci\u00f3n Aeronoticias","Tiempo de lectura":"1 minuto"},"schema":{"@context":"https:\/\/schema.org","@graph":[{"@type":"WebPage","@id":"https:\/\/aeronoticias.com.pe\/noticiero\/economia\/ccl-y-delegacion-de-la-union-europea-en-el-peru-organizan-promo-ue\/","url":"https:\/\/aeronoticias.com.pe\/noticiero\/economia\/ccl-y-delegacion-de-la-union-europea-en-el-peru-organizan-promo-ue\/","name":"CCL y delegaci\u00f3n de la Uni\u00f3n Europea en el Per\u00fa organizan Promo UE","isPartOf":{"@id":"https:\/\/aeronoticias.com.pe\/noticiero\/#website"},"datePublished":"2011-11-03T13:01:24+00:00","author":{"@id":"https:\/\/aeronoticias.com.pe\/noticiero\/#\/schema\/person\/fc1e5d578f4b62ba1cf7ac2bba1170a0"},"description":"Portal de noticias del Per\u00fa sobre el transporte a\u00e9reo, aviaci\u00f3n, turismo, hoteleria, actualidad.","breadcrumb":{"@id":"https:\/\/aeronoticias.com.pe\/noticiero\/economia\/ccl-y-delegacion-de-la-union-europea-en-el-peru-organizan-promo-ue\/#breadcrumb"},"inLanguage":"es","potentialAction":[{"@type":"ReadAction","target":["https:\/\/aeronoticias.com.pe\/noticiero\/economia\/ccl-y-delegacion-de-la-union-europea-en-el-peru-organizan-promo-ue\/"]}]},{"@type":"BreadcrumbList","@id":"https:\/\/aeronoticias.com.pe\/noticiero\/economia\/ccl-y-delegacion-de-la-union-europea-en-el-peru-organizan-promo-ue\/#breadcrumb","itemListElement":[{"@type":"ListItem","position":1,"name":"Portada","item":"https:\/\/aeronoticias.com.pe\/noticiero\/"},{"@type":"ListItem","position":2,"name":"CCL y delegaci\u00f3n de la Uni\u00f3n Europea en el Per\u00fa organizan Promo UE"}]},{"@type":"WebSite","@id":"https:\/\/aeronoticias.com.pe\/noticiero\/#website","url":"https:\/\/aeronoticias.com.pe\/noticiero\/","name":"Aeronoticias.com.pe","description":"Noticias de tranporte aereo, turismo, hoteles, gastronomia, actualidad, internacional","potentialAction":[{"@type":"SearchAction","target":{"@type":"EntryPoint","urlTemplate":"https:\/\/aeronoticias.com.pe\/noticiero\/?s={search_term_string}"},"query-input":{"@type":"PropertyValueSpecification","valueRequired":true,"valueName":"search_term_string"}}],"inLanguage":"es"},{"@type":"Person","@id":"https:\/\/aeronoticias.com.pe\/noticiero\/#\/schema\/person\/fc1e5d578f4b62ba1cf7ac2bba1170a0","name":"Redacci\u00f3n Aeronoticias","url":"https:\/\/aeronoticias.com.pe\/noticiero\/author\/piloto\/"}]}},"_links":{"self":[{"href":"https:\/\/aeronoticias.com.pe\/noticiero\/wp-json\/wp\/v2\/posts\/20453","targetHints":{"allow":["GET"]}}],"collection":[{"href":"https:\/\/aeronoticias.com.pe\/noticiero\/wp-json\/wp\/v2\/posts"}],"about":[{"href":"https:\/\/aeronoticias.com.pe\/noticiero\/wp-json\/wp\/v2\/types\/post"}],"author":[{"embeddable":true,"href":"https:\/\/aeronoticias.com.pe\/noticiero\/wp-json\/wp\/v2\/users\/1"}],"replies":[{"embeddable":true,"href":"https:\/\/aeronoticias.com.pe\/noticiero\/wp-json\/wp\/v2\/comments?post=20453"}],"version-history":[{"count":0,"href":"https:\/\/aeronoticias.com.pe\/noticiero\/wp-json\/wp\/v2\/posts\/20453\/revisions"}],"wp:attachment":[{"href":"https:\/\/aeronoticias.com.pe\/noticiero\/wp-json\/wp\/v2\/media?parent=20453"}],"wp:term":[{"taxonomy":"category","embeddable":true,"href":"https:\/\/aeronoticias.com.pe\/noticiero\/wp-json\/wp\/v2\/categories?post=20453"},{"taxonomy":"post_tag","embeddable":true,"href":"https:\/\/aeronoticias.com.pe\/noticiero\/wp-json\/wp\/v2\/tags?post=20453"}],"curies":[{"name":"wp","href":"https:\/\/api.w.org\/{rel}","templated":true}]}}