{"id":20454,"date":"2011-11-03T13:32:40","date_gmt":"2011-11-03T13:32:40","guid":{"rendered":"http:\/\/desarrollo.mcvicious.com\/aero2020\/2011\/11\/03\/panama-destaca-calidad-de-barcos-fabricados-en-el-peru\/"},"modified":"2011-11-03T13:32:40","modified_gmt":"2011-11-03T13:32:40","slug":"panama-destaca-calidad-de-barcos-fabricados-en-el-peru","status":"publish","type":"post","link":"https:\/\/aeronoticias.com.pe\/noticiero\/nacionales\/panama-destaca-calidad-de-barcos-fabricados-en-el-peru\/","title":{"rendered":"Panam\u00e1 destaca calidad de barcos fabricados en el Per\u00fa"},"content":{"rendered":"<p style=\"text-align: justify;\"><strong>(Aeronoticias)<\/strong> Per\u00fa podr\u00eda convertirse en un socio estrat\u00e9gico de Panam\u00e1 en la construcci\u00f3n de barcos, a trav\u00e9s del Servicio Industrial de la Marina (Sima) peruana, asever\u00f3 hoy el vicepresidente de Operaciones del Canal de Panam\u00e1, Manuel Ben\u00edtes. <br \/>Se\u00f1al\u00f3 que el Sima no tiene nada que envidiar a los astilleros del mundo, al constatar la gran calidad del producto peruano construido por esa empresa estatal. <\/p>\n<p>Coment\u00f3 que el gobierno paname\u00f1o ha quedado satisfecho con el equipo naval fabricado en el astillero peruano con una inversi\u00f3n de unos 40 millones de d\u00f3lares.<\/p>\n<p style=\"text-align: center;\"><img decoding=\"async\" src=\"images\/stories\/11\/11\/031111\/barco.jpg\" border=\"0\" alt=\"barco\" title=\"barco\" \/><\/p>\n<p style=\"text-align: justify;\">Se trata de cinco barcazas de tolva y dos remolcadores empujadores, de los cuales, dos barcos ya han sido entregados. El resto de material estar\u00e1 listo entre marzo y junio del 2012, precis\u00f3. \u00abPanam\u00e1 tambi\u00e9n tiene demandas en servicios en construcci\u00f3n de equipos, no es un pa\u00eds industrial, as\u00cd que pensamos contar con un socio estrat\u00e9gico como Per\u00fa que si tiene la posibilidad de hacer construcciones navales\u00bb, manifest\u00f3. <\/p>\n<p>Remarc\u00f3 que Panam\u00e1 tiene una larga trayectoria de requerimientos de equipos navales en el mundo, \u00aby somos exigentes, podemos atestiguar de la gran calidad del producto peruano construido en Sima\u00bb, expres\u00f3. <\/p>\n<p>Indic\u00f3 que es importante para la regi\u00f3n tener pa\u00edses como el Per\u00fa con una econom\u00eda pujante, con un gran futuro en el tema de desarrollo portuario. Por estos factores, a\u00f1adi\u00f3, el Per\u00fa tiene grandes oportunidades de continuar con un desarrollo sostenido. <\/p>\n<p>Asimismo, dijo que Panam\u00e1 ofrece grandes ventajas para que los productos peruanos tengan acceso al mundo debido a su posici\u00f3n geogr\u00e1fica, ya que es el \u00fanico puerto en el mundo con terminales en dos oc\u00e9anos: el Pac\u00edfico y el Atl\u00e1ntico, lo cual, lo convierte en un centro estrat\u00e9gico importante para el comercio. Andina<\/p>\n<p style=\"text-align: center;\">\u00a0<\/p>\n","protected":false},"excerpt":{"rendered":"<p>(Aeronoticias) Per\u00fa podr\u00eda convertirse en un socio estrat\u00e9gico de Panam\u00e1 en la construcci\u00f3n de barcos, a trav\u00e9s del Servicio Industrial de la Marina (Sima) peruana, asever\u00f3 hoy el vicepresidente de Operaciones del Canal de Panam\u00e1, Manuel Ben\u00edtes. Se\u00f1al\u00f3 que el Sima no tiene nada que envidiar a los astilleros del mundo, al constatar la gran [&hellip;]<\/p>\n","protected":false},"author":1,"featured_media":0,"comment_status":"open","ping_status":"open","sticky":false,"template":"","format":"standard","meta":{"tdm_status":"","tdm_grid_status":"","footnotes":""},"categories":[38],"tags":[],"class_list":{"0":"post-20454","1":"post","2":"type-post","3":"status-publish","4":"format-standard","6":"category-nacionales"},"yoast_head":"<!-- This site is optimized with the Yoast SEO plugin v25.1 - https:\/\/yoast.com\/wordpress\/plugins\/seo\/ -->\n<title>Panam\u00e1 destaca calidad de barcos fabricados en el Per\u00fa<\/title>\n<meta name=\"description\" content=\"Portal de noticias del Per\u00fa sobre el transporte a\u00e9reo, aviaci\u00f3n, turismo, hoteleria, actualidad.\" \/>\n<meta name=\"robots\" content=\"index, follow, max-snippet:-1, max-image-preview:large, max-video-preview:-1\" \/>\n<link rel=\"canonical\" href=\"https:\/\/aeronoticias.com.pe\/noticiero\/nacionales\/panama-destaca-calidad-de-barcos-fabricados-en-el-peru\/\" \/>\n<meta property=\"og:locale\" content=\"es_ES\" \/>\n<meta property=\"og:type\" content=\"article\" \/>\n<meta property=\"og:title\" content=\"Panam\u00e1 destaca calidad de barcos fabricados en el Per\u00fa\" \/>\n<meta property=\"og:description\" content=\"Portal de noticias del Per\u00fa sobre el transporte a\u00e9reo, aviaci\u00f3n, turismo, hoteleria, actualidad.\" \/>\n<meta property=\"og:url\" content=\"https:\/\/aeronoticias.com.pe\/noticiero\/nacionales\/panama-destaca-calidad-de-barcos-fabricados-en-el-peru\/\" \/>\n<meta property=\"og:site_name\" content=\"Aeronoticias.com.pe\" \/>\n<meta property=\"article:publisher\" content=\"https:\/\/www.facebook.com\/Aeronoticias.com.pe\/\" \/>\n<meta property=\"article:published_time\" content=\"2011-11-03T13:32:40+00:00\" \/>\n<meta name=\"author\" content=\"Redacci\u00f3n Aeronoticias\" \/>\n<meta name=\"twitter:card\" content=\"summary_large_image\" \/>\n<meta name=\"twitter:creator\" content=\"@aeronoticias\" \/>\n<meta name=\"twitter:site\" content=\"@aeronoticias\" \/>\n<meta name=\"twitter:label1\" content=\"Escrito por\" \/>\n\t<meta name=\"twitter:data1\" content=\"Redacci\u00f3n Aeronoticias\" \/>\n\t<meta name=\"twitter:label2\" content=\"Tiempo de lectura\" \/>\n\t<meta name=\"twitter:data2\" content=\"2 minutos\" \/>\n<script type=\"application\/ld+json\" class=\"yoast-schema-graph\">{\"@context\":\"https:\/\/schema.org\",\"@graph\":[{\"@type\":\"WebPage\",\"@id\":\"https:\/\/aeronoticias.com.pe\/noticiero\/nacionales\/panama-destaca-calidad-de-barcos-fabricados-en-el-peru\/\",\"url\":\"https:\/\/aeronoticias.com.pe\/noticiero\/nacionales\/panama-destaca-calidad-de-barcos-fabricados-en-el-peru\/\",\"name\":\"Panam\u00e1 destaca calidad de barcos fabricados en el Per\u00fa\",\"isPartOf\":{\"@id\":\"https:\/\/aeronoticias.com.pe\/noticiero\/#website\"},\"datePublished\":\"2011-11-03T13:32:40+00:00\",\"author\":{\"@id\":\"https:\/\/aeronoticias.com.pe\/noticiero\/#\/schema\/person\/fc1e5d578f4b62ba1cf7ac2bba1170a0\"},\"description\":\"Portal de noticias del Per\u00fa sobre el transporte a\u00e9reo, aviaci\u00f3n, turismo, hoteleria, actualidad.\",\"breadcrumb\":{\"@id\":\"https:\/\/aeronoticias.com.pe\/noticiero\/nacionales\/panama-destaca-calidad-de-barcos-fabricados-en-el-peru\/#breadcrumb\"},\"inLanguage\":\"es\",\"potentialAction\":[{\"@type\":\"ReadAction\",\"target\":[\"https:\/\/aeronoticias.com.pe\/noticiero\/nacionales\/panama-destaca-calidad-de-barcos-fabricados-en-el-peru\/\"]}]},{\"@type\":\"BreadcrumbList\",\"@id\":\"https:\/\/aeronoticias.com.pe\/noticiero\/nacionales\/panama-destaca-calidad-de-barcos-fabricados-en-el-peru\/#breadcrumb\",\"itemListElement\":[{\"@type\":\"ListItem\",\"position\":1,\"name\":\"Portada\",\"item\":\"https:\/\/aeronoticias.com.pe\/noticiero\/\"},{\"@type\":\"ListItem\",\"position\":2,\"name\":\"Panam\u00e1 destaca calidad de barcos fabricados en el Per\u00fa\"}]},{\"@type\":\"WebSite\",\"@id\":\"https:\/\/aeronoticias.com.pe\/noticiero\/#website\",\"url\":\"https:\/\/aeronoticias.com.pe\/noticiero\/\",\"name\":\"Aeronoticias.com.pe\",\"description\":\"Noticias de tranporte aereo, turismo, hoteles, gastronomia, actualidad, internacional\",\"potentialAction\":[{\"@type\":\"SearchAction\",\"target\":{\"@type\":\"EntryPoint\",\"urlTemplate\":\"https:\/\/aeronoticias.com.pe\/noticiero\/?s={search_term_string}\"},\"query-input\":{\"@type\":\"PropertyValueSpecification\",\"valueRequired\":true,\"valueName\":\"search_term_string\"}}],\"inLanguage\":\"es\"},{\"@type\":\"Person\",\"@id\":\"https:\/\/aeronoticias.com.pe\/noticiero\/#\/schema\/person\/fc1e5d578f4b62ba1cf7ac2bba1170a0\",\"name\":\"Redacci\u00f3n Aeronoticias\",\"url\":\"https:\/\/aeronoticias.com.pe\/noticiero\/author\/piloto\/\"}]}<\/script>\n<!-- \/ Yoast SEO plugin. -->","yoast_head_json":{"title":"Panam\u00e1 destaca calidad de barcos fabricados en el Per\u00fa","description":"Portal de noticias del Per\u00fa sobre el transporte a\u00e9reo, aviaci\u00f3n, turismo, hoteleria, actualidad.","robots":{"index":"index","follow":"follow","max-snippet":"max-snippet:-1","max-image-preview":"max-image-preview:large","max-video-preview":"max-video-preview:-1"},"canonical":"https:\/\/aeronoticias.com.pe\/noticiero\/nacionales\/panama-destaca-calidad-de-barcos-fabricados-en-el-peru\/","og_locale":"es_ES","og_type":"article","og_title":"Panam\u00e1 destaca calidad de barcos fabricados en el Per\u00fa","og_description":"Portal de noticias del Per\u00fa sobre el transporte a\u00e9reo, aviaci\u00f3n, turismo, hoteleria, actualidad.","og_url":"https:\/\/aeronoticias.com.pe\/noticiero\/nacionales\/panama-destaca-calidad-de-barcos-fabricados-en-el-peru\/","og_site_name":"Aeronoticias.com.pe","article_publisher":"https:\/\/www.facebook.com\/Aeronoticias.com.pe\/","article_published_time":"2011-11-03T13:32:40+00:00","author":"Redacci\u00f3n Aeronoticias","twitter_card":"summary_large_image","twitter_creator":"@aeronoticias","twitter_site":"@aeronoticias","twitter_misc":{"Escrito por":"Redacci\u00f3n Aeronoticias","Tiempo de lectura":"2 minutos"},"schema":{"@context":"https:\/\/schema.org","@graph":[{"@type":"WebPage","@id":"https:\/\/aeronoticias.com.pe\/noticiero\/nacionales\/panama-destaca-calidad-de-barcos-fabricados-en-el-peru\/","url":"https:\/\/aeronoticias.com.pe\/noticiero\/nacionales\/panama-destaca-calidad-de-barcos-fabricados-en-el-peru\/","name":"Panam\u00e1 destaca calidad de barcos fabricados en el Per\u00fa","isPartOf":{"@id":"https:\/\/aeronoticias.com.pe\/noticiero\/#website"},"datePublished":"2011-11-03T13:32:40+00:00","author":{"@id":"https:\/\/aeronoticias.com.pe\/noticiero\/#\/schema\/person\/fc1e5d578f4b62ba1cf7ac2bba1170a0"},"description":"Portal de noticias del Per\u00fa sobre el transporte a\u00e9reo, aviaci\u00f3n, turismo, hoteleria, actualidad.","breadcrumb":{"@id":"https:\/\/aeronoticias.com.pe\/noticiero\/nacionales\/panama-destaca-calidad-de-barcos-fabricados-en-el-peru\/#breadcrumb"},"inLanguage":"es","potentialAction":[{"@type":"ReadAction","target":["https:\/\/aeronoticias.com.pe\/noticiero\/nacionales\/panama-destaca-calidad-de-barcos-fabricados-en-el-peru\/"]}]},{"@type":"BreadcrumbList","@id":"https:\/\/aeronoticias.com.pe\/noticiero\/nacionales\/panama-destaca-calidad-de-barcos-fabricados-en-el-peru\/#breadcrumb","itemListElement":[{"@type":"ListItem","position":1,"name":"Portada","item":"https:\/\/aeronoticias.com.pe\/noticiero\/"},{"@type":"ListItem","position":2,"name":"Panam\u00e1 destaca calidad de barcos fabricados en el Per\u00fa"}]},{"@type":"WebSite","@id":"https:\/\/aeronoticias.com.pe\/noticiero\/#website","url":"https:\/\/aeronoticias.com.pe\/noticiero\/","name":"Aeronoticias.com.pe","description":"Noticias de tranporte aereo, turismo, hoteles, gastronomia, actualidad, internacional","potentialAction":[{"@type":"SearchAction","target":{"@type":"EntryPoint","urlTemplate":"https:\/\/aeronoticias.com.pe\/noticiero\/?s={search_term_string}"},"query-input":{"@type":"PropertyValueSpecification","valueRequired":true,"valueName":"search_term_string"}}],"inLanguage":"es"},{"@type":"Person","@id":"https:\/\/aeronoticias.com.pe\/noticiero\/#\/schema\/person\/fc1e5d578f4b62ba1cf7ac2bba1170a0","name":"Redacci\u00f3n Aeronoticias","url":"https:\/\/aeronoticias.com.pe\/noticiero\/author\/piloto\/"}]}},"_links":{"self":[{"href":"https:\/\/aeronoticias.com.pe\/noticiero\/wp-json\/wp\/v2\/posts\/20454","targetHints":{"allow":["GET"]}}],"collection":[{"href":"https:\/\/aeronoticias.com.pe\/noticiero\/wp-json\/wp\/v2\/posts"}],"about":[{"href":"https:\/\/aeronoticias.com.pe\/noticiero\/wp-json\/wp\/v2\/types\/post"}],"author":[{"embeddable":true,"href":"https:\/\/aeronoticias.com.pe\/noticiero\/wp-json\/wp\/v2\/users\/1"}],"replies":[{"embeddable":true,"href":"https:\/\/aeronoticias.com.pe\/noticiero\/wp-json\/wp\/v2\/comments?post=20454"}],"version-history":[{"count":0,"href":"https:\/\/aeronoticias.com.pe\/noticiero\/wp-json\/wp\/v2\/posts\/20454\/revisions"}],"wp:attachment":[{"href":"https:\/\/aeronoticias.com.pe\/noticiero\/wp-json\/wp\/v2\/media?parent=20454"}],"wp:term":[{"taxonomy":"category","embeddable":true,"href":"https:\/\/aeronoticias.com.pe\/noticiero\/wp-json\/wp\/v2\/categories?post=20454"},{"taxonomy":"post_tag","embeddable":true,"href":"https:\/\/aeronoticias.com.pe\/noticiero\/wp-json\/wp\/v2\/tags?post=20454"}],"curies":[{"name":"wp","href":"https:\/\/api.w.org\/{rel}","templated":true}]}}