{"id":208,"date":"2008-08-11T16:51:09","date_gmt":"2008-08-11T16:51:09","guid":{"rendered":"http:\/\/desarrollo.mcvicious.com\/aero2020\/2008\/08\/11\/perede-solicitar-a-australia-reconocimiento-del-pisco-dice-ministra-mercedes-ar\/"},"modified":"2008-08-11T16:51:09","modified_gmt":"2008-08-11T16:51:09","slug":"perede-solicitar-a-australia-reconocimiento-del-pisco-dice-ministra-mercedes-ar","status":"publish","type":"post","link":"https:\/\/aeronoticias.com.pe\/noticiero\/economia\/perede-solicitar-a-australia-reconocimiento-del-pisco-dice-ministra-mercedes-ar\/","title":{"rendered":"Per"},"content":{"rendered":"<p>&nbsp;<\/p>\n<blockquote>\n<p align=\"justify\">Tras calificar de oportuna la aclaraci&oacute;n de la Embajada de Australia en el Per&uacute; respecto a informaciones que refer&iacute;an el reconocimiento exclusivo al pisco chileno, la titular del Mincetur, Mercedes Ar&aacute;oz asegur&oacute; que el acuerdo entre Australia y Chile no confiere tal exclusividad ni impone ning&uacute;n impedimento o restricci&oacute;n sobre la exportaci&oacute;n o venta de Pisco de Per&uacute; en Australia. <\/p>\n<p align=\"justify\">Indic&oacute; que el acuerdo resulta ser bastante similar a los t&eacute;rminos del reconocimiento obtenido por Chile en el Acuerdo de Libre Comercio que negoci&oacute; con Estados Unidos de Am&eacute;rica y que no impidi&oacute; al Per&uacute; obtener posteriormente un reconocimiento similar para nuestro producto bandera en la negociaci&oacute;n del Acuerdo de Promoci&oacute;n Comercial.<\/p>\n<p align=\"justify\">Detall&oacute; que el reconocimiento obtenido por Chile en el TLC que negoci&oacute; con Estados Unidos, no impidi&oacute; al Per&uacute; obtener posteriormente un reconocimiento similar para nuestro producto bandera en el APC con EE.UU.<\/p>\n<div style=\"text-align: center\"><img loading=\"lazy\" decoding=\"async\" src=\"http:\/\/aeronoticias.com.pe\/fotonoticias\/agosto\/pisco.JPG\" alt=\" \" title=\"Per&uacute; puede solicitar a Australia el reconocimiento del Pisco. (Foto: Internet)\" hspace=\"5\" vspace=\"5\" width=\"130\" height=\"146\" \/><\/div>\n<\/blockquote>\n<p> <!--more--> <\/p>\n<blockquote>\n<p align=\"center\"><strong>Hay inter&eacute;s de Australia para acercarse a Per&uacute;<\/strong>&nbsp;<\/p>\n<p align=\"justify\">Mercedes Ar&aacute;oz manifest&oacute; que en la XIV Reuni&oacute;n Ministerial de Comercio llevada a cabo en Arequipa en el marco de APEC Per&uacute; 2008 sostuvo una reuni&oacute;n con su hom&oacute;logo de Australia, quien le manifest&oacute; el inter&eacute;s de este pa&iacute;s por acercarse m&aacute;s a nuestra econom&iacute;a, fortaleciendo la relaci&oacute;n comercial existente. <\/p>\n<p align=\"justify\">Dijo que Per&uacute; se encuentra interesado en continuar explorando iniciativas de mutuo inter&eacute;s para ambos pa&iacute;ses con miras a la negociaci&oacute;n futura de un Acuerdo Comercial que refleje de la mejor manera posible los intereses de ambas Partes.<\/p>\n<p align=\"justify\">Adem&aacute;s sostuvo que el TLC entre Chile y Australia no permite la venta de ning&uacute;n producto etiquetado bajo el rotulo de Pisco Chileno, sin que haya sido manufacturado en Chile, y de acuerdo con las leyes y reglamentos t&eacute;cnicos chilenos.<\/p>\n<p align=\"justify\">&ldquo;No se trata de un hecho sin precedentes o que revierta alguna particularidad que llame nuestra atenci&oacute;n toda vez que, seg&uacute;n hemos observado, resulta ser bastante similar a los t&eacute;rminos del reconocimiento obtenido por Chile en el Acuerdo de Libre Comercio que negoci&oacute; con Estados Unidos de Am&eacute;rica y que de ninguna manera impidi&oacute; al Per&uacute; obtener posteriormente un reconocimiento similar para nuestro producto bandera en la negociaci&oacute;n del Acuerdo de Promoci&oacute;n Comercial&rdquo;, destac&oacute; la Ministra Araoz.<\/p>\n<p align=\"justify\">Agreg&oacute; que, en su oportunidad Per&uacute; presentar&aacute; los temas que nos interesar&iacute;an negociar con Australia en las condiciones que consideremos adecuadas a los est&aacute;ndares internacionales y a nuestra legislaci&oacute;n nacional e intereses particulares que nos asisten al respecto. <\/p>\n<\/blockquote>\n","protected":false},"excerpt":{"rendered":"<p>&nbsp; Tras calificar de oportuna la aclaraci&oacute;n de la Embajada de Australia en el Per&uacute; respecto a informaciones que refer&iacute;an el reconocimiento exclusivo al pisco chileno, la titular del Mincetur, Mercedes Ar&aacute;oz asegur&oacute; que el acuerdo entre Australia y Chile no confiere tal exclusividad ni impone ning&uacute;n impedimento o restricci&oacute;n sobre la exportaci&oacute;n o venta [&hellip;]<\/p>\n","protected":false},"author":1,"featured_media":0,"comment_status":"open","ping_status":"open","sticky":false,"template":"","format":"standard","meta":{"tdm_status":"","tdm_grid_status":"","footnotes":""},"categories":[33],"tags":[],"class_list":{"0":"post-208","1":"post","2":"type-post","3":"status-publish","4":"format-standard","6":"category-economia"},"yoast_head":"<!-- This site is optimized with the Yoast SEO plugin v25.1 - https:\/\/yoast.com\/wordpress\/plugins\/seo\/ -->\n<title>Per<\/title>\n<meta name=\"description\" content=\"Portal de noticias del Per\u00fa sobre el transporte a\u00e9reo, aviaci\u00f3n, turismo, hoteleria, actualidad.\" \/>\n<meta name=\"robots\" content=\"index, follow, max-snippet:-1, max-image-preview:large, max-video-preview:-1\" \/>\n<link rel=\"canonical\" href=\"https:\/\/aeronoticias.com.pe\/noticiero\/economia\/perede-solicitar-a-australia-reconocimiento-del-pisco-dice-ministra-mercedes-ar\/\" \/>\n<meta property=\"og:locale\" content=\"es_ES\" \/>\n<meta property=\"og:type\" content=\"article\" \/>\n<meta property=\"og:title\" content=\"Per\" \/>\n<meta property=\"og:description\" content=\"Portal de noticias del Per\u00fa sobre el transporte a\u00e9reo, aviaci\u00f3n, turismo, hoteleria, actualidad.\" \/>\n<meta property=\"og:url\" content=\"https:\/\/aeronoticias.com.pe\/noticiero\/economia\/perede-solicitar-a-australia-reconocimiento-del-pisco-dice-ministra-mercedes-ar\/\" \/>\n<meta property=\"og:site_name\" content=\"Aeronoticias.com.pe\" \/>\n<meta property=\"article:publisher\" content=\"https:\/\/www.facebook.com\/Aeronoticias.com.pe\/\" \/>\n<meta property=\"article:published_time\" content=\"2008-08-11T16:51:09+00:00\" \/>\n<meta property=\"og:image\" content=\"http:\/\/aeronoticias.com.pe\/fotonoticias\/agosto\/pisco.JPG\" \/>\n<meta name=\"author\" content=\"Redacci\u00f3n Aeronoticias\" \/>\n<meta name=\"twitter:card\" content=\"summary_large_image\" \/>\n<meta name=\"twitter:creator\" content=\"@aeronoticias\" \/>\n<meta name=\"twitter:site\" content=\"@aeronoticias\" \/>\n<meta name=\"twitter:label1\" content=\"Escrito por\" \/>\n\t<meta name=\"twitter:data1\" content=\"Redacci\u00f3n Aeronoticias\" \/>\n\t<meta name=\"twitter:label2\" content=\"Tiempo de lectura\" \/>\n\t<meta name=\"twitter:data2\" content=\"2 minutos\" \/>\n<script type=\"application\/ld+json\" class=\"yoast-schema-graph\">{\"@context\":\"https:\/\/schema.org\",\"@graph\":[{\"@type\":\"WebPage\",\"@id\":\"https:\/\/aeronoticias.com.pe\/noticiero\/economia\/perede-solicitar-a-australia-reconocimiento-del-pisco-dice-ministra-mercedes-ar\/\",\"url\":\"https:\/\/aeronoticias.com.pe\/noticiero\/economia\/perede-solicitar-a-australia-reconocimiento-del-pisco-dice-ministra-mercedes-ar\/\",\"name\":\"Per\",\"isPartOf\":{\"@id\":\"https:\/\/aeronoticias.com.pe\/noticiero\/#website\"},\"primaryImageOfPage\":{\"@id\":\"https:\/\/aeronoticias.com.pe\/noticiero\/economia\/perede-solicitar-a-australia-reconocimiento-del-pisco-dice-ministra-mercedes-ar\/#primaryimage\"},\"image\":{\"@id\":\"https:\/\/aeronoticias.com.pe\/noticiero\/economia\/perede-solicitar-a-australia-reconocimiento-del-pisco-dice-ministra-mercedes-ar\/#primaryimage\"},\"thumbnailUrl\":\"http:\/\/aeronoticias.com.pe\/fotonoticias\/agosto\/pisco.JPG\",\"datePublished\":\"2008-08-11T16:51:09+00:00\",\"author\":{\"@id\":\"https:\/\/aeronoticias.com.pe\/noticiero\/#\/schema\/person\/fc1e5d578f4b62ba1cf7ac2bba1170a0\"},\"description\":\"Portal de noticias del Per\u00fa sobre el transporte a\u00e9reo, aviaci\u00f3n, turismo, hoteleria, actualidad.\",\"breadcrumb\":{\"@id\":\"https:\/\/aeronoticias.com.pe\/noticiero\/economia\/perede-solicitar-a-australia-reconocimiento-del-pisco-dice-ministra-mercedes-ar\/#breadcrumb\"},\"inLanguage\":\"es\",\"potentialAction\":[{\"@type\":\"ReadAction\",\"target\":[\"https:\/\/aeronoticias.com.pe\/noticiero\/economia\/perede-solicitar-a-australia-reconocimiento-del-pisco-dice-ministra-mercedes-ar\/\"]}]},{\"@type\":\"ImageObject\",\"inLanguage\":\"es\",\"@id\":\"https:\/\/aeronoticias.com.pe\/noticiero\/economia\/perede-solicitar-a-australia-reconocimiento-del-pisco-dice-ministra-mercedes-ar\/#primaryimage\",\"url\":\"http:\/\/aeronoticias.com.pe\/fotonoticias\/agosto\/pisco.JPG\",\"contentUrl\":\"http:\/\/aeronoticias.com.pe\/fotonoticias\/agosto\/pisco.JPG\"},{\"@type\":\"BreadcrumbList\",\"@id\":\"https:\/\/aeronoticias.com.pe\/noticiero\/economia\/perede-solicitar-a-australia-reconocimiento-del-pisco-dice-ministra-mercedes-ar\/#breadcrumb\",\"itemListElement\":[{\"@type\":\"ListItem\",\"position\":1,\"name\":\"Portada\",\"item\":\"https:\/\/aeronoticias.com.pe\/noticiero\/\"},{\"@type\":\"ListItem\",\"position\":2,\"name\":\"Per\"}]},{\"@type\":\"WebSite\",\"@id\":\"https:\/\/aeronoticias.com.pe\/noticiero\/#website\",\"url\":\"https:\/\/aeronoticias.com.pe\/noticiero\/\",\"name\":\"Aeronoticias.com.pe\",\"description\":\"Noticias de tranporte aereo, turismo, hoteles, gastronomia, actualidad, internacional\",\"potentialAction\":[{\"@type\":\"SearchAction\",\"target\":{\"@type\":\"EntryPoint\",\"urlTemplate\":\"https:\/\/aeronoticias.com.pe\/noticiero\/?s={search_term_string}\"},\"query-input\":{\"@type\":\"PropertyValueSpecification\",\"valueRequired\":true,\"valueName\":\"search_term_string\"}}],\"inLanguage\":\"es\"},{\"@type\":\"Person\",\"@id\":\"https:\/\/aeronoticias.com.pe\/noticiero\/#\/schema\/person\/fc1e5d578f4b62ba1cf7ac2bba1170a0\",\"name\":\"Redacci\u00f3n Aeronoticias\",\"url\":\"https:\/\/aeronoticias.com.pe\/noticiero\/author\/piloto\/\"}]}<\/script>\n<!-- \/ Yoast SEO plugin. -->","yoast_head_json":{"title":"Per","description":"Portal de noticias del Per\u00fa sobre el transporte a\u00e9reo, aviaci\u00f3n, turismo, hoteleria, actualidad.","robots":{"index":"index","follow":"follow","max-snippet":"max-snippet:-1","max-image-preview":"max-image-preview:large","max-video-preview":"max-video-preview:-1"},"canonical":"https:\/\/aeronoticias.com.pe\/noticiero\/economia\/perede-solicitar-a-australia-reconocimiento-del-pisco-dice-ministra-mercedes-ar\/","og_locale":"es_ES","og_type":"article","og_title":"Per","og_description":"Portal de noticias del Per\u00fa sobre el transporte a\u00e9reo, aviaci\u00f3n, turismo, hoteleria, actualidad.","og_url":"https:\/\/aeronoticias.com.pe\/noticiero\/economia\/perede-solicitar-a-australia-reconocimiento-del-pisco-dice-ministra-mercedes-ar\/","og_site_name":"Aeronoticias.com.pe","article_publisher":"https:\/\/www.facebook.com\/Aeronoticias.com.pe\/","article_published_time":"2008-08-11T16:51:09+00:00","og_image":[{"url":"http:\/\/aeronoticias.com.pe\/fotonoticias\/agosto\/pisco.JPG","type":"","width":"","height":""}],"author":"Redacci\u00f3n Aeronoticias","twitter_card":"summary_large_image","twitter_creator":"@aeronoticias","twitter_site":"@aeronoticias","twitter_misc":{"Escrito por":"Redacci\u00f3n Aeronoticias","Tiempo de lectura":"2 minutos"},"schema":{"@context":"https:\/\/schema.org","@graph":[{"@type":"WebPage","@id":"https:\/\/aeronoticias.com.pe\/noticiero\/economia\/perede-solicitar-a-australia-reconocimiento-del-pisco-dice-ministra-mercedes-ar\/","url":"https:\/\/aeronoticias.com.pe\/noticiero\/economia\/perede-solicitar-a-australia-reconocimiento-del-pisco-dice-ministra-mercedes-ar\/","name":"Per","isPartOf":{"@id":"https:\/\/aeronoticias.com.pe\/noticiero\/#website"},"primaryImageOfPage":{"@id":"https:\/\/aeronoticias.com.pe\/noticiero\/economia\/perede-solicitar-a-australia-reconocimiento-del-pisco-dice-ministra-mercedes-ar\/#primaryimage"},"image":{"@id":"https:\/\/aeronoticias.com.pe\/noticiero\/economia\/perede-solicitar-a-australia-reconocimiento-del-pisco-dice-ministra-mercedes-ar\/#primaryimage"},"thumbnailUrl":"http:\/\/aeronoticias.com.pe\/fotonoticias\/agosto\/pisco.JPG","datePublished":"2008-08-11T16:51:09+00:00","author":{"@id":"https:\/\/aeronoticias.com.pe\/noticiero\/#\/schema\/person\/fc1e5d578f4b62ba1cf7ac2bba1170a0"},"description":"Portal de noticias del Per\u00fa sobre el transporte a\u00e9reo, aviaci\u00f3n, turismo, hoteleria, actualidad.","breadcrumb":{"@id":"https:\/\/aeronoticias.com.pe\/noticiero\/economia\/perede-solicitar-a-australia-reconocimiento-del-pisco-dice-ministra-mercedes-ar\/#breadcrumb"},"inLanguage":"es","potentialAction":[{"@type":"ReadAction","target":["https:\/\/aeronoticias.com.pe\/noticiero\/economia\/perede-solicitar-a-australia-reconocimiento-del-pisco-dice-ministra-mercedes-ar\/"]}]},{"@type":"ImageObject","inLanguage":"es","@id":"https:\/\/aeronoticias.com.pe\/noticiero\/economia\/perede-solicitar-a-australia-reconocimiento-del-pisco-dice-ministra-mercedes-ar\/#primaryimage","url":"http:\/\/aeronoticias.com.pe\/fotonoticias\/agosto\/pisco.JPG","contentUrl":"http:\/\/aeronoticias.com.pe\/fotonoticias\/agosto\/pisco.JPG"},{"@type":"BreadcrumbList","@id":"https:\/\/aeronoticias.com.pe\/noticiero\/economia\/perede-solicitar-a-australia-reconocimiento-del-pisco-dice-ministra-mercedes-ar\/#breadcrumb","itemListElement":[{"@type":"ListItem","position":1,"name":"Portada","item":"https:\/\/aeronoticias.com.pe\/noticiero\/"},{"@type":"ListItem","position":2,"name":"Per"}]},{"@type":"WebSite","@id":"https:\/\/aeronoticias.com.pe\/noticiero\/#website","url":"https:\/\/aeronoticias.com.pe\/noticiero\/","name":"Aeronoticias.com.pe","description":"Noticias de tranporte aereo, turismo, hoteles, gastronomia, actualidad, internacional","potentialAction":[{"@type":"SearchAction","target":{"@type":"EntryPoint","urlTemplate":"https:\/\/aeronoticias.com.pe\/noticiero\/?s={search_term_string}"},"query-input":{"@type":"PropertyValueSpecification","valueRequired":true,"valueName":"search_term_string"}}],"inLanguage":"es"},{"@type":"Person","@id":"https:\/\/aeronoticias.com.pe\/noticiero\/#\/schema\/person\/fc1e5d578f4b62ba1cf7ac2bba1170a0","name":"Redacci\u00f3n Aeronoticias","url":"https:\/\/aeronoticias.com.pe\/noticiero\/author\/piloto\/"}]}},"_links":{"self":[{"href":"https:\/\/aeronoticias.com.pe\/noticiero\/wp-json\/wp\/v2\/posts\/208","targetHints":{"allow":["GET"]}}],"collection":[{"href":"https:\/\/aeronoticias.com.pe\/noticiero\/wp-json\/wp\/v2\/posts"}],"about":[{"href":"https:\/\/aeronoticias.com.pe\/noticiero\/wp-json\/wp\/v2\/types\/post"}],"author":[{"embeddable":true,"href":"https:\/\/aeronoticias.com.pe\/noticiero\/wp-json\/wp\/v2\/users\/1"}],"replies":[{"embeddable":true,"href":"https:\/\/aeronoticias.com.pe\/noticiero\/wp-json\/wp\/v2\/comments?post=208"}],"version-history":[{"count":0,"href":"https:\/\/aeronoticias.com.pe\/noticiero\/wp-json\/wp\/v2\/posts\/208\/revisions"}],"wp:attachment":[{"href":"https:\/\/aeronoticias.com.pe\/noticiero\/wp-json\/wp\/v2\/media?parent=208"}],"wp:term":[{"taxonomy":"category","embeddable":true,"href":"https:\/\/aeronoticias.com.pe\/noticiero\/wp-json\/wp\/v2\/categories?post=208"},{"taxonomy":"post_tag","embeddable":true,"href":"https:\/\/aeronoticias.com.pe\/noticiero\/wp-json\/wp\/v2\/tags?post=208"}],"curies":[{"name":"wp","href":"https:\/\/api.w.org\/{rel}","templated":true}]}}