{"id":209,"date":"2008-08-11T19:03:59","date_gmt":"2008-08-11T19:03:59","guid":{"rendered":"http:\/\/desarrollo.mcvicious.com\/aero2020\/2008\/08\/11\/vera-zavala-encabeza-encuesta-de-ministros-que-deben-ser-cambiados-segpi\/"},"modified":"2008-08-11T19:03:59","modified_gmt":"2008-08-11T19:03:59","slug":"vera-zavala-encabeza-encuesta-de-ministros-que-deben-ser-cambiados-segpi","status":"publish","type":"post","link":"https:\/\/aeronoticias.com.pe\/noticiero\/ultimas\/1\/vera-zavala-encabeza-encuesta-de-ministros-que-deben-ser-cambiados-segpi\/","title":{"rendered":"Ver"},"content":{"rendered":"<blockquote style=\"font: medium Arial, Helvetica, sans-serif; color: #3366ff; text-decoration: blink\">\n<p align=\"justify\">La &uacute;ltima encuesta realizada por la Compa&ntilde;&iacute;a Peruana de Estudios de Mercado y Opini&oacute;n P&uacute;blica (CPI) entre 1133 entrevistados, del 2 al 6 de agosto pasado, ubica a la titular del MTC, Ver&oacute;nica Zavala Lombardi, como la ministra que la ciudadan&iacute;a peruana desea que sea cambiada. <\/p>\n<p align=\"justify\">En el sondeo de opini&oacute;n, el 14.4% de la poblaci&oacute;n, tanto en el &aacute;mbito rural y urbano a nivel nacional as&iacute; lo plantea. Mientras que el 18.3% de Lima Metropolitana lo considera pertinente. En tanto que el 12.1% del interior del pa&iacute;s (urbano y rural) propone lo mismo.<\/p>\n<p align=\"justify\">A Ver&oacute;nica Zavala le sigue Hern&aacute;n Garrido Lecca, ministro de Salud; y Luis Alva Castro, titular del Interior.<\/p>\n<p align=\"justify\">Despu&eacute;s contin&uacute;an, Luis Valdivieso, ministro de Econom&iacute;a y Finanzas; y Jos&eacute; Chang, titular de Educaci&oacute;n.<\/p>\n<p align=\"justify\">La pregunta formulada por CPI&nbsp; fue la siguiente: &iquest;A qu&eacute; ministros deber&iacute;a cambiar, seg&uacute;n su parecer el presidente Alan Garc&iacute;a?<\/p>\n<div style=\"text-align: center\"><img loading=\"lazy\" decoding=\"async\" src=\"http:\/\/aeronoticias.com.pe\/fotonoticias\/agosto\/veronica.JPG\" alt=\" \" title=\"Ver&oacute;nica Zavala, titular del MTC. (Foto: Andina)\" hspace=\"5\" vspace=\"5\" width=\"156\" height=\"130\" \/><\/div>\n<\/blockquote>\n<p> <!--more--> <\/p>\n<p>&nbsp;<\/p>\n<blockquote style=\"font: medium Arial, Helvetica, sans-serif; color: #3366ff; text-decoration: blink\"><p><strong><font face=\"Verdana-Bold\" size=\"1\" color=\"#000081\"><font face=\"Verdana-Bold\" size=\"1\" color=\"#000081\"><font face=\"Verdana-Bold\" size=\"1\" color=\"#000081\"><\/p>\n<p align=\"center\">Ministros que se considera deben ser cambiados por el presidente Alan Garc&iacute;a, seg&uacute;n encuesta de CPI.<\/p>\n<p><\/font><\/font><\/font><\/strong><\/p>\n<p align=\"center\">&nbsp;<\/p>\n<div align=\"center\">\n<table border=\"1\" cellspacing=\"0\" cellpadding=\"0\" class=\"MsoTableGrid\" align=\"center\" style=\"border-collapse: collapse; border: medium none\">\n<tbody>\n<tr>\n<td width=\"119\" valign=\"top\" style=\"padding-right: 5.4pt; padding-left: 5.4pt; padding-bottom: 0cm; width: 89.4pt; padding-top: 0cm; background-color: transparent; border: windowtext 1pt solid\"><span style=\"font-size: 8pt; font-family: Arial\">Ministro\/ Ministerio<\/span><\/td>\n<td width=\"72\" valign=\"top\" style=\"border-right: windowtext 1pt solid; padding-right: 5.4pt; border-top: windowtext 1pt solid; padding-left: 5.4pt; padding-bottom: 0cm; border-left: #ece9d8; width: 54pt; padding-top: 0cm; border-bottom: windowtext 1pt solid; background-color: transparent\"><span style=\"font-size: 8pt; font-family: Arial\">Total Per&uacute;\/ urbano\/<\/span><span style=\"font-size: 8pt; font-family: Arial\">rural %<\/span><\/td>\n<td width=\"72\" valign=\"top\" style=\"border-right: windowtext 1pt solid; padding-right: 5.4pt; border-top: windowtext 1pt solid; padding-left: 5.4pt; padding-bottom: 0cm; border-left: #ece9d8; width: 54pt; padding-top: 0cm; border-bottom: windowtext 1pt solid; background-color: transparent\"><span style=\"font-size: 8pt; font-family: Arial\">Lima Metro-<\/span><span style=\"font-size: 8pt; font-family: Arial\">politana %<\/span><\/td>\n<td width=\"96\" valign=\"top\" style=\"border-right: windowtext 1pt solid; padding-right: 5.4pt; border-top: windowtext 1pt solid; padding-left: 5.4pt; padding-bottom: 0cm; border-left: #ece9d8; width: 72pt; padding-top: 0cm; border-bottom: windowtext 1pt solid; background-color: transparent\"><span style=\"font-size: 8pt; font-family: Arial\">Promedio\/<\/span><span style=\"font-size: 8pt; font-family: Arial\">Interior del pa&iacute;s (urbano \/rural) %<\/span><\/td>\n<\/tr>\n<tr>\n<td width=\"119\" valign=\"top\" style=\"border-right: windowtext 1pt solid; padding-right: 5.4pt; border-top: #ece9d8; padding-left: 5.4pt; padding-bottom: 0cm; border-left: windowtext 1pt solid; width: 89.4pt; padding-top: 0cm; border-bottom: windowtext 1pt solid; background-color: transparent\"><span style=\"font-size: 8pt; font-family: Arial\">Ver&oacute;nica Zavala \/ MTC<\/span><\/td>\n<td width=\"72\" valign=\"top\" style=\"border-right: windowtext 1pt solid; padding-right: 5.4pt; border-top: #ece9d8; padding-left: 5.4pt; padding-bottom: 0cm; border-left: #ece9d8; width: 54pt; padding-top: 0cm; border-bottom: windowtext 1pt solid; background-color: transparent\"><span style=\"font-size: 8pt; font-family: Arial\">14.4<\/span><\/td>\n<td width=\"72\" valign=\"top\" style=\"border-right: windowtext 1pt solid; padding-right: 5.4pt; border-top: #ece9d8; padding-left: 5.4pt; padding-bottom: 0cm; border-left: #ece9d8; width: 54pt; padding-top: 0cm; border-bottom: windowtext 1pt solid; background-color: transparent\"><span style=\"font-size: 8pt; font-family: Arial\">18.3<\/span><\/td>\n<td width=\"96\" valign=\"top\" style=\"border-right: windowtext 1pt solid; padding-right: 5.4pt; border-top: #ece9d8; padding-left: 5.4pt; padding-bottom: 0cm; border-left: #ece9d8; width: 72pt; padding-top: 0cm; border-bottom: windowtext 1pt solid; background-color: transparent\"><span style=\"font-size: 8pt; font-family: Arial\">12.1<\/span><\/td>\n<\/tr>\n<tr>\n<td width=\"119\" valign=\"top\" style=\"border-right: windowtext 1pt solid; padding-right: 5.4pt; border-top: #ece9d8; padding-left: 5.4pt; padding-bottom: 0cm; border-left: windowtext 1pt solid; width: 89.4pt; padding-top: 0cm; border-bottom: windowtext 1pt solid; background-color: transparent\"><span style=\"font-size: 8pt; font-family: Arial\">Hern&aacute;n Garrido \/ Salud<\/span><\/td>\n<td width=\"72\" valign=\"top\" style=\"border-right: windowtext 1pt solid; padding-right: 5.4pt; border-top: #ece9d8; padding-left: 5.4pt; padding-bottom: 0cm; border-left: #ece9d8; width: 54pt; padding-top: 0cm; border-bottom: windowtext 1pt solid; background-color: transparent\"><span style=\"font-size: 8pt; font-family: Arial\">13.0<\/span><\/td>\n<td width=\"72\" valign=\"top\" style=\"border-right: windowtext 1pt solid; padding-right: 5.4pt; border-top: #ece9d8; padding-left: 5.4pt; padding-bottom: 0cm; border-left: #ece9d8; width: 54pt; padding-top: 0cm; border-bottom: windowtext 1pt solid; background-color: transparent\"><span style=\"font-size: 8pt; font-family: Arial\">15.7<\/span><\/td>\n<td width=\"96\" valign=\"top\" style=\"border-right: windowtext 1pt solid; padding-right: 5.4pt; border-top: #ece9d8; padding-left: 5.4pt; padding-bottom: 0cm; border-left: #ece9d8; width: 72pt; padding-top: 0cm; border-bottom: windowtext 1pt solid; background-color: transparent\"><span style=\"font-size: 8pt; font-family: Arial\">11.4<\/span><\/td>\n<\/tr>\n<tr>\n<td width=\"119\" valign=\"top\" style=\"border-right: windowtext 1pt solid; padding-right: 5.4pt; border-top: #ece9d8; padding-left: 5.4pt; padding-bottom: 0cm; border-left: windowtext 1pt solid; width: 89.4pt; padding-top: 0cm; border-bottom: windowtext 1pt solid; background-color: transparent\"><span style=\"font-size: 8pt; font-family: Arial\">Luis Alva \/ Interior<\/span><\/td>\n<td width=\"72\" valign=\"top\" style=\"border-right: windowtext 1pt solid; padding-right: 5.4pt; border-top: #ece9d8; padding-left: 5.4pt; padding-bottom: 0cm; border-left: #ece9d8; width: 54pt; padding-top: 0cm; border-bottom: windowtext 1pt solid; background-color: transparent\"><span style=\"font-size: 8pt; font-family: Arial\">12.4<\/span><\/td>\n<td width=\"72\" valign=\"top\" style=\"border-right: windowtext 1pt solid; padding-right: 5.4pt; border-top: #ece9d8; padding-left: 5.4pt; padding-bottom: 0cm; border-left: #ece9d8; width: 54pt; padding-top: 0cm; border-bottom: windowtext 1pt solid; background-color: transparent\"><span style=\"font-size: 8pt; font-family: Arial\">17.8<\/span><\/td>\n<td width=\"96\" valign=\"top\" style=\"border-right: windowtext 1pt solid; padding-right: 5.4pt; border-top: #ece9d8; padding-left: 5.4pt; padding-bottom: 0cm; border-left: #ece9d8; width: 72pt; padding-top: 0cm; border-bottom: windowtext 1pt solid; background-color: transparent\"><span style=\"font-size: 8pt; font-family: Arial\">9.2<\/span><\/td>\n<\/tr>\n<tr>\n<td width=\"119\" valign=\"top\" style=\"border-right: windowtext 1pt solid; padding-right: 5.4pt; border-top: #ece9d8; padding-left: 5.4pt; padding-bottom: 0cm; border-left: windowtext 1pt solid; width: 89.4pt; padding-top: 0cm; border-bottom: windowtext 1pt solid; background-color: transparent\"><span style=\"font-size: 8pt; font-family: Arial\">Luis Valdivieso \/MEF<\/span><\/td>\n<td width=\"72\" valign=\"top\" style=\"border-right: windowtext 1pt solid; padding-right: 5.4pt; border-top: #ece9d8; padding-left: 5.4pt; padding-bottom: 0cm; border-left: #ece9d8; width: 54pt; padding-top: 0cm; border-bottom: windowtext 1pt solid; background-color: transparent\"><span style=\"font-size: 8pt; font-family: Arial\">10.7<\/span><\/td>\n<td width=\"72\" valign=\"top\" style=\"border-right: windowtext 1pt solid; padding-right: 5.4pt; border-top: #ece9d8; padding-left: 5.4pt; padding-bottom: 0cm; border-left: #ece9d8; width: 54pt; padding-top: 0cm; border-bottom: windowtext 1pt solid; background-color: transparent\"><span style=\"font-size: 8pt; font-family: Arial\">8.2<\/span><\/td>\n<td width=\"96\" valign=\"top\" style=\"border-right: windowtext 1pt solid; padding-right: 5.4pt; border-top: #ece9d8; padding-left: 5.4pt; padding-bottom: 0cm; border-left: #ece9d8; width: 72pt; padding-top: 0cm; border-bottom: windowtext 1pt solid; background-color: transparent\"><span style=\"font-size: 8pt; font-family: Arial\">12.2<\/span><\/td>\n<\/tr>\n<tr>\n<td width=\"119\" valign=\"top\" style=\"border-right: windowtext 1pt solid; padding-right: 5.4pt; border-top: #ece9d8; padding-left: 5.4pt; padding-bottom: 0cm; border-left: windowtext 1pt solid; width: 89.4pt; padding-top: 0cm; border-bottom: windowtext 1pt solid; background-color: transparent\"><span style=\"font-size: 8pt; font-family: Arial\">Jose Chang\/ Educaci&oacute;n<\/span><\/td>\n<td width=\"72\" valign=\"top\" style=\"border-right: windowtext 1pt solid; padding-right: 5.4pt; border-top: #ece9d8; padding-left: 5.4pt; padding-bottom: 0cm; border-left: #ece9d8; width: 54pt; padding-top: 0cm; border-bottom: windowtext 1pt solid; background-color: transparent\"><span style=\"font-size: 8pt; font-family: Arial\">9.9<\/span><\/td>\n<td width=\"72\" valign=\"top\" style=\"border-right: windowtext 1pt solid; padding-right: 5.4pt; border-top: #ece9d8; padding-left: 5.4pt; padding-bottom: 0cm; border-left: #ece9d8; width: 54pt; padding-top: 0cm; border-bottom: windowtext 1pt solid; background-color: transparent\"><span style=\"font-size: 8pt; font-family: Arial\">7.9<\/span><\/td>\n<td width=\"96\" valign=\"top\" style=\"border-right: windowtext 1pt solid; padding-right: 5.4pt; border-top: #ece9d8; padding-left: 5.4pt; padding-bottom: 0cm; border-left: #ece9d8; width: 72pt; padding-top: 0cm; border-bottom: windowtext 1pt solid; background-color: transparent\"><span style=\"font-size: 8pt; font-family: Arial\">11.2<\/span><\/td>\n<\/tr>\n<tr>\n<td width=\"119\" valign=\"top\" style=\"border-right: windowtext 1pt solid; padding-right: 5.4pt; border-top: #ece9d8; padding-left: 5.4pt; padding-bottom: 0cm; border-left: windowtext 1pt solid; width: 89.4pt; padding-top: 0cm; border-bottom: windowtext 1pt solid; background-color: transparent\"><span style=\"font-size: 8pt; font-family: Arial\">Jorge del Castillo \/PCM<\/span><\/td>\n<td width=\"72\" valign=\"top\" style=\"border-right: windowtext 1pt solid; padding-right: 5.4pt; border-top: #ece9d8; padding-left: 5.4pt; padding-bottom: 0cm; border-left: #ece9d8; width: 54pt; padding-top: 0cm; border-bottom: windowtext 1pt solid; background-color: transparent\"><span style=\"font-size: 8pt; font-family: Arial\">7.1<\/span><\/td>\n<td width=\"72\" valign=\"top\" style=\"border-right: windowtext 1pt solid; padding-right: 5.4pt; border-top: #ece9d8; padding-left: 5.4pt; padding-bottom: 0cm; border-left: #ece9d8; width: 54pt; padding-top: 0cm; border-bottom: windowtext 1pt solid; background-color: transparent\"><span style=\"font-size: 8pt; font-family: Arial\">7.1<\/span><\/td>\n<td width=\"96\" valign=\"top\" style=\"border-right: windowtext 1pt solid; padding-right: 5.4pt; border-top: #ece9d8; padding-left: 5.4pt; padding-bottom: 0cm; border-left: #ece9d8; width: 72pt; padding-top: 0cm; border-bottom: windowtext 1pt solid; background-color: transparent\"><span style=\"font-size: 8pt; font-family: Arial\">7.1<\/span><\/td>\n<\/tr>\n<tr>\n<td width=\"119\" valign=\"top\" style=\"border-right: windowtext 1pt solid; padding-right: 5.4pt; border-top: #ece9d8; padding-left: 5.4pt; padding-bottom: 0cm; border-left: windowtext 1pt solid; width: 89.4pt; padding-top: 0cm; border-bottom: windowtext 1pt solid; background-color: transparent\"><span style=\"font-size: 8pt; font-family: Arial\">Mario Pasco \/ Trabajo<\/span><\/td>\n<td width=\"72\" valign=\"top\" style=\"border-right: windowtext 1pt solid; padding-right: 5.4pt; border-top: #ece9d8; padding-left: 5.4pt; padding-bottom: 0cm; border-left: #ece9d8; width: 54pt; padding-top: 0cm; border-bottom: windowtext 1pt solid; background-color: transparent\"><span style=\"font-size: 8pt; font-family: Arial\">4.2<\/span><\/td>\n<td width=\"72\" valign=\"top\" style=\"border-right: windowtext 1pt solid; padding-right: 5.4pt; border-top: #ece9d8; padding-left: 5.4pt; padding-bottom: 0cm; border-left: #ece9d8; width: 54pt; padding-top: 0cm; border-bottom: windowtext 1pt solid; background-color: transparent\"><span style=\"font-size: 8pt; font-family: Arial\">4.0<\/span><\/td>\n<td width=\"96\" valign=\"top\" style=\"border-right: windowtext 1pt solid; padding-right: 5.4pt; border-top: #ece9d8; padding-left: 5.4pt; padding-bottom: 0cm; border-left: #ece9d8; width: 72pt; padding-top: 0cm; border-bottom: windowtext 1pt solid; background-color: transparent\"><span style=\"font-size: 8pt; font-family: Arial\">4.3<\/span><\/td>\n<\/tr>\n<tr>\n<td width=\"119\" valign=\"top\" style=\"border-right: windowtext 1pt solid; padding-right: 5.4pt; border-top: #ece9d8; padding-left: 5.4pt; padding-bottom: 0cm; border-left: windowtext 1pt solid; width: 89.4pt; padding-top: 0cm; border-bottom: windowtext 1pt solid; background-color: transparent\"><span style=\"font-size: 8pt; font-family: Arial\">Ismael Benavides \/Agricultura<\/span><\/td>\n<td width=\"72\" valign=\"top\" style=\"border-right: windowtext 1pt solid; padding-right: 5.4pt; border-top: #ece9d8; padding-left: 5.4pt; padding-bottom: 0cm; border-left: #ece9d8; width: 54pt; padding-top: 0cm; border-bottom: windowtext 1pt solid; background-color: transparent\"><span style=\"font-size: 8pt; font-family: Arial\">3.2<\/span><\/td>\n<td width=\"72\" valign=\"top\" style=\"border-right: windowtext 1pt solid; padding-right: 5.4pt; border-top: #ece9d8; padding-left: 5.4pt; padding-bottom: 0cm; border-left: #ece9d8; width: 54pt; padding-top: 0cm; border-bottom: windowtext 1pt solid; background-color: transparent\"><span style=\"font-size: 8pt; font-family: Arial\">2.8<\/span><\/td>\n<td width=\"96\" valign=\"top\" style=\"border-right: windowtext 1pt solid; padding-right: 5.4pt; border-top: #ece9d8; padding-left: 5.4pt; padding-bottom: 0cm; border-left: #ece9d8; width: 72pt; padding-top: 0cm; border-bottom: windowtext 1pt solid; background-color: transparent\"><span style=\"font-size: 8pt; font-family: Arial\">3.5<\/span><\/td>\n<\/tr>\n<tr>\n<td width=\"119\" valign=\"top\" style=\"border-right: windowtext 1pt solid; padding-right: 5.4pt; border-top: #ece9d8; padding-left: 5.4pt; padding-bottom: 0cm; border-left: windowtext 1pt solid; width: 89.4pt; padding-top: 0cm; border-bottom: windowtext 1pt solid; background-color: transparent\"><span style=\"font-size: 8pt; font-family: Arial\">Antero Flores-Ar&aacute;oz \/Defensa<\/span><\/td>\n<td width=\"72\" valign=\"top\" style=\"border-right: windowtext 1pt solid; padding-right: 5.4pt; border-top: #ece9d8; padding-left: 5.4pt; padding-bottom: 0cm; border-left: #ece9d8; width: 54pt; padding-top: 0cm; border-bottom: windowtext 1pt solid; background-color: transparent\"><span style=\"font-size: 8pt; font-family: Arial\">2.7<\/span><\/td>\n<td width=\"72\" valign=\"top\" style=\"border-right: windowtext 1pt solid; padding-right: 5.4pt; border-top: #ece9d8; padding-left: 5.4pt; padding-bottom: 0cm; border-left: #ece9d8; width: 54pt; padding-top: 0cm; border-bottom: windowtext 1pt solid; background-color: transparent\"><span style=\"font-size: 8pt; font-family: Arial\">4.5<\/span><\/td>\n<td width=\"96\" valign=\"top\" style=\"border-right: windowtext 1pt solid; padding-right: 5.4pt; border-top: #ece9d8; padding-left: 5.4pt; padding-bottom: 0cm; border-left: #ece9d8; width: 72pt; padding-top: 0cm; border-bottom: windowtext 1pt solid; background-color: transparent\"><span style=\"font-size: 8pt; font-family: Arial\">1.6<\/span><\/td>\n<\/tr>\n<tr>\n<td width=\"119\" valign=\"top\" style=\"border-right: windowtext 1pt solid; padding-right: 5.4pt; border-top: #ece9d8; padding-left: 5.4pt; padding-bottom: 0cm; border-left: windowtext 1pt solid; width: 89.4pt; padding-top: 0cm; border-bottom: windowtext 1pt solid; background-color: transparent\"><span style=\"font-size: 8pt; font-family: Arial\">Rosario Fern&aacute;ndez<\/span><span style=\"font-size: 8pt; font-family: Arial\">\/ Justicia<\/span><\/td>\n<td width=\"72\" valign=\"top\" style=\"border-right: windowtext 1pt solid; padding-right: 5.4pt; border-top: #ece9d8; padding-left: 5.4pt; padding-bottom: 0cm; border-left: #ece9d8; width: 54pt; padding-top: 0cm; border-bottom: windowtext 1pt solid; background-color: transparent\"><span style=\"font-size: 8pt; font-family: Arial\">2.0<\/span><\/td>\n<td width=\"72\" valign=\"top\" style=\"border-right: windowtext 1pt solid; padding-right: 5.4pt; border-top: #ece9d8; padding-left: 5.4pt; padding-bottom: 0cm; border-left: #ece9d8; width: 54pt; padding-top: 0cm; border-bottom: windowtext 1pt solid; background-color: transparent\"><span style=\"font-size: 8pt; font-family: Arial\">1.6<\/span><\/td>\n<td width=\"96\" valign=\"top\" style=\"border-right: windowtext 1pt solid; padding-right: 5.4pt; border-top: #ece9d8; padding-left: 5.4pt; padding-bottom: 0cm; border-left: #ece9d8; width: 72pt; padding-top: 0cm; border-bottom: windowtext 1pt solid; background-color: transparent\"><span style=\"font-size: 8pt; font-family: Arial\">2.2<\/span><\/td>\n<\/tr>\n<tr>\n<td width=\"119\" valign=\"top\" style=\"border-right: windowtext 1pt solid; padding-right: 5.4pt; border-top: #ece9d8; padding-left: 5.4pt; padding-bottom: 0cm; border-left: windowtext 1pt solid; width: 89.4pt; padding-top: 0cm; border-bottom: windowtext 1pt solid; background-color: transparent\"><span style=\"font-size: 8pt; font-family: Arial\">Enrique Cornejo \/ Vivienda<\/span><\/td>\n<td width=\"72\" valign=\"top\" style=\"border-right: windowtext 1pt solid; padding-right: 5.4pt; border-top: #ece9d8; padding-left: 5.4pt; padding-bottom: 0cm; border-left: #ece9d8; width: 54pt; padding-top: 0cm; border-bottom: windowtext 1pt solid; background-color: transparent\"><span style=\"font-size: 8pt; font-family: Arial\">1.4<\/span><\/td>\n<td width=\"72\" valign=\"top\" style=\"border-right: windowtext 1pt solid; padding-right: 5.4pt; border-top: #ece9d8; padding-left: 5.4pt; padding-bottom: 0cm; border-left: #ece9d8; width: 54pt; padding-top: 0cm; border-bottom: windowtext 1pt solid; background-color: transparent\"><span style=\"font-size: 8pt; font-family: Arial\">1.0<\/span><\/td>\n<td width=\"96\" valign=\"top\" style=\"border-right: windowtext 1pt solid; padding-right: 5.4pt; border-top: #ece9d8; padding-left: 5.4pt; padding-bottom: 0cm; border-left: #ece9d8; width: 72pt; padding-top: 0cm; border-bottom: windowtext 1pt solid; background-color: transparent\"><span style=\"font-size: 8pt; font-family: Arial\">1.6<\/span><\/td>\n<\/tr>\n<tr>\n<td width=\"119\" valign=\"top\" style=\"border-right: windowtext 1pt solid; padding-right: 5.4pt; border-top: #ece9d8; padding-left: 5.4pt; padding-bottom: 0cm; border-left: windowtext 1pt solid; width: 89.4pt; padding-top: 0cm; border-bottom: windowtext 1pt solid; background-color: transparent\"><span style=\"font-size: 8pt; font-family: Arial\">Rafael Rey \/Producci&oacute;n<\/span><\/td>\n<td width=\"72\" valign=\"top\" style=\"border-right: windowtext 1pt solid; padding-right: 5.4pt; border-top: #ece9d8; padding-left: 5.4pt; padding-bottom: 0cm; border-left: #ece9d8; width: 54pt; padding-top: 0cm; border-bottom: windowtext 1pt solid; background-color: transparent\"><span style=\"font-size: 8pt; font-family: Arial\">1.3<\/span><\/td>\n<td width=\"72\" valign=\"top\" style=\"border-right: windowtext 1pt solid; padding-right: 5.4pt; border-top: #ece9d8; padding-left: 5.4pt; padding-bottom: 0cm; border-left: #ece9d8; width: 54pt; padding-top: 0cm; border-bottom: windowtext 1pt solid; background-color: transparent\"><span style=\"font-size: 8pt; font-family: Arial\">2.2<\/span><\/td>\n<td width=\"96\" valign=\"top\" style=\"border-right: windowtext 1pt solid; padding-right: 5.4pt; border-top: #ece9d8; padding-left: 5.4pt; padding-bottom: 0cm; border-left: #ece9d8; width: 72pt; padding-top: 0cm; border-bottom: windowtext 1pt solid; background-color: transparent\"><span style=\"font-size: 8pt; font-family: Arial\">0.7<\/span><\/td>\n<\/tr>\n<tr>\n<td width=\"119\" valign=\"top\" style=\"border-right: windowtext 1pt solid; padding-right: 5.4pt; border-top: #ece9d8; padding-left: 5.4pt; padding-bottom: 0cm; border-left: windowtext 1pt solid; width: 89.4pt; padding-top: 0cm; border-bottom: windowtext 1pt solid; background-color: transparent\"><span style=\"font-size: 8pt; font-family: Arial\">Otros ministros<\/span><\/td>\n<td width=\"72\" valign=\"top\" style=\"border-right: windowtext 1pt solid; padding-right: 5.4pt; border-top: #ece9d8; padding-left: 5.4pt; padding-bottom: 0cm; border-left: #ece9d8; width: 54pt; padding-top: 0cm; border-bottom: windowtext 1pt solid; background-color: transparent\"><span style=\"font-size: 8pt; font-family: Arial\">1.5<\/span><\/td>\n<td width=\"72\" valign=\"top\" style=\"border-right: windowtext 1pt solid; padding-right: 5.4pt; border-top: #ece9d8; padding-left: 5.4pt; padding-bottom: 0cm; border-left: #ece9d8; width: 54pt; padding-top: 0cm; border-bottom: windowtext 1pt solid; background-color: transparent\"><span style=\"font-size: 8pt; font-family: Arial\">1.0<\/span><\/td>\n<td width=\"96\" valign=\"top\" style=\"border-right: windowtext 1pt solid; padding-right: 5.4pt; border-top: #ece9d8; padding-left: 5.4pt; padding-bottom: 0cm; border-left: #ece9d8; width: 72pt; padding-top: 0cm; border-bottom: windowtext 1pt solid; background-color: transparent\"><span style=\"font-size: 8pt; font-family: Arial\">1.8<\/span><\/td>\n<\/tr>\n<tr>\n<td width=\"119\" valign=\"top\" style=\"border-right: windowtext 1pt solid; padding-right: 5.4pt; border-top: #ece9d8; padding-left: 5.4pt; padding-bottom: 0cm; border-left: windowtext 1pt solid; width: 89.4pt; padding-top: 0cm; border-bottom: windowtext 1pt solid; background-color: transparent\"><span style=\"font-size: 8pt; font-family: Arial\">A otros ministros<\/span><\/td>\n<td width=\"72\" valign=\"top\" style=\"border-right: windowtext 1pt solid; padding-right: 5.4pt; border-top: #ece9d8; padding-left: 5.4pt; padding-bottom: 0cm; border-left: #ece9d8; width: 54pt; padding-top: 0cm; border-bottom: windowtext 1pt solid; background-color: transparent\"><span style=\"font-size: 8pt; font-family: Arial\">22.5<\/span><\/td>\n<td width=\"72\" valign=\"top\" style=\"border-right: windowtext 1pt solid; padding-right: 5.4pt; border-top: #ece9d8; padding-left: 5.4pt; padding-bottom: 0cm; border-left: #ece9d8; width: 54pt; padding-top: 0cm; border-bottom: windowtext 1pt solid; background-color: transparent\"><span style=\"font-size: 8pt; font-family: Arial\">23.2<\/span><\/td>\n<td width=\"96\" valign=\"top\" style=\"border-right: windowtext 1pt solid; padding-right: 5.4pt; border-top: #ece9d8; padding-left: 5.4pt; padding-bottom: 0cm; border-left: #ece9d8; width: 72pt; padding-top: 0cm; border-bottom: windowtext 1pt solid; background-color: transparent\"><span style=\"font-size: 8pt; font-family: Arial\">22.0<\/span><\/td>\n<\/tr>\n<tr>\n<td width=\"119\" valign=\"top\" style=\"border-right: windowtext 1pt solid; padding-right: 5.4pt; border-top: #ece9d8; padding-left: 5.4pt; padding-bottom: 0cm; border-left: windowtext 1pt solid; width: 89.4pt; padding-top: 0cm; border-bottom: windowtext 1pt solid; background-color: transparent\"><span style=\"font-size: 8pt; font-family: Arial\">No sabe \/ No opina<\/span><\/td>\n<td width=\"72\" valign=\"top\" style=\"border-right: windowtext 1pt solid; padding-right: 5.4pt; border-top: #ece9d8; padding-left: 5.4pt; padding-bottom: 0cm; border-left: #ece9d8; width: 54pt; padding-top: 0cm; border-bottom: windowtext 1pt solid; background-color: transparent\"><span style=\"font-size: 8pt; font-family: Arial\">9.5<\/span><\/td>\n<td width=\"72\" valign=\"top\" style=\"border-right: windowtext 1pt solid; padding-right: 5.4pt; border-top: #ece9d8; padding-left: 5.4pt; padding-bottom: 0cm; border-left: #ece9d8; width: 54pt; padding-top: 0cm; border-bottom: windowtext 1pt solid; background-color: transparent\"><span style=\"font-size: 8pt; font-family: Arial\">8.9<\/span><\/td>\n<td width=\"96\" valign=\"top\" style=\"border-right: windowtext 1pt solid; padding-right: 5.4pt; border-top: #ece9d8; padding-left: 5.4pt; padding-bottom: 0cm; border-left: #ece9d8; width: 72pt; padding-top: 0cm; border-bottom: windowtext 1pt solid; background-color: transparent\"><span style=\"font-size: 8pt; font-family: Arial\">9.9<\/span><\/td>\n<\/tr>\n<tr>\n<td width=\"119\" valign=\"top\" style=\"border-right: windowtext 1pt solid; padding-right: 5.4pt; border-top: #ece9d8; padding-left: 5.4pt; padding-bottom: 0cm; border-left: windowtext 1pt solid; width: 89.4pt; padding-top: 0cm; border-bottom: windowtext 1pt solid; background-color: transparent\"><span style=\"font-size: 8pt; font-family: Arial\">Total de Muestra<\/span><\/td>\n<td width=\"72\" valign=\"top\" style=\"border-right: windowtext 1pt solid; padding-right: 5.4pt; border-top: #ece9d8; padding-left: 5.4pt; padding-bottom: 0cm; border-left: #ece9d8; width: 54pt; padding-top: 0cm; border-bottom: windowtext 1pt solid; background-color: transparent\"><span style=\"font-size: 8pt; font-family: Arial\">1133<\/span><\/td>\n<td width=\"72\" valign=\"top\" style=\"border-right: windowtext 1pt solid; padding-right: 5.4pt; border-top: #ece9d8; padding-left: 5.4pt; padding-bottom: 0cm; border-left: #ece9d8; width: 54pt; padding-top: 0cm; border-bottom: windowtext 1pt solid; background-color: transparent\"><span style=\"font-size: 8pt; font-family: Arial\">398<\/span><\/td>\n<td width=\"96\" valign=\"top\" style=\"border-right: windowtext 1pt solid; padding-right: 5.4pt; border-top: #ece9d8; padding-left: 5.4pt; padding-bottom: 0cm; border-left: #ece9d8; width: 72pt; padding-top: 0cm; border-bottom: windowtext 1pt solid; background-color: transparent\"><span style=\"font-size: 8pt; font-family: Arial\">735<\/span><\/td>\n<\/tr>\n<\/tbody>\n<\/table>\n<\/div>\n<p align=\"center\">&nbsp;<\/p>\n<\/blockquote>\n","protected":false},"excerpt":{"rendered":"<p>La &uacute;ltima encuesta realizada por la Compa&ntilde;&iacute;a Peruana de Estudios de Mercado y Opini&oacute;n P&uacute;blica (CPI) entre 1133 entrevistados, del 2 al 6 de agosto pasado, ubica a la titular del MTC, Ver&oacute;nica Zavala Lombardi, como la ministra que la ciudadan&iacute;a peruana desea que sea cambiada. En el sondeo de opini&oacute;n, el 14.4% de la [&hellip;]<\/p>\n","protected":false},"author":1,"featured_media":0,"comment_status":"open","ping_status":"open","sticky":false,"template":"","format":"standard","meta":{"tdm_status":"","tdm_grid_status":"","footnotes":""},"categories":[30],"tags":[],"class_list":{"0":"post-209","1":"post","2":"type-post","3":"status-publish","4":"format-standard","6":"category-30"},"yoast_head":"<!-- This site is optimized with the Yoast SEO plugin v25.1 - https:\/\/yoast.com\/wordpress\/plugins\/seo\/ -->\n<title>Ver<\/title>\n<meta name=\"description\" content=\"Portal de noticias del Per\u00fa sobre el transporte a\u00e9reo, aviaci\u00f3n, turismo, hoteleria, actualidad.\" \/>\n<meta name=\"robots\" content=\"index, follow, max-snippet:-1, max-image-preview:large, max-video-preview:-1\" \/>\n<link rel=\"canonical\" href=\"https:\/\/aeronoticias.com.pe\/noticiero\/ultimas\/1\/vera-zavala-encabeza-encuesta-de-ministros-que-deben-ser-cambiados-segpi\/\" \/>\n<meta property=\"og:locale\" content=\"es_ES\" \/>\n<meta property=\"og:type\" content=\"article\" \/>\n<meta property=\"og:title\" content=\"Ver\" \/>\n<meta property=\"og:description\" content=\"Portal de noticias del Per\u00fa sobre el transporte a\u00e9reo, aviaci\u00f3n, turismo, hoteleria, actualidad.\" \/>\n<meta property=\"og:url\" content=\"https:\/\/aeronoticias.com.pe\/noticiero\/ultimas\/1\/vera-zavala-encabeza-encuesta-de-ministros-que-deben-ser-cambiados-segpi\/\" \/>\n<meta property=\"og:site_name\" content=\"Aeronoticias.com.pe\" \/>\n<meta property=\"article:publisher\" content=\"https:\/\/www.facebook.com\/Aeronoticias.com.pe\/\" \/>\n<meta property=\"article:published_time\" content=\"2008-08-11T19:03:59+00:00\" \/>\n<meta property=\"og:image\" content=\"http:\/\/aeronoticias.com.pe\/fotonoticias\/agosto\/veronica.JPG\" \/>\n<meta name=\"author\" content=\"Redacci\u00f3n Aeronoticias\" \/>\n<meta name=\"twitter:card\" content=\"summary_large_image\" \/>\n<meta name=\"twitter:creator\" content=\"@aeronoticias\" \/>\n<meta name=\"twitter:site\" content=\"@aeronoticias\" \/>\n<meta name=\"twitter:label1\" content=\"Escrito por\" \/>\n\t<meta name=\"twitter:data1\" content=\"Redacci\u00f3n Aeronoticias\" \/>\n\t<meta name=\"twitter:label2\" content=\"Tiempo de lectura\" \/>\n\t<meta name=\"twitter:data2\" content=\"1 minuto\" \/>\n<script type=\"application\/ld+json\" class=\"yoast-schema-graph\">{\"@context\":\"https:\/\/schema.org\",\"@graph\":[{\"@type\":\"WebPage\",\"@id\":\"https:\/\/aeronoticias.com.pe\/noticiero\/ultimas\/1\/vera-zavala-encabeza-encuesta-de-ministros-que-deben-ser-cambiados-segpi\/\",\"url\":\"https:\/\/aeronoticias.com.pe\/noticiero\/ultimas\/1\/vera-zavala-encabeza-encuesta-de-ministros-que-deben-ser-cambiados-segpi\/\",\"name\":\"Ver\",\"isPartOf\":{\"@id\":\"https:\/\/aeronoticias.com.pe\/noticiero\/#website\"},\"primaryImageOfPage\":{\"@id\":\"https:\/\/aeronoticias.com.pe\/noticiero\/ultimas\/1\/vera-zavala-encabeza-encuesta-de-ministros-que-deben-ser-cambiados-segpi\/#primaryimage\"},\"image\":{\"@id\":\"https:\/\/aeronoticias.com.pe\/noticiero\/ultimas\/1\/vera-zavala-encabeza-encuesta-de-ministros-que-deben-ser-cambiados-segpi\/#primaryimage\"},\"thumbnailUrl\":\"http:\/\/aeronoticias.com.pe\/fotonoticias\/agosto\/veronica.JPG\",\"datePublished\":\"2008-08-11T19:03:59+00:00\",\"author\":{\"@id\":\"https:\/\/aeronoticias.com.pe\/noticiero\/#\/schema\/person\/fc1e5d578f4b62ba1cf7ac2bba1170a0\"},\"description\":\"Portal de noticias del Per\u00fa sobre el transporte a\u00e9reo, aviaci\u00f3n, turismo, hoteleria, actualidad.\",\"breadcrumb\":{\"@id\":\"https:\/\/aeronoticias.com.pe\/noticiero\/ultimas\/1\/vera-zavala-encabeza-encuesta-de-ministros-que-deben-ser-cambiados-segpi\/#breadcrumb\"},\"inLanguage\":\"es\",\"potentialAction\":[{\"@type\":\"ReadAction\",\"target\":[\"https:\/\/aeronoticias.com.pe\/noticiero\/ultimas\/1\/vera-zavala-encabeza-encuesta-de-ministros-que-deben-ser-cambiados-segpi\/\"]}]},{\"@type\":\"ImageObject\",\"inLanguage\":\"es\",\"@id\":\"https:\/\/aeronoticias.com.pe\/noticiero\/ultimas\/1\/vera-zavala-encabeza-encuesta-de-ministros-que-deben-ser-cambiados-segpi\/#primaryimage\",\"url\":\"http:\/\/aeronoticias.com.pe\/fotonoticias\/agosto\/veronica.JPG\",\"contentUrl\":\"http:\/\/aeronoticias.com.pe\/fotonoticias\/agosto\/veronica.JPG\"},{\"@type\":\"BreadcrumbList\",\"@id\":\"https:\/\/aeronoticias.com.pe\/noticiero\/ultimas\/1\/vera-zavala-encabeza-encuesta-de-ministros-que-deben-ser-cambiados-segpi\/#breadcrumb\",\"itemListElement\":[{\"@type\":\"ListItem\",\"position\":1,\"name\":\"Portada\",\"item\":\"https:\/\/aeronoticias.com.pe\/noticiero\/\"},{\"@type\":\"ListItem\",\"position\":2,\"name\":\"Ver\"}]},{\"@type\":\"WebSite\",\"@id\":\"https:\/\/aeronoticias.com.pe\/noticiero\/#website\",\"url\":\"https:\/\/aeronoticias.com.pe\/noticiero\/\",\"name\":\"Aeronoticias.com.pe\",\"description\":\"Noticias de tranporte aereo, turismo, hoteles, gastronomia, actualidad, internacional\",\"potentialAction\":[{\"@type\":\"SearchAction\",\"target\":{\"@type\":\"EntryPoint\",\"urlTemplate\":\"https:\/\/aeronoticias.com.pe\/noticiero\/?s={search_term_string}\"},\"query-input\":{\"@type\":\"PropertyValueSpecification\",\"valueRequired\":true,\"valueName\":\"search_term_string\"}}],\"inLanguage\":\"es\"},{\"@type\":\"Person\",\"@id\":\"https:\/\/aeronoticias.com.pe\/noticiero\/#\/schema\/person\/fc1e5d578f4b62ba1cf7ac2bba1170a0\",\"name\":\"Redacci\u00f3n Aeronoticias\",\"url\":\"https:\/\/aeronoticias.com.pe\/noticiero\/author\/piloto\/\"}]}<\/script>\n<!-- \/ Yoast SEO plugin. -->","yoast_head_json":{"title":"Ver","description":"Portal de noticias del Per\u00fa sobre el transporte a\u00e9reo, aviaci\u00f3n, turismo, hoteleria, actualidad.","robots":{"index":"index","follow":"follow","max-snippet":"max-snippet:-1","max-image-preview":"max-image-preview:large","max-video-preview":"max-video-preview:-1"},"canonical":"https:\/\/aeronoticias.com.pe\/noticiero\/ultimas\/1\/vera-zavala-encabeza-encuesta-de-ministros-que-deben-ser-cambiados-segpi\/","og_locale":"es_ES","og_type":"article","og_title":"Ver","og_description":"Portal de noticias del Per\u00fa sobre el transporte a\u00e9reo, aviaci\u00f3n, turismo, hoteleria, actualidad.","og_url":"https:\/\/aeronoticias.com.pe\/noticiero\/ultimas\/1\/vera-zavala-encabeza-encuesta-de-ministros-que-deben-ser-cambiados-segpi\/","og_site_name":"Aeronoticias.com.pe","article_publisher":"https:\/\/www.facebook.com\/Aeronoticias.com.pe\/","article_published_time":"2008-08-11T19:03:59+00:00","og_image":[{"url":"http:\/\/aeronoticias.com.pe\/fotonoticias\/agosto\/veronica.JPG","type":"","width":"","height":""}],"author":"Redacci\u00f3n Aeronoticias","twitter_card":"summary_large_image","twitter_creator":"@aeronoticias","twitter_site":"@aeronoticias","twitter_misc":{"Escrito por":"Redacci\u00f3n Aeronoticias","Tiempo de lectura":"1 minuto"},"schema":{"@context":"https:\/\/schema.org","@graph":[{"@type":"WebPage","@id":"https:\/\/aeronoticias.com.pe\/noticiero\/ultimas\/1\/vera-zavala-encabeza-encuesta-de-ministros-que-deben-ser-cambiados-segpi\/","url":"https:\/\/aeronoticias.com.pe\/noticiero\/ultimas\/1\/vera-zavala-encabeza-encuesta-de-ministros-que-deben-ser-cambiados-segpi\/","name":"Ver","isPartOf":{"@id":"https:\/\/aeronoticias.com.pe\/noticiero\/#website"},"primaryImageOfPage":{"@id":"https:\/\/aeronoticias.com.pe\/noticiero\/ultimas\/1\/vera-zavala-encabeza-encuesta-de-ministros-que-deben-ser-cambiados-segpi\/#primaryimage"},"image":{"@id":"https:\/\/aeronoticias.com.pe\/noticiero\/ultimas\/1\/vera-zavala-encabeza-encuesta-de-ministros-que-deben-ser-cambiados-segpi\/#primaryimage"},"thumbnailUrl":"http:\/\/aeronoticias.com.pe\/fotonoticias\/agosto\/veronica.JPG","datePublished":"2008-08-11T19:03:59+00:00","author":{"@id":"https:\/\/aeronoticias.com.pe\/noticiero\/#\/schema\/person\/fc1e5d578f4b62ba1cf7ac2bba1170a0"},"description":"Portal de noticias del Per\u00fa sobre el transporte a\u00e9reo, aviaci\u00f3n, turismo, hoteleria, actualidad.","breadcrumb":{"@id":"https:\/\/aeronoticias.com.pe\/noticiero\/ultimas\/1\/vera-zavala-encabeza-encuesta-de-ministros-que-deben-ser-cambiados-segpi\/#breadcrumb"},"inLanguage":"es","potentialAction":[{"@type":"ReadAction","target":["https:\/\/aeronoticias.com.pe\/noticiero\/ultimas\/1\/vera-zavala-encabeza-encuesta-de-ministros-que-deben-ser-cambiados-segpi\/"]}]},{"@type":"ImageObject","inLanguage":"es","@id":"https:\/\/aeronoticias.com.pe\/noticiero\/ultimas\/1\/vera-zavala-encabeza-encuesta-de-ministros-que-deben-ser-cambiados-segpi\/#primaryimage","url":"http:\/\/aeronoticias.com.pe\/fotonoticias\/agosto\/veronica.JPG","contentUrl":"http:\/\/aeronoticias.com.pe\/fotonoticias\/agosto\/veronica.JPG"},{"@type":"BreadcrumbList","@id":"https:\/\/aeronoticias.com.pe\/noticiero\/ultimas\/1\/vera-zavala-encabeza-encuesta-de-ministros-que-deben-ser-cambiados-segpi\/#breadcrumb","itemListElement":[{"@type":"ListItem","position":1,"name":"Portada","item":"https:\/\/aeronoticias.com.pe\/noticiero\/"},{"@type":"ListItem","position":2,"name":"Ver"}]},{"@type":"WebSite","@id":"https:\/\/aeronoticias.com.pe\/noticiero\/#website","url":"https:\/\/aeronoticias.com.pe\/noticiero\/","name":"Aeronoticias.com.pe","description":"Noticias de tranporte aereo, turismo, hoteles, gastronomia, actualidad, internacional","potentialAction":[{"@type":"SearchAction","target":{"@type":"EntryPoint","urlTemplate":"https:\/\/aeronoticias.com.pe\/noticiero\/?s={search_term_string}"},"query-input":{"@type":"PropertyValueSpecification","valueRequired":true,"valueName":"search_term_string"}}],"inLanguage":"es"},{"@type":"Person","@id":"https:\/\/aeronoticias.com.pe\/noticiero\/#\/schema\/person\/fc1e5d578f4b62ba1cf7ac2bba1170a0","name":"Redacci\u00f3n Aeronoticias","url":"https:\/\/aeronoticias.com.pe\/noticiero\/author\/piloto\/"}]}},"_links":{"self":[{"href":"https:\/\/aeronoticias.com.pe\/noticiero\/wp-json\/wp\/v2\/posts\/209","targetHints":{"allow":["GET"]}}],"collection":[{"href":"https:\/\/aeronoticias.com.pe\/noticiero\/wp-json\/wp\/v2\/posts"}],"about":[{"href":"https:\/\/aeronoticias.com.pe\/noticiero\/wp-json\/wp\/v2\/types\/post"}],"author":[{"embeddable":true,"href":"https:\/\/aeronoticias.com.pe\/noticiero\/wp-json\/wp\/v2\/users\/1"}],"replies":[{"embeddable":true,"href":"https:\/\/aeronoticias.com.pe\/noticiero\/wp-json\/wp\/v2\/comments?post=209"}],"version-history":[{"count":0,"href":"https:\/\/aeronoticias.com.pe\/noticiero\/wp-json\/wp\/v2\/posts\/209\/revisions"}],"wp:attachment":[{"href":"https:\/\/aeronoticias.com.pe\/noticiero\/wp-json\/wp\/v2\/media?parent=209"}],"wp:term":[{"taxonomy":"category","embeddable":true,"href":"https:\/\/aeronoticias.com.pe\/noticiero\/wp-json\/wp\/v2\/categories?post=209"},{"taxonomy":"post_tag","embeddable":true,"href":"https:\/\/aeronoticias.com.pe\/noticiero\/wp-json\/wp\/v2\/tags?post=209"}],"curies":[{"name":"wp","href":"https:\/\/api.w.org\/{rel}","templated":true}]}}