{"id":211,"date":"2008-08-11T21:35:11","date_gmt":"2008-08-11T21:35:11","guid":{"rendered":"http:\/\/desarrollo.mcvicious.com\/aero2020\/2008\/08\/11\/inc-cusco-establece-dos-turnos-de-ingreso-a-machu-picchu\/"},"modified":"2008-08-11T21:35:11","modified_gmt":"2008-08-11T21:35:11","slug":"inc-cusco-establece-dos-turnos-de-ingreso-a-machu-picchu","status":"publish","type":"post","link":"https:\/\/aeronoticias.com.pe\/noticiero\/turismo\/13\/inc-cusco-establece-dos-turnos-de-ingreso-a-machu-picchu\/","title":{"rendered":"INC Cusco establece dos turnos de ingreso a Machu Picchu"},"content":{"rendered":"<blockquote>\n<p align=\"justify\">El director del INC Cusco, Jorge Miguel Zegarra Balc&aacute;zar, anunci&oacute; que a fin de disminuir la capacidad de carga en el Santuario de Machu Picchu y proteger este monumento, esta entidad aplicar&aacute; desde ma&ntilde;ana dos turnos para el horario de ingreso de los visitantes.<\/p>\n<p align=\"justify\">De este modo queda fijado el ingreso en el turno ma&ntilde;ana desde las 8 de la ma&ntilde;ana hasta las 12:30 p.m., y el ingreso en el turno tarde desde la 1:00 p.m. hasta las 5 de la tarde.<\/p>\n<p align=\"justify\">Zegarra indic&oacute; que estos turnos tienen como objetivo disminuir la capacidad de carga que tiene el Santuario Hist&oacute;rico de Machu Picchu, adem&aacute;s de hacer respetar lo que est&aacute; estipulado en el Plan Maestro.<\/p>\n<p align=\"justify\">Finalmente anunci&oacute; que se han habilitado dos nuevas rutas de ingreso, ubicadas a la mano derecha del ingreso principal.<\/p>\n<div style=\"text-align: center\"><img loading=\"lazy\" decoding=\"async\" src=\"http:\/\/aeronoticias.com.pe\/fotonoticias\/agosto\/mapi.JPG\" alt=\" \" title=\"INC Cusco establece dos turnos de ingreso a Santuario Hist&oacute;rico de Machu Picchu. (Foto: Luis Noguera-Aeronoticias)\" hspace=\"5\" vspace=\"5\" width=\"226\" height=\"130\" \/><\/div>\n<\/blockquote>\n<p> <!--more--> <\/p>\n<blockquote>\n<p align=\"justify\">La acci&oacute;n del INC Cusco ha tomado en consideraci&oacute;n las recomendaciones y sugerencias de diversos especialistas, que desde hac&iacute;a meses atr&aacute;s, ped&iacute;an un ordenamiento sobre el n&uacute;mero de visitantes al Santuario Hist&oacute;rico de Machu Picchu.<\/p>\n<\/blockquote>\n","protected":false},"excerpt":{"rendered":"<p>El director del INC Cusco, Jorge Miguel Zegarra Balc&aacute;zar, anunci&oacute; que a fin de disminuir la capacidad de carga en el Santuario de Machu Picchu y proteger este monumento, esta entidad aplicar&aacute; desde ma&ntilde;ana dos turnos para el horario de ingreso de los visitantes. De este modo queda fijado el ingreso en el turno ma&ntilde;ana [&hellip;]<\/p>\n","protected":false},"author":1,"featured_media":0,"comment_status":"open","ping_status":"open","sticky":false,"template":"","format":"standard","meta":{"tdm_status":"","tdm_grid_status":"","footnotes":""},"categories":[31],"tags":[],"class_list":{"0":"post-211","1":"post","2":"type-post","3":"status-publish","4":"format-standard","6":"category-31"},"yoast_head":"<!-- This site is optimized with the Yoast SEO plugin v25.1 - https:\/\/yoast.com\/wordpress\/plugins\/seo\/ -->\n<title>INC Cusco establece dos turnos de ingreso a Machu Picchu<\/title>\n<meta name=\"description\" content=\"Portal de noticias del Per\u00fa sobre el transporte a\u00e9reo, aviaci\u00f3n, turismo, hoteleria, actualidad.\" \/>\n<meta name=\"robots\" content=\"index, follow, max-snippet:-1, max-image-preview:large, max-video-preview:-1\" \/>\n<link rel=\"canonical\" href=\"https:\/\/aeronoticias.com.pe\/noticiero\/turismo\/13\/inc-cusco-establece-dos-turnos-de-ingreso-a-machu-picchu\/\" \/>\n<meta property=\"og:locale\" content=\"es_ES\" \/>\n<meta property=\"og:type\" content=\"article\" \/>\n<meta property=\"og:title\" content=\"INC Cusco establece dos turnos de ingreso a Machu Picchu\" \/>\n<meta property=\"og:description\" content=\"Portal de noticias del Per\u00fa sobre el transporte a\u00e9reo, aviaci\u00f3n, turismo, hoteleria, actualidad.\" \/>\n<meta property=\"og:url\" content=\"https:\/\/aeronoticias.com.pe\/noticiero\/turismo\/13\/inc-cusco-establece-dos-turnos-de-ingreso-a-machu-picchu\/\" \/>\n<meta property=\"og:site_name\" content=\"Aeronoticias.com.pe\" \/>\n<meta property=\"article:publisher\" content=\"https:\/\/www.facebook.com\/Aeronoticias.com.pe\/\" \/>\n<meta property=\"article:published_time\" content=\"2008-08-11T21:35:11+00:00\" \/>\n<meta property=\"og:image\" content=\"http:\/\/aeronoticias.com.pe\/fotonoticias\/agosto\/mapi.JPG\" \/>\n<meta name=\"author\" content=\"Redacci\u00f3n Aeronoticias\" \/>\n<meta name=\"twitter:card\" content=\"summary_large_image\" \/>\n<meta name=\"twitter:creator\" content=\"@aeronoticias\" \/>\n<meta name=\"twitter:site\" content=\"@aeronoticias\" \/>\n<meta name=\"twitter:label1\" content=\"Escrito por\" \/>\n\t<meta name=\"twitter:data1\" content=\"Redacci\u00f3n Aeronoticias\" \/>\n\t<meta name=\"twitter:label2\" content=\"Tiempo de lectura\" \/>\n\t<meta name=\"twitter:data2\" content=\"1 minuto\" \/>\n<script type=\"application\/ld+json\" class=\"yoast-schema-graph\">{\"@context\":\"https:\/\/schema.org\",\"@graph\":[{\"@type\":\"WebPage\",\"@id\":\"https:\/\/aeronoticias.com.pe\/noticiero\/turismo\/13\/inc-cusco-establece-dos-turnos-de-ingreso-a-machu-picchu\/\",\"url\":\"https:\/\/aeronoticias.com.pe\/noticiero\/turismo\/13\/inc-cusco-establece-dos-turnos-de-ingreso-a-machu-picchu\/\",\"name\":\"INC Cusco establece dos turnos de ingreso a Machu Picchu\",\"isPartOf\":{\"@id\":\"https:\/\/aeronoticias.com.pe\/noticiero\/#website\"},\"primaryImageOfPage\":{\"@id\":\"https:\/\/aeronoticias.com.pe\/noticiero\/turismo\/13\/inc-cusco-establece-dos-turnos-de-ingreso-a-machu-picchu\/#primaryimage\"},\"image\":{\"@id\":\"https:\/\/aeronoticias.com.pe\/noticiero\/turismo\/13\/inc-cusco-establece-dos-turnos-de-ingreso-a-machu-picchu\/#primaryimage\"},\"thumbnailUrl\":\"http:\/\/aeronoticias.com.pe\/fotonoticias\/agosto\/mapi.JPG\",\"datePublished\":\"2008-08-11T21:35:11+00:00\",\"author\":{\"@id\":\"https:\/\/aeronoticias.com.pe\/noticiero\/#\/schema\/person\/fc1e5d578f4b62ba1cf7ac2bba1170a0\"},\"description\":\"Portal de noticias del Per\u00fa sobre el transporte a\u00e9reo, aviaci\u00f3n, turismo, hoteleria, actualidad.\",\"breadcrumb\":{\"@id\":\"https:\/\/aeronoticias.com.pe\/noticiero\/turismo\/13\/inc-cusco-establece-dos-turnos-de-ingreso-a-machu-picchu\/#breadcrumb\"},\"inLanguage\":\"es\",\"potentialAction\":[{\"@type\":\"ReadAction\",\"target\":[\"https:\/\/aeronoticias.com.pe\/noticiero\/turismo\/13\/inc-cusco-establece-dos-turnos-de-ingreso-a-machu-picchu\/\"]}]},{\"@type\":\"ImageObject\",\"inLanguage\":\"es\",\"@id\":\"https:\/\/aeronoticias.com.pe\/noticiero\/turismo\/13\/inc-cusco-establece-dos-turnos-de-ingreso-a-machu-picchu\/#primaryimage\",\"url\":\"http:\/\/aeronoticias.com.pe\/fotonoticias\/agosto\/mapi.JPG\",\"contentUrl\":\"http:\/\/aeronoticias.com.pe\/fotonoticias\/agosto\/mapi.JPG\"},{\"@type\":\"BreadcrumbList\",\"@id\":\"https:\/\/aeronoticias.com.pe\/noticiero\/turismo\/13\/inc-cusco-establece-dos-turnos-de-ingreso-a-machu-picchu\/#breadcrumb\",\"itemListElement\":[{\"@type\":\"ListItem\",\"position\":1,\"name\":\"Portada\",\"item\":\"https:\/\/aeronoticias.com.pe\/noticiero\/\"},{\"@type\":\"ListItem\",\"position\":2,\"name\":\"INC Cusco establece dos turnos de ingreso a Machu Picchu\"}]},{\"@type\":\"WebSite\",\"@id\":\"https:\/\/aeronoticias.com.pe\/noticiero\/#website\",\"url\":\"https:\/\/aeronoticias.com.pe\/noticiero\/\",\"name\":\"Aeronoticias.com.pe\",\"description\":\"Noticias de tranporte aereo, turismo, hoteles, gastronomia, actualidad, internacional\",\"potentialAction\":[{\"@type\":\"SearchAction\",\"target\":{\"@type\":\"EntryPoint\",\"urlTemplate\":\"https:\/\/aeronoticias.com.pe\/noticiero\/?s={search_term_string}\"},\"query-input\":{\"@type\":\"PropertyValueSpecification\",\"valueRequired\":true,\"valueName\":\"search_term_string\"}}],\"inLanguage\":\"es\"},{\"@type\":\"Person\",\"@id\":\"https:\/\/aeronoticias.com.pe\/noticiero\/#\/schema\/person\/fc1e5d578f4b62ba1cf7ac2bba1170a0\",\"name\":\"Redacci\u00f3n Aeronoticias\",\"url\":\"https:\/\/aeronoticias.com.pe\/noticiero\/author\/piloto\/\"}]}<\/script>\n<!-- \/ Yoast SEO plugin. -->","yoast_head_json":{"title":"INC Cusco establece dos turnos de ingreso a Machu Picchu","description":"Portal de noticias del Per\u00fa sobre el transporte a\u00e9reo, aviaci\u00f3n, turismo, hoteleria, actualidad.","robots":{"index":"index","follow":"follow","max-snippet":"max-snippet:-1","max-image-preview":"max-image-preview:large","max-video-preview":"max-video-preview:-1"},"canonical":"https:\/\/aeronoticias.com.pe\/noticiero\/turismo\/13\/inc-cusco-establece-dos-turnos-de-ingreso-a-machu-picchu\/","og_locale":"es_ES","og_type":"article","og_title":"INC Cusco establece dos turnos de ingreso a Machu Picchu","og_description":"Portal de noticias del Per\u00fa sobre el transporte a\u00e9reo, aviaci\u00f3n, turismo, hoteleria, actualidad.","og_url":"https:\/\/aeronoticias.com.pe\/noticiero\/turismo\/13\/inc-cusco-establece-dos-turnos-de-ingreso-a-machu-picchu\/","og_site_name":"Aeronoticias.com.pe","article_publisher":"https:\/\/www.facebook.com\/Aeronoticias.com.pe\/","article_published_time":"2008-08-11T21:35:11+00:00","og_image":[{"url":"http:\/\/aeronoticias.com.pe\/fotonoticias\/agosto\/mapi.JPG","type":"","width":"","height":""}],"author":"Redacci\u00f3n Aeronoticias","twitter_card":"summary_large_image","twitter_creator":"@aeronoticias","twitter_site":"@aeronoticias","twitter_misc":{"Escrito por":"Redacci\u00f3n Aeronoticias","Tiempo de lectura":"1 minuto"},"schema":{"@context":"https:\/\/schema.org","@graph":[{"@type":"WebPage","@id":"https:\/\/aeronoticias.com.pe\/noticiero\/turismo\/13\/inc-cusco-establece-dos-turnos-de-ingreso-a-machu-picchu\/","url":"https:\/\/aeronoticias.com.pe\/noticiero\/turismo\/13\/inc-cusco-establece-dos-turnos-de-ingreso-a-machu-picchu\/","name":"INC Cusco establece dos turnos de ingreso a Machu Picchu","isPartOf":{"@id":"https:\/\/aeronoticias.com.pe\/noticiero\/#website"},"primaryImageOfPage":{"@id":"https:\/\/aeronoticias.com.pe\/noticiero\/turismo\/13\/inc-cusco-establece-dos-turnos-de-ingreso-a-machu-picchu\/#primaryimage"},"image":{"@id":"https:\/\/aeronoticias.com.pe\/noticiero\/turismo\/13\/inc-cusco-establece-dos-turnos-de-ingreso-a-machu-picchu\/#primaryimage"},"thumbnailUrl":"http:\/\/aeronoticias.com.pe\/fotonoticias\/agosto\/mapi.JPG","datePublished":"2008-08-11T21:35:11+00:00","author":{"@id":"https:\/\/aeronoticias.com.pe\/noticiero\/#\/schema\/person\/fc1e5d578f4b62ba1cf7ac2bba1170a0"},"description":"Portal de noticias del Per\u00fa sobre el transporte a\u00e9reo, aviaci\u00f3n, turismo, hoteleria, actualidad.","breadcrumb":{"@id":"https:\/\/aeronoticias.com.pe\/noticiero\/turismo\/13\/inc-cusco-establece-dos-turnos-de-ingreso-a-machu-picchu\/#breadcrumb"},"inLanguage":"es","potentialAction":[{"@type":"ReadAction","target":["https:\/\/aeronoticias.com.pe\/noticiero\/turismo\/13\/inc-cusco-establece-dos-turnos-de-ingreso-a-machu-picchu\/"]}]},{"@type":"ImageObject","inLanguage":"es","@id":"https:\/\/aeronoticias.com.pe\/noticiero\/turismo\/13\/inc-cusco-establece-dos-turnos-de-ingreso-a-machu-picchu\/#primaryimage","url":"http:\/\/aeronoticias.com.pe\/fotonoticias\/agosto\/mapi.JPG","contentUrl":"http:\/\/aeronoticias.com.pe\/fotonoticias\/agosto\/mapi.JPG"},{"@type":"BreadcrumbList","@id":"https:\/\/aeronoticias.com.pe\/noticiero\/turismo\/13\/inc-cusco-establece-dos-turnos-de-ingreso-a-machu-picchu\/#breadcrumb","itemListElement":[{"@type":"ListItem","position":1,"name":"Portada","item":"https:\/\/aeronoticias.com.pe\/noticiero\/"},{"@type":"ListItem","position":2,"name":"INC Cusco establece dos turnos de ingreso a Machu Picchu"}]},{"@type":"WebSite","@id":"https:\/\/aeronoticias.com.pe\/noticiero\/#website","url":"https:\/\/aeronoticias.com.pe\/noticiero\/","name":"Aeronoticias.com.pe","description":"Noticias de tranporte aereo, turismo, hoteles, gastronomia, actualidad, internacional","potentialAction":[{"@type":"SearchAction","target":{"@type":"EntryPoint","urlTemplate":"https:\/\/aeronoticias.com.pe\/noticiero\/?s={search_term_string}"},"query-input":{"@type":"PropertyValueSpecification","valueRequired":true,"valueName":"search_term_string"}}],"inLanguage":"es"},{"@type":"Person","@id":"https:\/\/aeronoticias.com.pe\/noticiero\/#\/schema\/person\/fc1e5d578f4b62ba1cf7ac2bba1170a0","name":"Redacci\u00f3n Aeronoticias","url":"https:\/\/aeronoticias.com.pe\/noticiero\/author\/piloto\/"}]}},"_links":{"self":[{"href":"https:\/\/aeronoticias.com.pe\/noticiero\/wp-json\/wp\/v2\/posts\/211","targetHints":{"allow":["GET"]}}],"collection":[{"href":"https:\/\/aeronoticias.com.pe\/noticiero\/wp-json\/wp\/v2\/posts"}],"about":[{"href":"https:\/\/aeronoticias.com.pe\/noticiero\/wp-json\/wp\/v2\/types\/post"}],"author":[{"embeddable":true,"href":"https:\/\/aeronoticias.com.pe\/noticiero\/wp-json\/wp\/v2\/users\/1"}],"replies":[{"embeddable":true,"href":"https:\/\/aeronoticias.com.pe\/noticiero\/wp-json\/wp\/v2\/comments?post=211"}],"version-history":[{"count":0,"href":"https:\/\/aeronoticias.com.pe\/noticiero\/wp-json\/wp\/v2\/posts\/211\/revisions"}],"wp:attachment":[{"href":"https:\/\/aeronoticias.com.pe\/noticiero\/wp-json\/wp\/v2\/media?parent=211"}],"wp:term":[{"taxonomy":"category","embeddable":true,"href":"https:\/\/aeronoticias.com.pe\/noticiero\/wp-json\/wp\/v2\/categories?post=211"},{"taxonomy":"post_tag","embeddable":true,"href":"https:\/\/aeronoticias.com.pe\/noticiero\/wp-json\/wp\/v2\/tags?post=211"}],"curies":[{"name":"wp","href":"https:\/\/api.w.org\/{rel}","templated":true}]}}