{"id":21160,"date":"2011-11-29T13:17:32","date_gmt":"2011-11-29T13:17:32","guid":{"rendered":"http:\/\/desarrollo.mcvicious.com\/aero2020\/2011\/11\/29\/por-crisis-economica-en-espana-aumenta-donacion-de-cadaveres-para-investigacion\/"},"modified":"2011-11-29T13:17:32","modified_gmt":"2011-11-29T13:17:32","slug":"por-crisis-economica-en-espana-aumenta-donacion-de-cadaveres-para-investigacion","status":"publish","type":"post","link":"https:\/\/aeronoticias.com.pe\/noticiero\/internacionales\/por-crisis-economica-en-espana-aumenta-donacion-de-cadaveres-para-investigacion\/","title":{"rendered":"Por crisis econ\u00f3mica en Espa\u00f1a aumenta donaci\u00f3n de cad\u00e1veres para investigaci\u00f3n"},"content":{"rendered":"<p style=\"text-align: justify;\"><strong>(Aeronoticias).-<\/strong> El profesor del Departamento de Anatom\u00eda y Embriolog\u00eda Humana I de la Universidad Complutense de \u00a0Madrid (UCM), \u00a0Ferm\u00edn Viejo afirm\u00f3 que la crisis econ\u00f3mica espa\u00f1ola se encuentra en \u00a0un punto tan cr\u00edtico que muchas personas prefieren la donaci\u00f3n de cad\u00e1veres, para la ense\u00f1anza y la investigaci\u00f3n, en vez de asumir los altos costos de los entierros.<\/p>\n<p style=\"text-align: justify;\">Incluso hay personas que donan sus cuerpos con anticipaci\u00f3n, en ese caso \u00a0los departamentos de Anatom\u00eda les \u00a0proveen de una tarjeta y otros documentos a los interesados, con la finalidad de que a su muerte sus cad\u00e1veres sean trasladados, sin representar alg\u00fan \u00a0gasto para los allegados.<\/p>\n<p style=\"text-align: justify;\">\u201cToda persona mayor de edad puede donar su cuerpo para este fin. La edad del donante no es ning\u00fan problema, pero dado que el estudio anat\u00f3mico se basa esencialmente en el estudio de la forma y estructura normal del individuo, existen una serie de condiciones que imposibilitan la \u00a0utilizaci\u00f3n del cuerpo para su estudio y pueden excluir su aceptaci\u00f3n\u201d, sostuvo \u00a0el docente espa\u00f1ol.<\/p>\n<p>  <!--more-->  <\/p>\n<p style=\"text-align: justify;\"><img decoding=\"async\" src=\"images\/stories\/11\/07\/140711\/crisis_economica.jpg\" border=\"0\" alt=\"Por crisis econ\u00f3mica en Espa\u00f1a aumenta donaci\u00f3n de cad\u00e1veres para investigaci\u00f3n\" title=\"Por crisis econ\u00f3mica en Espa\u00f1a aumenta donaci\u00f3n de cad\u00e1veres para investigaci\u00f3n\" \/><\/p>\n","protected":false},"excerpt":{"rendered":"<p>(Aeronoticias).- El profesor del Departamento de Anatom\u00eda y Embriolog\u00eda Humana I de la Universidad Complutense de \u00a0Madrid (UCM), \u00a0Ferm\u00edn Viejo afirm\u00f3 que la crisis econ\u00f3mica espa\u00f1ola se encuentra en \u00a0un punto tan cr\u00edtico que muchas personas prefieren la donaci\u00f3n de cad\u00e1veres, para la ense\u00f1anza y la investigaci\u00f3n, en vez de asumir los altos costos de [&hellip;]<\/p>\n","protected":false},"author":1,"featured_media":0,"comment_status":"open","ping_status":"open","sticky":false,"template":"","format":"standard","meta":{"tdm_status":"","tdm_grid_status":"","footnotes":""},"categories":[34],"tags":[],"class_list":{"0":"post-21160","1":"post","2":"type-post","3":"status-publish","4":"format-standard","6":"category-internacionales"},"yoast_head":"<!-- This site is optimized with the Yoast SEO plugin v25.1 - https:\/\/yoast.com\/wordpress\/plugins\/seo\/ -->\n<title>Por crisis econ\u00f3mica en Espa\u00f1a aumenta donaci\u00f3n de cad\u00e1veres para investigaci\u00f3n<\/title>\n<meta name=\"description\" content=\"Portal de noticias del Per\u00fa sobre el transporte a\u00e9reo, aviaci\u00f3n, turismo, hoteleria, actualidad.\" \/>\n<meta name=\"robots\" content=\"index, follow, max-snippet:-1, max-image-preview:large, max-video-preview:-1\" \/>\n<link rel=\"canonical\" href=\"https:\/\/aeronoticias.com.pe\/noticiero\/internacionales\/por-crisis-economica-en-espana-aumenta-donacion-de-cadaveres-para-investigacion\/\" \/>\n<meta property=\"og:locale\" content=\"es_ES\" \/>\n<meta property=\"og:type\" content=\"article\" \/>\n<meta property=\"og:title\" content=\"Por crisis econ\u00f3mica en Espa\u00f1a aumenta donaci\u00f3n de cad\u00e1veres para investigaci\u00f3n\" \/>\n<meta property=\"og:description\" content=\"Portal de noticias del Per\u00fa sobre el transporte a\u00e9reo, aviaci\u00f3n, turismo, hoteleria, actualidad.\" \/>\n<meta property=\"og:url\" content=\"https:\/\/aeronoticias.com.pe\/noticiero\/internacionales\/por-crisis-economica-en-espana-aumenta-donacion-de-cadaveres-para-investigacion\/\" \/>\n<meta property=\"og:site_name\" content=\"Aeronoticias.com.pe\" \/>\n<meta property=\"article:publisher\" content=\"https:\/\/www.facebook.com\/Aeronoticias.com.pe\/\" \/>\n<meta property=\"article:published_time\" content=\"2011-11-29T13:17:32+00:00\" \/>\n<meta name=\"author\" content=\"Redacci\u00f3n Aeronoticias\" \/>\n<meta name=\"twitter:card\" content=\"summary_large_image\" \/>\n<meta name=\"twitter:creator\" content=\"@aeronoticias\" \/>\n<meta name=\"twitter:site\" content=\"@aeronoticias\" \/>\n<meta name=\"twitter:label1\" content=\"Escrito por\" \/>\n\t<meta name=\"twitter:data1\" content=\"Redacci\u00f3n Aeronoticias\" \/>\n\t<meta name=\"twitter:label2\" content=\"Tiempo de lectura\" \/>\n\t<meta name=\"twitter:data2\" content=\"1 minuto\" \/>\n<script type=\"application\/ld+json\" class=\"yoast-schema-graph\">{\"@context\":\"https:\/\/schema.org\",\"@graph\":[{\"@type\":\"WebPage\",\"@id\":\"https:\/\/aeronoticias.com.pe\/noticiero\/internacionales\/por-crisis-economica-en-espana-aumenta-donacion-de-cadaveres-para-investigacion\/\",\"url\":\"https:\/\/aeronoticias.com.pe\/noticiero\/internacionales\/por-crisis-economica-en-espana-aumenta-donacion-de-cadaveres-para-investigacion\/\",\"name\":\"Por crisis econ\u00f3mica en Espa\u00f1a aumenta donaci\u00f3n de cad\u00e1veres para investigaci\u00f3n\",\"isPartOf\":{\"@id\":\"https:\/\/aeronoticias.com.pe\/noticiero\/#website\"},\"datePublished\":\"2011-11-29T13:17:32+00:00\",\"author\":{\"@id\":\"https:\/\/aeronoticias.com.pe\/noticiero\/#\/schema\/person\/fc1e5d578f4b62ba1cf7ac2bba1170a0\"},\"description\":\"Portal de noticias del Per\u00fa sobre el transporte a\u00e9reo, aviaci\u00f3n, turismo, hoteleria, actualidad.\",\"breadcrumb\":{\"@id\":\"https:\/\/aeronoticias.com.pe\/noticiero\/internacionales\/por-crisis-economica-en-espana-aumenta-donacion-de-cadaveres-para-investigacion\/#breadcrumb\"},\"inLanguage\":\"es\",\"potentialAction\":[{\"@type\":\"ReadAction\",\"target\":[\"https:\/\/aeronoticias.com.pe\/noticiero\/internacionales\/por-crisis-economica-en-espana-aumenta-donacion-de-cadaveres-para-investigacion\/\"]}]},{\"@type\":\"BreadcrumbList\",\"@id\":\"https:\/\/aeronoticias.com.pe\/noticiero\/internacionales\/por-crisis-economica-en-espana-aumenta-donacion-de-cadaveres-para-investigacion\/#breadcrumb\",\"itemListElement\":[{\"@type\":\"ListItem\",\"position\":1,\"name\":\"Portada\",\"item\":\"https:\/\/aeronoticias.com.pe\/noticiero\/\"},{\"@type\":\"ListItem\",\"position\":2,\"name\":\"Por crisis econ\u00f3mica en Espa\u00f1a aumenta donaci\u00f3n de cad\u00e1veres para investigaci\u00f3n\"}]},{\"@type\":\"WebSite\",\"@id\":\"https:\/\/aeronoticias.com.pe\/noticiero\/#website\",\"url\":\"https:\/\/aeronoticias.com.pe\/noticiero\/\",\"name\":\"Aeronoticias.com.pe\",\"description\":\"Noticias de tranporte aereo, turismo, hoteles, gastronomia, actualidad, internacional\",\"potentialAction\":[{\"@type\":\"SearchAction\",\"target\":{\"@type\":\"EntryPoint\",\"urlTemplate\":\"https:\/\/aeronoticias.com.pe\/noticiero\/?s={search_term_string}\"},\"query-input\":{\"@type\":\"PropertyValueSpecification\",\"valueRequired\":true,\"valueName\":\"search_term_string\"}}],\"inLanguage\":\"es\"},{\"@type\":\"Person\",\"@id\":\"https:\/\/aeronoticias.com.pe\/noticiero\/#\/schema\/person\/fc1e5d578f4b62ba1cf7ac2bba1170a0\",\"name\":\"Redacci\u00f3n Aeronoticias\",\"url\":\"https:\/\/aeronoticias.com.pe\/noticiero\/author\/piloto\/\"}]}<\/script>\n<!-- \/ Yoast SEO plugin. -->","yoast_head_json":{"title":"Por crisis econ\u00f3mica en Espa\u00f1a aumenta donaci\u00f3n de cad\u00e1veres para investigaci\u00f3n","description":"Portal de noticias del Per\u00fa sobre el transporte a\u00e9reo, aviaci\u00f3n, turismo, hoteleria, actualidad.","robots":{"index":"index","follow":"follow","max-snippet":"max-snippet:-1","max-image-preview":"max-image-preview:large","max-video-preview":"max-video-preview:-1"},"canonical":"https:\/\/aeronoticias.com.pe\/noticiero\/internacionales\/por-crisis-economica-en-espana-aumenta-donacion-de-cadaveres-para-investigacion\/","og_locale":"es_ES","og_type":"article","og_title":"Por crisis econ\u00f3mica en Espa\u00f1a aumenta donaci\u00f3n de cad\u00e1veres para investigaci\u00f3n","og_description":"Portal de noticias del Per\u00fa sobre el transporte a\u00e9reo, aviaci\u00f3n, turismo, hoteleria, actualidad.","og_url":"https:\/\/aeronoticias.com.pe\/noticiero\/internacionales\/por-crisis-economica-en-espana-aumenta-donacion-de-cadaveres-para-investigacion\/","og_site_name":"Aeronoticias.com.pe","article_publisher":"https:\/\/www.facebook.com\/Aeronoticias.com.pe\/","article_published_time":"2011-11-29T13:17:32+00:00","author":"Redacci\u00f3n Aeronoticias","twitter_card":"summary_large_image","twitter_creator":"@aeronoticias","twitter_site":"@aeronoticias","twitter_misc":{"Escrito por":"Redacci\u00f3n Aeronoticias","Tiempo de lectura":"1 minuto"},"schema":{"@context":"https:\/\/schema.org","@graph":[{"@type":"WebPage","@id":"https:\/\/aeronoticias.com.pe\/noticiero\/internacionales\/por-crisis-economica-en-espana-aumenta-donacion-de-cadaveres-para-investigacion\/","url":"https:\/\/aeronoticias.com.pe\/noticiero\/internacionales\/por-crisis-economica-en-espana-aumenta-donacion-de-cadaveres-para-investigacion\/","name":"Por crisis econ\u00f3mica en Espa\u00f1a aumenta donaci\u00f3n de cad\u00e1veres para investigaci\u00f3n","isPartOf":{"@id":"https:\/\/aeronoticias.com.pe\/noticiero\/#website"},"datePublished":"2011-11-29T13:17:32+00:00","author":{"@id":"https:\/\/aeronoticias.com.pe\/noticiero\/#\/schema\/person\/fc1e5d578f4b62ba1cf7ac2bba1170a0"},"description":"Portal de noticias del Per\u00fa sobre el transporte a\u00e9reo, aviaci\u00f3n, turismo, hoteleria, actualidad.","breadcrumb":{"@id":"https:\/\/aeronoticias.com.pe\/noticiero\/internacionales\/por-crisis-economica-en-espana-aumenta-donacion-de-cadaveres-para-investigacion\/#breadcrumb"},"inLanguage":"es","potentialAction":[{"@type":"ReadAction","target":["https:\/\/aeronoticias.com.pe\/noticiero\/internacionales\/por-crisis-economica-en-espana-aumenta-donacion-de-cadaveres-para-investigacion\/"]}]},{"@type":"BreadcrumbList","@id":"https:\/\/aeronoticias.com.pe\/noticiero\/internacionales\/por-crisis-economica-en-espana-aumenta-donacion-de-cadaveres-para-investigacion\/#breadcrumb","itemListElement":[{"@type":"ListItem","position":1,"name":"Portada","item":"https:\/\/aeronoticias.com.pe\/noticiero\/"},{"@type":"ListItem","position":2,"name":"Por crisis econ\u00f3mica en Espa\u00f1a aumenta donaci\u00f3n de cad\u00e1veres para investigaci\u00f3n"}]},{"@type":"WebSite","@id":"https:\/\/aeronoticias.com.pe\/noticiero\/#website","url":"https:\/\/aeronoticias.com.pe\/noticiero\/","name":"Aeronoticias.com.pe","description":"Noticias de tranporte aereo, turismo, hoteles, gastronomia, actualidad, internacional","potentialAction":[{"@type":"SearchAction","target":{"@type":"EntryPoint","urlTemplate":"https:\/\/aeronoticias.com.pe\/noticiero\/?s={search_term_string}"},"query-input":{"@type":"PropertyValueSpecification","valueRequired":true,"valueName":"search_term_string"}}],"inLanguage":"es"},{"@type":"Person","@id":"https:\/\/aeronoticias.com.pe\/noticiero\/#\/schema\/person\/fc1e5d578f4b62ba1cf7ac2bba1170a0","name":"Redacci\u00f3n Aeronoticias","url":"https:\/\/aeronoticias.com.pe\/noticiero\/author\/piloto\/"}]}},"_links":{"self":[{"href":"https:\/\/aeronoticias.com.pe\/noticiero\/wp-json\/wp\/v2\/posts\/21160","targetHints":{"allow":["GET"]}}],"collection":[{"href":"https:\/\/aeronoticias.com.pe\/noticiero\/wp-json\/wp\/v2\/posts"}],"about":[{"href":"https:\/\/aeronoticias.com.pe\/noticiero\/wp-json\/wp\/v2\/types\/post"}],"author":[{"embeddable":true,"href":"https:\/\/aeronoticias.com.pe\/noticiero\/wp-json\/wp\/v2\/users\/1"}],"replies":[{"embeddable":true,"href":"https:\/\/aeronoticias.com.pe\/noticiero\/wp-json\/wp\/v2\/comments?post=21160"}],"version-history":[{"count":0,"href":"https:\/\/aeronoticias.com.pe\/noticiero\/wp-json\/wp\/v2\/posts\/21160\/revisions"}],"wp:attachment":[{"href":"https:\/\/aeronoticias.com.pe\/noticiero\/wp-json\/wp\/v2\/media?parent=21160"}],"wp:term":[{"taxonomy":"category","embeddable":true,"href":"https:\/\/aeronoticias.com.pe\/noticiero\/wp-json\/wp\/v2\/categories?post=21160"},{"taxonomy":"post_tag","embeddable":true,"href":"https:\/\/aeronoticias.com.pe\/noticiero\/wp-json\/wp\/v2\/tags?post=21160"}],"curies":[{"name":"wp","href":"https:\/\/api.w.org\/{rel}","templated":true}]}}