{"id":21161,"date":"2011-11-29T13:21:34","date_gmt":"2011-11-29T13:21:34","guid":{"rendered":"http:\/\/desarrollo.mcvicious.com\/aero2020\/2011\/11\/29\/congreso-aclara-que-contratacion-de-sheyla-obregon-fue-por-via-legal\/"},"modified":"2011-11-29T13:21:34","modified_gmt":"2011-11-29T13:21:34","slug":"congreso-aclara-que-contratacion-de-sheyla-obregon-fue-por-via-legal","status":"publish","type":"post","link":"https:\/\/aeronoticias.com.pe\/noticiero\/politica\/congreso-aclara-que-contratacion-de-sheyla-obregon-fue-por-via-legal\/","title":{"rendered":"Congreso aclara que contrataci\u00f3n de Sheyla Obreg\u00f3n fue por v\u00eda legal"},"content":{"rendered":"<p style=\"text-align: justify;\"><strong>(Aeronoticias).<\/strong>&#8211; Luego del informe period\u00edstico que dio cuenta de la contrataci\u00f3n de la hija de la exparlamentaria Nancy Obreg\u00f3n en el Congreso de la Rep\u00fablica, el departamento de Recursos Humanos emiti\u00f3 un comunicado en el que indican que Sheyla Ch\u00e1vez Obreg\u00f3n fue seleccionada entre 356 postulantes para una plaza en la Oficina de Prevenci\u00f3n y Seguridad, y que su contrataci\u00f3n fue por v\u00eda legal.<\/p>\n<p style=\"text-align: justify;\">El mencionado comunicado indica que Sheyla Karina Ch\u00e1vez Obreg\u00f3n fue contratada como auxiliar desde el 12 de agosto de 2011, luego de llevarse a cabo el proceso de selecci\u00f3n entre 356 postulantes para cubrir una de las plazas requeridas en la Oficina de Prevenci\u00f3n y Seguridad, \u00abno siendo militante de ning\u00fan partido pol\u00edtico, reuniendo el perfil y requisitos necesarios para dicho puesto, seg\u00fan el Reglamento Interno de Trabajo\u00bb.<\/p>\n<p>  <!--more-->  <\/p>\n<p style=\"text-align: justify;\">Tambi\u00e9n precisan sobre la contrataci\u00f3n \u00a0de Nancy Obreg\u00f3n Peralta, \u00a0cuyo contrato rige a partir del 1 de setiembre de 2011 en el cargo de T\u00e9cnico, asignada al Departamento de Participaci\u00f3n, Proyecci\u00f3n y Enlace con el Ciudadano, reuniendo los requisitos para dicho cargo.<\/p>\n<p style=\"text-align: justify;\">En lo que respecta al Coronel (r) Estuardo Loyola Machado fue contratado a partir del 3 de agosto como jefe de la Oficina de Prevenci\u00f3n y Seguridad, por ser un oficial con vasta experiencia en temas de seguridad, con estudios de Maestr\u00eda en Administraci\u00f3n, Alta Gerencia en ESAN, curso en el Instituto Nacional de Estudios \u00a0Policiales, Academia Diplom\u00e1tica del Per\u00fa y otras institucionales castrenses.<\/p>\n<p style=\"text-align: justify;\"><img decoding=\"async\" src=\"..\/fotonoticias\/0109\/02\/130209\/congreso.jpg\" border=\"0\" alt=\"Congreso aclara que contrataci\u00f3n de Sheyla Obreg\u00f3n fue por v\u00eda legal\" title=\"Congreso aclara que contrataci\u00f3n de Sheyla Obreg\u00f3n fue por v\u00eda legal\" \/><\/p>\n","protected":false},"excerpt":{"rendered":"<p>(Aeronoticias).&#8211; Luego del informe period\u00edstico que dio cuenta de la contrataci\u00f3n de la hija de la exparlamentaria Nancy Obreg\u00f3n en el Congreso de la Rep\u00fablica, el departamento de Recursos Humanos emiti\u00f3 un comunicado en el que indican que Sheyla Ch\u00e1vez Obreg\u00f3n fue seleccionada entre 356 postulantes para una plaza en la Oficina de Prevenci\u00f3n y [&hellip;]<\/p>\n","protected":false},"author":1,"featured_media":0,"comment_status":"open","ping_status":"open","sticky":false,"template":"","format":"standard","meta":{"tdm_status":"","tdm_grid_status":"","footnotes":""},"categories":[36],"tags":[],"class_list":{"0":"post-21161","1":"post","2":"type-post","3":"status-publish","4":"format-standard","6":"category-politica"},"yoast_head":"<!-- This site is optimized with the Yoast SEO plugin v25.1 - https:\/\/yoast.com\/wordpress\/plugins\/seo\/ -->\n<title>Congreso aclara que contrataci\u00f3n de Sheyla Obreg\u00f3n fue por v\u00eda legal<\/title>\n<meta name=\"description\" content=\"Portal de noticias del Per\u00fa sobre el transporte a\u00e9reo, aviaci\u00f3n, turismo, hoteleria, actualidad.\" \/>\n<meta name=\"robots\" content=\"index, follow, max-snippet:-1, max-image-preview:large, max-video-preview:-1\" \/>\n<link rel=\"canonical\" href=\"https:\/\/aeronoticias.com.pe\/noticiero\/politica\/congreso-aclara-que-contratacion-de-sheyla-obregon-fue-por-via-legal\/\" \/>\n<meta property=\"og:locale\" content=\"es_ES\" \/>\n<meta property=\"og:type\" content=\"article\" \/>\n<meta property=\"og:title\" content=\"Congreso aclara que contrataci\u00f3n de Sheyla Obreg\u00f3n fue por v\u00eda legal\" \/>\n<meta property=\"og:description\" content=\"Portal de noticias del Per\u00fa sobre el transporte a\u00e9reo, aviaci\u00f3n, turismo, hoteleria, actualidad.\" \/>\n<meta property=\"og:url\" content=\"https:\/\/aeronoticias.com.pe\/noticiero\/politica\/congreso-aclara-que-contratacion-de-sheyla-obregon-fue-por-via-legal\/\" \/>\n<meta property=\"og:site_name\" content=\"Aeronoticias.com.pe\" \/>\n<meta property=\"article:publisher\" content=\"https:\/\/www.facebook.com\/Aeronoticias.com.pe\/\" \/>\n<meta property=\"article:published_time\" content=\"2011-11-29T13:21:34+00:00\" \/>\n<meta name=\"author\" content=\"Redacci\u00f3n Aeronoticias\" \/>\n<meta name=\"twitter:card\" content=\"summary_large_image\" \/>\n<meta name=\"twitter:creator\" content=\"@aeronoticias\" \/>\n<meta name=\"twitter:site\" content=\"@aeronoticias\" \/>\n<meta name=\"twitter:label1\" content=\"Escrito por\" \/>\n\t<meta name=\"twitter:data1\" content=\"Redacci\u00f3n Aeronoticias\" \/>\n\t<meta name=\"twitter:label2\" content=\"Tiempo de lectura\" \/>\n\t<meta name=\"twitter:data2\" content=\"1 minuto\" \/>\n<script type=\"application\/ld+json\" class=\"yoast-schema-graph\">{\"@context\":\"https:\/\/schema.org\",\"@graph\":[{\"@type\":\"WebPage\",\"@id\":\"https:\/\/aeronoticias.com.pe\/noticiero\/politica\/congreso-aclara-que-contratacion-de-sheyla-obregon-fue-por-via-legal\/\",\"url\":\"https:\/\/aeronoticias.com.pe\/noticiero\/politica\/congreso-aclara-que-contratacion-de-sheyla-obregon-fue-por-via-legal\/\",\"name\":\"Congreso aclara que contrataci\u00f3n de Sheyla Obreg\u00f3n fue por v\u00eda legal\",\"isPartOf\":{\"@id\":\"https:\/\/aeronoticias.com.pe\/noticiero\/#website\"},\"datePublished\":\"2011-11-29T13:21:34+00:00\",\"author\":{\"@id\":\"https:\/\/aeronoticias.com.pe\/noticiero\/#\/schema\/person\/fc1e5d578f4b62ba1cf7ac2bba1170a0\"},\"description\":\"Portal de noticias del Per\u00fa sobre el transporte a\u00e9reo, aviaci\u00f3n, turismo, hoteleria, actualidad.\",\"breadcrumb\":{\"@id\":\"https:\/\/aeronoticias.com.pe\/noticiero\/politica\/congreso-aclara-que-contratacion-de-sheyla-obregon-fue-por-via-legal\/#breadcrumb\"},\"inLanguage\":\"es\",\"potentialAction\":[{\"@type\":\"ReadAction\",\"target\":[\"https:\/\/aeronoticias.com.pe\/noticiero\/politica\/congreso-aclara-que-contratacion-de-sheyla-obregon-fue-por-via-legal\/\"]}]},{\"@type\":\"BreadcrumbList\",\"@id\":\"https:\/\/aeronoticias.com.pe\/noticiero\/politica\/congreso-aclara-que-contratacion-de-sheyla-obregon-fue-por-via-legal\/#breadcrumb\",\"itemListElement\":[{\"@type\":\"ListItem\",\"position\":1,\"name\":\"Portada\",\"item\":\"https:\/\/aeronoticias.com.pe\/noticiero\/\"},{\"@type\":\"ListItem\",\"position\":2,\"name\":\"Congreso aclara que contrataci\u00f3n de Sheyla Obreg\u00f3n fue por v\u00eda legal\"}]},{\"@type\":\"WebSite\",\"@id\":\"https:\/\/aeronoticias.com.pe\/noticiero\/#website\",\"url\":\"https:\/\/aeronoticias.com.pe\/noticiero\/\",\"name\":\"Aeronoticias.com.pe\",\"description\":\"Noticias de tranporte aereo, turismo, hoteles, gastronomia, actualidad, internacional\",\"potentialAction\":[{\"@type\":\"SearchAction\",\"target\":{\"@type\":\"EntryPoint\",\"urlTemplate\":\"https:\/\/aeronoticias.com.pe\/noticiero\/?s={search_term_string}\"},\"query-input\":{\"@type\":\"PropertyValueSpecification\",\"valueRequired\":true,\"valueName\":\"search_term_string\"}}],\"inLanguage\":\"es\"},{\"@type\":\"Person\",\"@id\":\"https:\/\/aeronoticias.com.pe\/noticiero\/#\/schema\/person\/fc1e5d578f4b62ba1cf7ac2bba1170a0\",\"name\":\"Redacci\u00f3n Aeronoticias\",\"url\":\"https:\/\/aeronoticias.com.pe\/noticiero\/author\/piloto\/\"}]}<\/script>\n<!-- \/ Yoast SEO plugin. -->","yoast_head_json":{"title":"Congreso aclara que contrataci\u00f3n de Sheyla Obreg\u00f3n fue por v\u00eda legal","description":"Portal de noticias del Per\u00fa sobre el transporte a\u00e9reo, aviaci\u00f3n, turismo, hoteleria, actualidad.","robots":{"index":"index","follow":"follow","max-snippet":"max-snippet:-1","max-image-preview":"max-image-preview:large","max-video-preview":"max-video-preview:-1"},"canonical":"https:\/\/aeronoticias.com.pe\/noticiero\/politica\/congreso-aclara-que-contratacion-de-sheyla-obregon-fue-por-via-legal\/","og_locale":"es_ES","og_type":"article","og_title":"Congreso aclara que contrataci\u00f3n de Sheyla Obreg\u00f3n fue por v\u00eda legal","og_description":"Portal de noticias del Per\u00fa sobre el transporte a\u00e9reo, aviaci\u00f3n, turismo, hoteleria, actualidad.","og_url":"https:\/\/aeronoticias.com.pe\/noticiero\/politica\/congreso-aclara-que-contratacion-de-sheyla-obregon-fue-por-via-legal\/","og_site_name":"Aeronoticias.com.pe","article_publisher":"https:\/\/www.facebook.com\/Aeronoticias.com.pe\/","article_published_time":"2011-11-29T13:21:34+00:00","author":"Redacci\u00f3n Aeronoticias","twitter_card":"summary_large_image","twitter_creator":"@aeronoticias","twitter_site":"@aeronoticias","twitter_misc":{"Escrito por":"Redacci\u00f3n Aeronoticias","Tiempo de lectura":"1 minuto"},"schema":{"@context":"https:\/\/schema.org","@graph":[{"@type":"WebPage","@id":"https:\/\/aeronoticias.com.pe\/noticiero\/politica\/congreso-aclara-que-contratacion-de-sheyla-obregon-fue-por-via-legal\/","url":"https:\/\/aeronoticias.com.pe\/noticiero\/politica\/congreso-aclara-que-contratacion-de-sheyla-obregon-fue-por-via-legal\/","name":"Congreso aclara que contrataci\u00f3n de Sheyla Obreg\u00f3n fue por v\u00eda legal","isPartOf":{"@id":"https:\/\/aeronoticias.com.pe\/noticiero\/#website"},"datePublished":"2011-11-29T13:21:34+00:00","author":{"@id":"https:\/\/aeronoticias.com.pe\/noticiero\/#\/schema\/person\/fc1e5d578f4b62ba1cf7ac2bba1170a0"},"description":"Portal de noticias del Per\u00fa sobre el transporte a\u00e9reo, aviaci\u00f3n, turismo, hoteleria, actualidad.","breadcrumb":{"@id":"https:\/\/aeronoticias.com.pe\/noticiero\/politica\/congreso-aclara-que-contratacion-de-sheyla-obregon-fue-por-via-legal\/#breadcrumb"},"inLanguage":"es","potentialAction":[{"@type":"ReadAction","target":["https:\/\/aeronoticias.com.pe\/noticiero\/politica\/congreso-aclara-que-contratacion-de-sheyla-obregon-fue-por-via-legal\/"]}]},{"@type":"BreadcrumbList","@id":"https:\/\/aeronoticias.com.pe\/noticiero\/politica\/congreso-aclara-que-contratacion-de-sheyla-obregon-fue-por-via-legal\/#breadcrumb","itemListElement":[{"@type":"ListItem","position":1,"name":"Portada","item":"https:\/\/aeronoticias.com.pe\/noticiero\/"},{"@type":"ListItem","position":2,"name":"Congreso aclara que contrataci\u00f3n de Sheyla Obreg\u00f3n fue por v\u00eda legal"}]},{"@type":"WebSite","@id":"https:\/\/aeronoticias.com.pe\/noticiero\/#website","url":"https:\/\/aeronoticias.com.pe\/noticiero\/","name":"Aeronoticias.com.pe","description":"Noticias de tranporte aereo, turismo, hoteles, gastronomia, actualidad, internacional","potentialAction":[{"@type":"SearchAction","target":{"@type":"EntryPoint","urlTemplate":"https:\/\/aeronoticias.com.pe\/noticiero\/?s={search_term_string}"},"query-input":{"@type":"PropertyValueSpecification","valueRequired":true,"valueName":"search_term_string"}}],"inLanguage":"es"},{"@type":"Person","@id":"https:\/\/aeronoticias.com.pe\/noticiero\/#\/schema\/person\/fc1e5d578f4b62ba1cf7ac2bba1170a0","name":"Redacci\u00f3n Aeronoticias","url":"https:\/\/aeronoticias.com.pe\/noticiero\/author\/piloto\/"}]}},"_links":{"self":[{"href":"https:\/\/aeronoticias.com.pe\/noticiero\/wp-json\/wp\/v2\/posts\/21161","targetHints":{"allow":["GET"]}}],"collection":[{"href":"https:\/\/aeronoticias.com.pe\/noticiero\/wp-json\/wp\/v2\/posts"}],"about":[{"href":"https:\/\/aeronoticias.com.pe\/noticiero\/wp-json\/wp\/v2\/types\/post"}],"author":[{"embeddable":true,"href":"https:\/\/aeronoticias.com.pe\/noticiero\/wp-json\/wp\/v2\/users\/1"}],"replies":[{"embeddable":true,"href":"https:\/\/aeronoticias.com.pe\/noticiero\/wp-json\/wp\/v2\/comments?post=21161"}],"version-history":[{"count":0,"href":"https:\/\/aeronoticias.com.pe\/noticiero\/wp-json\/wp\/v2\/posts\/21161\/revisions"}],"wp:attachment":[{"href":"https:\/\/aeronoticias.com.pe\/noticiero\/wp-json\/wp\/v2\/media?parent=21161"}],"wp:term":[{"taxonomy":"category","embeddable":true,"href":"https:\/\/aeronoticias.com.pe\/noticiero\/wp-json\/wp\/v2\/categories?post=21161"},{"taxonomy":"post_tag","embeddable":true,"href":"https:\/\/aeronoticias.com.pe\/noticiero\/wp-json\/wp\/v2\/tags?post=21161"}],"curies":[{"name":"wp","href":"https:\/\/api.w.org\/{rel}","templated":true}]}}