{"id":2126,"date":"2009-02-26T16:48:18","date_gmt":"2009-02-26T16:48:18","guid":{"rendered":"http:\/\/desarrollo.mcvicious.com\/aero2020\/2009\/02\/26\/menos-regalias-para-el-peru-por-exportacion-de-gas\/"},"modified":"2009-02-26T16:48:18","modified_gmt":"2009-02-26T16:48:18","slug":"menos-regalias-para-el-peru-por-exportacion-de-gas","status":"publish","type":"post","link":"https:\/\/aeronoticias.com.pe\/noticiero\/internacionales\/menos-regalias-para-el-peru-por-exportacion-de-gas\/","title":{"rendered":"MENOS REGALIAS PARA EL PERU POR EXPORTACION DE GAS"},"content":{"rendered":"<div align=\"justify\">Luego de un exhaustivo estudio a los contratos de hidrocarburos firmados por el Estado Peruano en el periodo 2003-2004, la Contralor&iacute;a emiti&oacute; en octubre pasado, la Resoluci&oacute;n N&ordm; 395-2008-CG, donde se dispone una denuncia constitucional contra los ex ministros Pedro Pablo Kuczynski (Econom&iacute;a y Finanzas) y Jaime Quijandr&iacute;a (Energ&iacute;a y minas) junto a otros funcionarios de ambas carteras, esto con motivo de que ellos en el 2004, habr&iacute;an aprobado el contrato de licencia para la exportaci&oacute;n de gas natural de Camisea del Lote 56, violando con esto, normas de la Ley de Hidrocarburos y establecieron un nuevo sistema que redujo el pago de regal&iacute;as de la compa&ntilde;&iacute;a productora Pluspetrol.<\/p>\n<\/div>\n<div align=\"justify\">\n<div style=\"text-align: center\"><img loading=\"lazy\" decoding=\"async\" src=\"http:\/\/www.aeronoticias.com.pe\/fotonoticias\/diciembre\/gas.jpg\" alt=\" \" title=\" MENOS REGALIAS PARA EL PERU POR EXPORTACION DE GAS\" width=\"400\" height=\"268\" \/><\/div>\n<p><\/div>\n<p> <!--more--> <\/p>\n<p>&nbsp;<\/p>\n<p align=\"justify\">Y mientras que las regal&iacute;as del gas destinado para el mercado local representan un 37%, para la empresa mexicana el valor estimado estar&iacute;a en un rango de entre 30% y 38% para el caso del gas que se exportara, y todo esto de acuerdo al precio internacional.<\/p>\n<p>Actualmente, el precio internacional del gas promedi&oacute; los 4 d&oacute;lares, por mill&oacute;n de BTU, por lo que el precio en venta inicial de Pluspetrol al cual el Estado le cobrar&iacute;a regal&iacute;as seria de US$ 0.53 por MMBTU. Entonces, el fisco recibir&iacute;a US$ 0.16 por MMBTU.<\/p>\n<p>Pero como los precios para el consumo interno son regulados y se poseen tarifas fijas, en el caso de la venta de gas para la electricidad esta paga regal&iacute;as por US$ 0.44 por MMBTU.<\/p>\n<p>Es decir, al iniciar el proyecto de exportaci&oacute;n a mediados del 2010, se estar&iacute;a dando la paradoja que el mercado interno estar&iacute;a pagando m&aacute;s impuestos que el de exportaci&oacute;n, seg&uacute;n se asever&oacute;.<\/p>\n<p>Por esto, la resoluci&oacute;n de la Contralor&iacute;a pide al Ministerio de Energ&iacute;a y Minas que &ldquo;revise el contrato del Lote 56&rdquo;, para establecer nuevos criterios de pagos de regal&iacute;as y &ldquo;cautelar los intereses del Estado&rdquo;.<br \/>&nbsp; <\/p>\n","protected":false},"excerpt":{"rendered":"<p>Luego de un exhaustivo estudio a los contratos de hidrocarburos firmados por el Estado Peruano en el periodo 2003-2004, la Contralor&iacute;a emiti&oacute; en octubre pasado, la Resoluci&oacute;n N&ordm; 395-2008-CG, donde se dispone una denuncia constitucional contra los ex ministros Pedro Pablo Kuczynski (Econom&iacute;a y Finanzas) y Jaime Quijandr&iacute;a (Energ&iacute;a y minas) junto a otros funcionarios [&hellip;]<\/p>\n","protected":false},"author":1,"featured_media":0,"comment_status":"open","ping_status":"open","sticky":false,"template":"","format":"standard","meta":{"tdm_status":"","tdm_grid_status":"","footnotes":""},"categories":[34],"tags":[],"class_list":{"0":"post-2126","1":"post","2":"type-post","3":"status-publish","4":"format-standard","6":"category-internacionales"},"yoast_head":"<!-- This site is optimized with the Yoast SEO plugin v25.1 - https:\/\/yoast.com\/wordpress\/plugins\/seo\/ -->\n<title>MENOS REGALIAS PARA EL PERU POR EXPORTACION DE GAS<\/title>\n<meta name=\"description\" content=\"Portal de noticias del Per\u00fa sobre el transporte a\u00e9reo, aviaci\u00f3n, turismo, hoteleria, actualidad.\" \/>\n<meta name=\"robots\" content=\"index, follow, max-snippet:-1, max-image-preview:large, max-video-preview:-1\" \/>\n<link rel=\"canonical\" href=\"https:\/\/aeronoticias.com.pe\/noticiero\/internacionales\/menos-regalias-para-el-peru-por-exportacion-de-gas\/\" \/>\n<meta property=\"og:locale\" content=\"es_ES\" \/>\n<meta property=\"og:type\" content=\"article\" \/>\n<meta property=\"og:title\" content=\"MENOS REGALIAS PARA EL PERU POR EXPORTACION DE GAS\" \/>\n<meta property=\"og:description\" content=\"Portal de noticias del Per\u00fa sobre el transporte a\u00e9reo, aviaci\u00f3n, turismo, hoteleria, actualidad.\" \/>\n<meta property=\"og:url\" content=\"https:\/\/aeronoticias.com.pe\/noticiero\/internacionales\/menos-regalias-para-el-peru-por-exportacion-de-gas\/\" \/>\n<meta property=\"og:site_name\" content=\"Aeronoticias.com.pe\" \/>\n<meta property=\"article:publisher\" content=\"https:\/\/www.facebook.com\/Aeronoticias.com.pe\/\" \/>\n<meta property=\"article:published_time\" content=\"2009-02-26T16:48:18+00:00\" \/>\n<meta property=\"og:image\" content=\"http:\/\/www.aeronoticias.com.pe\/fotonoticias\/diciembre\/gas.jpg\" \/>\n<meta name=\"author\" content=\"Redacci\u00f3n Aeronoticias\" \/>\n<meta name=\"twitter:card\" content=\"summary_large_image\" \/>\n<meta name=\"twitter:creator\" content=\"@aeronoticias\" \/>\n<meta name=\"twitter:site\" content=\"@aeronoticias\" \/>\n<meta name=\"twitter:label1\" content=\"Escrito por\" \/>\n\t<meta name=\"twitter:data1\" content=\"Redacci\u00f3n Aeronoticias\" \/>\n\t<meta name=\"twitter:label2\" content=\"Tiempo de lectura\" \/>\n\t<meta name=\"twitter:data2\" content=\"2 minutos\" \/>\n<script type=\"application\/ld+json\" class=\"yoast-schema-graph\">{\"@context\":\"https:\/\/schema.org\",\"@graph\":[{\"@type\":\"WebPage\",\"@id\":\"https:\/\/aeronoticias.com.pe\/noticiero\/internacionales\/menos-regalias-para-el-peru-por-exportacion-de-gas\/\",\"url\":\"https:\/\/aeronoticias.com.pe\/noticiero\/internacionales\/menos-regalias-para-el-peru-por-exportacion-de-gas\/\",\"name\":\"MENOS REGALIAS PARA EL PERU POR EXPORTACION DE GAS\",\"isPartOf\":{\"@id\":\"https:\/\/aeronoticias.com.pe\/noticiero\/#website\"},\"primaryImageOfPage\":{\"@id\":\"https:\/\/aeronoticias.com.pe\/noticiero\/internacionales\/menos-regalias-para-el-peru-por-exportacion-de-gas\/#primaryimage\"},\"image\":{\"@id\":\"https:\/\/aeronoticias.com.pe\/noticiero\/internacionales\/menos-regalias-para-el-peru-por-exportacion-de-gas\/#primaryimage\"},\"thumbnailUrl\":\"http:\/\/www.aeronoticias.com.pe\/fotonoticias\/diciembre\/gas.jpg\",\"datePublished\":\"2009-02-26T16:48:18+00:00\",\"author\":{\"@id\":\"https:\/\/aeronoticias.com.pe\/noticiero\/#\/schema\/person\/fc1e5d578f4b62ba1cf7ac2bba1170a0\"},\"description\":\"Portal de noticias del Per\u00fa sobre el transporte a\u00e9reo, aviaci\u00f3n, turismo, hoteleria, actualidad.\",\"breadcrumb\":{\"@id\":\"https:\/\/aeronoticias.com.pe\/noticiero\/internacionales\/menos-regalias-para-el-peru-por-exportacion-de-gas\/#breadcrumb\"},\"inLanguage\":\"es\",\"potentialAction\":[{\"@type\":\"ReadAction\",\"target\":[\"https:\/\/aeronoticias.com.pe\/noticiero\/internacionales\/menos-regalias-para-el-peru-por-exportacion-de-gas\/\"]}]},{\"@type\":\"ImageObject\",\"inLanguage\":\"es\",\"@id\":\"https:\/\/aeronoticias.com.pe\/noticiero\/internacionales\/menos-regalias-para-el-peru-por-exportacion-de-gas\/#primaryimage\",\"url\":\"http:\/\/www.aeronoticias.com.pe\/fotonoticias\/diciembre\/gas.jpg\",\"contentUrl\":\"http:\/\/www.aeronoticias.com.pe\/fotonoticias\/diciembre\/gas.jpg\"},{\"@type\":\"BreadcrumbList\",\"@id\":\"https:\/\/aeronoticias.com.pe\/noticiero\/internacionales\/menos-regalias-para-el-peru-por-exportacion-de-gas\/#breadcrumb\",\"itemListElement\":[{\"@type\":\"ListItem\",\"position\":1,\"name\":\"Portada\",\"item\":\"https:\/\/aeronoticias.com.pe\/noticiero\/\"},{\"@type\":\"ListItem\",\"position\":2,\"name\":\"MENOS REGALIAS PARA EL PERU POR EXPORTACION DE GAS\"}]},{\"@type\":\"WebSite\",\"@id\":\"https:\/\/aeronoticias.com.pe\/noticiero\/#website\",\"url\":\"https:\/\/aeronoticias.com.pe\/noticiero\/\",\"name\":\"Aeronoticias.com.pe\",\"description\":\"Noticias de tranporte aereo, turismo, hoteles, gastronomia, actualidad, internacional\",\"potentialAction\":[{\"@type\":\"SearchAction\",\"target\":{\"@type\":\"EntryPoint\",\"urlTemplate\":\"https:\/\/aeronoticias.com.pe\/noticiero\/?s={search_term_string}\"},\"query-input\":{\"@type\":\"PropertyValueSpecification\",\"valueRequired\":true,\"valueName\":\"search_term_string\"}}],\"inLanguage\":\"es\"},{\"@type\":\"Person\",\"@id\":\"https:\/\/aeronoticias.com.pe\/noticiero\/#\/schema\/person\/fc1e5d578f4b62ba1cf7ac2bba1170a0\",\"name\":\"Redacci\u00f3n Aeronoticias\",\"url\":\"https:\/\/aeronoticias.com.pe\/noticiero\/author\/piloto\/\"}]}<\/script>\n<!-- \/ Yoast SEO plugin. -->","yoast_head_json":{"title":"MENOS REGALIAS PARA EL PERU POR EXPORTACION DE GAS","description":"Portal de noticias del Per\u00fa sobre el transporte a\u00e9reo, aviaci\u00f3n, turismo, hoteleria, actualidad.","robots":{"index":"index","follow":"follow","max-snippet":"max-snippet:-1","max-image-preview":"max-image-preview:large","max-video-preview":"max-video-preview:-1"},"canonical":"https:\/\/aeronoticias.com.pe\/noticiero\/internacionales\/menos-regalias-para-el-peru-por-exportacion-de-gas\/","og_locale":"es_ES","og_type":"article","og_title":"MENOS REGALIAS PARA EL PERU POR EXPORTACION DE GAS","og_description":"Portal de noticias del Per\u00fa sobre el transporte a\u00e9reo, aviaci\u00f3n, turismo, hoteleria, actualidad.","og_url":"https:\/\/aeronoticias.com.pe\/noticiero\/internacionales\/menos-regalias-para-el-peru-por-exportacion-de-gas\/","og_site_name":"Aeronoticias.com.pe","article_publisher":"https:\/\/www.facebook.com\/Aeronoticias.com.pe\/","article_published_time":"2009-02-26T16:48:18+00:00","og_image":[{"url":"http:\/\/www.aeronoticias.com.pe\/fotonoticias\/diciembre\/gas.jpg","type":"","width":"","height":""}],"author":"Redacci\u00f3n Aeronoticias","twitter_card":"summary_large_image","twitter_creator":"@aeronoticias","twitter_site":"@aeronoticias","twitter_misc":{"Escrito por":"Redacci\u00f3n Aeronoticias","Tiempo de lectura":"2 minutos"},"schema":{"@context":"https:\/\/schema.org","@graph":[{"@type":"WebPage","@id":"https:\/\/aeronoticias.com.pe\/noticiero\/internacionales\/menos-regalias-para-el-peru-por-exportacion-de-gas\/","url":"https:\/\/aeronoticias.com.pe\/noticiero\/internacionales\/menos-regalias-para-el-peru-por-exportacion-de-gas\/","name":"MENOS REGALIAS PARA EL PERU POR EXPORTACION DE GAS","isPartOf":{"@id":"https:\/\/aeronoticias.com.pe\/noticiero\/#website"},"primaryImageOfPage":{"@id":"https:\/\/aeronoticias.com.pe\/noticiero\/internacionales\/menos-regalias-para-el-peru-por-exportacion-de-gas\/#primaryimage"},"image":{"@id":"https:\/\/aeronoticias.com.pe\/noticiero\/internacionales\/menos-regalias-para-el-peru-por-exportacion-de-gas\/#primaryimage"},"thumbnailUrl":"http:\/\/www.aeronoticias.com.pe\/fotonoticias\/diciembre\/gas.jpg","datePublished":"2009-02-26T16:48:18+00:00","author":{"@id":"https:\/\/aeronoticias.com.pe\/noticiero\/#\/schema\/person\/fc1e5d578f4b62ba1cf7ac2bba1170a0"},"description":"Portal de noticias del Per\u00fa sobre el transporte a\u00e9reo, aviaci\u00f3n, turismo, hoteleria, actualidad.","breadcrumb":{"@id":"https:\/\/aeronoticias.com.pe\/noticiero\/internacionales\/menos-regalias-para-el-peru-por-exportacion-de-gas\/#breadcrumb"},"inLanguage":"es","potentialAction":[{"@type":"ReadAction","target":["https:\/\/aeronoticias.com.pe\/noticiero\/internacionales\/menos-regalias-para-el-peru-por-exportacion-de-gas\/"]}]},{"@type":"ImageObject","inLanguage":"es","@id":"https:\/\/aeronoticias.com.pe\/noticiero\/internacionales\/menos-regalias-para-el-peru-por-exportacion-de-gas\/#primaryimage","url":"http:\/\/www.aeronoticias.com.pe\/fotonoticias\/diciembre\/gas.jpg","contentUrl":"http:\/\/www.aeronoticias.com.pe\/fotonoticias\/diciembre\/gas.jpg"},{"@type":"BreadcrumbList","@id":"https:\/\/aeronoticias.com.pe\/noticiero\/internacionales\/menos-regalias-para-el-peru-por-exportacion-de-gas\/#breadcrumb","itemListElement":[{"@type":"ListItem","position":1,"name":"Portada","item":"https:\/\/aeronoticias.com.pe\/noticiero\/"},{"@type":"ListItem","position":2,"name":"MENOS REGALIAS PARA EL PERU POR EXPORTACION DE GAS"}]},{"@type":"WebSite","@id":"https:\/\/aeronoticias.com.pe\/noticiero\/#website","url":"https:\/\/aeronoticias.com.pe\/noticiero\/","name":"Aeronoticias.com.pe","description":"Noticias de tranporte aereo, turismo, hoteles, gastronomia, actualidad, internacional","potentialAction":[{"@type":"SearchAction","target":{"@type":"EntryPoint","urlTemplate":"https:\/\/aeronoticias.com.pe\/noticiero\/?s={search_term_string}"},"query-input":{"@type":"PropertyValueSpecification","valueRequired":true,"valueName":"search_term_string"}}],"inLanguage":"es"},{"@type":"Person","@id":"https:\/\/aeronoticias.com.pe\/noticiero\/#\/schema\/person\/fc1e5d578f4b62ba1cf7ac2bba1170a0","name":"Redacci\u00f3n Aeronoticias","url":"https:\/\/aeronoticias.com.pe\/noticiero\/author\/piloto\/"}]}},"_links":{"self":[{"href":"https:\/\/aeronoticias.com.pe\/noticiero\/wp-json\/wp\/v2\/posts\/2126","targetHints":{"allow":["GET"]}}],"collection":[{"href":"https:\/\/aeronoticias.com.pe\/noticiero\/wp-json\/wp\/v2\/posts"}],"about":[{"href":"https:\/\/aeronoticias.com.pe\/noticiero\/wp-json\/wp\/v2\/types\/post"}],"author":[{"embeddable":true,"href":"https:\/\/aeronoticias.com.pe\/noticiero\/wp-json\/wp\/v2\/users\/1"}],"replies":[{"embeddable":true,"href":"https:\/\/aeronoticias.com.pe\/noticiero\/wp-json\/wp\/v2\/comments?post=2126"}],"version-history":[{"count":0,"href":"https:\/\/aeronoticias.com.pe\/noticiero\/wp-json\/wp\/v2\/posts\/2126\/revisions"}],"wp:attachment":[{"href":"https:\/\/aeronoticias.com.pe\/noticiero\/wp-json\/wp\/v2\/media?parent=2126"}],"wp:term":[{"taxonomy":"category","embeddable":true,"href":"https:\/\/aeronoticias.com.pe\/noticiero\/wp-json\/wp\/v2\/categories?post=2126"},{"taxonomy":"post_tag","embeddable":true,"href":"https:\/\/aeronoticias.com.pe\/noticiero\/wp-json\/wp\/v2\/tags?post=2126"}],"curies":[{"name":"wp","href":"https:\/\/api.w.org\/{rel}","templated":true}]}}