{"id":21266,"date":"2011-12-02T18:04:54","date_gmt":"2011-12-02T18:04:54","guid":{"rendered":"http:\/\/desarrollo.mcvicious.com\/aero2020\/2011\/12\/02\/body-scan-de-lap-origino-detencion-indebida-a-pasajero-peruano-de-iberia\/"},"modified":"2011-12-02T18:04:54","modified_gmt":"2011-12-02T18:04:54","slug":"body-scan-de-lap-origino-detencion-indebida-a-pasajero-peruano-de-iberia","status":"publish","type":"post","link":"https:\/\/aeronoticias.com.pe\/noticiero\/transporte-aereo\/nacional\/body-scan-de-lap-origino-detencion-indebida-a-pasajero-peruano-de-iberia\/","title":{"rendered":"Body Scan de LAP origin\u00f3 detenci\u00f3n indebida a pasajero peruano de Iberia"},"content":{"rendered":"<p style=\"text-align: justify;\"><strong>(Aeronoticias).-<\/strong> El 05 de junio de 2011, el Ingeniero de Sistemas, Jorge Luis Blanco Reyna de la empresa norteamericana UNICOM viaj\u00f3 a la ciudad de Bata Guinea Ecuatorial, v\u00eda IBERIA, ese d\u00eda la PNP Antidrogas y los funcionarios de Lima Airport Partners de LAP lo hicieron pasar por el BODY SCAN que se encuentra en el arco de seguridad de salida internacional del aeropuerto internacional Jorge Ch\u00e1vez, AIJCH lo que origin\u00f3 que estos equipos de LAP presuntamente defectuosos, hicieran un diagn\u00f3stico de que el recurrente llevaba drogas en el modo de INGESTO.<\/p>\n<p>El pasajero peruano fue detenido, su caso sali\u00f3 en los medios de comunicaci\u00f3n, le privaron de sus derechos de comunicaci\u00f3n, de buscar un abogado, y de ejercer su derecho de defensa y perdi\u00f3 su vuelo en IBERIA e incumpli\u00f3 su contrato de servicios con mi empleador UNICOM de Estados Unidos.<\/p>\n<p>  <!--more-->  <\/p>\n<p style=\"text-align: center;\"><img decoding=\"async\" src=\"images\/stories\/11\/12\/021212\/aeropuerto_jorge_chavez_body_scan.jpg\" border=\"0\" alt=\"Body Scan de LAP origin\u00f3 detenci\u00f3n indebida a pasajero peruano de Iberia \" title=\"Body Scan de LAP origin\u00f3 detenci\u00f3n indebida a pasajero peruano de Iberia \" \/><\/p>\n<p style=\"text-align: justify;\">El Fiscal Jos\u00e9 Martin Calle Laureano inform\u00f3 que dio positivo, el examen sobre INGESTA de drogas basado en el BODY SCAN de LAP, lo que prueba que su representada es responsable del da\u00f1o.<\/p>\n<p>Lima Airport Partners LAP ser\u00eda demandada por el error del BODY SCAN que se encuentra en el arco de seguridad de la salida internacional del AIJCH.<\/p>\n<p>La pregunta que nos hacemos es que hace la Direcci\u00f3n General de Aeron\u00e1utica Civil DGAC del Ministerio de Transportes y Comunicaciones en relaci\u00f3n al control AVSEC de estos equipos que obviamente podr\u00edan no ser de \u00faltima generaci\u00f3n y estar originando la detenci\u00f3n indebida de personas.<\/p>\n<p>Lima Airport Partners y su compa\u00f1\u00eda de seguros y reaseguros tendr\u00edan Responsabilidad Civil por el funcionamiento defectuoso de su BODY SCAN responsabilidad de LAP que se encuentra en el arco de seguridad del Aeropuerto Internacional Jorge Ch\u00e1vez por esta detenci\u00f3n indebida de conformidad a la Ley 27261 y su Reglamento, Ley de Seguridad de la Aviaci\u00f3n 28404, el pasajero est\u00e1 estudiando una posible denuncia penal\u00a0 responsabilidad penal del gerente general de Lima Airport Partners Juan Jos\u00e9 Salm\u00f3n Balestra.<\/p>\n<p style=\"text-align: center;\"> <object width=\"400\" height=\"325\" type=\"application\/x-shockwave-flash\" data=\"http:\/\/www.youtube.com\/v\/5k9uSFoqwOw?fs=1&amp;hl=en_US&amp;autoplay=0&amp;showinfo=0&amp;rel=0\"><param name=\"movie\" value=\"http:\/\/www.youtube.com\/v\/5k9uSFoqwOw?fs=1&amp;hl=en_US&amp;autoplay=0&amp;showinfo=0&amp;rel=0\" \/><param name=\"wmode\" value=\"transparent\" \/><\/object> <\/p>\n<p>{jathumbnail off images=\u00bbimages\/stories\/11\/12\/021212\/aeropuerto_jorge_chavez_body_scan.jpg\u00bb}<\/p>\n","protected":false},"excerpt":{"rendered":"<p>(Aeronoticias).- El 05 de junio de 2011, el Ingeniero de Sistemas, Jorge Luis Blanco Reyna de la empresa norteamericana UNICOM viaj\u00f3 a la ciudad de Bata Guinea Ecuatorial, v\u00eda IBERIA, ese d\u00eda la PNP Antidrogas y los funcionarios de Lima Airport Partners de LAP lo hicieron pasar por el BODY SCAN que se encuentra en [&hellip;]<\/p>\n","protected":false},"author":1,"featured_media":0,"comment_status":"open","ping_status":"open","sticky":false,"template":"","format":"standard","meta":{"tdm_status":"","tdm_grid_status":"","footnotes":""},"categories":[51],"tags":[],"class_list":{"0":"post-21266","1":"post","2":"type-post","3":"status-publish","4":"format-standard","6":"category-nacional"},"yoast_head":"<!-- This site is optimized with the Yoast SEO plugin v25.1 - https:\/\/yoast.com\/wordpress\/plugins\/seo\/ -->\n<title>Body Scan de LAP origin\u00f3 detenci\u00f3n indebida a pasajero peruano de Iberia<\/title>\n<meta name=\"description\" content=\"Portal de noticias del Per\u00fa sobre el transporte a\u00e9reo, aviaci\u00f3n, turismo, hoteleria, actualidad.\" \/>\n<meta name=\"robots\" content=\"index, follow, max-snippet:-1, max-image-preview:large, max-video-preview:-1\" \/>\n<link rel=\"canonical\" href=\"https:\/\/aeronoticias.com.pe\/noticiero\/transporte-aereo\/nacional\/body-scan-de-lap-origino-detencion-indebida-a-pasajero-peruano-de-iberia\/\" \/>\n<meta property=\"og:locale\" content=\"es_ES\" \/>\n<meta property=\"og:type\" content=\"article\" \/>\n<meta property=\"og:title\" content=\"Body Scan de LAP origin\u00f3 detenci\u00f3n indebida a pasajero peruano de Iberia\" \/>\n<meta property=\"og:description\" content=\"Portal de noticias del Per\u00fa sobre el transporte a\u00e9reo, aviaci\u00f3n, turismo, hoteleria, actualidad.\" \/>\n<meta property=\"og:url\" content=\"https:\/\/aeronoticias.com.pe\/noticiero\/transporte-aereo\/nacional\/body-scan-de-lap-origino-detencion-indebida-a-pasajero-peruano-de-iberia\/\" \/>\n<meta property=\"og:site_name\" content=\"Aeronoticias.com.pe\" \/>\n<meta property=\"article:publisher\" content=\"https:\/\/www.facebook.com\/Aeronoticias.com.pe\/\" \/>\n<meta property=\"article:published_time\" content=\"2011-12-02T18:04:54+00:00\" \/>\n<meta name=\"author\" content=\"Redacci\u00f3n Aeronoticias\" \/>\n<meta name=\"twitter:card\" content=\"summary_large_image\" \/>\n<meta name=\"twitter:creator\" content=\"@aeronoticias\" \/>\n<meta name=\"twitter:site\" content=\"@aeronoticias\" \/>\n<meta name=\"twitter:label1\" content=\"Escrito por\" \/>\n\t<meta name=\"twitter:data1\" content=\"Redacci\u00f3n Aeronoticias\" \/>\n\t<meta name=\"twitter:label2\" content=\"Tiempo de lectura\" \/>\n\t<meta name=\"twitter:data2\" content=\"2 minutos\" \/>\n<script type=\"application\/ld+json\" class=\"yoast-schema-graph\">{\"@context\":\"https:\/\/schema.org\",\"@graph\":[{\"@type\":\"WebPage\",\"@id\":\"https:\/\/aeronoticias.com.pe\/noticiero\/transporte-aereo\/nacional\/body-scan-de-lap-origino-detencion-indebida-a-pasajero-peruano-de-iberia\/\",\"url\":\"https:\/\/aeronoticias.com.pe\/noticiero\/transporte-aereo\/nacional\/body-scan-de-lap-origino-detencion-indebida-a-pasajero-peruano-de-iberia\/\",\"name\":\"Body Scan de LAP origin\u00f3 detenci\u00f3n indebida a pasajero peruano de Iberia\",\"isPartOf\":{\"@id\":\"https:\/\/aeronoticias.com.pe\/noticiero\/#website\"},\"datePublished\":\"2011-12-02T18:04:54+00:00\",\"author\":{\"@id\":\"https:\/\/aeronoticias.com.pe\/noticiero\/#\/schema\/person\/fc1e5d578f4b62ba1cf7ac2bba1170a0\"},\"description\":\"Portal de noticias del Per\u00fa sobre el transporte a\u00e9reo, aviaci\u00f3n, turismo, hoteleria, actualidad.\",\"breadcrumb\":{\"@id\":\"https:\/\/aeronoticias.com.pe\/noticiero\/transporte-aereo\/nacional\/body-scan-de-lap-origino-detencion-indebida-a-pasajero-peruano-de-iberia\/#breadcrumb\"},\"inLanguage\":\"es\",\"potentialAction\":[{\"@type\":\"ReadAction\",\"target\":[\"https:\/\/aeronoticias.com.pe\/noticiero\/transporte-aereo\/nacional\/body-scan-de-lap-origino-detencion-indebida-a-pasajero-peruano-de-iberia\/\"]}]},{\"@type\":\"BreadcrumbList\",\"@id\":\"https:\/\/aeronoticias.com.pe\/noticiero\/transporte-aereo\/nacional\/body-scan-de-lap-origino-detencion-indebida-a-pasajero-peruano-de-iberia\/#breadcrumb\",\"itemListElement\":[{\"@type\":\"ListItem\",\"position\":1,\"name\":\"Portada\",\"item\":\"https:\/\/aeronoticias.com.pe\/noticiero\/\"},{\"@type\":\"ListItem\",\"position\":2,\"name\":\"Body Scan de LAP origin\u00f3 detenci\u00f3n indebida a pasajero peruano de Iberia\"}]},{\"@type\":\"WebSite\",\"@id\":\"https:\/\/aeronoticias.com.pe\/noticiero\/#website\",\"url\":\"https:\/\/aeronoticias.com.pe\/noticiero\/\",\"name\":\"Aeronoticias.com.pe\",\"description\":\"Noticias de tranporte aereo, turismo, hoteles, gastronomia, actualidad, internacional\",\"potentialAction\":[{\"@type\":\"SearchAction\",\"target\":{\"@type\":\"EntryPoint\",\"urlTemplate\":\"https:\/\/aeronoticias.com.pe\/noticiero\/?s={search_term_string}\"},\"query-input\":{\"@type\":\"PropertyValueSpecification\",\"valueRequired\":true,\"valueName\":\"search_term_string\"}}],\"inLanguage\":\"es\"},{\"@type\":\"Person\",\"@id\":\"https:\/\/aeronoticias.com.pe\/noticiero\/#\/schema\/person\/fc1e5d578f4b62ba1cf7ac2bba1170a0\",\"name\":\"Redacci\u00f3n Aeronoticias\",\"url\":\"https:\/\/aeronoticias.com.pe\/noticiero\/author\/piloto\/\"}]}<\/script>\n<!-- \/ Yoast SEO plugin. -->","yoast_head_json":{"title":"Body Scan de LAP origin\u00f3 detenci\u00f3n indebida a pasajero peruano de Iberia","description":"Portal de noticias del Per\u00fa sobre el transporte a\u00e9reo, aviaci\u00f3n, turismo, hoteleria, actualidad.","robots":{"index":"index","follow":"follow","max-snippet":"max-snippet:-1","max-image-preview":"max-image-preview:large","max-video-preview":"max-video-preview:-1"},"canonical":"https:\/\/aeronoticias.com.pe\/noticiero\/transporte-aereo\/nacional\/body-scan-de-lap-origino-detencion-indebida-a-pasajero-peruano-de-iberia\/","og_locale":"es_ES","og_type":"article","og_title":"Body Scan de LAP origin\u00f3 detenci\u00f3n indebida a pasajero peruano de Iberia","og_description":"Portal de noticias del Per\u00fa sobre el transporte a\u00e9reo, aviaci\u00f3n, turismo, hoteleria, actualidad.","og_url":"https:\/\/aeronoticias.com.pe\/noticiero\/transporte-aereo\/nacional\/body-scan-de-lap-origino-detencion-indebida-a-pasajero-peruano-de-iberia\/","og_site_name":"Aeronoticias.com.pe","article_publisher":"https:\/\/www.facebook.com\/Aeronoticias.com.pe\/","article_published_time":"2011-12-02T18:04:54+00:00","author":"Redacci\u00f3n Aeronoticias","twitter_card":"summary_large_image","twitter_creator":"@aeronoticias","twitter_site":"@aeronoticias","twitter_misc":{"Escrito por":"Redacci\u00f3n Aeronoticias","Tiempo de lectura":"2 minutos"},"schema":{"@context":"https:\/\/schema.org","@graph":[{"@type":"WebPage","@id":"https:\/\/aeronoticias.com.pe\/noticiero\/transporte-aereo\/nacional\/body-scan-de-lap-origino-detencion-indebida-a-pasajero-peruano-de-iberia\/","url":"https:\/\/aeronoticias.com.pe\/noticiero\/transporte-aereo\/nacional\/body-scan-de-lap-origino-detencion-indebida-a-pasajero-peruano-de-iberia\/","name":"Body Scan de LAP origin\u00f3 detenci\u00f3n indebida a pasajero peruano de Iberia","isPartOf":{"@id":"https:\/\/aeronoticias.com.pe\/noticiero\/#website"},"datePublished":"2011-12-02T18:04:54+00:00","author":{"@id":"https:\/\/aeronoticias.com.pe\/noticiero\/#\/schema\/person\/fc1e5d578f4b62ba1cf7ac2bba1170a0"},"description":"Portal de noticias del Per\u00fa sobre el transporte a\u00e9reo, aviaci\u00f3n, turismo, hoteleria, actualidad.","breadcrumb":{"@id":"https:\/\/aeronoticias.com.pe\/noticiero\/transporte-aereo\/nacional\/body-scan-de-lap-origino-detencion-indebida-a-pasajero-peruano-de-iberia\/#breadcrumb"},"inLanguage":"es","potentialAction":[{"@type":"ReadAction","target":["https:\/\/aeronoticias.com.pe\/noticiero\/transporte-aereo\/nacional\/body-scan-de-lap-origino-detencion-indebida-a-pasajero-peruano-de-iberia\/"]}]},{"@type":"BreadcrumbList","@id":"https:\/\/aeronoticias.com.pe\/noticiero\/transporte-aereo\/nacional\/body-scan-de-lap-origino-detencion-indebida-a-pasajero-peruano-de-iberia\/#breadcrumb","itemListElement":[{"@type":"ListItem","position":1,"name":"Portada","item":"https:\/\/aeronoticias.com.pe\/noticiero\/"},{"@type":"ListItem","position":2,"name":"Body Scan de LAP origin\u00f3 detenci\u00f3n indebida a pasajero peruano de Iberia"}]},{"@type":"WebSite","@id":"https:\/\/aeronoticias.com.pe\/noticiero\/#website","url":"https:\/\/aeronoticias.com.pe\/noticiero\/","name":"Aeronoticias.com.pe","description":"Noticias de tranporte aereo, turismo, hoteles, gastronomia, actualidad, internacional","potentialAction":[{"@type":"SearchAction","target":{"@type":"EntryPoint","urlTemplate":"https:\/\/aeronoticias.com.pe\/noticiero\/?s={search_term_string}"},"query-input":{"@type":"PropertyValueSpecification","valueRequired":true,"valueName":"search_term_string"}}],"inLanguage":"es"},{"@type":"Person","@id":"https:\/\/aeronoticias.com.pe\/noticiero\/#\/schema\/person\/fc1e5d578f4b62ba1cf7ac2bba1170a0","name":"Redacci\u00f3n Aeronoticias","url":"https:\/\/aeronoticias.com.pe\/noticiero\/author\/piloto\/"}]}},"_links":{"self":[{"href":"https:\/\/aeronoticias.com.pe\/noticiero\/wp-json\/wp\/v2\/posts\/21266","targetHints":{"allow":["GET"]}}],"collection":[{"href":"https:\/\/aeronoticias.com.pe\/noticiero\/wp-json\/wp\/v2\/posts"}],"about":[{"href":"https:\/\/aeronoticias.com.pe\/noticiero\/wp-json\/wp\/v2\/types\/post"}],"author":[{"embeddable":true,"href":"https:\/\/aeronoticias.com.pe\/noticiero\/wp-json\/wp\/v2\/users\/1"}],"replies":[{"embeddable":true,"href":"https:\/\/aeronoticias.com.pe\/noticiero\/wp-json\/wp\/v2\/comments?post=21266"}],"version-history":[{"count":0,"href":"https:\/\/aeronoticias.com.pe\/noticiero\/wp-json\/wp\/v2\/posts\/21266\/revisions"}],"wp:attachment":[{"href":"https:\/\/aeronoticias.com.pe\/noticiero\/wp-json\/wp\/v2\/media?parent=21266"}],"wp:term":[{"taxonomy":"category","embeddable":true,"href":"https:\/\/aeronoticias.com.pe\/noticiero\/wp-json\/wp\/v2\/categories?post=21266"},{"taxonomy":"post_tag","embeddable":true,"href":"https:\/\/aeronoticias.com.pe\/noticiero\/wp-json\/wp\/v2\/tags?post=21266"}],"curies":[{"name":"wp","href":"https:\/\/api.w.org\/{rel}","templated":true}]}}