{"id":21268,"date":"2011-12-02T19:11:25","date_gmt":"2011-12-02T19:11:25","guid":{"rendered":"http:\/\/desarrollo.mcvicious.com\/aero2020\/2011\/12\/02\/demandan-a-american-airlines-e-matar-a-un-hombre-con-la-comida-del-avion\/"},"modified":"2011-12-02T19:11:25","modified_gmt":"2011-12-02T19:11:25","slug":"demandan-a-american-airlines-e-matar-a-un-hombre-con-la-comida-del-avion","status":"publish","type":"post","link":"https:\/\/aeronoticias.com.pe\/noticiero\/transporte-aereo\/internacional\/demandan-a-american-airlines-e-matar-a-un-hombre-con-la-comida-del-avion\/","title":{"rendered":"Demandan a American Airlines por matar a un hombre con la comida del avi\u00f3n"},"content":{"rendered":"<p style=\"text-align: justify;\"><strong>(Aeronoticias).-<\/strong> Los familiares de un pasajero que viajaba en un vuelo de American Airlines han demandado a la compa\u00f1\u00eda por servir una comida en mal estado que le caus\u00f3 la muerte y, adem\u00e1s, por no atenderle adecuadamente cuando presentaba signos de malestar, fuertes dolores estomacales y una sed repentina.<\/p>\n<p>La esposa y la hija del fallecido, Othon Cort\u00e9s, presentaron una demanda\u00a0en una Corte de Miami, en EE.UU.,\u00a0por un m\u00e1s de un mill\u00f3n de d\u00f3lares\u00a0contra la compa\u00f1\u00eda y contra la empresa alemana Sky Chiefs, que sirve catering para m\u00e1s de 300 aerol\u00edneas, seg\u00fan revel\u00f3 CNN.<\/p>\n<p>  <!--more-->  <\/p>\n<p style=\"text-align: justify;\">El hecho tuvo lugar el pasado 28 de mayo despu\u00e9s de que Cort\u00e9s consumiera un plato que &#8216;supuestamente&#8217; conten\u00eda pollo en mal estado durante el vuelo Barcelona-Nueva York a bordo de un avi\u00f3n de American Airlines.<\/p>\n<p style=\"text-align: justify;\">La familia se\u00f1ala que se cometi\u00f3 alg\u00fan tipo de negligencia al almacenar o conservar la comida, ya que, estaba contaminada con la bacteria clostidium perifrigens, una de las enfermedades m\u00e1s frecuentes transmitidas por los alimentos en EE.UU. seg\u00fan la Food and Drugs Administration (FDA) y que no suele causar la muerte salvo por complicaciones por deshidrataci\u00f3n.<\/p>\n<p style=\"text-align: justify;\"><strong>M\u00e1s informaci\u00f3n<\/strong><\/p>\n<p>La compa\u00f1\u00eda ha guardado silencio sobre esta acusaci\u00f3n. Por su parte,\u00a0Sky Chefs ha iniciado el proceso para desestimar el caso bas\u00e1ndose en que \u00abno es posible que Sky Chefs sea responsable porque no ofrecimos nuestro servicios en el vuelo de Barcelona\u00bb, apunta su portavoz, Josefine Corsten.<\/p>\n<p><img decoding=\"async\" src=\"images\/stories\/11\/12\/011212\/boeing_american_airlines.jpg\" border=\"0\" alt=\"Demandan a American Airlines e matar a un hombre con la comida del avi\u00f3n\" title=\"Demandan a American Airlines e matar a un hombre con la comida del avi\u00f3n\" \/><\/p>\n","protected":false},"excerpt":{"rendered":"<p>(Aeronoticias).- Los familiares de un pasajero que viajaba en un vuelo de American Airlines han demandado a la compa\u00f1\u00eda por servir una comida en mal estado que le caus\u00f3 la muerte y, adem\u00e1s, por no atenderle adecuadamente cuando presentaba signos de malestar, fuertes dolores estomacales y una sed repentina. La esposa y la hija del [&hellip;]<\/p>\n","protected":false},"author":1,"featured_media":0,"comment_status":"open","ping_status":"open","sticky":false,"template":"","format":"standard","meta":{"tdm_status":"","tdm_grid_status":"","footnotes":""},"categories":[32],"tags":[],"class_list":{"0":"post-21268","1":"post","2":"type-post","3":"status-publish","4":"format-standard","6":"category-internacional"},"yoast_head":"<!-- This site is optimized with the Yoast SEO plugin v25.1 - https:\/\/yoast.com\/wordpress\/plugins\/seo\/ -->\n<title>Demandan a American Airlines por matar a un hombre con la comida del avi\u00f3n<\/title>\n<meta name=\"description\" content=\"Portal de noticias del Per\u00fa sobre el transporte a\u00e9reo, aviaci\u00f3n, turismo, hoteleria, actualidad.\" \/>\n<meta name=\"robots\" content=\"index, follow, max-snippet:-1, max-image-preview:large, max-video-preview:-1\" \/>\n<link rel=\"canonical\" href=\"https:\/\/aeronoticias.com.pe\/noticiero\/transporte-aereo\/internacional\/demandan-a-american-airlines-e-matar-a-un-hombre-con-la-comida-del-avion\/\" \/>\n<meta property=\"og:locale\" content=\"es_ES\" \/>\n<meta property=\"og:type\" content=\"article\" \/>\n<meta property=\"og:title\" content=\"Demandan a American Airlines por matar a un hombre con la comida del avi\u00f3n\" \/>\n<meta property=\"og:description\" content=\"Portal de noticias del Per\u00fa sobre el transporte a\u00e9reo, aviaci\u00f3n, turismo, hoteleria, actualidad.\" \/>\n<meta property=\"og:url\" content=\"https:\/\/aeronoticias.com.pe\/noticiero\/transporte-aereo\/internacional\/demandan-a-american-airlines-e-matar-a-un-hombre-con-la-comida-del-avion\/\" \/>\n<meta property=\"og:site_name\" content=\"Aeronoticias.com.pe\" \/>\n<meta property=\"article:publisher\" content=\"https:\/\/www.facebook.com\/Aeronoticias.com.pe\/\" \/>\n<meta property=\"article:published_time\" content=\"2011-12-02T19:11:25+00:00\" \/>\n<meta name=\"author\" content=\"Redacci\u00f3n Aeronoticias\" \/>\n<meta name=\"twitter:card\" content=\"summary_large_image\" \/>\n<meta name=\"twitter:creator\" content=\"@aeronoticias\" \/>\n<meta name=\"twitter:site\" content=\"@aeronoticias\" \/>\n<meta name=\"twitter:label1\" content=\"Escrito por\" \/>\n\t<meta name=\"twitter:data1\" content=\"Redacci\u00f3n Aeronoticias\" \/>\n\t<meta name=\"twitter:label2\" content=\"Tiempo de lectura\" \/>\n\t<meta name=\"twitter:data2\" content=\"1 minuto\" \/>\n<script type=\"application\/ld+json\" class=\"yoast-schema-graph\">{\"@context\":\"https:\/\/schema.org\",\"@graph\":[{\"@type\":\"WebPage\",\"@id\":\"https:\/\/aeronoticias.com.pe\/noticiero\/transporte-aereo\/internacional\/demandan-a-american-airlines-e-matar-a-un-hombre-con-la-comida-del-avion\/\",\"url\":\"https:\/\/aeronoticias.com.pe\/noticiero\/transporte-aereo\/internacional\/demandan-a-american-airlines-e-matar-a-un-hombre-con-la-comida-del-avion\/\",\"name\":\"Demandan a American Airlines por matar a un hombre con la comida del avi\u00f3n\",\"isPartOf\":{\"@id\":\"https:\/\/aeronoticias.com.pe\/noticiero\/#website\"},\"datePublished\":\"2011-12-02T19:11:25+00:00\",\"author\":{\"@id\":\"https:\/\/aeronoticias.com.pe\/noticiero\/#\/schema\/person\/fc1e5d578f4b62ba1cf7ac2bba1170a0\"},\"description\":\"Portal de noticias del Per\u00fa sobre el transporte a\u00e9reo, aviaci\u00f3n, turismo, hoteleria, actualidad.\",\"breadcrumb\":{\"@id\":\"https:\/\/aeronoticias.com.pe\/noticiero\/transporte-aereo\/internacional\/demandan-a-american-airlines-e-matar-a-un-hombre-con-la-comida-del-avion\/#breadcrumb\"},\"inLanguage\":\"es\",\"potentialAction\":[{\"@type\":\"ReadAction\",\"target\":[\"https:\/\/aeronoticias.com.pe\/noticiero\/transporte-aereo\/internacional\/demandan-a-american-airlines-e-matar-a-un-hombre-con-la-comida-del-avion\/\"]}]},{\"@type\":\"BreadcrumbList\",\"@id\":\"https:\/\/aeronoticias.com.pe\/noticiero\/transporte-aereo\/internacional\/demandan-a-american-airlines-e-matar-a-un-hombre-con-la-comida-del-avion\/#breadcrumb\",\"itemListElement\":[{\"@type\":\"ListItem\",\"position\":1,\"name\":\"Portada\",\"item\":\"https:\/\/aeronoticias.com.pe\/noticiero\/\"},{\"@type\":\"ListItem\",\"position\":2,\"name\":\"Demandan a American Airlines por matar a un hombre con la comida del avi\u00f3n\"}]},{\"@type\":\"WebSite\",\"@id\":\"https:\/\/aeronoticias.com.pe\/noticiero\/#website\",\"url\":\"https:\/\/aeronoticias.com.pe\/noticiero\/\",\"name\":\"Aeronoticias.com.pe\",\"description\":\"Noticias de tranporte aereo, turismo, hoteles, gastronomia, actualidad, internacional\",\"potentialAction\":[{\"@type\":\"SearchAction\",\"target\":{\"@type\":\"EntryPoint\",\"urlTemplate\":\"https:\/\/aeronoticias.com.pe\/noticiero\/?s={search_term_string}\"},\"query-input\":{\"@type\":\"PropertyValueSpecification\",\"valueRequired\":true,\"valueName\":\"search_term_string\"}}],\"inLanguage\":\"es\"},{\"@type\":\"Person\",\"@id\":\"https:\/\/aeronoticias.com.pe\/noticiero\/#\/schema\/person\/fc1e5d578f4b62ba1cf7ac2bba1170a0\",\"name\":\"Redacci\u00f3n Aeronoticias\",\"url\":\"https:\/\/aeronoticias.com.pe\/noticiero\/author\/piloto\/\"}]}<\/script>\n<!-- \/ Yoast SEO plugin. -->","yoast_head_json":{"title":"Demandan a American Airlines por matar a un hombre con la comida del avi\u00f3n","description":"Portal de noticias del Per\u00fa sobre el transporte a\u00e9reo, aviaci\u00f3n, turismo, hoteleria, actualidad.","robots":{"index":"index","follow":"follow","max-snippet":"max-snippet:-1","max-image-preview":"max-image-preview:large","max-video-preview":"max-video-preview:-1"},"canonical":"https:\/\/aeronoticias.com.pe\/noticiero\/transporte-aereo\/internacional\/demandan-a-american-airlines-e-matar-a-un-hombre-con-la-comida-del-avion\/","og_locale":"es_ES","og_type":"article","og_title":"Demandan a American Airlines por matar a un hombre con la comida del avi\u00f3n","og_description":"Portal de noticias del Per\u00fa sobre el transporte a\u00e9reo, aviaci\u00f3n, turismo, hoteleria, actualidad.","og_url":"https:\/\/aeronoticias.com.pe\/noticiero\/transporte-aereo\/internacional\/demandan-a-american-airlines-e-matar-a-un-hombre-con-la-comida-del-avion\/","og_site_name":"Aeronoticias.com.pe","article_publisher":"https:\/\/www.facebook.com\/Aeronoticias.com.pe\/","article_published_time":"2011-12-02T19:11:25+00:00","author":"Redacci\u00f3n Aeronoticias","twitter_card":"summary_large_image","twitter_creator":"@aeronoticias","twitter_site":"@aeronoticias","twitter_misc":{"Escrito por":"Redacci\u00f3n Aeronoticias","Tiempo de lectura":"1 minuto"},"schema":{"@context":"https:\/\/schema.org","@graph":[{"@type":"WebPage","@id":"https:\/\/aeronoticias.com.pe\/noticiero\/transporte-aereo\/internacional\/demandan-a-american-airlines-e-matar-a-un-hombre-con-la-comida-del-avion\/","url":"https:\/\/aeronoticias.com.pe\/noticiero\/transporte-aereo\/internacional\/demandan-a-american-airlines-e-matar-a-un-hombre-con-la-comida-del-avion\/","name":"Demandan a American Airlines por matar a un hombre con la comida del avi\u00f3n","isPartOf":{"@id":"https:\/\/aeronoticias.com.pe\/noticiero\/#website"},"datePublished":"2011-12-02T19:11:25+00:00","author":{"@id":"https:\/\/aeronoticias.com.pe\/noticiero\/#\/schema\/person\/fc1e5d578f4b62ba1cf7ac2bba1170a0"},"description":"Portal de noticias del Per\u00fa sobre el transporte a\u00e9reo, aviaci\u00f3n, turismo, hoteleria, actualidad.","breadcrumb":{"@id":"https:\/\/aeronoticias.com.pe\/noticiero\/transporte-aereo\/internacional\/demandan-a-american-airlines-e-matar-a-un-hombre-con-la-comida-del-avion\/#breadcrumb"},"inLanguage":"es","potentialAction":[{"@type":"ReadAction","target":["https:\/\/aeronoticias.com.pe\/noticiero\/transporte-aereo\/internacional\/demandan-a-american-airlines-e-matar-a-un-hombre-con-la-comida-del-avion\/"]}]},{"@type":"BreadcrumbList","@id":"https:\/\/aeronoticias.com.pe\/noticiero\/transporte-aereo\/internacional\/demandan-a-american-airlines-e-matar-a-un-hombre-con-la-comida-del-avion\/#breadcrumb","itemListElement":[{"@type":"ListItem","position":1,"name":"Portada","item":"https:\/\/aeronoticias.com.pe\/noticiero\/"},{"@type":"ListItem","position":2,"name":"Demandan a American Airlines por matar a un hombre con la comida del avi\u00f3n"}]},{"@type":"WebSite","@id":"https:\/\/aeronoticias.com.pe\/noticiero\/#website","url":"https:\/\/aeronoticias.com.pe\/noticiero\/","name":"Aeronoticias.com.pe","description":"Noticias de tranporte aereo, turismo, hoteles, gastronomia, actualidad, internacional","potentialAction":[{"@type":"SearchAction","target":{"@type":"EntryPoint","urlTemplate":"https:\/\/aeronoticias.com.pe\/noticiero\/?s={search_term_string}"},"query-input":{"@type":"PropertyValueSpecification","valueRequired":true,"valueName":"search_term_string"}}],"inLanguage":"es"},{"@type":"Person","@id":"https:\/\/aeronoticias.com.pe\/noticiero\/#\/schema\/person\/fc1e5d578f4b62ba1cf7ac2bba1170a0","name":"Redacci\u00f3n Aeronoticias","url":"https:\/\/aeronoticias.com.pe\/noticiero\/author\/piloto\/"}]}},"_links":{"self":[{"href":"https:\/\/aeronoticias.com.pe\/noticiero\/wp-json\/wp\/v2\/posts\/21268","targetHints":{"allow":["GET"]}}],"collection":[{"href":"https:\/\/aeronoticias.com.pe\/noticiero\/wp-json\/wp\/v2\/posts"}],"about":[{"href":"https:\/\/aeronoticias.com.pe\/noticiero\/wp-json\/wp\/v2\/types\/post"}],"author":[{"embeddable":true,"href":"https:\/\/aeronoticias.com.pe\/noticiero\/wp-json\/wp\/v2\/users\/1"}],"replies":[{"embeddable":true,"href":"https:\/\/aeronoticias.com.pe\/noticiero\/wp-json\/wp\/v2\/comments?post=21268"}],"version-history":[{"count":0,"href":"https:\/\/aeronoticias.com.pe\/noticiero\/wp-json\/wp\/v2\/posts\/21268\/revisions"}],"wp:attachment":[{"href":"https:\/\/aeronoticias.com.pe\/noticiero\/wp-json\/wp\/v2\/media?parent=21268"}],"wp:term":[{"taxonomy":"category","embeddable":true,"href":"https:\/\/aeronoticias.com.pe\/noticiero\/wp-json\/wp\/v2\/categories?post=21268"},{"taxonomy":"post_tag","embeddable":true,"href":"https:\/\/aeronoticias.com.pe\/noticiero\/wp-json\/wp\/v2\/tags?post=21268"}],"curies":[{"name":"wp","href":"https:\/\/api.w.org\/{rel}","templated":true}]}}