{"id":2127,"date":"2009-02-27T08:45:36","date_gmt":"2009-02-27T08:45:36","guid":{"rendered":"http:\/\/desarrollo.mcvicious.com\/aero2020\/2009\/02\/27\/modernizan-seis-aeropuertos-en-el-sur-del-peru\/"},"modified":"2009-02-27T08:45:36","modified_gmt":"2009-02-27T08:45:36","slug":"modernizan-seis-aeropuertos-en-el-sur-del-peru","status":"publish","type":"post","link":"https:\/\/aeronoticias.com.pe\/noticiero\/transporte-aereo\/internacional\/modernizan-seis-aeropuertos-en-el-sur-del-peru\/","title":{"rendered":"MODERNIZAN SEIS AEROPUERTOS EN EL SUR DEL PERU"},"content":{"rendered":"<p align=\"justify\">Cayetana Aljov&iacute;n, directora ejecutiva de la Agencia de Promoci&oacute;n de la Inversi&oacute;n Privada (Proinversi&oacute;n), afirm&oacute; que este a&ntilde;o, se adelantar&aacute; la modernizaci&oacute;n de seis aeropuertos regionales en la zona sur del Per&uacute;, adem&aacute;s de puertos importantes como el de Paita.<\/p>\n<div align=\"center\" style=\"font-size: 10px; font-family: Arial,Helvetica,sans-serif\"><img loading=\"lazy\" decoding=\"async\" src=\"images\/rsgallery\/original\/270209_img03_cayetana.jpg\" alt=\" \" title=\"Modernizan seis aeropuertos en el sur del Per&uacute;\" width=\"400\" height=\"268\" \/><br \/>Cayetana Aljov&iacute;n, directora ejecutiva de Proinversi&oacute;n afirm&oacute; se dar&aacute;n en concesi&oacute;n los seis aeropuertos<\/div>\n<p> <!--more--> <\/p>\n<div align=\"justify\">Y para lograr esto, -afirm&oacute; adem&aacute;s-, se dar&aacute;n en concesi&oacute;n los seis aeropuertos, esto durante el periodo del segundo semestre de este a&ntilde;o.<\/p>\n<p>&nbsp;&ldquo;Andahuaylas (Apur&iacute;mac), Arequipa, Ayacucho, Juliaca (Puno), Puerto Maldonado (Madre de Dios) y Tacna son las terminales a&eacute;reas seleccionadas en el sur del pa&iacute;s, y se encuentran dentro del decreto de urgencia que prioriza las obras de inversi&oacute;n privada y en este momento se tiene ya listo el perfil de los aeropuertos, tiene que pasar por Oficina de Programaci&oacute;n e Inversiones (OPI) del ministerio de Transportes y Comunicaciones&rdquo;, explic&oacute; Aljov&iacute;n. <\/p>\n<p>Adem&aacute;s indic&oacute; que el Gobierno ya avanz&oacute; en la modernizaci&oacute;n de los aeropuertos regionales del norte del pa&iacute;s, por lo que este a&ntilde;o se pondr&aacute; &eacute;nfasis en los terminales a&eacute;reos del sur. <\/p>\n<p>Y refiri&eacute;ndose al aeropuerto del Cusco, indic&oacute; que se viene realizando un estudio de los vientos para determinar una eventual concesi&oacute;n. Adem&aacute;s, sostuvo que a ra&iacute;z de ese estudio se determinar&aacute; una posible construcci&oacute;n de otro terminal a&eacute;reo para satisfacer la creciente demanda. <\/div>\n","protected":false},"excerpt":{"rendered":"<p>Cayetana Aljov&iacute;n, directora ejecutiva de la Agencia de Promoci&oacute;n de la Inversi&oacute;n Privada (Proinversi&oacute;n), afirm&oacute; que este a&ntilde;o, se adelantar&aacute; la modernizaci&oacute;n de seis aeropuertos regionales en la zona sur del Per&uacute;, adem&aacute;s de puertos importantes como el de Paita. Cayetana Aljov&iacute;n, directora ejecutiva de Proinversi&oacute;n afirm&oacute; se dar&aacute;n en concesi&oacute;n los seis aeropuertos<\/p>\n","protected":false},"author":1,"featured_media":0,"comment_status":"open","ping_status":"open","sticky":false,"template":"","format":"standard","meta":{"tdm_status":"","tdm_grid_status":"","footnotes":""},"categories":[32],"tags":[],"class_list":{"0":"post-2127","1":"post","2":"type-post","3":"status-publish","4":"format-standard","6":"category-internacional"},"yoast_head":"<!-- This site is optimized with the Yoast SEO plugin v25.1 - https:\/\/yoast.com\/wordpress\/plugins\/seo\/ -->\n<title>MODERNIZAN SEIS AEROPUERTOS EN EL SUR DEL PERU<\/title>\n<meta name=\"description\" content=\"Portal de noticias del Per\u00fa sobre el transporte a\u00e9reo, aviaci\u00f3n, turismo, hoteleria, actualidad.\" \/>\n<meta name=\"robots\" content=\"index, follow, max-snippet:-1, max-image-preview:large, max-video-preview:-1\" \/>\n<link rel=\"canonical\" href=\"https:\/\/aeronoticias.com.pe\/noticiero\/transporte-aereo\/internacional\/modernizan-seis-aeropuertos-en-el-sur-del-peru\/\" \/>\n<meta property=\"og:locale\" content=\"es_ES\" \/>\n<meta property=\"og:type\" content=\"article\" \/>\n<meta property=\"og:title\" content=\"MODERNIZAN SEIS AEROPUERTOS EN EL SUR DEL PERU\" \/>\n<meta property=\"og:description\" content=\"Portal de noticias del Per\u00fa sobre el transporte a\u00e9reo, aviaci\u00f3n, turismo, hoteleria, actualidad.\" \/>\n<meta property=\"og:url\" content=\"https:\/\/aeronoticias.com.pe\/noticiero\/transporte-aereo\/internacional\/modernizan-seis-aeropuertos-en-el-sur-del-peru\/\" \/>\n<meta property=\"og:site_name\" content=\"Aeronoticias.com.pe\" \/>\n<meta property=\"article:publisher\" content=\"https:\/\/www.facebook.com\/Aeronoticias.com.pe\/\" \/>\n<meta property=\"article:published_time\" content=\"2009-02-27T08:45:36+00:00\" \/>\n<meta name=\"author\" content=\"Redacci\u00f3n Aeronoticias\" \/>\n<meta name=\"twitter:card\" content=\"summary_large_image\" \/>\n<meta name=\"twitter:creator\" content=\"@aeronoticias\" \/>\n<meta name=\"twitter:site\" content=\"@aeronoticias\" \/>\n<meta name=\"twitter:label1\" content=\"Escrito por\" \/>\n\t<meta name=\"twitter:data1\" content=\"Redacci\u00f3n Aeronoticias\" \/>\n\t<meta name=\"twitter:label2\" content=\"Tiempo de lectura\" \/>\n\t<meta name=\"twitter:data2\" content=\"2 minutos\" \/>\n<script type=\"application\/ld+json\" class=\"yoast-schema-graph\">{\"@context\":\"https:\/\/schema.org\",\"@graph\":[{\"@type\":\"WebPage\",\"@id\":\"https:\/\/aeronoticias.com.pe\/noticiero\/transporte-aereo\/internacional\/modernizan-seis-aeropuertos-en-el-sur-del-peru\/\",\"url\":\"https:\/\/aeronoticias.com.pe\/noticiero\/transporte-aereo\/internacional\/modernizan-seis-aeropuertos-en-el-sur-del-peru\/\",\"name\":\"MODERNIZAN SEIS AEROPUERTOS EN EL SUR DEL PERU\",\"isPartOf\":{\"@id\":\"https:\/\/aeronoticias.com.pe\/noticiero\/#website\"},\"datePublished\":\"2009-02-27T08:45:36+00:00\",\"author\":{\"@id\":\"https:\/\/aeronoticias.com.pe\/noticiero\/#\/schema\/person\/fc1e5d578f4b62ba1cf7ac2bba1170a0\"},\"description\":\"Portal de noticias del Per\u00fa sobre el transporte a\u00e9reo, aviaci\u00f3n, turismo, hoteleria, actualidad.\",\"breadcrumb\":{\"@id\":\"https:\/\/aeronoticias.com.pe\/noticiero\/transporte-aereo\/internacional\/modernizan-seis-aeropuertos-en-el-sur-del-peru\/#breadcrumb\"},\"inLanguage\":\"es\",\"potentialAction\":[{\"@type\":\"ReadAction\",\"target\":[\"https:\/\/aeronoticias.com.pe\/noticiero\/transporte-aereo\/internacional\/modernizan-seis-aeropuertos-en-el-sur-del-peru\/\"]}]},{\"@type\":\"BreadcrumbList\",\"@id\":\"https:\/\/aeronoticias.com.pe\/noticiero\/transporte-aereo\/internacional\/modernizan-seis-aeropuertos-en-el-sur-del-peru\/#breadcrumb\",\"itemListElement\":[{\"@type\":\"ListItem\",\"position\":1,\"name\":\"Portada\",\"item\":\"https:\/\/aeronoticias.com.pe\/noticiero\/\"},{\"@type\":\"ListItem\",\"position\":2,\"name\":\"MODERNIZAN SEIS AEROPUERTOS EN EL SUR DEL PERU\"}]},{\"@type\":\"WebSite\",\"@id\":\"https:\/\/aeronoticias.com.pe\/noticiero\/#website\",\"url\":\"https:\/\/aeronoticias.com.pe\/noticiero\/\",\"name\":\"Aeronoticias.com.pe\",\"description\":\"Noticias de tranporte aereo, turismo, hoteles, gastronomia, actualidad, internacional\",\"potentialAction\":[{\"@type\":\"SearchAction\",\"target\":{\"@type\":\"EntryPoint\",\"urlTemplate\":\"https:\/\/aeronoticias.com.pe\/noticiero\/?s={search_term_string}\"},\"query-input\":{\"@type\":\"PropertyValueSpecification\",\"valueRequired\":true,\"valueName\":\"search_term_string\"}}],\"inLanguage\":\"es\"},{\"@type\":\"Person\",\"@id\":\"https:\/\/aeronoticias.com.pe\/noticiero\/#\/schema\/person\/fc1e5d578f4b62ba1cf7ac2bba1170a0\",\"name\":\"Redacci\u00f3n Aeronoticias\",\"url\":\"https:\/\/aeronoticias.com.pe\/noticiero\/author\/piloto\/\"}]}<\/script>\n<!-- \/ Yoast SEO plugin. -->","yoast_head_json":{"title":"MODERNIZAN SEIS AEROPUERTOS EN EL SUR DEL PERU","description":"Portal de noticias del Per\u00fa sobre el transporte a\u00e9reo, aviaci\u00f3n, turismo, hoteleria, actualidad.","robots":{"index":"index","follow":"follow","max-snippet":"max-snippet:-1","max-image-preview":"max-image-preview:large","max-video-preview":"max-video-preview:-1"},"canonical":"https:\/\/aeronoticias.com.pe\/noticiero\/transporte-aereo\/internacional\/modernizan-seis-aeropuertos-en-el-sur-del-peru\/","og_locale":"es_ES","og_type":"article","og_title":"MODERNIZAN SEIS AEROPUERTOS EN EL SUR DEL PERU","og_description":"Portal de noticias del Per\u00fa sobre el transporte a\u00e9reo, aviaci\u00f3n, turismo, hoteleria, actualidad.","og_url":"https:\/\/aeronoticias.com.pe\/noticiero\/transporte-aereo\/internacional\/modernizan-seis-aeropuertos-en-el-sur-del-peru\/","og_site_name":"Aeronoticias.com.pe","article_publisher":"https:\/\/www.facebook.com\/Aeronoticias.com.pe\/","article_published_time":"2009-02-27T08:45:36+00:00","author":"Redacci\u00f3n Aeronoticias","twitter_card":"summary_large_image","twitter_creator":"@aeronoticias","twitter_site":"@aeronoticias","twitter_misc":{"Escrito por":"Redacci\u00f3n Aeronoticias","Tiempo de lectura":"2 minutos"},"schema":{"@context":"https:\/\/schema.org","@graph":[{"@type":"WebPage","@id":"https:\/\/aeronoticias.com.pe\/noticiero\/transporte-aereo\/internacional\/modernizan-seis-aeropuertos-en-el-sur-del-peru\/","url":"https:\/\/aeronoticias.com.pe\/noticiero\/transporte-aereo\/internacional\/modernizan-seis-aeropuertos-en-el-sur-del-peru\/","name":"MODERNIZAN SEIS AEROPUERTOS EN EL SUR DEL PERU","isPartOf":{"@id":"https:\/\/aeronoticias.com.pe\/noticiero\/#website"},"datePublished":"2009-02-27T08:45:36+00:00","author":{"@id":"https:\/\/aeronoticias.com.pe\/noticiero\/#\/schema\/person\/fc1e5d578f4b62ba1cf7ac2bba1170a0"},"description":"Portal de noticias del Per\u00fa sobre el transporte a\u00e9reo, aviaci\u00f3n, turismo, hoteleria, actualidad.","breadcrumb":{"@id":"https:\/\/aeronoticias.com.pe\/noticiero\/transporte-aereo\/internacional\/modernizan-seis-aeropuertos-en-el-sur-del-peru\/#breadcrumb"},"inLanguage":"es","potentialAction":[{"@type":"ReadAction","target":["https:\/\/aeronoticias.com.pe\/noticiero\/transporte-aereo\/internacional\/modernizan-seis-aeropuertos-en-el-sur-del-peru\/"]}]},{"@type":"BreadcrumbList","@id":"https:\/\/aeronoticias.com.pe\/noticiero\/transporte-aereo\/internacional\/modernizan-seis-aeropuertos-en-el-sur-del-peru\/#breadcrumb","itemListElement":[{"@type":"ListItem","position":1,"name":"Portada","item":"https:\/\/aeronoticias.com.pe\/noticiero\/"},{"@type":"ListItem","position":2,"name":"MODERNIZAN SEIS AEROPUERTOS EN EL SUR DEL PERU"}]},{"@type":"WebSite","@id":"https:\/\/aeronoticias.com.pe\/noticiero\/#website","url":"https:\/\/aeronoticias.com.pe\/noticiero\/","name":"Aeronoticias.com.pe","description":"Noticias de tranporte aereo, turismo, hoteles, gastronomia, actualidad, internacional","potentialAction":[{"@type":"SearchAction","target":{"@type":"EntryPoint","urlTemplate":"https:\/\/aeronoticias.com.pe\/noticiero\/?s={search_term_string}"},"query-input":{"@type":"PropertyValueSpecification","valueRequired":true,"valueName":"search_term_string"}}],"inLanguage":"es"},{"@type":"Person","@id":"https:\/\/aeronoticias.com.pe\/noticiero\/#\/schema\/person\/fc1e5d578f4b62ba1cf7ac2bba1170a0","name":"Redacci\u00f3n Aeronoticias","url":"https:\/\/aeronoticias.com.pe\/noticiero\/author\/piloto\/"}]}},"_links":{"self":[{"href":"https:\/\/aeronoticias.com.pe\/noticiero\/wp-json\/wp\/v2\/posts\/2127","targetHints":{"allow":["GET"]}}],"collection":[{"href":"https:\/\/aeronoticias.com.pe\/noticiero\/wp-json\/wp\/v2\/posts"}],"about":[{"href":"https:\/\/aeronoticias.com.pe\/noticiero\/wp-json\/wp\/v2\/types\/post"}],"author":[{"embeddable":true,"href":"https:\/\/aeronoticias.com.pe\/noticiero\/wp-json\/wp\/v2\/users\/1"}],"replies":[{"embeddable":true,"href":"https:\/\/aeronoticias.com.pe\/noticiero\/wp-json\/wp\/v2\/comments?post=2127"}],"version-history":[{"count":0,"href":"https:\/\/aeronoticias.com.pe\/noticiero\/wp-json\/wp\/v2\/posts\/2127\/revisions"}],"wp:attachment":[{"href":"https:\/\/aeronoticias.com.pe\/noticiero\/wp-json\/wp\/v2\/media?parent=2127"}],"wp:term":[{"taxonomy":"category","embeddable":true,"href":"https:\/\/aeronoticias.com.pe\/noticiero\/wp-json\/wp\/v2\/categories?post=2127"},{"taxonomy":"post_tag","embeddable":true,"href":"https:\/\/aeronoticias.com.pe\/noticiero\/wp-json\/wp\/v2\/tags?post=2127"}],"curies":[{"name":"wp","href":"https:\/\/api.w.org\/{rel}","templated":true}]}}