{"id":2128,"date":"2009-02-27T08:46:39","date_gmt":"2009-02-27T08:46:39","guid":{"rendered":"http:\/\/desarrollo.mcvicious.com\/aero2020\/2009\/02\/27\/presidente-de-sony-corp-renunca-por-perdidas-record\/"},"modified":"2009-02-27T08:46:39","modified_gmt":"2009-02-27T08:46:39","slug":"presidente-de-sony-corp-renunca-por-perdidas-record","status":"publish","type":"post","link":"https:\/\/aeronoticias.com.pe\/noticiero\/ultimas\/1\/presidente-de-sony-corp-renunca-por-perdidas-record\/","title":{"rendered":"PRESIDENTE DE SONY CORP. RENUNCA POR PERDIDAS RECORD"},"content":{"rendered":"<p><\/p>\n<div align=\"justify\">Ryoji Chubachi, Presidente de Sony Corp. anunci&oacute; hoy su dimisi&oacute;n&nbsp; de la compa&ntilde;&iacute;a Japonesa, esto a ra&iacute;z de que en el ultimo ejercicio fiscal, Sony Corp. registrara perdidas netas ascendentes a 150.000 millones de yenes, -unos 1.500 millones de d&oacute;lares-, siendo estas en lo que va de la crisis, las perdidas record que arrojan los registros de la empresa japonesa.<\/div>\n<div align=\"justify\">&nbsp;<\/div>\n<div align=\"center\">\n<div style=\"text-align: center\"><img loading=\"lazy\" decoding=\"async\" src=\"http:\/\/www.aeronoticias.com.pe\/fotonoticias\/diciembre\/SONY.jpg\" alt=\" \" title=\"Presidente Sony\" width=\"347\" height=\"246\" \/><\/div>\n<p><\/div>\n<p><\/p>\n<div align=\"center\"><\/div>\n<p> <!--more--> <\/p>\n<div align=\"justify\"> El ahora pas titular de la empresa japonesa abandonar&aacute; el cargo en Abril y ser&aacute; sustituido por el actual director ejecutivo, Howard Stringer.<\/p>\n<p> Sony prev&eacute; para este ejercicio fiscal -que termina el 31 de marzo- p&eacute;rdidas netas de 150.000 millones de yenes -unos 1.500 millones de d&oacute;lares-, un resultado operativo negativo de 260.000 millones de yenes y una facturaci&oacute;n de 7,7 billones de yenes.<br \/> Esto como consecuencia de la r&aacute;pida apreciaci&oacute;n del yen y la ca&iacute;da de las ventas, entre otras razones.<\/p>\n<p> Otras grandes compa&ntilde;&iacute;as japonesas, como Toyota y Honda, ya hab&iacute;an anunciado la sustituci&oacute;n de sus presidentes para junio, para que los nuevos directivos saquen a las empresas de la recesi&oacute;n. <\/p>\n<p> Al parecer es una medida desesperada que se esta convirtiendo en tendencia en las corporaciones, en los &uacute;ltimos tiempos. <\/div>\n","protected":false},"excerpt":{"rendered":"<p>Ryoji Chubachi, Presidente de Sony Corp. anunci&oacute; hoy su dimisi&oacute;n&nbsp; de la compa&ntilde;&iacute;a Japonesa, esto a ra&iacute;z de que en el ultimo ejercicio fiscal, Sony Corp. registrara perdidas netas ascendentes a 150.000 millones de yenes, -unos 1.500 millones de d&oacute;lares-, siendo estas en lo que va de la crisis, las perdidas record que arrojan los [&hellip;]<\/p>\n","protected":false},"author":1,"featured_media":0,"comment_status":"open","ping_status":"open","sticky":false,"template":"","format":"standard","meta":{"tdm_status":"","tdm_grid_status":"","footnotes":""},"categories":[30],"tags":[],"class_list":{"0":"post-2128","1":"post","2":"type-post","3":"status-publish","4":"format-standard","6":"category-30"},"yoast_head":"<!-- This site is optimized with the Yoast SEO plugin v25.1 - https:\/\/yoast.com\/wordpress\/plugins\/seo\/ -->\n<title>PRESIDENTE DE SONY CORP. RENUNCA POR PERDIDAS RECORD<\/title>\n<meta name=\"description\" content=\"Portal de noticias del Per\u00fa sobre el transporte a\u00e9reo, aviaci\u00f3n, turismo, hoteleria, actualidad.\" \/>\n<meta name=\"robots\" content=\"index, follow, max-snippet:-1, max-image-preview:large, max-video-preview:-1\" \/>\n<link rel=\"canonical\" href=\"https:\/\/aeronoticias.com.pe\/noticiero\/ultimas\/1\/presidente-de-sony-corp-renunca-por-perdidas-record\/\" \/>\n<meta property=\"og:locale\" content=\"es_ES\" \/>\n<meta property=\"og:type\" content=\"article\" \/>\n<meta property=\"og:title\" content=\"PRESIDENTE DE SONY CORP. RENUNCA POR PERDIDAS RECORD\" \/>\n<meta property=\"og:description\" content=\"Portal de noticias del Per\u00fa sobre el transporte a\u00e9reo, aviaci\u00f3n, turismo, hoteleria, actualidad.\" \/>\n<meta property=\"og:url\" content=\"https:\/\/aeronoticias.com.pe\/noticiero\/ultimas\/1\/presidente-de-sony-corp-renunca-por-perdidas-record\/\" \/>\n<meta property=\"og:site_name\" content=\"Aeronoticias.com.pe\" \/>\n<meta property=\"article:publisher\" content=\"https:\/\/www.facebook.com\/Aeronoticias.com.pe\/\" \/>\n<meta property=\"article:published_time\" content=\"2009-02-27T08:46:39+00:00\" \/>\n<meta property=\"og:image\" content=\"http:\/\/www.aeronoticias.com.pe\/fotonoticias\/diciembre\/SONY.jpg\" \/>\n<meta name=\"author\" content=\"Redacci\u00f3n Aeronoticias\" \/>\n<meta name=\"twitter:card\" content=\"summary_large_image\" \/>\n<meta name=\"twitter:creator\" content=\"@aeronoticias\" \/>\n<meta name=\"twitter:site\" content=\"@aeronoticias\" \/>\n<meta name=\"twitter:label1\" content=\"Escrito por\" \/>\n\t<meta name=\"twitter:data1\" content=\"Redacci\u00f3n Aeronoticias\" \/>\n\t<meta name=\"twitter:label2\" content=\"Tiempo de lectura\" \/>\n\t<meta name=\"twitter:data2\" content=\"1 minuto\" \/>\n<script type=\"application\/ld+json\" class=\"yoast-schema-graph\">{\"@context\":\"https:\/\/schema.org\",\"@graph\":[{\"@type\":\"WebPage\",\"@id\":\"https:\/\/aeronoticias.com.pe\/noticiero\/ultimas\/1\/presidente-de-sony-corp-renunca-por-perdidas-record\/\",\"url\":\"https:\/\/aeronoticias.com.pe\/noticiero\/ultimas\/1\/presidente-de-sony-corp-renunca-por-perdidas-record\/\",\"name\":\"PRESIDENTE DE SONY CORP. RENUNCA POR PERDIDAS RECORD\",\"isPartOf\":{\"@id\":\"https:\/\/aeronoticias.com.pe\/noticiero\/#website\"},\"primaryImageOfPage\":{\"@id\":\"https:\/\/aeronoticias.com.pe\/noticiero\/ultimas\/1\/presidente-de-sony-corp-renunca-por-perdidas-record\/#primaryimage\"},\"image\":{\"@id\":\"https:\/\/aeronoticias.com.pe\/noticiero\/ultimas\/1\/presidente-de-sony-corp-renunca-por-perdidas-record\/#primaryimage\"},\"thumbnailUrl\":\"http:\/\/www.aeronoticias.com.pe\/fotonoticias\/diciembre\/SONY.jpg\",\"datePublished\":\"2009-02-27T08:46:39+00:00\",\"author\":{\"@id\":\"https:\/\/aeronoticias.com.pe\/noticiero\/#\/schema\/person\/fc1e5d578f4b62ba1cf7ac2bba1170a0\"},\"description\":\"Portal de noticias del Per\u00fa sobre el transporte a\u00e9reo, aviaci\u00f3n, turismo, hoteleria, actualidad.\",\"breadcrumb\":{\"@id\":\"https:\/\/aeronoticias.com.pe\/noticiero\/ultimas\/1\/presidente-de-sony-corp-renunca-por-perdidas-record\/#breadcrumb\"},\"inLanguage\":\"es\",\"potentialAction\":[{\"@type\":\"ReadAction\",\"target\":[\"https:\/\/aeronoticias.com.pe\/noticiero\/ultimas\/1\/presidente-de-sony-corp-renunca-por-perdidas-record\/\"]}]},{\"@type\":\"ImageObject\",\"inLanguage\":\"es\",\"@id\":\"https:\/\/aeronoticias.com.pe\/noticiero\/ultimas\/1\/presidente-de-sony-corp-renunca-por-perdidas-record\/#primaryimage\",\"url\":\"http:\/\/www.aeronoticias.com.pe\/fotonoticias\/diciembre\/SONY.jpg\",\"contentUrl\":\"http:\/\/www.aeronoticias.com.pe\/fotonoticias\/diciembre\/SONY.jpg\"},{\"@type\":\"BreadcrumbList\",\"@id\":\"https:\/\/aeronoticias.com.pe\/noticiero\/ultimas\/1\/presidente-de-sony-corp-renunca-por-perdidas-record\/#breadcrumb\",\"itemListElement\":[{\"@type\":\"ListItem\",\"position\":1,\"name\":\"Portada\",\"item\":\"https:\/\/aeronoticias.com.pe\/noticiero\/\"},{\"@type\":\"ListItem\",\"position\":2,\"name\":\"PRESIDENTE DE SONY CORP. RENUNCA POR PERDIDAS RECORD\"}]},{\"@type\":\"WebSite\",\"@id\":\"https:\/\/aeronoticias.com.pe\/noticiero\/#website\",\"url\":\"https:\/\/aeronoticias.com.pe\/noticiero\/\",\"name\":\"Aeronoticias.com.pe\",\"description\":\"Noticias de tranporte aereo, turismo, hoteles, gastronomia, actualidad, internacional\",\"potentialAction\":[{\"@type\":\"SearchAction\",\"target\":{\"@type\":\"EntryPoint\",\"urlTemplate\":\"https:\/\/aeronoticias.com.pe\/noticiero\/?s={search_term_string}\"},\"query-input\":{\"@type\":\"PropertyValueSpecification\",\"valueRequired\":true,\"valueName\":\"search_term_string\"}}],\"inLanguage\":\"es\"},{\"@type\":\"Person\",\"@id\":\"https:\/\/aeronoticias.com.pe\/noticiero\/#\/schema\/person\/fc1e5d578f4b62ba1cf7ac2bba1170a0\",\"name\":\"Redacci\u00f3n Aeronoticias\",\"url\":\"https:\/\/aeronoticias.com.pe\/noticiero\/author\/piloto\/\"}]}<\/script>\n<!-- \/ Yoast SEO plugin. -->","yoast_head_json":{"title":"PRESIDENTE DE SONY CORP. RENUNCA POR PERDIDAS RECORD","description":"Portal de noticias del Per\u00fa sobre el transporte a\u00e9reo, aviaci\u00f3n, turismo, hoteleria, actualidad.","robots":{"index":"index","follow":"follow","max-snippet":"max-snippet:-1","max-image-preview":"max-image-preview:large","max-video-preview":"max-video-preview:-1"},"canonical":"https:\/\/aeronoticias.com.pe\/noticiero\/ultimas\/1\/presidente-de-sony-corp-renunca-por-perdidas-record\/","og_locale":"es_ES","og_type":"article","og_title":"PRESIDENTE DE SONY CORP. RENUNCA POR PERDIDAS RECORD","og_description":"Portal de noticias del Per\u00fa sobre el transporte a\u00e9reo, aviaci\u00f3n, turismo, hoteleria, actualidad.","og_url":"https:\/\/aeronoticias.com.pe\/noticiero\/ultimas\/1\/presidente-de-sony-corp-renunca-por-perdidas-record\/","og_site_name":"Aeronoticias.com.pe","article_publisher":"https:\/\/www.facebook.com\/Aeronoticias.com.pe\/","article_published_time":"2009-02-27T08:46:39+00:00","og_image":[{"url":"http:\/\/www.aeronoticias.com.pe\/fotonoticias\/diciembre\/SONY.jpg","type":"","width":"","height":""}],"author":"Redacci\u00f3n Aeronoticias","twitter_card":"summary_large_image","twitter_creator":"@aeronoticias","twitter_site":"@aeronoticias","twitter_misc":{"Escrito por":"Redacci\u00f3n Aeronoticias","Tiempo de lectura":"1 minuto"},"schema":{"@context":"https:\/\/schema.org","@graph":[{"@type":"WebPage","@id":"https:\/\/aeronoticias.com.pe\/noticiero\/ultimas\/1\/presidente-de-sony-corp-renunca-por-perdidas-record\/","url":"https:\/\/aeronoticias.com.pe\/noticiero\/ultimas\/1\/presidente-de-sony-corp-renunca-por-perdidas-record\/","name":"PRESIDENTE DE SONY CORP. RENUNCA POR PERDIDAS RECORD","isPartOf":{"@id":"https:\/\/aeronoticias.com.pe\/noticiero\/#website"},"primaryImageOfPage":{"@id":"https:\/\/aeronoticias.com.pe\/noticiero\/ultimas\/1\/presidente-de-sony-corp-renunca-por-perdidas-record\/#primaryimage"},"image":{"@id":"https:\/\/aeronoticias.com.pe\/noticiero\/ultimas\/1\/presidente-de-sony-corp-renunca-por-perdidas-record\/#primaryimage"},"thumbnailUrl":"http:\/\/www.aeronoticias.com.pe\/fotonoticias\/diciembre\/SONY.jpg","datePublished":"2009-02-27T08:46:39+00:00","author":{"@id":"https:\/\/aeronoticias.com.pe\/noticiero\/#\/schema\/person\/fc1e5d578f4b62ba1cf7ac2bba1170a0"},"description":"Portal de noticias del Per\u00fa sobre el transporte a\u00e9reo, aviaci\u00f3n, turismo, hoteleria, actualidad.","breadcrumb":{"@id":"https:\/\/aeronoticias.com.pe\/noticiero\/ultimas\/1\/presidente-de-sony-corp-renunca-por-perdidas-record\/#breadcrumb"},"inLanguage":"es","potentialAction":[{"@type":"ReadAction","target":["https:\/\/aeronoticias.com.pe\/noticiero\/ultimas\/1\/presidente-de-sony-corp-renunca-por-perdidas-record\/"]}]},{"@type":"ImageObject","inLanguage":"es","@id":"https:\/\/aeronoticias.com.pe\/noticiero\/ultimas\/1\/presidente-de-sony-corp-renunca-por-perdidas-record\/#primaryimage","url":"http:\/\/www.aeronoticias.com.pe\/fotonoticias\/diciembre\/SONY.jpg","contentUrl":"http:\/\/www.aeronoticias.com.pe\/fotonoticias\/diciembre\/SONY.jpg"},{"@type":"BreadcrumbList","@id":"https:\/\/aeronoticias.com.pe\/noticiero\/ultimas\/1\/presidente-de-sony-corp-renunca-por-perdidas-record\/#breadcrumb","itemListElement":[{"@type":"ListItem","position":1,"name":"Portada","item":"https:\/\/aeronoticias.com.pe\/noticiero\/"},{"@type":"ListItem","position":2,"name":"PRESIDENTE DE SONY CORP. RENUNCA POR PERDIDAS RECORD"}]},{"@type":"WebSite","@id":"https:\/\/aeronoticias.com.pe\/noticiero\/#website","url":"https:\/\/aeronoticias.com.pe\/noticiero\/","name":"Aeronoticias.com.pe","description":"Noticias de tranporte aereo, turismo, hoteles, gastronomia, actualidad, internacional","potentialAction":[{"@type":"SearchAction","target":{"@type":"EntryPoint","urlTemplate":"https:\/\/aeronoticias.com.pe\/noticiero\/?s={search_term_string}"},"query-input":{"@type":"PropertyValueSpecification","valueRequired":true,"valueName":"search_term_string"}}],"inLanguage":"es"},{"@type":"Person","@id":"https:\/\/aeronoticias.com.pe\/noticiero\/#\/schema\/person\/fc1e5d578f4b62ba1cf7ac2bba1170a0","name":"Redacci\u00f3n Aeronoticias","url":"https:\/\/aeronoticias.com.pe\/noticiero\/author\/piloto\/"}]}},"_links":{"self":[{"href":"https:\/\/aeronoticias.com.pe\/noticiero\/wp-json\/wp\/v2\/posts\/2128","targetHints":{"allow":["GET"]}}],"collection":[{"href":"https:\/\/aeronoticias.com.pe\/noticiero\/wp-json\/wp\/v2\/posts"}],"about":[{"href":"https:\/\/aeronoticias.com.pe\/noticiero\/wp-json\/wp\/v2\/types\/post"}],"author":[{"embeddable":true,"href":"https:\/\/aeronoticias.com.pe\/noticiero\/wp-json\/wp\/v2\/users\/1"}],"replies":[{"embeddable":true,"href":"https:\/\/aeronoticias.com.pe\/noticiero\/wp-json\/wp\/v2\/comments?post=2128"}],"version-history":[{"count":0,"href":"https:\/\/aeronoticias.com.pe\/noticiero\/wp-json\/wp\/v2\/posts\/2128\/revisions"}],"wp:attachment":[{"href":"https:\/\/aeronoticias.com.pe\/noticiero\/wp-json\/wp\/v2\/media?parent=2128"}],"wp:term":[{"taxonomy":"category","embeddable":true,"href":"https:\/\/aeronoticias.com.pe\/noticiero\/wp-json\/wp\/v2\/categories?post=2128"},{"taxonomy":"post_tag","embeddable":true,"href":"https:\/\/aeronoticias.com.pe\/noticiero\/wp-json\/wp\/v2\/tags?post=2128"}],"curies":[{"name":"wp","href":"https:\/\/api.w.org\/{rel}","templated":true}]}}