{"id":213,"date":"2008-08-12T11:15:09","date_gmt":"2008-08-12T11:15:09","guid":{"rendered":"http:\/\/desarrollo.mcvicious.com\/aero2020\/2008\/08\/12\/cinco-marcas-mundiales-compiten-por-hotel-5-estrellas-en-san-isidro\/"},"modified":"2008-08-12T11:15:09","modified_gmt":"2008-08-12T11:15:09","slug":"cinco-marcas-mundiales-compiten-por-hotel-5-estrellas-en-san-isidro","status":"publish","type":"post","link":"https:\/\/aeronoticias.com.pe\/noticiero\/turismo\/13\/cinco-marcas-mundiales-compiten-por-hotel-5-estrellas-en-san-isidro\/","title":{"rendered":"Cinco marcas mundiales compiten por hotel 5 estrellas en San Isidro"},"content":{"rendered":"<blockquote>\n<p align=\"justify\">Cinco marcas de hoteles de categor&iacute;a mundial, entre ellas el Grupo Trump, compiten por manejar el antiguo local del colegio Maristas, ubicado en el cruce de la avenida Camino Real y Choquehuanca, en el distrito lime&ntilde;o de San Isidro, donde se har&aacute; un centro comercial y sobre &eacute;l un hotel de 5 estrellas.<\/p>\n<p align=\"justify\">Seg&uacute;n el director gerente de la filial peruana de Colliers International, Eric Rey de Castro, la obra se denominar&aacute; Parque El Golf y demandar&aacute; una inversi&oacute;n entre US$70 y US$80 millones, que estar&aacute; viendo la luz en enero del 2010, y sobre el centro comercial -donde se vender&aacute;n marcas exclusivas- que construir&aacute; Parque Arauco (due&ntilde;a de Mega Plaza) e Inversiones Centenario (del Grupo Credicorp) se construir&aacute;n dos torres de 18 pisos para oficinas.<\/p>\n<div style=\"text-align: center\"><img loading=\"lazy\" decoding=\"async\" src=\"http:\/\/aeronoticias.com.pe\/fotonoticias\/agosto\/colliers.jpg\" alt=\" \" title=\"Cinco marcas mundiales compiten por un 5 estrellas en San Isidro. (Foto: Internet)\" hspace=\"5\" vspace=\"5\" width=\"230\" height=\"96\" \/><\/div>\n<\/blockquote>\n<p> <!--more--> <\/p>\n<blockquote>\n<p align=\"justify\">Rey de Castro se abstuvo de detallar al diario Correo que marcas est&aacute;n detr&aacute;s de este nuevo cinco estrellas que se construir&aacute; en el coraz&oacute;n de San Isidro.<\/p>\n<p align=\"justify\">Como se conoce, Donald Trump es el consejero delegado (CEO) de Trump Organization, una compa&ntilde;&iacute;a inmobiliaria, y fundador de Trump Entertainment, empresa dedicada a operar casinos.<\/p>\n<\/blockquote>\n","protected":false},"excerpt":{"rendered":"<p>Cinco marcas de hoteles de categor&iacute;a mundial, entre ellas el Grupo Trump, compiten por manejar el antiguo local del colegio Maristas, ubicado en el cruce de la avenida Camino Real y Choquehuanca, en el distrito lime&ntilde;o de San Isidro, donde se har&aacute; un centro comercial y sobre &eacute;l un hotel de 5 estrellas. Seg&uacute;n el [&hellip;]<\/p>\n","protected":false},"author":1,"featured_media":0,"comment_status":"open","ping_status":"open","sticky":false,"template":"","format":"standard","meta":{"tdm_status":"","tdm_grid_status":"","footnotes":""},"categories":[31],"tags":[],"class_list":{"0":"post-213","1":"post","2":"type-post","3":"status-publish","4":"format-standard","6":"category-31"},"yoast_head":"<!-- This site is optimized with the Yoast SEO plugin v25.1 - https:\/\/yoast.com\/wordpress\/plugins\/seo\/ -->\n<title>Cinco marcas mundiales compiten por hotel 5 estrellas en San Isidro<\/title>\n<meta name=\"description\" content=\"Portal de noticias del Per\u00fa sobre el transporte a\u00e9reo, aviaci\u00f3n, turismo, hoteleria, actualidad.\" \/>\n<meta name=\"robots\" content=\"index, follow, max-snippet:-1, max-image-preview:large, max-video-preview:-1\" \/>\n<link rel=\"canonical\" href=\"https:\/\/aeronoticias.com.pe\/noticiero\/turismo\/13\/cinco-marcas-mundiales-compiten-por-hotel-5-estrellas-en-san-isidro\/\" \/>\n<meta property=\"og:locale\" content=\"es_ES\" \/>\n<meta property=\"og:type\" content=\"article\" \/>\n<meta property=\"og:title\" content=\"Cinco marcas mundiales compiten por hotel 5 estrellas en San Isidro\" \/>\n<meta property=\"og:description\" content=\"Portal de noticias del Per\u00fa sobre el transporte a\u00e9reo, aviaci\u00f3n, turismo, hoteleria, actualidad.\" \/>\n<meta property=\"og:url\" content=\"https:\/\/aeronoticias.com.pe\/noticiero\/turismo\/13\/cinco-marcas-mundiales-compiten-por-hotel-5-estrellas-en-san-isidro\/\" \/>\n<meta property=\"og:site_name\" content=\"Aeronoticias.com.pe\" \/>\n<meta property=\"article:publisher\" content=\"https:\/\/www.facebook.com\/Aeronoticias.com.pe\/\" \/>\n<meta property=\"article:published_time\" content=\"2008-08-12T11:15:09+00:00\" \/>\n<meta property=\"og:image\" content=\"http:\/\/aeronoticias.com.pe\/fotonoticias\/agosto\/colliers.jpg\" \/>\n<meta name=\"author\" content=\"Redacci\u00f3n Aeronoticias\" \/>\n<meta name=\"twitter:card\" content=\"summary_large_image\" \/>\n<meta name=\"twitter:creator\" content=\"@aeronoticias\" \/>\n<meta name=\"twitter:site\" content=\"@aeronoticias\" \/>\n<meta name=\"twitter:label1\" content=\"Escrito por\" \/>\n\t<meta name=\"twitter:data1\" content=\"Redacci\u00f3n Aeronoticias\" \/>\n\t<meta name=\"twitter:label2\" content=\"Tiempo de lectura\" \/>\n\t<meta name=\"twitter:data2\" content=\"1 minuto\" \/>\n<script type=\"application\/ld+json\" class=\"yoast-schema-graph\">{\"@context\":\"https:\/\/schema.org\",\"@graph\":[{\"@type\":\"WebPage\",\"@id\":\"https:\/\/aeronoticias.com.pe\/noticiero\/turismo\/13\/cinco-marcas-mundiales-compiten-por-hotel-5-estrellas-en-san-isidro\/\",\"url\":\"https:\/\/aeronoticias.com.pe\/noticiero\/turismo\/13\/cinco-marcas-mundiales-compiten-por-hotel-5-estrellas-en-san-isidro\/\",\"name\":\"Cinco marcas mundiales compiten por hotel 5 estrellas en San Isidro\",\"isPartOf\":{\"@id\":\"https:\/\/aeronoticias.com.pe\/noticiero\/#website\"},\"primaryImageOfPage\":{\"@id\":\"https:\/\/aeronoticias.com.pe\/noticiero\/turismo\/13\/cinco-marcas-mundiales-compiten-por-hotel-5-estrellas-en-san-isidro\/#primaryimage\"},\"image\":{\"@id\":\"https:\/\/aeronoticias.com.pe\/noticiero\/turismo\/13\/cinco-marcas-mundiales-compiten-por-hotel-5-estrellas-en-san-isidro\/#primaryimage\"},\"thumbnailUrl\":\"http:\/\/aeronoticias.com.pe\/fotonoticias\/agosto\/colliers.jpg\",\"datePublished\":\"2008-08-12T11:15:09+00:00\",\"author\":{\"@id\":\"https:\/\/aeronoticias.com.pe\/noticiero\/#\/schema\/person\/fc1e5d578f4b62ba1cf7ac2bba1170a0\"},\"description\":\"Portal de noticias del Per\u00fa sobre el transporte a\u00e9reo, aviaci\u00f3n, turismo, hoteleria, actualidad.\",\"breadcrumb\":{\"@id\":\"https:\/\/aeronoticias.com.pe\/noticiero\/turismo\/13\/cinco-marcas-mundiales-compiten-por-hotel-5-estrellas-en-san-isidro\/#breadcrumb\"},\"inLanguage\":\"es\",\"potentialAction\":[{\"@type\":\"ReadAction\",\"target\":[\"https:\/\/aeronoticias.com.pe\/noticiero\/turismo\/13\/cinco-marcas-mundiales-compiten-por-hotel-5-estrellas-en-san-isidro\/\"]}]},{\"@type\":\"ImageObject\",\"inLanguage\":\"es\",\"@id\":\"https:\/\/aeronoticias.com.pe\/noticiero\/turismo\/13\/cinco-marcas-mundiales-compiten-por-hotel-5-estrellas-en-san-isidro\/#primaryimage\",\"url\":\"http:\/\/aeronoticias.com.pe\/fotonoticias\/agosto\/colliers.jpg\",\"contentUrl\":\"http:\/\/aeronoticias.com.pe\/fotonoticias\/agosto\/colliers.jpg\"},{\"@type\":\"BreadcrumbList\",\"@id\":\"https:\/\/aeronoticias.com.pe\/noticiero\/turismo\/13\/cinco-marcas-mundiales-compiten-por-hotel-5-estrellas-en-san-isidro\/#breadcrumb\",\"itemListElement\":[{\"@type\":\"ListItem\",\"position\":1,\"name\":\"Portada\",\"item\":\"https:\/\/aeronoticias.com.pe\/noticiero\/\"},{\"@type\":\"ListItem\",\"position\":2,\"name\":\"Cinco marcas mundiales compiten por hotel 5 estrellas en San Isidro\"}]},{\"@type\":\"WebSite\",\"@id\":\"https:\/\/aeronoticias.com.pe\/noticiero\/#website\",\"url\":\"https:\/\/aeronoticias.com.pe\/noticiero\/\",\"name\":\"Aeronoticias.com.pe\",\"description\":\"Noticias de tranporte aereo, turismo, hoteles, gastronomia, actualidad, internacional\",\"potentialAction\":[{\"@type\":\"SearchAction\",\"target\":{\"@type\":\"EntryPoint\",\"urlTemplate\":\"https:\/\/aeronoticias.com.pe\/noticiero\/?s={search_term_string}\"},\"query-input\":{\"@type\":\"PropertyValueSpecification\",\"valueRequired\":true,\"valueName\":\"search_term_string\"}}],\"inLanguage\":\"es\"},{\"@type\":\"Person\",\"@id\":\"https:\/\/aeronoticias.com.pe\/noticiero\/#\/schema\/person\/fc1e5d578f4b62ba1cf7ac2bba1170a0\",\"name\":\"Redacci\u00f3n Aeronoticias\",\"url\":\"https:\/\/aeronoticias.com.pe\/noticiero\/author\/piloto\/\"}]}<\/script>\n<!-- \/ Yoast SEO plugin. -->","yoast_head_json":{"title":"Cinco marcas mundiales compiten por hotel 5 estrellas en San Isidro","description":"Portal de noticias del Per\u00fa sobre el transporte a\u00e9reo, aviaci\u00f3n, turismo, hoteleria, actualidad.","robots":{"index":"index","follow":"follow","max-snippet":"max-snippet:-1","max-image-preview":"max-image-preview:large","max-video-preview":"max-video-preview:-1"},"canonical":"https:\/\/aeronoticias.com.pe\/noticiero\/turismo\/13\/cinco-marcas-mundiales-compiten-por-hotel-5-estrellas-en-san-isidro\/","og_locale":"es_ES","og_type":"article","og_title":"Cinco marcas mundiales compiten por hotel 5 estrellas en San Isidro","og_description":"Portal de noticias del Per\u00fa sobre el transporte a\u00e9reo, aviaci\u00f3n, turismo, hoteleria, actualidad.","og_url":"https:\/\/aeronoticias.com.pe\/noticiero\/turismo\/13\/cinco-marcas-mundiales-compiten-por-hotel-5-estrellas-en-san-isidro\/","og_site_name":"Aeronoticias.com.pe","article_publisher":"https:\/\/www.facebook.com\/Aeronoticias.com.pe\/","article_published_time":"2008-08-12T11:15:09+00:00","og_image":[{"url":"http:\/\/aeronoticias.com.pe\/fotonoticias\/agosto\/colliers.jpg","type":"","width":"","height":""}],"author":"Redacci\u00f3n Aeronoticias","twitter_card":"summary_large_image","twitter_creator":"@aeronoticias","twitter_site":"@aeronoticias","twitter_misc":{"Escrito por":"Redacci\u00f3n Aeronoticias","Tiempo de lectura":"1 minuto"},"schema":{"@context":"https:\/\/schema.org","@graph":[{"@type":"WebPage","@id":"https:\/\/aeronoticias.com.pe\/noticiero\/turismo\/13\/cinco-marcas-mundiales-compiten-por-hotel-5-estrellas-en-san-isidro\/","url":"https:\/\/aeronoticias.com.pe\/noticiero\/turismo\/13\/cinco-marcas-mundiales-compiten-por-hotel-5-estrellas-en-san-isidro\/","name":"Cinco marcas mundiales compiten por hotel 5 estrellas en San Isidro","isPartOf":{"@id":"https:\/\/aeronoticias.com.pe\/noticiero\/#website"},"primaryImageOfPage":{"@id":"https:\/\/aeronoticias.com.pe\/noticiero\/turismo\/13\/cinco-marcas-mundiales-compiten-por-hotel-5-estrellas-en-san-isidro\/#primaryimage"},"image":{"@id":"https:\/\/aeronoticias.com.pe\/noticiero\/turismo\/13\/cinco-marcas-mundiales-compiten-por-hotel-5-estrellas-en-san-isidro\/#primaryimage"},"thumbnailUrl":"http:\/\/aeronoticias.com.pe\/fotonoticias\/agosto\/colliers.jpg","datePublished":"2008-08-12T11:15:09+00:00","author":{"@id":"https:\/\/aeronoticias.com.pe\/noticiero\/#\/schema\/person\/fc1e5d578f4b62ba1cf7ac2bba1170a0"},"description":"Portal de noticias del Per\u00fa sobre el transporte a\u00e9reo, aviaci\u00f3n, turismo, hoteleria, actualidad.","breadcrumb":{"@id":"https:\/\/aeronoticias.com.pe\/noticiero\/turismo\/13\/cinco-marcas-mundiales-compiten-por-hotel-5-estrellas-en-san-isidro\/#breadcrumb"},"inLanguage":"es","potentialAction":[{"@type":"ReadAction","target":["https:\/\/aeronoticias.com.pe\/noticiero\/turismo\/13\/cinco-marcas-mundiales-compiten-por-hotel-5-estrellas-en-san-isidro\/"]}]},{"@type":"ImageObject","inLanguage":"es","@id":"https:\/\/aeronoticias.com.pe\/noticiero\/turismo\/13\/cinco-marcas-mundiales-compiten-por-hotel-5-estrellas-en-san-isidro\/#primaryimage","url":"http:\/\/aeronoticias.com.pe\/fotonoticias\/agosto\/colliers.jpg","contentUrl":"http:\/\/aeronoticias.com.pe\/fotonoticias\/agosto\/colliers.jpg"},{"@type":"BreadcrumbList","@id":"https:\/\/aeronoticias.com.pe\/noticiero\/turismo\/13\/cinco-marcas-mundiales-compiten-por-hotel-5-estrellas-en-san-isidro\/#breadcrumb","itemListElement":[{"@type":"ListItem","position":1,"name":"Portada","item":"https:\/\/aeronoticias.com.pe\/noticiero\/"},{"@type":"ListItem","position":2,"name":"Cinco marcas mundiales compiten por hotel 5 estrellas en San Isidro"}]},{"@type":"WebSite","@id":"https:\/\/aeronoticias.com.pe\/noticiero\/#website","url":"https:\/\/aeronoticias.com.pe\/noticiero\/","name":"Aeronoticias.com.pe","description":"Noticias de tranporte aereo, turismo, hoteles, gastronomia, actualidad, internacional","potentialAction":[{"@type":"SearchAction","target":{"@type":"EntryPoint","urlTemplate":"https:\/\/aeronoticias.com.pe\/noticiero\/?s={search_term_string}"},"query-input":{"@type":"PropertyValueSpecification","valueRequired":true,"valueName":"search_term_string"}}],"inLanguage":"es"},{"@type":"Person","@id":"https:\/\/aeronoticias.com.pe\/noticiero\/#\/schema\/person\/fc1e5d578f4b62ba1cf7ac2bba1170a0","name":"Redacci\u00f3n Aeronoticias","url":"https:\/\/aeronoticias.com.pe\/noticiero\/author\/piloto\/"}]}},"_links":{"self":[{"href":"https:\/\/aeronoticias.com.pe\/noticiero\/wp-json\/wp\/v2\/posts\/213","targetHints":{"allow":["GET"]}}],"collection":[{"href":"https:\/\/aeronoticias.com.pe\/noticiero\/wp-json\/wp\/v2\/posts"}],"about":[{"href":"https:\/\/aeronoticias.com.pe\/noticiero\/wp-json\/wp\/v2\/types\/post"}],"author":[{"embeddable":true,"href":"https:\/\/aeronoticias.com.pe\/noticiero\/wp-json\/wp\/v2\/users\/1"}],"replies":[{"embeddable":true,"href":"https:\/\/aeronoticias.com.pe\/noticiero\/wp-json\/wp\/v2\/comments?post=213"}],"version-history":[{"count":0,"href":"https:\/\/aeronoticias.com.pe\/noticiero\/wp-json\/wp\/v2\/posts\/213\/revisions"}],"wp:attachment":[{"href":"https:\/\/aeronoticias.com.pe\/noticiero\/wp-json\/wp\/v2\/media?parent=213"}],"wp:term":[{"taxonomy":"category","embeddable":true,"href":"https:\/\/aeronoticias.com.pe\/noticiero\/wp-json\/wp\/v2\/categories?post=213"},{"taxonomy":"post_tag","embeddable":true,"href":"https:\/\/aeronoticias.com.pe\/noticiero\/wp-json\/wp\/v2\/tags?post=213"}],"curies":[{"name":"wp","href":"https:\/\/api.w.org\/{rel}","templated":true}]}}