{"id":2130,"date":"2009-02-27T09:09:59","date_gmt":"2009-02-27T09:09:59","guid":{"rendered":"http:\/\/desarrollo.mcvicious.com\/aero2020\/2009\/02\/27\/procurador-del-congreso-del-per-denuncio-penalmente-a-lan-por-discriminacion\/"},"modified":"2009-02-27T09:09:59","modified_gmt":"2009-02-27T09:09:59","slug":"procurador-del-congreso-del-per-denuncio-penalmente-a-lan-por-discriminacion","status":"publish","type":"post","link":"https:\/\/aeronoticias.com.pe\/noticiero\/ultimas\/1\/procurador-del-congreso-del-per-denuncio-penalmente-a-lan-por-discriminacion\/","title":{"rendered":"PROCURADOR DEL CONGRESO DEL PER"},"content":{"rendered":"<p>El Procurador P&uacute;blico del Estado a cargo del Poder Legislativo, Dr. Julio Ubillus Soriano interpuso ante la Fiscal de la Naci&oacute;n, denuncia penal contra los directivos de LAN PER&Uacute; por discriminaci&oacute;n y obstrucci&oacute;n a la funci&oacute;n parlamentaria. <\/p>\n<div align=\"center\"><img loading=\"lazy\" decoding=\"async\" src=\"http:\/\/www.aeronoticias.com.pe\/fotonoticias\/0109\/02\/270209\/congreso.jpg\" alt=\" \" title=\"PROCURADOR DEL CONGRESO DEL PER&Uacute;, DENUNCIO PENALMENTE A LAN POR DISCRIMINACION \" width=\"400\" height=\"268\" \/><\/div>\n<p> <!--more--> <\/p>\n<div align=\"justify\">Los fundamentos de esta denuncia penal est&aacute;n esgrimidos en 9 p&aacute;ginas y 16 medios probatorios, anexos que ser&aacute;n materia de una conferencia de prensa que ofrecer&aacute; la congresista de la bancada Nacionalista por el Departamento de Puno, Ing. Susana Vilca Achata acompa&ntilde;ada de su bancada, la misma que se realizar&aacute; el d&iacute;a de hoy viernes 27 de febrero del 2009, a las 11.00 a.m., en la Sala Mohme del Congreso de la Rep&uacute;blica del Per&uacute; y que ser&aacute; televisada en directo por el canal 56 Cable M&aacute;gico, canal del Congreso de la Rep&uacute;blica.<\/p>\n<p>Seg&uacute;n el Procurador p&uacute;blico del Poder Legislativo en su denuncia considera que habr&iacute;a habido una conducta dolosa de los denunciados LAN PER&Uacute; que se agravar&iacute;a por el hecho que luego de que la se&ntilde;ora Congresista Susana Vilca Achata se chequeara en el counter, ocupara el asiento 1-B de la aeronave de LAN PER&Uacute; del vuelo 111 el 1&ordm; de febrero del 2009 en la ruta Lima Juliaca fuera desembarcada en tanto ingresaban otros pasajeros.<\/p>\n<p>Por su parte el ministro de Transportes y Comunicaciones, Enrique Cornejo expidi&oacute; un informe de la Direcci&oacute;n General de Aeron&aacute;utica Civil que prueba que LAN PER&Uacute; en el referido vuelo ten&iacute;a la posibilidad de embarcar un pasajero m&aacute;s u 81 kilos de carga lo que prueba las faltas cometidas por esta empresa de aviaci&oacute;n.<\/p>\n<p>La Corporaci&oacute;n Peruana de Aeropuertos y Aviaci&oacute;n Comercial CORPAC y LAP remitieron adem&aacute;s el plan de vuelo y la lista de pasajeros que prueba que en el rubro &ldquo;underload before&rdquo; se consign&oacute; que LAN PERU pod&iacute;a embarcar a un pasajero m&aacute;s o 81 kilos de carga, es por ello que este documento que es una declaraci&oacute;n jurada de LAN ante CORPAC para realizar el vuelo, plantea la presunci&oacute;n que la congresista de la Rep&uacute;blica que representa a la Regi&oacute;n Puno, Susana Vilca Achata fue discriminada por esta empresa de capitales chilenos.<\/p>\n<p>LAN PER&Uacute; a trav&eacute;s de su presidente del Directorio, Dr. Emilio Rodriguez Larrain remiti&oacute; a la congresista Susana Vilca Achata un informe que trat&oacute; de justificar que LAN hab&iacute;a cerrado el vuelo con la finalidad de realizar el calculo de peso y balance de la aeronave, lo que no se ajustar&iacute;a a la verdad, ya que seg&uacute;n el plan de vuelo presentado por LAN a CORPAC el mismo fue registrado a las &ldquo;time 12.07, que es hora ZULU que se utiliza en la aviaci&oacute;n y que es las 7.07 de la ma&ntilde;ana.&nbsp; Este argumento de LAN ser&iacute;a inexacto, en raz&oacute;n&nbsp;que&nbsp;probar&iacute;a que con el plan de vuelo de LAN PER&Uacute; y seg&uacute;n medios probatorios que se presentar&aacute;n en la Conferencia de Prensa del d&iacute;a de hoy, el Procurador P&uacute;blico habr&iacute;a demostrado en su denuncia que LAN ten&iacute;a la obligaci&oacute;n de no proceder al desembarco de una congresista ya que se estaba obstruyendo su funci&oacute;n parlamentaria y se podr&iacute;a incurrir en delitos de discriminaci&oacute;n previsto en el Art. 323 del C&oacute;digo Penal Peruano y en obstrucci&oacute;n a la funci&oacute;n parlamentaria previstos en dicho cuerpo legal.<\/p>\n<p>Estos documentos probar&iacute;an fehacientemente que LAN PER&Uacute; viol&oacute; los derechos del consumidor y debe ser sancionado por INDECOPI con una multa de hasta 300 UIT, tendr&iacute;a responsabilidad civil por da&ntilde;o moral, en donde hoy afronta un juicio ante el Juez en lo Civil de Lima por 1 mill&oacute;n de d&oacute;lares, lo que tiene un correlato con otra multa que le impuso el gobierno de los Estados Unidos a LAN CARGO el mes pasado por 58 millones de d&oacute;lares que influir&aacute;n en los balances y contingencias de este exitoso grupo empresarial que preside el virtual candidato a la presidencia de Chile, Sebasti&aacute;n Pi&ntilde;era y que en el 2009 por estas contingencias tendr&iacute;a que arrojar menos utilidades. <\/p>\n<p><a href=\"http:\/\/www.aeronoticias.com.pe\/fotonoticias\/0109\/02\/270209\/anuncio.html\" target=\"_blank\" rel=\"noopener noreferrer\">Hacer click para ver la Resoluci&oacute;n Autoritativa&nbsp; N&ordm; 078-2008-2009-OM\/CR del Congreso de la Rep&uacute;blica&nbsp;del Per&uacute;&nbsp;<\/a><\/div>\n","protected":false},"excerpt":{"rendered":"<p>El Procurador P&uacute;blico del Estado a cargo del Poder Legislativo, Dr. Julio Ubillus Soriano interpuso ante la Fiscal de la Naci&oacute;n, denuncia penal contra los directivos de LAN PER&Uacute; por discriminaci&oacute;n y obstrucci&oacute;n a la funci&oacute;n parlamentaria.<\/p>\n","protected":false},"author":1,"featured_media":0,"comment_status":"open","ping_status":"open","sticky":false,"template":"","format":"standard","meta":{"tdm_status":"","tdm_grid_status":"","footnotes":""},"categories":[30],"tags":[],"class_list":{"0":"post-2130","1":"post","2":"type-post","3":"status-publish","4":"format-standard","6":"category-30"},"yoast_head":"<!-- This site is optimized with the Yoast SEO plugin v25.1 - https:\/\/yoast.com\/wordpress\/plugins\/seo\/ -->\n<title>PROCURADOR DEL CONGRESO DEL PER<\/title>\n<meta name=\"description\" content=\"Portal de noticias del Per\u00fa sobre el transporte a\u00e9reo, aviaci\u00f3n, turismo, hoteleria, actualidad.\" \/>\n<meta name=\"robots\" content=\"index, follow, max-snippet:-1, max-image-preview:large, max-video-preview:-1\" \/>\n<link rel=\"canonical\" href=\"https:\/\/aeronoticias.com.pe\/noticiero\/ultimas\/1\/procurador-del-congreso-del-per-denuncio-penalmente-a-lan-por-discriminacion\/\" \/>\n<meta property=\"og:locale\" content=\"es_ES\" \/>\n<meta property=\"og:type\" content=\"article\" \/>\n<meta property=\"og:title\" content=\"PROCURADOR DEL CONGRESO DEL PER\" \/>\n<meta property=\"og:description\" content=\"Portal de noticias del Per\u00fa sobre el transporte a\u00e9reo, aviaci\u00f3n, turismo, hoteleria, actualidad.\" \/>\n<meta property=\"og:url\" content=\"https:\/\/aeronoticias.com.pe\/noticiero\/ultimas\/1\/procurador-del-congreso-del-per-denuncio-penalmente-a-lan-por-discriminacion\/\" \/>\n<meta property=\"og:site_name\" content=\"Aeronoticias.com.pe\" \/>\n<meta property=\"article:publisher\" content=\"https:\/\/www.facebook.com\/Aeronoticias.com.pe\/\" \/>\n<meta property=\"article:published_time\" content=\"2009-02-27T09:09:59+00:00\" \/>\n<meta property=\"og:image\" content=\"http:\/\/www.aeronoticias.com.pe\/fotonoticias\/0109\/02\/270209\/congreso.jpg\" \/>\n<meta name=\"author\" content=\"Redacci\u00f3n Aeronoticias\" \/>\n<meta name=\"twitter:card\" content=\"summary_large_image\" \/>\n<meta name=\"twitter:creator\" content=\"@aeronoticias\" \/>\n<meta name=\"twitter:site\" content=\"@aeronoticias\" \/>\n<meta name=\"twitter:label1\" content=\"Escrito por\" \/>\n\t<meta name=\"twitter:data1\" content=\"Redacci\u00f3n Aeronoticias\" \/>\n\t<meta name=\"twitter:label2\" content=\"Tiempo de lectura\" \/>\n\t<meta name=\"twitter:data2\" content=\"4 minutos\" \/>\n<script type=\"application\/ld+json\" class=\"yoast-schema-graph\">{\"@context\":\"https:\/\/schema.org\",\"@graph\":[{\"@type\":\"WebPage\",\"@id\":\"https:\/\/aeronoticias.com.pe\/noticiero\/ultimas\/1\/procurador-del-congreso-del-per-denuncio-penalmente-a-lan-por-discriminacion\/\",\"url\":\"https:\/\/aeronoticias.com.pe\/noticiero\/ultimas\/1\/procurador-del-congreso-del-per-denuncio-penalmente-a-lan-por-discriminacion\/\",\"name\":\"PROCURADOR DEL CONGRESO DEL PER\",\"isPartOf\":{\"@id\":\"https:\/\/aeronoticias.com.pe\/noticiero\/#website\"},\"primaryImageOfPage\":{\"@id\":\"https:\/\/aeronoticias.com.pe\/noticiero\/ultimas\/1\/procurador-del-congreso-del-per-denuncio-penalmente-a-lan-por-discriminacion\/#primaryimage\"},\"image\":{\"@id\":\"https:\/\/aeronoticias.com.pe\/noticiero\/ultimas\/1\/procurador-del-congreso-del-per-denuncio-penalmente-a-lan-por-discriminacion\/#primaryimage\"},\"thumbnailUrl\":\"http:\/\/www.aeronoticias.com.pe\/fotonoticias\/0109\/02\/270209\/congreso.jpg\",\"datePublished\":\"2009-02-27T09:09:59+00:00\",\"author\":{\"@id\":\"https:\/\/aeronoticias.com.pe\/noticiero\/#\/schema\/person\/fc1e5d578f4b62ba1cf7ac2bba1170a0\"},\"description\":\"Portal de noticias del Per\u00fa sobre el transporte a\u00e9reo, aviaci\u00f3n, turismo, hoteleria, actualidad.\",\"breadcrumb\":{\"@id\":\"https:\/\/aeronoticias.com.pe\/noticiero\/ultimas\/1\/procurador-del-congreso-del-per-denuncio-penalmente-a-lan-por-discriminacion\/#breadcrumb\"},\"inLanguage\":\"es\",\"potentialAction\":[{\"@type\":\"ReadAction\",\"target\":[\"https:\/\/aeronoticias.com.pe\/noticiero\/ultimas\/1\/procurador-del-congreso-del-per-denuncio-penalmente-a-lan-por-discriminacion\/\"]}]},{\"@type\":\"ImageObject\",\"inLanguage\":\"es\",\"@id\":\"https:\/\/aeronoticias.com.pe\/noticiero\/ultimas\/1\/procurador-del-congreso-del-per-denuncio-penalmente-a-lan-por-discriminacion\/#primaryimage\",\"url\":\"http:\/\/www.aeronoticias.com.pe\/fotonoticias\/0109\/02\/270209\/congreso.jpg\",\"contentUrl\":\"http:\/\/www.aeronoticias.com.pe\/fotonoticias\/0109\/02\/270209\/congreso.jpg\"},{\"@type\":\"BreadcrumbList\",\"@id\":\"https:\/\/aeronoticias.com.pe\/noticiero\/ultimas\/1\/procurador-del-congreso-del-per-denuncio-penalmente-a-lan-por-discriminacion\/#breadcrumb\",\"itemListElement\":[{\"@type\":\"ListItem\",\"position\":1,\"name\":\"Portada\",\"item\":\"https:\/\/aeronoticias.com.pe\/noticiero\/\"},{\"@type\":\"ListItem\",\"position\":2,\"name\":\"PROCURADOR DEL CONGRESO DEL PER\"}]},{\"@type\":\"WebSite\",\"@id\":\"https:\/\/aeronoticias.com.pe\/noticiero\/#website\",\"url\":\"https:\/\/aeronoticias.com.pe\/noticiero\/\",\"name\":\"Aeronoticias.com.pe\",\"description\":\"Noticias de tranporte aereo, turismo, hoteles, gastronomia, actualidad, internacional\",\"potentialAction\":[{\"@type\":\"SearchAction\",\"target\":{\"@type\":\"EntryPoint\",\"urlTemplate\":\"https:\/\/aeronoticias.com.pe\/noticiero\/?s={search_term_string}\"},\"query-input\":{\"@type\":\"PropertyValueSpecification\",\"valueRequired\":true,\"valueName\":\"search_term_string\"}}],\"inLanguage\":\"es\"},{\"@type\":\"Person\",\"@id\":\"https:\/\/aeronoticias.com.pe\/noticiero\/#\/schema\/person\/fc1e5d578f4b62ba1cf7ac2bba1170a0\",\"name\":\"Redacci\u00f3n Aeronoticias\",\"url\":\"https:\/\/aeronoticias.com.pe\/noticiero\/author\/piloto\/\"}]}<\/script>\n<!-- \/ Yoast SEO plugin. -->","yoast_head_json":{"title":"PROCURADOR DEL CONGRESO DEL PER","description":"Portal de noticias del Per\u00fa sobre el transporte a\u00e9reo, aviaci\u00f3n, turismo, hoteleria, actualidad.","robots":{"index":"index","follow":"follow","max-snippet":"max-snippet:-1","max-image-preview":"max-image-preview:large","max-video-preview":"max-video-preview:-1"},"canonical":"https:\/\/aeronoticias.com.pe\/noticiero\/ultimas\/1\/procurador-del-congreso-del-per-denuncio-penalmente-a-lan-por-discriminacion\/","og_locale":"es_ES","og_type":"article","og_title":"PROCURADOR DEL CONGRESO DEL PER","og_description":"Portal de noticias del Per\u00fa sobre el transporte a\u00e9reo, aviaci\u00f3n, turismo, hoteleria, actualidad.","og_url":"https:\/\/aeronoticias.com.pe\/noticiero\/ultimas\/1\/procurador-del-congreso-del-per-denuncio-penalmente-a-lan-por-discriminacion\/","og_site_name":"Aeronoticias.com.pe","article_publisher":"https:\/\/www.facebook.com\/Aeronoticias.com.pe\/","article_published_time":"2009-02-27T09:09:59+00:00","og_image":[{"url":"http:\/\/www.aeronoticias.com.pe\/fotonoticias\/0109\/02\/270209\/congreso.jpg","type":"","width":"","height":""}],"author":"Redacci\u00f3n Aeronoticias","twitter_card":"summary_large_image","twitter_creator":"@aeronoticias","twitter_site":"@aeronoticias","twitter_misc":{"Escrito por":"Redacci\u00f3n Aeronoticias","Tiempo de lectura":"4 minutos"},"schema":{"@context":"https:\/\/schema.org","@graph":[{"@type":"WebPage","@id":"https:\/\/aeronoticias.com.pe\/noticiero\/ultimas\/1\/procurador-del-congreso-del-per-denuncio-penalmente-a-lan-por-discriminacion\/","url":"https:\/\/aeronoticias.com.pe\/noticiero\/ultimas\/1\/procurador-del-congreso-del-per-denuncio-penalmente-a-lan-por-discriminacion\/","name":"PROCURADOR DEL CONGRESO DEL PER","isPartOf":{"@id":"https:\/\/aeronoticias.com.pe\/noticiero\/#website"},"primaryImageOfPage":{"@id":"https:\/\/aeronoticias.com.pe\/noticiero\/ultimas\/1\/procurador-del-congreso-del-per-denuncio-penalmente-a-lan-por-discriminacion\/#primaryimage"},"image":{"@id":"https:\/\/aeronoticias.com.pe\/noticiero\/ultimas\/1\/procurador-del-congreso-del-per-denuncio-penalmente-a-lan-por-discriminacion\/#primaryimage"},"thumbnailUrl":"http:\/\/www.aeronoticias.com.pe\/fotonoticias\/0109\/02\/270209\/congreso.jpg","datePublished":"2009-02-27T09:09:59+00:00","author":{"@id":"https:\/\/aeronoticias.com.pe\/noticiero\/#\/schema\/person\/fc1e5d578f4b62ba1cf7ac2bba1170a0"},"description":"Portal de noticias del Per\u00fa sobre el transporte a\u00e9reo, aviaci\u00f3n, turismo, hoteleria, actualidad.","breadcrumb":{"@id":"https:\/\/aeronoticias.com.pe\/noticiero\/ultimas\/1\/procurador-del-congreso-del-per-denuncio-penalmente-a-lan-por-discriminacion\/#breadcrumb"},"inLanguage":"es","potentialAction":[{"@type":"ReadAction","target":["https:\/\/aeronoticias.com.pe\/noticiero\/ultimas\/1\/procurador-del-congreso-del-per-denuncio-penalmente-a-lan-por-discriminacion\/"]}]},{"@type":"ImageObject","inLanguage":"es","@id":"https:\/\/aeronoticias.com.pe\/noticiero\/ultimas\/1\/procurador-del-congreso-del-per-denuncio-penalmente-a-lan-por-discriminacion\/#primaryimage","url":"http:\/\/www.aeronoticias.com.pe\/fotonoticias\/0109\/02\/270209\/congreso.jpg","contentUrl":"http:\/\/www.aeronoticias.com.pe\/fotonoticias\/0109\/02\/270209\/congreso.jpg"},{"@type":"BreadcrumbList","@id":"https:\/\/aeronoticias.com.pe\/noticiero\/ultimas\/1\/procurador-del-congreso-del-per-denuncio-penalmente-a-lan-por-discriminacion\/#breadcrumb","itemListElement":[{"@type":"ListItem","position":1,"name":"Portada","item":"https:\/\/aeronoticias.com.pe\/noticiero\/"},{"@type":"ListItem","position":2,"name":"PROCURADOR DEL CONGRESO DEL PER"}]},{"@type":"WebSite","@id":"https:\/\/aeronoticias.com.pe\/noticiero\/#website","url":"https:\/\/aeronoticias.com.pe\/noticiero\/","name":"Aeronoticias.com.pe","description":"Noticias de tranporte aereo, turismo, hoteles, gastronomia, actualidad, internacional","potentialAction":[{"@type":"SearchAction","target":{"@type":"EntryPoint","urlTemplate":"https:\/\/aeronoticias.com.pe\/noticiero\/?s={search_term_string}"},"query-input":{"@type":"PropertyValueSpecification","valueRequired":true,"valueName":"search_term_string"}}],"inLanguage":"es"},{"@type":"Person","@id":"https:\/\/aeronoticias.com.pe\/noticiero\/#\/schema\/person\/fc1e5d578f4b62ba1cf7ac2bba1170a0","name":"Redacci\u00f3n Aeronoticias","url":"https:\/\/aeronoticias.com.pe\/noticiero\/author\/piloto\/"}]}},"_links":{"self":[{"href":"https:\/\/aeronoticias.com.pe\/noticiero\/wp-json\/wp\/v2\/posts\/2130","targetHints":{"allow":["GET"]}}],"collection":[{"href":"https:\/\/aeronoticias.com.pe\/noticiero\/wp-json\/wp\/v2\/posts"}],"about":[{"href":"https:\/\/aeronoticias.com.pe\/noticiero\/wp-json\/wp\/v2\/types\/post"}],"author":[{"embeddable":true,"href":"https:\/\/aeronoticias.com.pe\/noticiero\/wp-json\/wp\/v2\/users\/1"}],"replies":[{"embeddable":true,"href":"https:\/\/aeronoticias.com.pe\/noticiero\/wp-json\/wp\/v2\/comments?post=2130"}],"version-history":[{"count":0,"href":"https:\/\/aeronoticias.com.pe\/noticiero\/wp-json\/wp\/v2\/posts\/2130\/revisions"}],"wp:attachment":[{"href":"https:\/\/aeronoticias.com.pe\/noticiero\/wp-json\/wp\/v2\/media?parent=2130"}],"wp:term":[{"taxonomy":"category","embeddable":true,"href":"https:\/\/aeronoticias.com.pe\/noticiero\/wp-json\/wp\/v2\/categories?post=2130"},{"taxonomy":"post_tag","embeddable":true,"href":"https:\/\/aeronoticias.com.pe\/noticiero\/wp-json\/wp\/v2\/tags?post=2130"}],"curies":[{"name":"wp","href":"https:\/\/api.w.org\/{rel}","templated":true}]}}