{"id":21309,"date":"2011-12-04T16:01:51","date_gmt":"2011-12-04T16:01:51","guid":{"rendered":"http:\/\/desarrollo.mcvicious.com\/aero2020\/2011\/12\/04\/gobierno-presentara-proyecto-de-ley-para-eliminar-el-cas-de-manera-gradual\/"},"modified":"2011-12-04T16:01:51","modified_gmt":"2011-12-04T16:01:51","slug":"gobierno-presentara-proyecto-de-ley-para-eliminar-el-cas-de-manera-gradual","status":"publish","type":"post","link":"https:\/\/aeronoticias.com.pe\/noticiero\/economia\/gobierno-presentara-proyecto-de-ley-para-eliminar-el-cas-de-manera-gradual\/","title":{"rendered":"Gobierno presentar\u00e1 Proyecto de Ley para eliminar el  CAS de manera gradual"},"content":{"rendered":"<p style=\"text-align: justify;\"><strong>(Aeronoticias).- <\/strong>El ministro de Trabajo y Promoci\u00f3n del Empleo, Rudecindo Vega anunci\u00f3 que el Gobierno enviar\u00e1 al Congreso de la Rep\u00fablica un proyecto de ley para eliminar de manera progresiva el r\u00e9gimen de Contrato por Administraci\u00f3n de Servicios (CAS) en la administraci\u00f3n p\u00fablica, benefici\u00e1ndose con esta medida 170 mil trabajadores.<\/p>\n<p style=\"text-align: justify;\">El \u00a0funcionario manifest\u00f3 que el objetivo de la propuesta del Ejecutivo, y que adem\u00e1s fue una promesa de la campa\u00f1a electoral, es que progresivamente los trabajadores que laboran bajo el r\u00e9gimen del CAS se integren a un sistema laboral permanente, y estable con todos los derechos y beneficios sociales.<\/p>\n<p style=\"text-align: justify;\">\u201cQueremos que el Estado cumpla con el mandato de la Organizaci\u00f3n Internacional \u00a0del Trabajo (OIT) de brindar un trabajo decente, que todo trabajador del \u00a0 Estado tenga un empleo decente, con todos los derechos que le corresponden\u201d, declar\u00f3 a un \u00a0diario local.<\/p>\n<p>  <!--more-->  <\/p>\n<p style=\"text-align: justify;\">Sobre el pre-dictamen \u00a0que fue aprobado por la Comisi\u00f3n de Trabajo y Seguridad Social del Congreso el pasado \u00a0mi\u00e9rcoles, el cual propone la eliminaci\u00f3n del r\u00e9gimen CAS, Vega precis\u00f3 que esa no es la propuesta del Gobierno.<\/p>\n<p style=\"text-align: justify;\">\u201cNosotros vemos la reforma del empleo p\u00fablico en t\u00e9rminos globales. El tema del CAS es un aspecto. No queremos parches, no queremos iniciativas parciales, sino una idea mucho m\u00e1s global\u201d, explic\u00f3.<\/p>\n<p style=\"text-align: justify;\">El \u00a0titular de Trabajo y Promoci\u00f3n del Empleo conf\u00eda en que cuando la propuesta del Ejecutivo llegue al Parlamento \u00e9sta se \u00a0debatir\u00e1 y se incluir\u00e1 al pre-dictamen aprobado por la comisi\u00f3n de Trabajo y Seguridad Social.<\/p>\n<p style=\"text-align: justify;\">Cabe recordar que el CAS, entr\u00f3 en vigencia \u00a0desde el 29 de junio del a\u00f1o 2008, es decir durante el gobierno de Alan Garc\u00eda. \u00a0\u00c9ste r\u00e9gimen no est\u00e1 sujeto a las disposiciones de la \u00a0Ley de Bases de la Carrera Administrativa y de Remuneraciones del Sector P\u00fablico.<\/p>\n<p><img decoding=\"async\" src=\"..\/fotonoticias\/luis\/octubre\/obreros.jpg\" border=\"0\" alt=\"Gobierno presentar\u00e1 Proyecto de Ley para eliminar el  CAS de manera gradual\" title=\"Gobierno presentar\u00e1 Proyecto de Ley para eliminar el  CAS de manera gradual\" \/><\/p>\n","protected":false},"excerpt":{"rendered":"<p>(Aeronoticias).- El ministro de Trabajo y Promoci\u00f3n del Empleo, Rudecindo Vega anunci\u00f3 que el Gobierno enviar\u00e1 al Congreso de la Rep\u00fablica un proyecto de ley para eliminar de manera progresiva el r\u00e9gimen de Contrato por Administraci\u00f3n de Servicios (CAS) en la administraci\u00f3n p\u00fablica, benefici\u00e1ndose con esta medida 170 mil trabajadores. El \u00a0funcionario manifest\u00f3 que el [&hellip;]<\/p>\n","protected":false},"author":1,"featured_media":0,"comment_status":"open","ping_status":"open","sticky":false,"template":"","format":"standard","meta":{"tdm_status":"","tdm_grid_status":"","footnotes":""},"categories":[33],"tags":[],"class_list":{"0":"post-21309","1":"post","2":"type-post","3":"status-publish","4":"format-standard","6":"category-economia"},"yoast_head":"<!-- This site is optimized with the Yoast SEO plugin v25.1 - https:\/\/yoast.com\/wordpress\/plugins\/seo\/ -->\n<title>Gobierno presentar\u00e1 Proyecto de Ley para eliminar el CAS de manera gradual<\/title>\n<meta name=\"description\" content=\"Portal de noticias del Per\u00fa sobre el transporte a\u00e9reo, aviaci\u00f3n, turismo, hoteleria, actualidad.\" \/>\n<meta name=\"robots\" content=\"index, follow, max-snippet:-1, max-image-preview:large, max-video-preview:-1\" \/>\n<link rel=\"canonical\" href=\"https:\/\/aeronoticias.com.pe\/noticiero\/economia\/gobierno-presentara-proyecto-de-ley-para-eliminar-el-cas-de-manera-gradual\/\" \/>\n<meta property=\"og:locale\" content=\"es_ES\" \/>\n<meta property=\"og:type\" content=\"article\" \/>\n<meta property=\"og:title\" content=\"Gobierno presentar\u00e1 Proyecto de Ley para eliminar el CAS de manera gradual\" \/>\n<meta property=\"og:description\" content=\"Portal de noticias del Per\u00fa sobre el transporte a\u00e9reo, aviaci\u00f3n, turismo, hoteleria, actualidad.\" \/>\n<meta property=\"og:url\" content=\"https:\/\/aeronoticias.com.pe\/noticiero\/economia\/gobierno-presentara-proyecto-de-ley-para-eliminar-el-cas-de-manera-gradual\/\" \/>\n<meta property=\"og:site_name\" content=\"Aeronoticias.com.pe\" \/>\n<meta property=\"article:publisher\" content=\"https:\/\/www.facebook.com\/Aeronoticias.com.pe\/\" \/>\n<meta property=\"article:published_time\" content=\"2011-12-04T16:01:51+00:00\" \/>\n<meta name=\"author\" content=\"Redacci\u00f3n Aeronoticias\" \/>\n<meta name=\"twitter:card\" content=\"summary_large_image\" \/>\n<meta name=\"twitter:creator\" content=\"@aeronoticias\" \/>\n<meta name=\"twitter:site\" content=\"@aeronoticias\" \/>\n<meta name=\"twitter:label1\" content=\"Escrito por\" \/>\n\t<meta name=\"twitter:data1\" content=\"Redacci\u00f3n Aeronoticias\" \/>\n\t<meta name=\"twitter:label2\" content=\"Tiempo de lectura\" \/>\n\t<meta name=\"twitter:data2\" content=\"2 minutos\" \/>\n<script type=\"application\/ld+json\" class=\"yoast-schema-graph\">{\"@context\":\"https:\/\/schema.org\",\"@graph\":[{\"@type\":\"WebPage\",\"@id\":\"https:\/\/aeronoticias.com.pe\/noticiero\/economia\/gobierno-presentara-proyecto-de-ley-para-eliminar-el-cas-de-manera-gradual\/\",\"url\":\"https:\/\/aeronoticias.com.pe\/noticiero\/economia\/gobierno-presentara-proyecto-de-ley-para-eliminar-el-cas-de-manera-gradual\/\",\"name\":\"Gobierno presentar\u00e1 Proyecto de Ley para eliminar el CAS de manera gradual\",\"isPartOf\":{\"@id\":\"https:\/\/aeronoticias.com.pe\/noticiero\/#website\"},\"datePublished\":\"2011-12-04T16:01:51+00:00\",\"author\":{\"@id\":\"https:\/\/aeronoticias.com.pe\/noticiero\/#\/schema\/person\/fc1e5d578f4b62ba1cf7ac2bba1170a0\"},\"description\":\"Portal de noticias del Per\u00fa sobre el transporte a\u00e9reo, aviaci\u00f3n, turismo, hoteleria, actualidad.\",\"breadcrumb\":{\"@id\":\"https:\/\/aeronoticias.com.pe\/noticiero\/economia\/gobierno-presentara-proyecto-de-ley-para-eliminar-el-cas-de-manera-gradual\/#breadcrumb\"},\"inLanguage\":\"es\",\"potentialAction\":[{\"@type\":\"ReadAction\",\"target\":[\"https:\/\/aeronoticias.com.pe\/noticiero\/economia\/gobierno-presentara-proyecto-de-ley-para-eliminar-el-cas-de-manera-gradual\/\"]}]},{\"@type\":\"BreadcrumbList\",\"@id\":\"https:\/\/aeronoticias.com.pe\/noticiero\/economia\/gobierno-presentara-proyecto-de-ley-para-eliminar-el-cas-de-manera-gradual\/#breadcrumb\",\"itemListElement\":[{\"@type\":\"ListItem\",\"position\":1,\"name\":\"Portada\",\"item\":\"https:\/\/aeronoticias.com.pe\/noticiero\/\"},{\"@type\":\"ListItem\",\"position\":2,\"name\":\"Gobierno presentar\u00e1 Proyecto de Ley para eliminar el CAS de manera gradual\"}]},{\"@type\":\"WebSite\",\"@id\":\"https:\/\/aeronoticias.com.pe\/noticiero\/#website\",\"url\":\"https:\/\/aeronoticias.com.pe\/noticiero\/\",\"name\":\"Aeronoticias.com.pe\",\"description\":\"Noticias de tranporte aereo, turismo, hoteles, gastronomia, actualidad, internacional\",\"potentialAction\":[{\"@type\":\"SearchAction\",\"target\":{\"@type\":\"EntryPoint\",\"urlTemplate\":\"https:\/\/aeronoticias.com.pe\/noticiero\/?s={search_term_string}\"},\"query-input\":{\"@type\":\"PropertyValueSpecification\",\"valueRequired\":true,\"valueName\":\"search_term_string\"}}],\"inLanguage\":\"es\"},{\"@type\":\"Person\",\"@id\":\"https:\/\/aeronoticias.com.pe\/noticiero\/#\/schema\/person\/fc1e5d578f4b62ba1cf7ac2bba1170a0\",\"name\":\"Redacci\u00f3n Aeronoticias\",\"url\":\"https:\/\/aeronoticias.com.pe\/noticiero\/author\/piloto\/\"}]}<\/script>\n<!-- \/ Yoast SEO plugin. -->","yoast_head_json":{"title":"Gobierno presentar\u00e1 Proyecto de Ley para eliminar el CAS de manera gradual","description":"Portal de noticias del Per\u00fa sobre el transporte a\u00e9reo, aviaci\u00f3n, turismo, hoteleria, actualidad.","robots":{"index":"index","follow":"follow","max-snippet":"max-snippet:-1","max-image-preview":"max-image-preview:large","max-video-preview":"max-video-preview:-1"},"canonical":"https:\/\/aeronoticias.com.pe\/noticiero\/economia\/gobierno-presentara-proyecto-de-ley-para-eliminar-el-cas-de-manera-gradual\/","og_locale":"es_ES","og_type":"article","og_title":"Gobierno presentar\u00e1 Proyecto de Ley para eliminar el CAS de manera gradual","og_description":"Portal de noticias del Per\u00fa sobre el transporte a\u00e9reo, aviaci\u00f3n, turismo, hoteleria, actualidad.","og_url":"https:\/\/aeronoticias.com.pe\/noticiero\/economia\/gobierno-presentara-proyecto-de-ley-para-eliminar-el-cas-de-manera-gradual\/","og_site_name":"Aeronoticias.com.pe","article_publisher":"https:\/\/www.facebook.com\/Aeronoticias.com.pe\/","article_published_time":"2011-12-04T16:01:51+00:00","author":"Redacci\u00f3n Aeronoticias","twitter_card":"summary_large_image","twitter_creator":"@aeronoticias","twitter_site":"@aeronoticias","twitter_misc":{"Escrito por":"Redacci\u00f3n Aeronoticias","Tiempo de lectura":"2 minutos"},"schema":{"@context":"https:\/\/schema.org","@graph":[{"@type":"WebPage","@id":"https:\/\/aeronoticias.com.pe\/noticiero\/economia\/gobierno-presentara-proyecto-de-ley-para-eliminar-el-cas-de-manera-gradual\/","url":"https:\/\/aeronoticias.com.pe\/noticiero\/economia\/gobierno-presentara-proyecto-de-ley-para-eliminar-el-cas-de-manera-gradual\/","name":"Gobierno presentar\u00e1 Proyecto de Ley para eliminar el CAS de manera gradual","isPartOf":{"@id":"https:\/\/aeronoticias.com.pe\/noticiero\/#website"},"datePublished":"2011-12-04T16:01:51+00:00","author":{"@id":"https:\/\/aeronoticias.com.pe\/noticiero\/#\/schema\/person\/fc1e5d578f4b62ba1cf7ac2bba1170a0"},"description":"Portal de noticias del Per\u00fa sobre el transporte a\u00e9reo, aviaci\u00f3n, turismo, hoteleria, actualidad.","breadcrumb":{"@id":"https:\/\/aeronoticias.com.pe\/noticiero\/economia\/gobierno-presentara-proyecto-de-ley-para-eliminar-el-cas-de-manera-gradual\/#breadcrumb"},"inLanguage":"es","potentialAction":[{"@type":"ReadAction","target":["https:\/\/aeronoticias.com.pe\/noticiero\/economia\/gobierno-presentara-proyecto-de-ley-para-eliminar-el-cas-de-manera-gradual\/"]}]},{"@type":"BreadcrumbList","@id":"https:\/\/aeronoticias.com.pe\/noticiero\/economia\/gobierno-presentara-proyecto-de-ley-para-eliminar-el-cas-de-manera-gradual\/#breadcrumb","itemListElement":[{"@type":"ListItem","position":1,"name":"Portada","item":"https:\/\/aeronoticias.com.pe\/noticiero\/"},{"@type":"ListItem","position":2,"name":"Gobierno presentar\u00e1 Proyecto de Ley para eliminar el CAS de manera gradual"}]},{"@type":"WebSite","@id":"https:\/\/aeronoticias.com.pe\/noticiero\/#website","url":"https:\/\/aeronoticias.com.pe\/noticiero\/","name":"Aeronoticias.com.pe","description":"Noticias de tranporte aereo, turismo, hoteles, gastronomia, actualidad, internacional","potentialAction":[{"@type":"SearchAction","target":{"@type":"EntryPoint","urlTemplate":"https:\/\/aeronoticias.com.pe\/noticiero\/?s={search_term_string}"},"query-input":{"@type":"PropertyValueSpecification","valueRequired":true,"valueName":"search_term_string"}}],"inLanguage":"es"},{"@type":"Person","@id":"https:\/\/aeronoticias.com.pe\/noticiero\/#\/schema\/person\/fc1e5d578f4b62ba1cf7ac2bba1170a0","name":"Redacci\u00f3n Aeronoticias","url":"https:\/\/aeronoticias.com.pe\/noticiero\/author\/piloto\/"}]}},"_links":{"self":[{"href":"https:\/\/aeronoticias.com.pe\/noticiero\/wp-json\/wp\/v2\/posts\/21309","targetHints":{"allow":["GET"]}}],"collection":[{"href":"https:\/\/aeronoticias.com.pe\/noticiero\/wp-json\/wp\/v2\/posts"}],"about":[{"href":"https:\/\/aeronoticias.com.pe\/noticiero\/wp-json\/wp\/v2\/types\/post"}],"author":[{"embeddable":true,"href":"https:\/\/aeronoticias.com.pe\/noticiero\/wp-json\/wp\/v2\/users\/1"}],"replies":[{"embeddable":true,"href":"https:\/\/aeronoticias.com.pe\/noticiero\/wp-json\/wp\/v2\/comments?post=21309"}],"version-history":[{"count":0,"href":"https:\/\/aeronoticias.com.pe\/noticiero\/wp-json\/wp\/v2\/posts\/21309\/revisions"}],"wp:attachment":[{"href":"https:\/\/aeronoticias.com.pe\/noticiero\/wp-json\/wp\/v2\/media?parent=21309"}],"wp:term":[{"taxonomy":"category","embeddable":true,"href":"https:\/\/aeronoticias.com.pe\/noticiero\/wp-json\/wp\/v2\/categories?post=21309"},{"taxonomy":"post_tag","embeddable":true,"href":"https:\/\/aeronoticias.com.pe\/noticiero\/wp-json\/wp\/v2\/tags?post=21309"}],"curies":[{"name":"wp","href":"https:\/\/api.w.org\/{rel}","templated":true}]}}