{"id":2131,"date":"2009-02-27T09:51:49","date_gmt":"2009-02-27T09:51:49","guid":{"rendered":"http:\/\/desarrollo.mcvicious.com\/aero2020\/2009\/02\/27\/iberia-marzo-sera-decisivo-para-la-fusion-con-british-airways\/"},"modified":"2009-02-27T09:51:49","modified_gmt":"2009-02-27T09:51:49","slug":"iberia-marzo-sera-decisivo-para-la-fusion-con-british-airways","status":"publish","type":"post","link":"https:\/\/aeronoticias.com.pe\/noticiero\/transporte-aereo\/internacional\/iberia-marzo-sera-decisivo-para-la-fusion-con-british-airways\/","title":{"rendered":"IBERIA: MARZO SERA DECISIVO PARA LA FUSION CON BRITISH AIRWAYS"},"content":{"rendered":"<div align=\"justify\">Fernando Conte, presidente de Iberia, afirm&oacute; en declaraciones el pasado viernes, que el pr&oacute;ximo mes de marzo va a ser decisivo en el proyecto de fusi&oacute;n con su socio British Airways. <\/div>\n<div align=\"justify\">&nbsp;<\/div>\n<div align=\"center\"><img loading=\"lazy\" decoding=\"async\" src=\"http:\/\/www.aeronoticias.com.pe\/fotonoticias\/diciembre\/IBERIA.jpg\" alt=\" \" title=\"iBERIA\" width=\"398\" height=\"225\" \/> <\/div>\n<p> <!--more--> <\/p>\n<p>&nbsp;<\/p>\n<p align=\"justify\">&quot;Hemos dicho que febrero es el mes en que todos los datos estar&aacute;n encima de la mesa y creo que marzo va a ser el mes para que se pueda llegar a alguna conclusi&oacute;n, pero no les puedo decir cu&aacute;l va a ser esta conclusi&oacute;n&quot;, asever&oacute; el ejecutivo, en rueda de prensa. <\/p>\n<p> Conte a&ntilde;adi&oacute; que a&uacute;n no hay decisiones sobre la hipot&eacute;tica sede com&uacute;n de la empresa que nacer&iacute;a de la fusi&oacute;n y a&ntilde;adi&oacute; que ambas compa&ntilde;&iacute;as mantendr&iacute;an centros operativos diferentes. <\/p>\n<p> Tanto Iberia como British han dicho recientemente que las negociaciones de fusi&oacute;n iban por el buen camino a pesar de las fuertes oscilaciones en los precios, propiciadas por la crisis econ&oacute;mica internacional.&nbsp; Adem&aacute;s, Iberia confirm&oacute; el viernes que ha logrado un beneficio atribuible de 32 millones de euros en 2008, en l&iacute;nea con el avance de resultados facilitado en enero. <\/p>\n<p> Conte indic&oacute; que la visibilidad de ingresos es muy escasa y asegur&oacute; que es muy dif&iacute;cil realizar proyecciones sobre los resultados en el ejercicio en curso.&nbsp; No obstante, a&ntilde;adi&oacute; que el recorte de capacidad podr&iacute;a ser mayor al inicialmente previsto y alcanzar hasta el cuatro por ciento. Hace un mes la aerol&iacute;nea dijo que para hacer frente a la recesi&oacute;n en Espa&ntilde;a y el resto de Europa ten&iacute;a previsto recortar su capacidad de vuelos en un 1,7%.<\/p>\n<p> Adelant&oacute; adem&aacute;s, que en enero obtuvo un resultado de explotaci&oacute;n EBIT negativo de 79 millones de euros, aunque agreg&oacute; que espera recuperar la rentabilidad en los pr&oacute;ximos a&ntilde;os, gracias a las medidas contempladas por su nuevo plan director&nbsp; 2009-2011. <br \/> &nbsp; <\/p>\n","protected":false},"excerpt":{"rendered":"<p>Fernando Conte, presidente de Iberia, afirm&oacute; en declaraciones el pasado viernes, que el pr&oacute;ximo mes de marzo va a ser decisivo en el proyecto de fusi&oacute;n con su socio British Airways. &nbsp;<\/p>\n","protected":false},"author":1,"featured_media":0,"comment_status":"open","ping_status":"open","sticky":false,"template":"","format":"standard","meta":{"tdm_status":"","tdm_grid_status":"","footnotes":""},"categories":[32],"tags":[],"class_list":{"0":"post-2131","1":"post","2":"type-post","3":"status-publish","4":"format-standard","6":"category-internacional"},"yoast_head":"<!-- This site is optimized with the Yoast SEO plugin v25.1 - https:\/\/yoast.com\/wordpress\/plugins\/seo\/ -->\n<title>IBERIA: MARZO SERA DECISIVO PARA LA FUSION CON BRITISH AIRWAYS<\/title>\n<meta name=\"description\" content=\"Portal de noticias del Per\u00fa sobre el transporte a\u00e9reo, aviaci\u00f3n, turismo, hoteleria, actualidad.\" \/>\n<meta name=\"robots\" content=\"index, follow, max-snippet:-1, max-image-preview:large, max-video-preview:-1\" \/>\n<link rel=\"canonical\" href=\"https:\/\/aeronoticias.com.pe\/noticiero\/transporte-aereo\/internacional\/iberia-marzo-sera-decisivo-para-la-fusion-con-british-airways\/\" \/>\n<meta property=\"og:locale\" content=\"es_ES\" \/>\n<meta property=\"og:type\" content=\"article\" \/>\n<meta property=\"og:title\" content=\"IBERIA: MARZO SERA DECISIVO PARA LA FUSION CON BRITISH AIRWAYS\" \/>\n<meta property=\"og:description\" content=\"Portal de noticias del Per\u00fa sobre el transporte a\u00e9reo, aviaci\u00f3n, turismo, hoteleria, actualidad.\" \/>\n<meta property=\"og:url\" content=\"https:\/\/aeronoticias.com.pe\/noticiero\/transporte-aereo\/internacional\/iberia-marzo-sera-decisivo-para-la-fusion-con-british-airways\/\" \/>\n<meta property=\"og:site_name\" content=\"Aeronoticias.com.pe\" \/>\n<meta property=\"article:publisher\" content=\"https:\/\/www.facebook.com\/Aeronoticias.com.pe\/\" \/>\n<meta property=\"article:published_time\" content=\"2009-02-27T09:51:49+00:00\" \/>\n<meta property=\"og:image\" content=\"http:\/\/www.aeronoticias.com.pe\/fotonoticias\/diciembre\/IBERIA.jpg\" \/>\n<meta name=\"author\" content=\"Redacci\u00f3n Aeronoticias\" \/>\n<meta name=\"twitter:card\" content=\"summary_large_image\" \/>\n<meta name=\"twitter:creator\" content=\"@aeronoticias\" \/>\n<meta name=\"twitter:site\" content=\"@aeronoticias\" \/>\n<meta name=\"twitter:label1\" content=\"Escrito por\" \/>\n\t<meta name=\"twitter:data1\" content=\"Redacci\u00f3n Aeronoticias\" \/>\n\t<meta name=\"twitter:label2\" content=\"Tiempo de lectura\" \/>\n\t<meta name=\"twitter:data2\" content=\"2 minutos\" \/>\n<script type=\"application\/ld+json\" class=\"yoast-schema-graph\">{\"@context\":\"https:\/\/schema.org\",\"@graph\":[{\"@type\":\"WebPage\",\"@id\":\"https:\/\/aeronoticias.com.pe\/noticiero\/transporte-aereo\/internacional\/iberia-marzo-sera-decisivo-para-la-fusion-con-british-airways\/\",\"url\":\"https:\/\/aeronoticias.com.pe\/noticiero\/transporte-aereo\/internacional\/iberia-marzo-sera-decisivo-para-la-fusion-con-british-airways\/\",\"name\":\"IBERIA: MARZO SERA DECISIVO PARA LA FUSION CON BRITISH AIRWAYS\",\"isPartOf\":{\"@id\":\"https:\/\/aeronoticias.com.pe\/noticiero\/#website\"},\"primaryImageOfPage\":{\"@id\":\"https:\/\/aeronoticias.com.pe\/noticiero\/transporte-aereo\/internacional\/iberia-marzo-sera-decisivo-para-la-fusion-con-british-airways\/#primaryimage\"},\"image\":{\"@id\":\"https:\/\/aeronoticias.com.pe\/noticiero\/transporte-aereo\/internacional\/iberia-marzo-sera-decisivo-para-la-fusion-con-british-airways\/#primaryimage\"},\"thumbnailUrl\":\"http:\/\/www.aeronoticias.com.pe\/fotonoticias\/diciembre\/IBERIA.jpg\",\"datePublished\":\"2009-02-27T09:51:49+00:00\",\"author\":{\"@id\":\"https:\/\/aeronoticias.com.pe\/noticiero\/#\/schema\/person\/fc1e5d578f4b62ba1cf7ac2bba1170a0\"},\"description\":\"Portal de noticias del Per\u00fa sobre el transporte a\u00e9reo, aviaci\u00f3n, turismo, hoteleria, actualidad.\",\"breadcrumb\":{\"@id\":\"https:\/\/aeronoticias.com.pe\/noticiero\/transporte-aereo\/internacional\/iberia-marzo-sera-decisivo-para-la-fusion-con-british-airways\/#breadcrumb\"},\"inLanguage\":\"es\",\"potentialAction\":[{\"@type\":\"ReadAction\",\"target\":[\"https:\/\/aeronoticias.com.pe\/noticiero\/transporte-aereo\/internacional\/iberia-marzo-sera-decisivo-para-la-fusion-con-british-airways\/\"]}]},{\"@type\":\"ImageObject\",\"inLanguage\":\"es\",\"@id\":\"https:\/\/aeronoticias.com.pe\/noticiero\/transporte-aereo\/internacional\/iberia-marzo-sera-decisivo-para-la-fusion-con-british-airways\/#primaryimage\",\"url\":\"http:\/\/www.aeronoticias.com.pe\/fotonoticias\/diciembre\/IBERIA.jpg\",\"contentUrl\":\"http:\/\/www.aeronoticias.com.pe\/fotonoticias\/diciembre\/IBERIA.jpg\"},{\"@type\":\"BreadcrumbList\",\"@id\":\"https:\/\/aeronoticias.com.pe\/noticiero\/transporte-aereo\/internacional\/iberia-marzo-sera-decisivo-para-la-fusion-con-british-airways\/#breadcrumb\",\"itemListElement\":[{\"@type\":\"ListItem\",\"position\":1,\"name\":\"Portada\",\"item\":\"https:\/\/aeronoticias.com.pe\/noticiero\/\"},{\"@type\":\"ListItem\",\"position\":2,\"name\":\"IBERIA: MARZO SERA DECISIVO PARA LA FUSION CON BRITISH AIRWAYS\"}]},{\"@type\":\"WebSite\",\"@id\":\"https:\/\/aeronoticias.com.pe\/noticiero\/#website\",\"url\":\"https:\/\/aeronoticias.com.pe\/noticiero\/\",\"name\":\"Aeronoticias.com.pe\",\"description\":\"Noticias de tranporte aereo, turismo, hoteles, gastronomia, actualidad, internacional\",\"potentialAction\":[{\"@type\":\"SearchAction\",\"target\":{\"@type\":\"EntryPoint\",\"urlTemplate\":\"https:\/\/aeronoticias.com.pe\/noticiero\/?s={search_term_string}\"},\"query-input\":{\"@type\":\"PropertyValueSpecification\",\"valueRequired\":true,\"valueName\":\"search_term_string\"}}],\"inLanguage\":\"es\"},{\"@type\":\"Person\",\"@id\":\"https:\/\/aeronoticias.com.pe\/noticiero\/#\/schema\/person\/fc1e5d578f4b62ba1cf7ac2bba1170a0\",\"name\":\"Redacci\u00f3n Aeronoticias\",\"url\":\"https:\/\/aeronoticias.com.pe\/noticiero\/author\/piloto\/\"}]}<\/script>\n<!-- \/ Yoast SEO plugin. -->","yoast_head_json":{"title":"IBERIA: MARZO SERA DECISIVO PARA LA FUSION CON BRITISH AIRWAYS","description":"Portal de noticias del Per\u00fa sobre el transporte a\u00e9reo, aviaci\u00f3n, turismo, hoteleria, actualidad.","robots":{"index":"index","follow":"follow","max-snippet":"max-snippet:-1","max-image-preview":"max-image-preview:large","max-video-preview":"max-video-preview:-1"},"canonical":"https:\/\/aeronoticias.com.pe\/noticiero\/transporte-aereo\/internacional\/iberia-marzo-sera-decisivo-para-la-fusion-con-british-airways\/","og_locale":"es_ES","og_type":"article","og_title":"IBERIA: MARZO SERA DECISIVO PARA LA FUSION CON BRITISH AIRWAYS","og_description":"Portal de noticias del Per\u00fa sobre el transporte a\u00e9reo, aviaci\u00f3n, turismo, hoteleria, actualidad.","og_url":"https:\/\/aeronoticias.com.pe\/noticiero\/transporte-aereo\/internacional\/iberia-marzo-sera-decisivo-para-la-fusion-con-british-airways\/","og_site_name":"Aeronoticias.com.pe","article_publisher":"https:\/\/www.facebook.com\/Aeronoticias.com.pe\/","article_published_time":"2009-02-27T09:51:49+00:00","og_image":[{"url":"http:\/\/www.aeronoticias.com.pe\/fotonoticias\/diciembre\/IBERIA.jpg","type":"","width":"","height":""}],"author":"Redacci\u00f3n Aeronoticias","twitter_card":"summary_large_image","twitter_creator":"@aeronoticias","twitter_site":"@aeronoticias","twitter_misc":{"Escrito por":"Redacci\u00f3n Aeronoticias","Tiempo de lectura":"2 minutos"},"schema":{"@context":"https:\/\/schema.org","@graph":[{"@type":"WebPage","@id":"https:\/\/aeronoticias.com.pe\/noticiero\/transporte-aereo\/internacional\/iberia-marzo-sera-decisivo-para-la-fusion-con-british-airways\/","url":"https:\/\/aeronoticias.com.pe\/noticiero\/transporte-aereo\/internacional\/iberia-marzo-sera-decisivo-para-la-fusion-con-british-airways\/","name":"IBERIA: MARZO SERA DECISIVO PARA LA FUSION CON BRITISH AIRWAYS","isPartOf":{"@id":"https:\/\/aeronoticias.com.pe\/noticiero\/#website"},"primaryImageOfPage":{"@id":"https:\/\/aeronoticias.com.pe\/noticiero\/transporte-aereo\/internacional\/iberia-marzo-sera-decisivo-para-la-fusion-con-british-airways\/#primaryimage"},"image":{"@id":"https:\/\/aeronoticias.com.pe\/noticiero\/transporte-aereo\/internacional\/iberia-marzo-sera-decisivo-para-la-fusion-con-british-airways\/#primaryimage"},"thumbnailUrl":"http:\/\/www.aeronoticias.com.pe\/fotonoticias\/diciembre\/IBERIA.jpg","datePublished":"2009-02-27T09:51:49+00:00","author":{"@id":"https:\/\/aeronoticias.com.pe\/noticiero\/#\/schema\/person\/fc1e5d578f4b62ba1cf7ac2bba1170a0"},"description":"Portal de noticias del Per\u00fa sobre el transporte a\u00e9reo, aviaci\u00f3n, turismo, hoteleria, actualidad.","breadcrumb":{"@id":"https:\/\/aeronoticias.com.pe\/noticiero\/transporte-aereo\/internacional\/iberia-marzo-sera-decisivo-para-la-fusion-con-british-airways\/#breadcrumb"},"inLanguage":"es","potentialAction":[{"@type":"ReadAction","target":["https:\/\/aeronoticias.com.pe\/noticiero\/transporte-aereo\/internacional\/iberia-marzo-sera-decisivo-para-la-fusion-con-british-airways\/"]}]},{"@type":"ImageObject","inLanguage":"es","@id":"https:\/\/aeronoticias.com.pe\/noticiero\/transporte-aereo\/internacional\/iberia-marzo-sera-decisivo-para-la-fusion-con-british-airways\/#primaryimage","url":"http:\/\/www.aeronoticias.com.pe\/fotonoticias\/diciembre\/IBERIA.jpg","contentUrl":"http:\/\/www.aeronoticias.com.pe\/fotonoticias\/diciembre\/IBERIA.jpg"},{"@type":"BreadcrumbList","@id":"https:\/\/aeronoticias.com.pe\/noticiero\/transporte-aereo\/internacional\/iberia-marzo-sera-decisivo-para-la-fusion-con-british-airways\/#breadcrumb","itemListElement":[{"@type":"ListItem","position":1,"name":"Portada","item":"https:\/\/aeronoticias.com.pe\/noticiero\/"},{"@type":"ListItem","position":2,"name":"IBERIA: MARZO SERA DECISIVO PARA LA FUSION CON BRITISH AIRWAYS"}]},{"@type":"WebSite","@id":"https:\/\/aeronoticias.com.pe\/noticiero\/#website","url":"https:\/\/aeronoticias.com.pe\/noticiero\/","name":"Aeronoticias.com.pe","description":"Noticias de tranporte aereo, turismo, hoteles, gastronomia, actualidad, internacional","potentialAction":[{"@type":"SearchAction","target":{"@type":"EntryPoint","urlTemplate":"https:\/\/aeronoticias.com.pe\/noticiero\/?s={search_term_string}"},"query-input":{"@type":"PropertyValueSpecification","valueRequired":true,"valueName":"search_term_string"}}],"inLanguage":"es"},{"@type":"Person","@id":"https:\/\/aeronoticias.com.pe\/noticiero\/#\/schema\/person\/fc1e5d578f4b62ba1cf7ac2bba1170a0","name":"Redacci\u00f3n Aeronoticias","url":"https:\/\/aeronoticias.com.pe\/noticiero\/author\/piloto\/"}]}},"_links":{"self":[{"href":"https:\/\/aeronoticias.com.pe\/noticiero\/wp-json\/wp\/v2\/posts\/2131","targetHints":{"allow":["GET"]}}],"collection":[{"href":"https:\/\/aeronoticias.com.pe\/noticiero\/wp-json\/wp\/v2\/posts"}],"about":[{"href":"https:\/\/aeronoticias.com.pe\/noticiero\/wp-json\/wp\/v2\/types\/post"}],"author":[{"embeddable":true,"href":"https:\/\/aeronoticias.com.pe\/noticiero\/wp-json\/wp\/v2\/users\/1"}],"replies":[{"embeddable":true,"href":"https:\/\/aeronoticias.com.pe\/noticiero\/wp-json\/wp\/v2\/comments?post=2131"}],"version-history":[{"count":0,"href":"https:\/\/aeronoticias.com.pe\/noticiero\/wp-json\/wp\/v2\/posts\/2131\/revisions"}],"wp:attachment":[{"href":"https:\/\/aeronoticias.com.pe\/noticiero\/wp-json\/wp\/v2\/media?parent=2131"}],"wp:term":[{"taxonomy":"category","embeddable":true,"href":"https:\/\/aeronoticias.com.pe\/noticiero\/wp-json\/wp\/v2\/categories?post=2131"},{"taxonomy":"post_tag","embeddable":true,"href":"https:\/\/aeronoticias.com.pe\/noticiero\/wp-json\/wp\/v2\/tags?post=2131"}],"curies":[{"name":"wp","href":"https:\/\/api.w.org\/{rel}","templated":true}]}}