{"id":21312,"date":"2011-12-04T16:16:17","date_gmt":"2011-12-04T16:16:17","guid":{"rendered":"http:\/\/desarrollo.mcvicious.com\/aero2020\/2011\/12\/04\/ministra-de-cultura-colocara-primera-piedra-del-museo-que-albergara-piezas-de-machu-picchu\/"},"modified":"2011-12-04T16:16:17","modified_gmt":"2011-12-04T16:16:17","slug":"ministra-de-cultura-colocara-primera-piedra-del-museo-que-albergara-piezas-de-machu-picchu","status":"publish","type":"post","link":"https:\/\/aeronoticias.com.pe\/noticiero\/turismo\/13\/ministra-de-cultura-colocara-primera-piedra-del-museo-que-albergara-piezas-de-machu-picchu\/","title":{"rendered":"Ministra de Cultura colocar\u00e1 primera piedra del museo que albergar\u00e1 piezas de Machu Picchu"},"content":{"rendered":"<p style=\"text-align: justify;\"><strong>(Aeronoticias).-<\/strong> La ministra de Cultura, Susana Baca, anunci\u00f3 hoy que el 9 de diciembre colocar\u00e1 la primera piedra de lo que ser\u00e1 el Gran Museo del Tahuantinsuyo, que albergar\u00e1 en forma definitiva las m\u00e1s de 360 piezas arqueol\u00f3gicas de Machu Picchu devueltas por la Universidad de Yale.<\/p>\n<p style=\"text-align: justify;\">Explic\u00f3 que arquitectos peruanos y especialistas del Instituto Smithsonian de Investigaciones Tropicales, que tiene a su cargo el complejo de museos m\u00e1s grande del mundo, elaborar\u00e1n coordinadamente el dise\u00f1o del recinto.<\/p>\n<p style=\"text-align: justify;\">Afirm\u00f3 que el trabajo responde a un convenio suscrito entre ambas instituciones, tras destacar que este museo ser\u00e1 el principal proyecto cultural del Presidente Ollanta Humala Tasso.<\/p>\n<p style=\"text-align: justify;\">La ministra adelant\u00f3 que ser\u00e1 construido sobre un terreno de 21,000 metros cuadrados de la Universidad San Antonio de Abad del Cusco y a\u00fan se desconoce la inversi\u00f3n que demandar\u00e1.<\/p>\n<p>  <!--more-->  <\/p>\n<p style=\"text-align: justify;\">Baca refiri\u00f3 que no solo albergar\u00e1 las piezas de Machu Picchu, sino que tambi\u00e9n incorporar\u00eda otras de la cultura inca para convertirse en un museo emblem\u00e1tico.<\/p>\n<p style=\"text-align: justify;\">Los tesoros devueltos por Yale, en tanto, se exhiben provisionalmente en el museo de la Casa Concha, ubicado en la calle Santa Catalina, a media cuadra de la plaza de Armas de la Ciudad Imperial.<\/p>\n<p style=\"text-align: justify;\">Las reliquias de Machu Picchu llegaron a Per\u00fa procedentes de Estados Unidos el 30 de marzo de 2011, y del 5 al 24 de de abril fueron exhibidas al p\u00fablico en Palacio de Gobierno.<\/p>\n<p style=\"text-align: justify;\">Tras una exhibici\u00f3n exitosa, en la que casi 250 mil visitantes peruanos y extranjeros apreciaron las joyas, estas fueron trasladadas al Cusco el 22 de junio, donde fueron recibidos en medio de j\u00fabilo por autoridades y pobladores.<\/p>\n<p style=\"text-align: justify;\">Agencia Andina.<\/p>\n<p style=\"text-align: justify;\"><img decoding=\"async\" src=\"images\/stories\/10\/11\/171110\/machu_picchu.jpg\" border=\"0\" alt=\"Ministra de Cultura colocar\u00e1 primera piedra del museo que albergar\u00e1 piezas de Machu Picchu\" title=\"Ministra de Cultura colocar\u00e1 primera piedra del museo que albergar\u00e1 piezas de Machu Picchu\" \/><\/p>\n","protected":false},"excerpt":{"rendered":"<p>(Aeronoticias).- La ministra de Cultura, Susana Baca, anunci\u00f3 hoy que el 9 de diciembre colocar\u00e1 la primera piedra de lo que ser\u00e1 el Gran Museo del Tahuantinsuyo, que albergar\u00e1 en forma definitiva las m\u00e1s de 360 piezas arqueol\u00f3gicas de Machu Picchu devueltas por la Universidad de Yale. Explic\u00f3 que arquitectos peruanos y especialistas del Instituto [&hellip;]<\/p>\n","protected":false},"author":1,"featured_media":0,"comment_status":"open","ping_status":"open","sticky":false,"template":"","format":"standard","meta":{"tdm_status":"","tdm_grid_status":"","footnotes":""},"categories":[31],"tags":[],"class_list":{"0":"post-21312","1":"post","2":"type-post","3":"status-publish","4":"format-standard","6":"category-31"},"yoast_head":"<!-- This site is optimized with the Yoast SEO plugin v25.1 - https:\/\/yoast.com\/wordpress\/plugins\/seo\/ -->\n<title>Ministra de Cultura colocar\u00e1 primera piedra del museo que albergar\u00e1 piezas de Machu Picchu<\/title>\n<meta name=\"description\" content=\"Portal de noticias del Per\u00fa sobre el transporte a\u00e9reo, aviaci\u00f3n, turismo, hoteleria, actualidad.\" \/>\n<meta name=\"robots\" content=\"index, follow, max-snippet:-1, max-image-preview:large, max-video-preview:-1\" \/>\n<link rel=\"canonical\" href=\"https:\/\/aeronoticias.com.pe\/noticiero\/turismo\/13\/ministra-de-cultura-colocara-primera-piedra-del-museo-que-albergara-piezas-de-machu-picchu\/\" \/>\n<meta property=\"og:locale\" content=\"es_ES\" \/>\n<meta property=\"og:type\" content=\"article\" \/>\n<meta property=\"og:title\" content=\"Ministra de Cultura colocar\u00e1 primera piedra del museo que albergar\u00e1 piezas de Machu Picchu\" \/>\n<meta property=\"og:description\" content=\"Portal de noticias del Per\u00fa sobre el transporte a\u00e9reo, aviaci\u00f3n, turismo, hoteleria, actualidad.\" \/>\n<meta property=\"og:url\" content=\"https:\/\/aeronoticias.com.pe\/noticiero\/turismo\/13\/ministra-de-cultura-colocara-primera-piedra-del-museo-que-albergara-piezas-de-machu-picchu\/\" \/>\n<meta property=\"og:site_name\" content=\"Aeronoticias.com.pe\" \/>\n<meta property=\"article:publisher\" content=\"https:\/\/www.facebook.com\/Aeronoticias.com.pe\/\" \/>\n<meta property=\"article:published_time\" content=\"2011-12-04T16:16:17+00:00\" \/>\n<meta name=\"author\" content=\"Redacci\u00f3n Aeronoticias\" \/>\n<meta name=\"twitter:card\" content=\"summary_large_image\" \/>\n<meta name=\"twitter:creator\" content=\"@aeronoticias\" \/>\n<meta name=\"twitter:site\" content=\"@aeronoticias\" \/>\n<meta name=\"twitter:label1\" content=\"Escrito por\" \/>\n\t<meta name=\"twitter:data1\" content=\"Redacci\u00f3n Aeronoticias\" \/>\n\t<meta name=\"twitter:label2\" content=\"Tiempo de lectura\" \/>\n\t<meta name=\"twitter:data2\" content=\"1 minuto\" \/>\n<script type=\"application\/ld+json\" class=\"yoast-schema-graph\">{\"@context\":\"https:\/\/schema.org\",\"@graph\":[{\"@type\":\"WebPage\",\"@id\":\"https:\/\/aeronoticias.com.pe\/noticiero\/turismo\/13\/ministra-de-cultura-colocara-primera-piedra-del-museo-que-albergara-piezas-de-machu-picchu\/\",\"url\":\"https:\/\/aeronoticias.com.pe\/noticiero\/turismo\/13\/ministra-de-cultura-colocara-primera-piedra-del-museo-que-albergara-piezas-de-machu-picchu\/\",\"name\":\"Ministra de Cultura colocar\u00e1 primera piedra del museo que albergar\u00e1 piezas de Machu Picchu\",\"isPartOf\":{\"@id\":\"https:\/\/aeronoticias.com.pe\/noticiero\/#website\"},\"datePublished\":\"2011-12-04T16:16:17+00:00\",\"author\":{\"@id\":\"https:\/\/aeronoticias.com.pe\/noticiero\/#\/schema\/person\/fc1e5d578f4b62ba1cf7ac2bba1170a0\"},\"description\":\"Portal de noticias del Per\u00fa sobre el transporte a\u00e9reo, aviaci\u00f3n, turismo, hoteleria, actualidad.\",\"breadcrumb\":{\"@id\":\"https:\/\/aeronoticias.com.pe\/noticiero\/turismo\/13\/ministra-de-cultura-colocara-primera-piedra-del-museo-que-albergara-piezas-de-machu-picchu\/#breadcrumb\"},\"inLanguage\":\"es\",\"potentialAction\":[{\"@type\":\"ReadAction\",\"target\":[\"https:\/\/aeronoticias.com.pe\/noticiero\/turismo\/13\/ministra-de-cultura-colocara-primera-piedra-del-museo-que-albergara-piezas-de-machu-picchu\/\"]}]},{\"@type\":\"BreadcrumbList\",\"@id\":\"https:\/\/aeronoticias.com.pe\/noticiero\/turismo\/13\/ministra-de-cultura-colocara-primera-piedra-del-museo-que-albergara-piezas-de-machu-picchu\/#breadcrumb\",\"itemListElement\":[{\"@type\":\"ListItem\",\"position\":1,\"name\":\"Portada\",\"item\":\"https:\/\/aeronoticias.com.pe\/noticiero\/\"},{\"@type\":\"ListItem\",\"position\":2,\"name\":\"Ministra de Cultura colocar\u00e1 primera piedra del museo que albergar\u00e1 piezas de Machu Picchu\"}]},{\"@type\":\"WebSite\",\"@id\":\"https:\/\/aeronoticias.com.pe\/noticiero\/#website\",\"url\":\"https:\/\/aeronoticias.com.pe\/noticiero\/\",\"name\":\"Aeronoticias.com.pe\",\"description\":\"Noticias de tranporte aereo, turismo, hoteles, gastronomia, actualidad, internacional\",\"potentialAction\":[{\"@type\":\"SearchAction\",\"target\":{\"@type\":\"EntryPoint\",\"urlTemplate\":\"https:\/\/aeronoticias.com.pe\/noticiero\/?s={search_term_string}\"},\"query-input\":{\"@type\":\"PropertyValueSpecification\",\"valueRequired\":true,\"valueName\":\"search_term_string\"}}],\"inLanguage\":\"es\"},{\"@type\":\"Person\",\"@id\":\"https:\/\/aeronoticias.com.pe\/noticiero\/#\/schema\/person\/fc1e5d578f4b62ba1cf7ac2bba1170a0\",\"name\":\"Redacci\u00f3n Aeronoticias\",\"url\":\"https:\/\/aeronoticias.com.pe\/noticiero\/author\/piloto\/\"}]}<\/script>\n<!-- \/ Yoast SEO plugin. -->","yoast_head_json":{"title":"Ministra de Cultura colocar\u00e1 primera piedra del museo que albergar\u00e1 piezas de Machu Picchu","description":"Portal de noticias del Per\u00fa sobre el transporte a\u00e9reo, aviaci\u00f3n, turismo, hoteleria, actualidad.","robots":{"index":"index","follow":"follow","max-snippet":"max-snippet:-1","max-image-preview":"max-image-preview:large","max-video-preview":"max-video-preview:-1"},"canonical":"https:\/\/aeronoticias.com.pe\/noticiero\/turismo\/13\/ministra-de-cultura-colocara-primera-piedra-del-museo-que-albergara-piezas-de-machu-picchu\/","og_locale":"es_ES","og_type":"article","og_title":"Ministra de Cultura colocar\u00e1 primera piedra del museo que albergar\u00e1 piezas de Machu Picchu","og_description":"Portal de noticias del Per\u00fa sobre el transporte a\u00e9reo, aviaci\u00f3n, turismo, hoteleria, actualidad.","og_url":"https:\/\/aeronoticias.com.pe\/noticiero\/turismo\/13\/ministra-de-cultura-colocara-primera-piedra-del-museo-que-albergara-piezas-de-machu-picchu\/","og_site_name":"Aeronoticias.com.pe","article_publisher":"https:\/\/www.facebook.com\/Aeronoticias.com.pe\/","article_published_time":"2011-12-04T16:16:17+00:00","author":"Redacci\u00f3n Aeronoticias","twitter_card":"summary_large_image","twitter_creator":"@aeronoticias","twitter_site":"@aeronoticias","twitter_misc":{"Escrito por":"Redacci\u00f3n Aeronoticias","Tiempo de lectura":"1 minuto"},"schema":{"@context":"https:\/\/schema.org","@graph":[{"@type":"WebPage","@id":"https:\/\/aeronoticias.com.pe\/noticiero\/turismo\/13\/ministra-de-cultura-colocara-primera-piedra-del-museo-que-albergara-piezas-de-machu-picchu\/","url":"https:\/\/aeronoticias.com.pe\/noticiero\/turismo\/13\/ministra-de-cultura-colocara-primera-piedra-del-museo-que-albergara-piezas-de-machu-picchu\/","name":"Ministra de Cultura colocar\u00e1 primera piedra del museo que albergar\u00e1 piezas de Machu Picchu","isPartOf":{"@id":"https:\/\/aeronoticias.com.pe\/noticiero\/#website"},"datePublished":"2011-12-04T16:16:17+00:00","author":{"@id":"https:\/\/aeronoticias.com.pe\/noticiero\/#\/schema\/person\/fc1e5d578f4b62ba1cf7ac2bba1170a0"},"description":"Portal de noticias del Per\u00fa sobre el transporte a\u00e9reo, aviaci\u00f3n, turismo, hoteleria, actualidad.","breadcrumb":{"@id":"https:\/\/aeronoticias.com.pe\/noticiero\/turismo\/13\/ministra-de-cultura-colocara-primera-piedra-del-museo-que-albergara-piezas-de-machu-picchu\/#breadcrumb"},"inLanguage":"es","potentialAction":[{"@type":"ReadAction","target":["https:\/\/aeronoticias.com.pe\/noticiero\/turismo\/13\/ministra-de-cultura-colocara-primera-piedra-del-museo-que-albergara-piezas-de-machu-picchu\/"]}]},{"@type":"BreadcrumbList","@id":"https:\/\/aeronoticias.com.pe\/noticiero\/turismo\/13\/ministra-de-cultura-colocara-primera-piedra-del-museo-que-albergara-piezas-de-machu-picchu\/#breadcrumb","itemListElement":[{"@type":"ListItem","position":1,"name":"Portada","item":"https:\/\/aeronoticias.com.pe\/noticiero\/"},{"@type":"ListItem","position":2,"name":"Ministra de Cultura colocar\u00e1 primera piedra del museo que albergar\u00e1 piezas de Machu Picchu"}]},{"@type":"WebSite","@id":"https:\/\/aeronoticias.com.pe\/noticiero\/#website","url":"https:\/\/aeronoticias.com.pe\/noticiero\/","name":"Aeronoticias.com.pe","description":"Noticias de tranporte aereo, turismo, hoteles, gastronomia, actualidad, internacional","potentialAction":[{"@type":"SearchAction","target":{"@type":"EntryPoint","urlTemplate":"https:\/\/aeronoticias.com.pe\/noticiero\/?s={search_term_string}"},"query-input":{"@type":"PropertyValueSpecification","valueRequired":true,"valueName":"search_term_string"}}],"inLanguage":"es"},{"@type":"Person","@id":"https:\/\/aeronoticias.com.pe\/noticiero\/#\/schema\/person\/fc1e5d578f4b62ba1cf7ac2bba1170a0","name":"Redacci\u00f3n Aeronoticias","url":"https:\/\/aeronoticias.com.pe\/noticiero\/author\/piloto\/"}]}},"_links":{"self":[{"href":"https:\/\/aeronoticias.com.pe\/noticiero\/wp-json\/wp\/v2\/posts\/21312","targetHints":{"allow":["GET"]}}],"collection":[{"href":"https:\/\/aeronoticias.com.pe\/noticiero\/wp-json\/wp\/v2\/posts"}],"about":[{"href":"https:\/\/aeronoticias.com.pe\/noticiero\/wp-json\/wp\/v2\/types\/post"}],"author":[{"embeddable":true,"href":"https:\/\/aeronoticias.com.pe\/noticiero\/wp-json\/wp\/v2\/users\/1"}],"replies":[{"embeddable":true,"href":"https:\/\/aeronoticias.com.pe\/noticiero\/wp-json\/wp\/v2\/comments?post=21312"}],"version-history":[{"count":0,"href":"https:\/\/aeronoticias.com.pe\/noticiero\/wp-json\/wp\/v2\/posts\/21312\/revisions"}],"wp:attachment":[{"href":"https:\/\/aeronoticias.com.pe\/noticiero\/wp-json\/wp\/v2\/media?parent=21312"}],"wp:term":[{"taxonomy":"category","embeddable":true,"href":"https:\/\/aeronoticias.com.pe\/noticiero\/wp-json\/wp\/v2\/categories?post=21312"},{"taxonomy":"post_tag","embeddable":true,"href":"https:\/\/aeronoticias.com.pe\/noticiero\/wp-json\/wp\/v2\/tags?post=21312"}],"curies":[{"name":"wp","href":"https:\/\/api.w.org\/{rel}","templated":true}]}}