{"id":21313,"date":"2011-12-04T22:07:26","date_gmt":"2011-12-04T22:07:26","guid":{"rendered":"http:\/\/desarrollo.mcvicious.com\/aero2020\/2011\/12\/04\/confirman-muerte-de-los-cuatro-ocupantes-de-la-aeronave-siniestrada-en-tarapoto\/"},"modified":"2011-12-04T22:07:26","modified_gmt":"2011-12-04T22:07:26","slug":"confirman-muerte-de-los-cuatro-ocupantes-de-la-aeronave-siniestrada-en-tarapoto","status":"publish","type":"post","link":"https:\/\/aeronoticias.com.pe\/noticiero\/ultimas\/1\/confirman-muerte-de-los-cuatro-ocupantes-de-la-aeronave-siniestrada-en-tarapoto\/","title":{"rendered":"Confirman muerte de los cuatro ocupantes de la aeronave siniestrada en Tarapoto"},"content":{"rendered":"<p style=\"text-align: justify;\"><strong>(Aeronoticias) <\/strong>Como ya lo adelantara Aeronoticias, el d\u00eda de ayer no exist\u00eda ninguna esperanza de hallar con vida a los ocupantes de la aeronave con matr\u00edcula OB-1299 siniestrada en Tarapoto.<\/p>\n<p>Luego de cinco horas de trabajo en la zona agreste del cerro Escalera, en Tarapoto (San Mart\u00edn), integrantes de la Brigada de B\u00fasqueda y Rescate de la Fuerza A\u00e9rea del Per\u00fa constataron el \u00absensible fallecimiento\u00bb de las cuatro personas que viajaban en la aeronave, inform\u00f3 a trav\u00e9s de un comunicado el Grupo Palmas.<\/p>\n<p>La zona donde se localiza la aeronave siniestrada es de dif\u00edcil acceso por tierra, por lo que las principales tareas se realizan por aire para concretar un r\u00e1pido traslado de las v\u00edctimas, agrega el comunicado.<\/p>\n<p>Dos de los fallecidos ser\u00e1n trasladados a Tarapoto y los otros dos ser\u00e1n llevados a Lima.<\/p>\n<p>\u00abJorge Iberico ha sido nuestro principal piloto durante varios a\u00f1os. Lo queremos mucho. Lo vamos a extra\u00f1ar\u00bb, agreg\u00f3, casi entre llanto, Ronald Campbell, gerente general del Grupo Palmas.<\/p>\n<p>Cabe agregar, que se desconocen la causas del accidente, pero no se descartan problemas clim\u00e1ticos o falla t\u00e9cnica, en raz\u00f3n a que el piloto Jorge Iberico era muy experimentado y querido en la zona.<\/p>\n<p style=\"text-align: justify;\"><img loading=\"lazy\" decoding=\"async\" src=\"images\/stories\/11\/12\/041211\/tarapoto1.jpg\" border=\"0\" alt=\"Confirman muerte de los cuatro ocupantes de la aeronave siniestrada en Tarapoto\" width=\"400\" height=\"260\" \/><\/p>\n","protected":false},"excerpt":{"rendered":"<p>(Aeronoticias) Como ya lo adelantara Aeronoticias, el d\u00eda de ayer no exist\u00eda ninguna esperanza de hallar con vida a los ocupantes de la aeronave con matr\u00edcula OB-1299 siniestrada en Tarapoto. Luego de cinco horas de trabajo en la zona agreste del cerro Escalera, en Tarapoto (San Mart\u00edn), integrantes de la Brigada de B\u00fasqueda y Rescate [&hellip;]<\/p>\n","protected":false},"author":1,"featured_media":0,"comment_status":"open","ping_status":"open","sticky":false,"template":"","format":"standard","meta":{"tdm_status":"","tdm_grid_status":"","footnotes":""},"categories":[30],"tags":[],"class_list":{"0":"post-21313","1":"post","2":"type-post","3":"status-publish","4":"format-standard","6":"category-30"},"yoast_head":"<!-- This site is optimized with the Yoast SEO plugin v25.1 - https:\/\/yoast.com\/wordpress\/plugins\/seo\/ -->\n<title>Confirman muerte de los cuatro ocupantes de la aeronave siniestrada en Tarapoto<\/title>\n<meta name=\"description\" content=\"Portal de noticias del Per\u00fa sobre el transporte a\u00e9reo, aviaci\u00f3n, turismo, hoteleria, actualidad.\" \/>\n<meta name=\"robots\" content=\"index, follow, max-snippet:-1, max-image-preview:large, max-video-preview:-1\" \/>\n<link rel=\"canonical\" href=\"https:\/\/aeronoticias.com.pe\/noticiero\/ultimas\/1\/confirman-muerte-de-los-cuatro-ocupantes-de-la-aeronave-siniestrada-en-tarapoto\/\" \/>\n<meta property=\"og:locale\" content=\"es_ES\" \/>\n<meta property=\"og:type\" content=\"article\" \/>\n<meta property=\"og:title\" content=\"Confirman muerte de los cuatro ocupantes de la aeronave siniestrada en Tarapoto\" \/>\n<meta property=\"og:description\" content=\"Portal de noticias del Per\u00fa sobre el transporte a\u00e9reo, aviaci\u00f3n, turismo, hoteleria, actualidad.\" \/>\n<meta property=\"og:url\" content=\"https:\/\/aeronoticias.com.pe\/noticiero\/ultimas\/1\/confirman-muerte-de-los-cuatro-ocupantes-de-la-aeronave-siniestrada-en-tarapoto\/\" \/>\n<meta property=\"og:site_name\" content=\"Aeronoticias.com.pe\" \/>\n<meta property=\"article:publisher\" content=\"https:\/\/www.facebook.com\/Aeronoticias.com.pe\/\" \/>\n<meta property=\"article:published_time\" content=\"2011-12-04T22:07:26+00:00\" \/>\n<meta name=\"author\" content=\"Redacci\u00f3n Aeronoticias\" \/>\n<meta name=\"twitter:card\" content=\"summary_large_image\" \/>\n<meta name=\"twitter:creator\" content=\"@aeronoticias\" \/>\n<meta name=\"twitter:site\" content=\"@aeronoticias\" \/>\n<meta name=\"twitter:label1\" content=\"Escrito por\" \/>\n\t<meta name=\"twitter:data1\" content=\"Redacci\u00f3n Aeronoticias\" \/>\n\t<meta name=\"twitter:label2\" content=\"Tiempo de lectura\" \/>\n\t<meta name=\"twitter:data2\" content=\"1 minuto\" \/>\n<script type=\"application\/ld+json\" class=\"yoast-schema-graph\">{\"@context\":\"https:\/\/schema.org\",\"@graph\":[{\"@type\":\"WebPage\",\"@id\":\"https:\/\/aeronoticias.com.pe\/noticiero\/ultimas\/1\/confirman-muerte-de-los-cuatro-ocupantes-de-la-aeronave-siniestrada-en-tarapoto\/\",\"url\":\"https:\/\/aeronoticias.com.pe\/noticiero\/ultimas\/1\/confirman-muerte-de-los-cuatro-ocupantes-de-la-aeronave-siniestrada-en-tarapoto\/\",\"name\":\"Confirman muerte de los cuatro ocupantes de la aeronave siniestrada en Tarapoto\",\"isPartOf\":{\"@id\":\"https:\/\/aeronoticias.com.pe\/noticiero\/#website\"},\"datePublished\":\"2011-12-04T22:07:26+00:00\",\"author\":{\"@id\":\"https:\/\/aeronoticias.com.pe\/noticiero\/#\/schema\/person\/fc1e5d578f4b62ba1cf7ac2bba1170a0\"},\"description\":\"Portal de noticias del Per\u00fa sobre el transporte a\u00e9reo, aviaci\u00f3n, turismo, hoteleria, actualidad.\",\"breadcrumb\":{\"@id\":\"https:\/\/aeronoticias.com.pe\/noticiero\/ultimas\/1\/confirman-muerte-de-los-cuatro-ocupantes-de-la-aeronave-siniestrada-en-tarapoto\/#breadcrumb\"},\"inLanguage\":\"es\",\"potentialAction\":[{\"@type\":\"ReadAction\",\"target\":[\"https:\/\/aeronoticias.com.pe\/noticiero\/ultimas\/1\/confirman-muerte-de-los-cuatro-ocupantes-de-la-aeronave-siniestrada-en-tarapoto\/\"]}]},{\"@type\":\"BreadcrumbList\",\"@id\":\"https:\/\/aeronoticias.com.pe\/noticiero\/ultimas\/1\/confirman-muerte-de-los-cuatro-ocupantes-de-la-aeronave-siniestrada-en-tarapoto\/#breadcrumb\",\"itemListElement\":[{\"@type\":\"ListItem\",\"position\":1,\"name\":\"Portada\",\"item\":\"https:\/\/aeronoticias.com.pe\/noticiero\/\"},{\"@type\":\"ListItem\",\"position\":2,\"name\":\"Confirman muerte de los cuatro ocupantes de la aeronave siniestrada en Tarapoto\"}]},{\"@type\":\"WebSite\",\"@id\":\"https:\/\/aeronoticias.com.pe\/noticiero\/#website\",\"url\":\"https:\/\/aeronoticias.com.pe\/noticiero\/\",\"name\":\"Aeronoticias.com.pe\",\"description\":\"Noticias de tranporte aereo, turismo, hoteles, gastronomia, actualidad, internacional\",\"potentialAction\":[{\"@type\":\"SearchAction\",\"target\":{\"@type\":\"EntryPoint\",\"urlTemplate\":\"https:\/\/aeronoticias.com.pe\/noticiero\/?s={search_term_string}\"},\"query-input\":{\"@type\":\"PropertyValueSpecification\",\"valueRequired\":true,\"valueName\":\"search_term_string\"}}],\"inLanguage\":\"es\"},{\"@type\":\"Person\",\"@id\":\"https:\/\/aeronoticias.com.pe\/noticiero\/#\/schema\/person\/fc1e5d578f4b62ba1cf7ac2bba1170a0\",\"name\":\"Redacci\u00f3n Aeronoticias\",\"url\":\"https:\/\/aeronoticias.com.pe\/noticiero\/author\/piloto\/\"}]}<\/script>\n<!-- \/ Yoast SEO plugin. -->","yoast_head_json":{"title":"Confirman muerte de los cuatro ocupantes de la aeronave siniestrada en Tarapoto","description":"Portal de noticias del Per\u00fa sobre el transporte a\u00e9reo, aviaci\u00f3n, turismo, hoteleria, actualidad.","robots":{"index":"index","follow":"follow","max-snippet":"max-snippet:-1","max-image-preview":"max-image-preview:large","max-video-preview":"max-video-preview:-1"},"canonical":"https:\/\/aeronoticias.com.pe\/noticiero\/ultimas\/1\/confirman-muerte-de-los-cuatro-ocupantes-de-la-aeronave-siniestrada-en-tarapoto\/","og_locale":"es_ES","og_type":"article","og_title":"Confirman muerte de los cuatro ocupantes de la aeronave siniestrada en Tarapoto","og_description":"Portal de noticias del Per\u00fa sobre el transporte a\u00e9reo, aviaci\u00f3n, turismo, hoteleria, actualidad.","og_url":"https:\/\/aeronoticias.com.pe\/noticiero\/ultimas\/1\/confirman-muerte-de-los-cuatro-ocupantes-de-la-aeronave-siniestrada-en-tarapoto\/","og_site_name":"Aeronoticias.com.pe","article_publisher":"https:\/\/www.facebook.com\/Aeronoticias.com.pe\/","article_published_time":"2011-12-04T22:07:26+00:00","author":"Redacci\u00f3n Aeronoticias","twitter_card":"summary_large_image","twitter_creator":"@aeronoticias","twitter_site":"@aeronoticias","twitter_misc":{"Escrito por":"Redacci\u00f3n Aeronoticias","Tiempo de lectura":"1 minuto"},"schema":{"@context":"https:\/\/schema.org","@graph":[{"@type":"WebPage","@id":"https:\/\/aeronoticias.com.pe\/noticiero\/ultimas\/1\/confirman-muerte-de-los-cuatro-ocupantes-de-la-aeronave-siniestrada-en-tarapoto\/","url":"https:\/\/aeronoticias.com.pe\/noticiero\/ultimas\/1\/confirman-muerte-de-los-cuatro-ocupantes-de-la-aeronave-siniestrada-en-tarapoto\/","name":"Confirman muerte de los cuatro ocupantes de la aeronave siniestrada en Tarapoto","isPartOf":{"@id":"https:\/\/aeronoticias.com.pe\/noticiero\/#website"},"datePublished":"2011-12-04T22:07:26+00:00","author":{"@id":"https:\/\/aeronoticias.com.pe\/noticiero\/#\/schema\/person\/fc1e5d578f4b62ba1cf7ac2bba1170a0"},"description":"Portal de noticias del Per\u00fa sobre el transporte a\u00e9reo, aviaci\u00f3n, turismo, hoteleria, actualidad.","breadcrumb":{"@id":"https:\/\/aeronoticias.com.pe\/noticiero\/ultimas\/1\/confirman-muerte-de-los-cuatro-ocupantes-de-la-aeronave-siniestrada-en-tarapoto\/#breadcrumb"},"inLanguage":"es","potentialAction":[{"@type":"ReadAction","target":["https:\/\/aeronoticias.com.pe\/noticiero\/ultimas\/1\/confirman-muerte-de-los-cuatro-ocupantes-de-la-aeronave-siniestrada-en-tarapoto\/"]}]},{"@type":"BreadcrumbList","@id":"https:\/\/aeronoticias.com.pe\/noticiero\/ultimas\/1\/confirman-muerte-de-los-cuatro-ocupantes-de-la-aeronave-siniestrada-en-tarapoto\/#breadcrumb","itemListElement":[{"@type":"ListItem","position":1,"name":"Portada","item":"https:\/\/aeronoticias.com.pe\/noticiero\/"},{"@type":"ListItem","position":2,"name":"Confirman muerte de los cuatro ocupantes de la aeronave siniestrada en Tarapoto"}]},{"@type":"WebSite","@id":"https:\/\/aeronoticias.com.pe\/noticiero\/#website","url":"https:\/\/aeronoticias.com.pe\/noticiero\/","name":"Aeronoticias.com.pe","description":"Noticias de tranporte aereo, turismo, hoteles, gastronomia, actualidad, internacional","potentialAction":[{"@type":"SearchAction","target":{"@type":"EntryPoint","urlTemplate":"https:\/\/aeronoticias.com.pe\/noticiero\/?s={search_term_string}"},"query-input":{"@type":"PropertyValueSpecification","valueRequired":true,"valueName":"search_term_string"}}],"inLanguage":"es"},{"@type":"Person","@id":"https:\/\/aeronoticias.com.pe\/noticiero\/#\/schema\/person\/fc1e5d578f4b62ba1cf7ac2bba1170a0","name":"Redacci\u00f3n Aeronoticias","url":"https:\/\/aeronoticias.com.pe\/noticiero\/author\/piloto\/"}]}},"_links":{"self":[{"href":"https:\/\/aeronoticias.com.pe\/noticiero\/wp-json\/wp\/v2\/posts\/21313","targetHints":{"allow":["GET"]}}],"collection":[{"href":"https:\/\/aeronoticias.com.pe\/noticiero\/wp-json\/wp\/v2\/posts"}],"about":[{"href":"https:\/\/aeronoticias.com.pe\/noticiero\/wp-json\/wp\/v2\/types\/post"}],"author":[{"embeddable":true,"href":"https:\/\/aeronoticias.com.pe\/noticiero\/wp-json\/wp\/v2\/users\/1"}],"replies":[{"embeddable":true,"href":"https:\/\/aeronoticias.com.pe\/noticiero\/wp-json\/wp\/v2\/comments?post=21313"}],"version-history":[{"count":0,"href":"https:\/\/aeronoticias.com.pe\/noticiero\/wp-json\/wp\/v2\/posts\/21313\/revisions"}],"wp:attachment":[{"href":"https:\/\/aeronoticias.com.pe\/noticiero\/wp-json\/wp\/v2\/media?parent=21313"}],"wp:term":[{"taxonomy":"category","embeddable":true,"href":"https:\/\/aeronoticias.com.pe\/noticiero\/wp-json\/wp\/v2\/categories?post=21313"},{"taxonomy":"post_tag","embeddable":true,"href":"https:\/\/aeronoticias.com.pe\/noticiero\/wp-json\/wp\/v2\/tags?post=21313"}],"curies":[{"name":"wp","href":"https:\/\/api.w.org\/{rel}","templated":true}]}}