{"id":21314,"date":"2011-12-04T22:29:56","date_gmt":"2011-12-04T22:29:56","guid":{"rendered":"http:\/\/desarrollo.mcvicious.com\/aero2020\/2011\/12\/04\/pasajera-de-lan-pide-a-enrique-cueto-que-pague-sus-gastos-medicos\/"},"modified":"2011-12-04T22:29:56","modified_gmt":"2011-12-04T22:29:56","slug":"pasajera-de-lan-pide-a-enrique-cueto-que-pague-sus-gastos-medicos","status":"publish","type":"post","link":"https:\/\/aeronoticias.com.pe\/noticiero\/transporte-aereo\/nacional\/pasajera-de-lan-pide-a-enrique-cueto-que-pague-sus-gastos-medicos\/","title":{"rendered":"Pasajera de LAN pide a Enrique Cueto que pague sus gastos m\u00e9dicos"},"content":{"rendered":"<p style=\"text-align: justify;\"><strong>(Aeronoticias)<\/strong> La funcionaria del Ministerio de Educaci\u00f3n del Per\u00fa, gloria peruana de atletismo, Beatriz Sixta Pacheco Milichichi de 56 a\u00f1os, est\u00e1 prostrada en una cama del Hospital Almenara sin tener si quiera la posibilidad de que le proporcionen la medicina que requiere por los da\u00f1os que sufri\u00f3 el 02 de noviembre del 2011, en la aeronave Airbus A-319 matr\u00edcula CCPM de LAN, en el aeropuerto internacional Velasco Astete en Cusco.<\/p>\n<p>El accidente se produjo por la ca\u00edda de una maleta con libros que pesaban m\u00e1s de 20 kilos y que le origin\u00f3 un traumatismo encefalocraneano TEC, que no fue atendido por LAN inmediatamente, ya que lejos de internarla en una cl\u00ednica local, la dejaron a su suerte en el t\u00f3pico de emergencia de CORPAC en el aeropuerto de Cusco, lo que origin\u00f3 que totalmente mareada por el golpe se trasladara por sus propios medios al Hospital Regional del Cusco, en donde LAN al darse cuenta de la gravedad, la traslad\u00f3\u00a0 a la cl\u00ednica San Jos\u00e9 de Cusco, en donde la empresa chilena solo dio una carta de garant\u00eda por 500 d\u00f3lares a trav\u00e9s de Eruop assistance, lo que fue insuficiente en relaci\u00f3n al da\u00f1o, originando que se agravara la salud de la pasajera y hace unos d\u00edos haya tenido que ser internada de emergencia en el hospital Almenara en el primer piso, siendo su estado delicado.<\/p>\n<p style=\"text-align: center;\"><em><strong>Foto: Enrique Cueto, presidente de LAN, es muy ahorrativo porque solo destino 500 d\u00f3lares para los gastos m\u00e9dicos de una pasajera que sufri\u00f3 traumatismo encefalocraneano en su aeronave Airbus A-319 en Cusco<\/strong><\/em><\/p>\n<p style=\"text-align: justify;\">Seg\u00fan la Dra. Marilyn Fl\u00f3rez Villaverde, experta en Derecho A\u00e9reo, miembro de la Comisi\u00f3n de Derecho Aeron\u00e1utico del Colegio de Abogados de Lima, LAN y su sucursal o filial en el Per\u00fa, LAN PERU, para poder operar en vuelos nacionales debe cumplir con la ley de aeron\u00e1utica civil del Per\u00fa, Ley 27261 y para ello tiene registrada una p\u00f3liza de seguros y reaseguros con la compa\u00f1\u00eda Penta Security, que se domicilia en Av. El Bosque Norte 0440 piso 7, Las Condes, Santiago, Chile, quien tiene la obligaci\u00f3n de otorgar una garant\u00eda m\u00e9dica para pagar los da\u00f1os que pueda sufrir cualquier pasajero de LAN PERU en cualquiera de sus vuelos nacionales e internacionales, sin embargo en el caso de la pasajera peruana, primero no la quisieron atender y luego mostrando una actitud indiferente por la salud de la se\u00f1ora Pacheco Milichichi, le otorgaron una garant\u00eda de 500 d\u00f3lares a trav\u00e9s de Europ assistance, una empresa que simplemente desde Chile da servicios a pedido de su cliente, en este caso Penta Security o LAN, que seguramente la instruyeron para que corra con los gastos m\u00e9dicos.<\/p>\n<p>La especialista dijo, que no existe pa\u00eds en el mundo que pueda resolver el tratamiento m\u00e9dico de un traumatismo encefalocraneano moderado con 500 d\u00f3lares y ese es el punto controveritdo, ya que de hab\u00e9rsele dado a Beatriz Pacheco la atenci\u00f3n debida en su momento, no se le hubiera complicado su salud.<\/p>\n<p>Debemos recordar, dijo la jurista, que la Ley de Aeron\u00e1utica Civil del Per\u00fa norma en un cap\u00edtulo especial sobre las infracciones que pueden llegar a cometer los operadores a\u00e9reos, incumpliendo la Ley 27261 y su reglamento, suponemos que este no sea el caso, dijo, y que seguramente la transportadora regularizar\u00e1 su situaci\u00f3n en los pr\u00f3ximos d\u00edas ya que ser\u00eda una infracci\u00f3n grave no cumplir con las obligaciones de gastos m\u00e9dicos en que se incurra por un accidente que le pueda ocurrir a un pasajero en cualquier aeronave de cualquier de las l\u00edneas a\u00e9reas del mundo, esto no se puede permitir y en todo caso la Direcci\u00f3n General de Aeron\u00e1utica Civil DGAC del Ministerio de Transportes y Comunicaciones deber\u00eda solicitarle a LAN PERU que informe sobre este caso.<\/p>\n<p>Otra autoridad que podr\u00eda fiscalizar ser\u00eda la Comisi\u00f3n de Transportes del Congreso, dijo.<\/p>\n<p>Hasta el cierre de esta edici\u00f3n no se ten\u00eda conocimiento que LAN PERU se haya comunicado con los representantes de la pasajera de LAN accidentada y que est\u00e1 internada en el Hospital Almenara por los efectos graves que le habr\u00eda originado el golpe que sufri\u00f3 a bordo de la aeronave Airbus A-319 de LAN PERU el 02 de noviembre de 2011 en el aeropuerto internacional Velasco Astete de Cusco.<\/p>\n<p style=\"text-align: justify;\"><img loading=\"lazy\" decoding=\"async\" src=\"images\/stories\/11\/12\/041211\/pasajeralan-cueto.jpg\" border=\"0\" alt=\"Pasajera de LAN pide a Enrique Cueto que pague sus gastos m\u00e9dicos\" width=\"400\" height=\"245\" \/><\/p>\n","protected":false},"excerpt":{"rendered":"<p>(Aeronoticias) La funcionaria del Ministerio de Educaci\u00f3n del Per\u00fa, gloria peruana de atletismo, Beatriz Sixta Pacheco Milichichi de 56 a\u00f1os, est\u00e1 prostrada en una cama del Hospital Almenara sin tener si quiera la posibilidad de que le proporcionen la medicina que requiere por los da\u00f1os que sufri\u00f3 el 02 de noviembre del 2011, en la [&hellip;]<\/p>\n","protected":false},"author":1,"featured_media":0,"comment_status":"open","ping_status":"open","sticky":false,"template":"","format":"standard","meta":{"tdm_status":"","tdm_grid_status":"","footnotes":""},"categories":[51],"tags":[],"class_list":{"0":"post-21314","1":"post","2":"type-post","3":"status-publish","4":"format-standard","6":"category-nacional"},"yoast_head":"<!-- This site is optimized with the Yoast SEO plugin v25.1 - https:\/\/yoast.com\/wordpress\/plugins\/seo\/ -->\n<title>Pasajera de LAN pide a Enrique Cueto que pague sus gastos m\u00e9dicos<\/title>\n<meta name=\"description\" content=\"Portal de noticias del Per\u00fa sobre el transporte a\u00e9reo, aviaci\u00f3n, turismo, hoteleria, actualidad.\" \/>\n<meta name=\"robots\" content=\"index, follow, max-snippet:-1, max-image-preview:large, max-video-preview:-1\" \/>\n<link rel=\"canonical\" href=\"https:\/\/aeronoticias.com.pe\/noticiero\/transporte-aereo\/nacional\/pasajera-de-lan-pide-a-enrique-cueto-que-pague-sus-gastos-medicos\/\" \/>\n<meta property=\"og:locale\" content=\"es_ES\" \/>\n<meta property=\"og:type\" content=\"article\" \/>\n<meta property=\"og:title\" content=\"Pasajera de LAN pide a Enrique Cueto que pague sus gastos m\u00e9dicos\" \/>\n<meta property=\"og:description\" content=\"Portal de noticias del Per\u00fa sobre el transporte a\u00e9reo, aviaci\u00f3n, turismo, hoteleria, actualidad.\" \/>\n<meta property=\"og:url\" content=\"https:\/\/aeronoticias.com.pe\/noticiero\/transporte-aereo\/nacional\/pasajera-de-lan-pide-a-enrique-cueto-que-pague-sus-gastos-medicos\/\" \/>\n<meta property=\"og:site_name\" content=\"Aeronoticias.com.pe\" \/>\n<meta property=\"article:publisher\" content=\"https:\/\/www.facebook.com\/Aeronoticias.com.pe\/\" \/>\n<meta property=\"article:published_time\" content=\"2011-12-04T22:29:56+00:00\" \/>\n<meta name=\"author\" content=\"Redacci\u00f3n Aeronoticias\" \/>\n<meta name=\"twitter:card\" content=\"summary_large_image\" \/>\n<meta name=\"twitter:creator\" content=\"@aeronoticias\" \/>\n<meta name=\"twitter:site\" content=\"@aeronoticias\" \/>\n<meta name=\"twitter:label1\" content=\"Escrito por\" \/>\n\t<meta name=\"twitter:data1\" content=\"Redacci\u00f3n Aeronoticias\" \/>\n\t<meta name=\"twitter:label2\" content=\"Tiempo de lectura\" \/>\n\t<meta name=\"twitter:data2\" content=\"4 minutos\" \/>\n<script type=\"application\/ld+json\" class=\"yoast-schema-graph\">{\"@context\":\"https:\/\/schema.org\",\"@graph\":[{\"@type\":\"WebPage\",\"@id\":\"https:\/\/aeronoticias.com.pe\/noticiero\/transporte-aereo\/nacional\/pasajera-de-lan-pide-a-enrique-cueto-que-pague-sus-gastos-medicos\/\",\"url\":\"https:\/\/aeronoticias.com.pe\/noticiero\/transporte-aereo\/nacional\/pasajera-de-lan-pide-a-enrique-cueto-que-pague-sus-gastos-medicos\/\",\"name\":\"Pasajera de LAN pide a Enrique Cueto que pague sus gastos m\u00e9dicos\",\"isPartOf\":{\"@id\":\"https:\/\/aeronoticias.com.pe\/noticiero\/#website\"},\"datePublished\":\"2011-12-04T22:29:56+00:00\",\"author\":{\"@id\":\"https:\/\/aeronoticias.com.pe\/noticiero\/#\/schema\/person\/fc1e5d578f4b62ba1cf7ac2bba1170a0\"},\"description\":\"Portal de noticias del Per\u00fa sobre el transporte a\u00e9reo, aviaci\u00f3n, turismo, hoteleria, actualidad.\",\"breadcrumb\":{\"@id\":\"https:\/\/aeronoticias.com.pe\/noticiero\/transporte-aereo\/nacional\/pasajera-de-lan-pide-a-enrique-cueto-que-pague-sus-gastos-medicos\/#breadcrumb\"},\"inLanguage\":\"es\",\"potentialAction\":[{\"@type\":\"ReadAction\",\"target\":[\"https:\/\/aeronoticias.com.pe\/noticiero\/transporte-aereo\/nacional\/pasajera-de-lan-pide-a-enrique-cueto-que-pague-sus-gastos-medicos\/\"]}]},{\"@type\":\"BreadcrumbList\",\"@id\":\"https:\/\/aeronoticias.com.pe\/noticiero\/transporte-aereo\/nacional\/pasajera-de-lan-pide-a-enrique-cueto-que-pague-sus-gastos-medicos\/#breadcrumb\",\"itemListElement\":[{\"@type\":\"ListItem\",\"position\":1,\"name\":\"Portada\",\"item\":\"https:\/\/aeronoticias.com.pe\/noticiero\/\"},{\"@type\":\"ListItem\",\"position\":2,\"name\":\"Pasajera de LAN pide a Enrique Cueto que pague sus gastos m\u00e9dicos\"}]},{\"@type\":\"WebSite\",\"@id\":\"https:\/\/aeronoticias.com.pe\/noticiero\/#website\",\"url\":\"https:\/\/aeronoticias.com.pe\/noticiero\/\",\"name\":\"Aeronoticias.com.pe\",\"description\":\"Noticias de tranporte aereo, turismo, hoteles, gastronomia, actualidad, internacional\",\"potentialAction\":[{\"@type\":\"SearchAction\",\"target\":{\"@type\":\"EntryPoint\",\"urlTemplate\":\"https:\/\/aeronoticias.com.pe\/noticiero\/?s={search_term_string}\"},\"query-input\":{\"@type\":\"PropertyValueSpecification\",\"valueRequired\":true,\"valueName\":\"search_term_string\"}}],\"inLanguage\":\"es\"},{\"@type\":\"Person\",\"@id\":\"https:\/\/aeronoticias.com.pe\/noticiero\/#\/schema\/person\/fc1e5d578f4b62ba1cf7ac2bba1170a0\",\"name\":\"Redacci\u00f3n Aeronoticias\",\"url\":\"https:\/\/aeronoticias.com.pe\/noticiero\/author\/piloto\/\"}]}<\/script>\n<!-- \/ Yoast SEO plugin. -->","yoast_head_json":{"title":"Pasajera de LAN pide a Enrique Cueto que pague sus gastos m\u00e9dicos","description":"Portal de noticias del Per\u00fa sobre el transporte a\u00e9reo, aviaci\u00f3n, turismo, hoteleria, actualidad.","robots":{"index":"index","follow":"follow","max-snippet":"max-snippet:-1","max-image-preview":"max-image-preview:large","max-video-preview":"max-video-preview:-1"},"canonical":"https:\/\/aeronoticias.com.pe\/noticiero\/transporte-aereo\/nacional\/pasajera-de-lan-pide-a-enrique-cueto-que-pague-sus-gastos-medicos\/","og_locale":"es_ES","og_type":"article","og_title":"Pasajera de LAN pide a Enrique Cueto que pague sus gastos m\u00e9dicos","og_description":"Portal de noticias del Per\u00fa sobre el transporte a\u00e9reo, aviaci\u00f3n, turismo, hoteleria, actualidad.","og_url":"https:\/\/aeronoticias.com.pe\/noticiero\/transporte-aereo\/nacional\/pasajera-de-lan-pide-a-enrique-cueto-que-pague-sus-gastos-medicos\/","og_site_name":"Aeronoticias.com.pe","article_publisher":"https:\/\/www.facebook.com\/Aeronoticias.com.pe\/","article_published_time":"2011-12-04T22:29:56+00:00","author":"Redacci\u00f3n Aeronoticias","twitter_card":"summary_large_image","twitter_creator":"@aeronoticias","twitter_site":"@aeronoticias","twitter_misc":{"Escrito por":"Redacci\u00f3n Aeronoticias","Tiempo de lectura":"4 minutos"},"schema":{"@context":"https:\/\/schema.org","@graph":[{"@type":"WebPage","@id":"https:\/\/aeronoticias.com.pe\/noticiero\/transporte-aereo\/nacional\/pasajera-de-lan-pide-a-enrique-cueto-que-pague-sus-gastos-medicos\/","url":"https:\/\/aeronoticias.com.pe\/noticiero\/transporte-aereo\/nacional\/pasajera-de-lan-pide-a-enrique-cueto-que-pague-sus-gastos-medicos\/","name":"Pasajera de LAN pide a Enrique Cueto que pague sus gastos m\u00e9dicos","isPartOf":{"@id":"https:\/\/aeronoticias.com.pe\/noticiero\/#website"},"datePublished":"2011-12-04T22:29:56+00:00","author":{"@id":"https:\/\/aeronoticias.com.pe\/noticiero\/#\/schema\/person\/fc1e5d578f4b62ba1cf7ac2bba1170a0"},"description":"Portal de noticias del Per\u00fa sobre el transporte a\u00e9reo, aviaci\u00f3n, turismo, hoteleria, actualidad.","breadcrumb":{"@id":"https:\/\/aeronoticias.com.pe\/noticiero\/transporte-aereo\/nacional\/pasajera-de-lan-pide-a-enrique-cueto-que-pague-sus-gastos-medicos\/#breadcrumb"},"inLanguage":"es","potentialAction":[{"@type":"ReadAction","target":["https:\/\/aeronoticias.com.pe\/noticiero\/transporte-aereo\/nacional\/pasajera-de-lan-pide-a-enrique-cueto-que-pague-sus-gastos-medicos\/"]}]},{"@type":"BreadcrumbList","@id":"https:\/\/aeronoticias.com.pe\/noticiero\/transporte-aereo\/nacional\/pasajera-de-lan-pide-a-enrique-cueto-que-pague-sus-gastos-medicos\/#breadcrumb","itemListElement":[{"@type":"ListItem","position":1,"name":"Portada","item":"https:\/\/aeronoticias.com.pe\/noticiero\/"},{"@type":"ListItem","position":2,"name":"Pasajera de LAN pide a Enrique Cueto que pague sus gastos m\u00e9dicos"}]},{"@type":"WebSite","@id":"https:\/\/aeronoticias.com.pe\/noticiero\/#website","url":"https:\/\/aeronoticias.com.pe\/noticiero\/","name":"Aeronoticias.com.pe","description":"Noticias de tranporte aereo, turismo, hoteles, gastronomia, actualidad, internacional","potentialAction":[{"@type":"SearchAction","target":{"@type":"EntryPoint","urlTemplate":"https:\/\/aeronoticias.com.pe\/noticiero\/?s={search_term_string}"},"query-input":{"@type":"PropertyValueSpecification","valueRequired":true,"valueName":"search_term_string"}}],"inLanguage":"es"},{"@type":"Person","@id":"https:\/\/aeronoticias.com.pe\/noticiero\/#\/schema\/person\/fc1e5d578f4b62ba1cf7ac2bba1170a0","name":"Redacci\u00f3n Aeronoticias","url":"https:\/\/aeronoticias.com.pe\/noticiero\/author\/piloto\/"}]}},"_links":{"self":[{"href":"https:\/\/aeronoticias.com.pe\/noticiero\/wp-json\/wp\/v2\/posts\/21314","targetHints":{"allow":["GET"]}}],"collection":[{"href":"https:\/\/aeronoticias.com.pe\/noticiero\/wp-json\/wp\/v2\/posts"}],"about":[{"href":"https:\/\/aeronoticias.com.pe\/noticiero\/wp-json\/wp\/v2\/types\/post"}],"author":[{"embeddable":true,"href":"https:\/\/aeronoticias.com.pe\/noticiero\/wp-json\/wp\/v2\/users\/1"}],"replies":[{"embeddable":true,"href":"https:\/\/aeronoticias.com.pe\/noticiero\/wp-json\/wp\/v2\/comments?post=21314"}],"version-history":[{"count":0,"href":"https:\/\/aeronoticias.com.pe\/noticiero\/wp-json\/wp\/v2\/posts\/21314\/revisions"}],"wp:attachment":[{"href":"https:\/\/aeronoticias.com.pe\/noticiero\/wp-json\/wp\/v2\/media?parent=21314"}],"wp:term":[{"taxonomy":"category","embeddable":true,"href":"https:\/\/aeronoticias.com.pe\/noticiero\/wp-json\/wp\/v2\/categories?post=21314"},{"taxonomy":"post_tag","embeddable":true,"href":"https:\/\/aeronoticias.com.pe\/noticiero\/wp-json\/wp\/v2\/tags?post=21314"}],"curies":[{"name":"wp","href":"https:\/\/api.w.org\/{rel}","templated":true}]}}