{"id":21317,"date":"2011-12-05T14:04:51","date_gmt":"2011-12-05T14:04:51","guid":{"rendered":"http:\/\/desarrollo.mcvicious.com\/aero2020\/2011\/12\/05\/presidente-humala-declara-en-estado-de-emergencia-en-cajamarca\/"},"modified":"2011-12-05T14:04:51","modified_gmt":"2011-12-05T14:04:51","slug":"presidente-humala-declara-en-estado-de-emergencia-en-cajamarca","status":"publish","type":"post","link":"https:\/\/aeronoticias.com.pe\/noticiero\/nacionales\/presidente-humala-declara-en-estado-de-emergencia-en-cajamarca\/","title":{"rendered":"Presidente Humala declara estado de emergencia en Cajamarca"},"content":{"rendered":"<p style=\"text-align: justify;\"><strong>(Aeronoticias).- <\/strong>En un mensaje a la naci\u00f3n el presidente de la Rep\u00fablica, Ollanta Humala \u00a0decidi\u00f3 declarar en estado de emergencia Cajamarca. La declaratoria de emergencia se aplicar\u00e1 en las provincias de Cajamarca, Celend\u00edn, Hualgayoc y Contumaz\u00e1, debido a que no se garantizan la paz y el orden p\u00fablico en estas zonas.<\/p>\n<p style=\"text-align: justify;\">\u201cEl Gobierno que presido ha mantenido una apertura total al di\u00e1logo desde que se inici\u00f3 el conflicto en Cajamarca hace 11 d\u00edas. El Primer Ministro, tres ministros de Estado, representantes de la Iglesia Cat\u00f3lica e instituciones como la Defensor\u00eda del Pueblo han agotado hoy (domingo), todos los caminos, a fin de establecer el di\u00e1logo, como punto de partida para resolver el conflicto, en democracia.\u201d<\/p>\n<p>  <!--more-->  <\/p>\n<p style=\"text-align: justify;\">El mandatario agreg\u00f3 adem\u00e1s: \u201cLa intransigencia de un sector de dirigentes locales y regionales se ha puesto nuevamente de manifiesto. No se han logrado alcanzar acuerdos m\u00ednimos que permitan que retorne la paz social, que se restablezcan los servicios p\u00fablicos a los que tiene derecho el pueblo de Cajamarca y que se discutan aspectos centrales para impulsar el desarrollo de la Regi\u00f3n: programas sociales, plan de inversiones, construcci\u00f3n de obras de saneamiento b\u00e1sico, electrificaci\u00f3n rural, entre otros,\u201d se\u00f1al\u00f3.<\/p>\n<p style=\"text-align: justify;\">Humala Tasso enfatiz\u00f3 que el Gobierno tiene la obligaci\u00f3n de garantizar la vida y la tranquilidad de las personas, restablecer los servicios b\u00e1sicos de educaci\u00f3n y de salud, hacer que se respete el libre tr\u00e1nsito y que se preserve la propiedad p\u00fablica y privada.<\/p>\n<p style=\"text-align: justify;\">\u201cActualmente, no existen las condiciones para que estas garant\u00edas sean respetadas en Cajamarca. Es por ello que, al existir la perturbaci\u00f3n de la paz y el orden interno y en cumplimiento de las disposiciones constitucionales, anuncio la declaraci\u00f3n de Estado de Emergencia en las provincias de Cajamarca, Celend\u00edn, Hualgayoc y Contumaz\u00e1 de la Regi\u00f3n de Cajamarca, el mismo que se har\u00e1 efectivo a partir de las 00 horas del d\u00eda 05 de diciembre del presente a\u00f1o, por un plazo de 60 d\u00edas\u201d.<\/p>\n<p style=\"text-align: justify;\">Asimismo el jefe del Estado hizo un llamado al pueblo cajamarquino a mantener la calma y asegur\u00f3 que esta medida transitoria servir\u00e1 para permitir que la tranquilidad retorne nuevamente a Cajamarca.<\/p>\n<p style=\"text-align: justify;\"><img decoding=\"async\" src=\"images\/stories\/11\/12\/051211\/ollanta_humala_cajamarca_proyecto_conga.jpg\" border=\"0\" alt=\"Presidente Humala declara en estado de emergencia en Cajamarca\" title=\"Presidente Humala declara en estado de emergencia en Cajamarca\" \/><\/p>\n","protected":false},"excerpt":{"rendered":"<p>(Aeronoticias).- En un mensaje a la naci\u00f3n el presidente de la Rep\u00fablica, Ollanta Humala \u00a0decidi\u00f3 declarar en estado de emergencia Cajamarca. La declaratoria de emergencia se aplicar\u00e1 en las provincias de Cajamarca, Celend\u00edn, Hualgayoc y Contumaz\u00e1, debido a que no se garantizan la paz y el orden p\u00fablico en estas zonas. \u201cEl Gobierno que presido [&hellip;]<\/p>\n","protected":false},"author":1,"featured_media":0,"comment_status":"open","ping_status":"open","sticky":false,"template":"","format":"standard","meta":{"tdm_status":"","tdm_grid_status":"","footnotes":""},"categories":[38],"tags":[],"class_list":{"0":"post-21317","1":"post","2":"type-post","3":"status-publish","4":"format-standard","6":"category-nacionales"},"yoast_head":"<!-- This site is optimized with the Yoast SEO plugin v25.1 - https:\/\/yoast.com\/wordpress\/plugins\/seo\/ -->\n<title>Presidente Humala declara estado de emergencia en Cajamarca<\/title>\n<meta name=\"description\" content=\"Portal de noticias del Per\u00fa sobre el transporte a\u00e9reo, aviaci\u00f3n, turismo, hoteleria, actualidad.\" \/>\n<meta name=\"robots\" content=\"index, follow, max-snippet:-1, max-image-preview:large, max-video-preview:-1\" \/>\n<link rel=\"canonical\" href=\"https:\/\/aeronoticias.com.pe\/noticiero\/nacionales\/presidente-humala-declara-en-estado-de-emergencia-en-cajamarca\/\" \/>\n<meta property=\"og:locale\" content=\"es_ES\" \/>\n<meta property=\"og:type\" content=\"article\" \/>\n<meta property=\"og:title\" content=\"Presidente Humala declara estado de emergencia en Cajamarca\" \/>\n<meta property=\"og:description\" content=\"Portal de noticias del Per\u00fa sobre el transporte a\u00e9reo, aviaci\u00f3n, turismo, hoteleria, actualidad.\" \/>\n<meta property=\"og:url\" content=\"https:\/\/aeronoticias.com.pe\/noticiero\/nacionales\/presidente-humala-declara-en-estado-de-emergencia-en-cajamarca\/\" \/>\n<meta property=\"og:site_name\" content=\"Aeronoticias.com.pe\" \/>\n<meta property=\"article:publisher\" content=\"https:\/\/www.facebook.com\/Aeronoticias.com.pe\/\" \/>\n<meta property=\"article:published_time\" content=\"2011-12-05T14:04:51+00:00\" \/>\n<meta name=\"author\" content=\"Redacci\u00f3n Aeronoticias\" \/>\n<meta name=\"twitter:card\" content=\"summary_large_image\" \/>\n<meta name=\"twitter:creator\" content=\"@aeronoticias\" \/>\n<meta name=\"twitter:site\" content=\"@aeronoticias\" \/>\n<meta name=\"twitter:label1\" content=\"Escrito por\" \/>\n\t<meta name=\"twitter:data1\" content=\"Redacci\u00f3n Aeronoticias\" \/>\n\t<meta name=\"twitter:label2\" content=\"Tiempo de lectura\" \/>\n\t<meta name=\"twitter:data2\" content=\"2 minutos\" \/>\n<script type=\"application\/ld+json\" class=\"yoast-schema-graph\">{\"@context\":\"https:\/\/schema.org\",\"@graph\":[{\"@type\":\"WebPage\",\"@id\":\"https:\/\/aeronoticias.com.pe\/noticiero\/nacionales\/presidente-humala-declara-en-estado-de-emergencia-en-cajamarca\/\",\"url\":\"https:\/\/aeronoticias.com.pe\/noticiero\/nacionales\/presidente-humala-declara-en-estado-de-emergencia-en-cajamarca\/\",\"name\":\"Presidente Humala declara estado de emergencia en Cajamarca\",\"isPartOf\":{\"@id\":\"https:\/\/aeronoticias.com.pe\/noticiero\/#website\"},\"datePublished\":\"2011-12-05T14:04:51+00:00\",\"author\":{\"@id\":\"https:\/\/aeronoticias.com.pe\/noticiero\/#\/schema\/person\/fc1e5d578f4b62ba1cf7ac2bba1170a0\"},\"description\":\"Portal de noticias del Per\u00fa sobre el transporte a\u00e9reo, aviaci\u00f3n, turismo, hoteleria, actualidad.\",\"breadcrumb\":{\"@id\":\"https:\/\/aeronoticias.com.pe\/noticiero\/nacionales\/presidente-humala-declara-en-estado-de-emergencia-en-cajamarca\/#breadcrumb\"},\"inLanguage\":\"es\",\"potentialAction\":[{\"@type\":\"ReadAction\",\"target\":[\"https:\/\/aeronoticias.com.pe\/noticiero\/nacionales\/presidente-humala-declara-en-estado-de-emergencia-en-cajamarca\/\"]}]},{\"@type\":\"BreadcrumbList\",\"@id\":\"https:\/\/aeronoticias.com.pe\/noticiero\/nacionales\/presidente-humala-declara-en-estado-de-emergencia-en-cajamarca\/#breadcrumb\",\"itemListElement\":[{\"@type\":\"ListItem\",\"position\":1,\"name\":\"Portada\",\"item\":\"https:\/\/aeronoticias.com.pe\/noticiero\/\"},{\"@type\":\"ListItem\",\"position\":2,\"name\":\"Presidente Humala declara estado de emergencia en Cajamarca\"}]},{\"@type\":\"WebSite\",\"@id\":\"https:\/\/aeronoticias.com.pe\/noticiero\/#website\",\"url\":\"https:\/\/aeronoticias.com.pe\/noticiero\/\",\"name\":\"Aeronoticias.com.pe\",\"description\":\"Noticias de tranporte aereo, turismo, hoteles, gastronomia, actualidad, internacional\",\"potentialAction\":[{\"@type\":\"SearchAction\",\"target\":{\"@type\":\"EntryPoint\",\"urlTemplate\":\"https:\/\/aeronoticias.com.pe\/noticiero\/?s={search_term_string}\"},\"query-input\":{\"@type\":\"PropertyValueSpecification\",\"valueRequired\":true,\"valueName\":\"search_term_string\"}}],\"inLanguage\":\"es\"},{\"@type\":\"Person\",\"@id\":\"https:\/\/aeronoticias.com.pe\/noticiero\/#\/schema\/person\/fc1e5d578f4b62ba1cf7ac2bba1170a0\",\"name\":\"Redacci\u00f3n Aeronoticias\",\"url\":\"https:\/\/aeronoticias.com.pe\/noticiero\/author\/piloto\/\"}]}<\/script>\n<!-- \/ Yoast SEO plugin. -->","yoast_head_json":{"title":"Presidente Humala declara estado de emergencia en Cajamarca","description":"Portal de noticias del Per\u00fa sobre el transporte a\u00e9reo, aviaci\u00f3n, turismo, hoteleria, actualidad.","robots":{"index":"index","follow":"follow","max-snippet":"max-snippet:-1","max-image-preview":"max-image-preview:large","max-video-preview":"max-video-preview:-1"},"canonical":"https:\/\/aeronoticias.com.pe\/noticiero\/nacionales\/presidente-humala-declara-en-estado-de-emergencia-en-cajamarca\/","og_locale":"es_ES","og_type":"article","og_title":"Presidente Humala declara estado de emergencia en Cajamarca","og_description":"Portal de noticias del Per\u00fa sobre el transporte a\u00e9reo, aviaci\u00f3n, turismo, hoteleria, actualidad.","og_url":"https:\/\/aeronoticias.com.pe\/noticiero\/nacionales\/presidente-humala-declara-en-estado-de-emergencia-en-cajamarca\/","og_site_name":"Aeronoticias.com.pe","article_publisher":"https:\/\/www.facebook.com\/Aeronoticias.com.pe\/","article_published_time":"2011-12-05T14:04:51+00:00","author":"Redacci\u00f3n Aeronoticias","twitter_card":"summary_large_image","twitter_creator":"@aeronoticias","twitter_site":"@aeronoticias","twitter_misc":{"Escrito por":"Redacci\u00f3n Aeronoticias","Tiempo de lectura":"2 minutos"},"schema":{"@context":"https:\/\/schema.org","@graph":[{"@type":"WebPage","@id":"https:\/\/aeronoticias.com.pe\/noticiero\/nacionales\/presidente-humala-declara-en-estado-de-emergencia-en-cajamarca\/","url":"https:\/\/aeronoticias.com.pe\/noticiero\/nacionales\/presidente-humala-declara-en-estado-de-emergencia-en-cajamarca\/","name":"Presidente Humala declara estado de emergencia en Cajamarca","isPartOf":{"@id":"https:\/\/aeronoticias.com.pe\/noticiero\/#website"},"datePublished":"2011-12-05T14:04:51+00:00","author":{"@id":"https:\/\/aeronoticias.com.pe\/noticiero\/#\/schema\/person\/fc1e5d578f4b62ba1cf7ac2bba1170a0"},"description":"Portal de noticias del Per\u00fa sobre el transporte a\u00e9reo, aviaci\u00f3n, turismo, hoteleria, actualidad.","breadcrumb":{"@id":"https:\/\/aeronoticias.com.pe\/noticiero\/nacionales\/presidente-humala-declara-en-estado-de-emergencia-en-cajamarca\/#breadcrumb"},"inLanguage":"es","potentialAction":[{"@type":"ReadAction","target":["https:\/\/aeronoticias.com.pe\/noticiero\/nacionales\/presidente-humala-declara-en-estado-de-emergencia-en-cajamarca\/"]}]},{"@type":"BreadcrumbList","@id":"https:\/\/aeronoticias.com.pe\/noticiero\/nacionales\/presidente-humala-declara-en-estado-de-emergencia-en-cajamarca\/#breadcrumb","itemListElement":[{"@type":"ListItem","position":1,"name":"Portada","item":"https:\/\/aeronoticias.com.pe\/noticiero\/"},{"@type":"ListItem","position":2,"name":"Presidente Humala declara estado de emergencia en Cajamarca"}]},{"@type":"WebSite","@id":"https:\/\/aeronoticias.com.pe\/noticiero\/#website","url":"https:\/\/aeronoticias.com.pe\/noticiero\/","name":"Aeronoticias.com.pe","description":"Noticias de tranporte aereo, turismo, hoteles, gastronomia, actualidad, internacional","potentialAction":[{"@type":"SearchAction","target":{"@type":"EntryPoint","urlTemplate":"https:\/\/aeronoticias.com.pe\/noticiero\/?s={search_term_string}"},"query-input":{"@type":"PropertyValueSpecification","valueRequired":true,"valueName":"search_term_string"}}],"inLanguage":"es"},{"@type":"Person","@id":"https:\/\/aeronoticias.com.pe\/noticiero\/#\/schema\/person\/fc1e5d578f4b62ba1cf7ac2bba1170a0","name":"Redacci\u00f3n Aeronoticias","url":"https:\/\/aeronoticias.com.pe\/noticiero\/author\/piloto\/"}]}},"_links":{"self":[{"href":"https:\/\/aeronoticias.com.pe\/noticiero\/wp-json\/wp\/v2\/posts\/21317","targetHints":{"allow":["GET"]}}],"collection":[{"href":"https:\/\/aeronoticias.com.pe\/noticiero\/wp-json\/wp\/v2\/posts"}],"about":[{"href":"https:\/\/aeronoticias.com.pe\/noticiero\/wp-json\/wp\/v2\/types\/post"}],"author":[{"embeddable":true,"href":"https:\/\/aeronoticias.com.pe\/noticiero\/wp-json\/wp\/v2\/users\/1"}],"replies":[{"embeddable":true,"href":"https:\/\/aeronoticias.com.pe\/noticiero\/wp-json\/wp\/v2\/comments?post=21317"}],"version-history":[{"count":0,"href":"https:\/\/aeronoticias.com.pe\/noticiero\/wp-json\/wp\/v2\/posts\/21317\/revisions"}],"wp:attachment":[{"href":"https:\/\/aeronoticias.com.pe\/noticiero\/wp-json\/wp\/v2\/media?parent=21317"}],"wp:term":[{"taxonomy":"category","embeddable":true,"href":"https:\/\/aeronoticias.com.pe\/noticiero\/wp-json\/wp\/v2\/categories?post=21317"},{"taxonomy":"post_tag","embeddable":true,"href":"https:\/\/aeronoticias.com.pe\/noticiero\/wp-json\/wp\/v2\/tags?post=21317"}],"curies":[{"name":"wp","href":"https:\/\/api.w.org\/{rel}","templated":true}]}}