{"id":21319,"date":"2011-12-05T14:11:39","date_gmt":"2011-12-05T14:11:39","guid":{"rendered":"http:\/\/desarrollo.mcvicious.com\/aero2020\/2011\/12\/05\/63-de-empresarios-aprueba-gestion-del-presidente-humala\/"},"modified":"2011-12-05T14:11:39","modified_gmt":"2011-12-05T14:11:39","slug":"63-de-empresarios-aprueba-gestion-del-presidente-humala","status":"publish","type":"post","link":"https:\/\/aeronoticias.com.pe\/noticiero\/economia\/63-de-empresarios-aprueba-gestion-del-presidente-humala\/","title":{"rendered":"63% de empresarios aprueba gesti\u00f3n del Presidente Humala"},"content":{"rendered":"<p style=\"text-align: justify;\"><strong>(Aeronoticias).-<\/strong> Con una mayoritaria aprobaci\u00f3n de los empresarios a la gesti\u00f3n del presidente de la Rep\u00fablica, Ollanta Humala culmin\u00f3 en el Cuzco la 49\u00b0 edici\u00f3n de la Conferencia Anual de Ejecutivos (CADE) 2011.<\/p>\n<p style=\"text-align: justify;\">La \u00faltima jornada de la reuni\u00f3n fue clausurada por el Ministro de Econom\u00eda, Luis Miguel Castilla, quien habl\u00f3 sobre la gesti\u00f3n econ\u00f3mica y financiera del Estado para lograr el crecimiento con inclusi\u00f3n social.<\/p>\n<p style=\"text-align: justify;\">Si bien el balance de esta edici\u00f3n de la CADE Ejecutivos que tuvo como tema central la \u201cinnovaci\u00f3n\u201d, fue positivo, en el ambiente se notaba la preocupaci\u00f3n de los empresarios por los graves conflictos sociales que afronta el pa\u00eds.<\/p>\n<p>  <!--more-->  <\/p>\n<p style=\"text-align: justify;\">Cabe se\u00f1alar que durante la \u00faltima jornada de la reuni\u00f3n, lo que concit\u00f3 la atenci\u00f3n fueron los resultados de la encuesta realizada por Ipsos Apoyo a cerca de 200 participantes de la CADE durante los tres d\u00edas de la Conferencia.<\/p>\n<p style=\"text-align: justify;\">Seg\u00fan la encuesta, \u00a0el 63% de los ejecutivos asistentes aprueban la gesti\u00f3n del presidente Ollanta Humala y una amplia mayor\u00eda de 80% aprueba la conducci\u00f3n de la econom\u00eda nacional.<\/p>\n<p style=\"text-align: justify;\">El 43% respalda el fomento de la inclusi\u00f3n social y el 30% el fomento de la inversi\u00f3n privada, mientras que el 53% considera que el pa\u00eds sigue progresando, pese al ciclo negativo de la econom\u00eda mundial.<\/p>\n<p style=\"text-align: justify;\">Un aspecto que preocup\u00f3 a los asistentes fue el bajo nivel educativo y los altos niveles de corrupci\u00f3n, por lo que el 73% cree que el gobierno debe impulsar la educaci\u00f3n, mientras que un 53% considera a la lucha \u00a0contra la corrupci\u00f3n como una prioridad.<\/p>\n<p style=\"text-align: justify;\"><img decoding=\"async\" src=\"images\/stories\/11\/12\/051211\/ollanta_humala_gobierno_respalado.jpg\" border=\"0\" alt=\"63% de empresarios aprueba gesti\u00f3n del Presidente Humala\" title=\"63% de empresarios aprueba gesti\u00f3n del Presidente Humala\" \/><\/p>\n","protected":false},"excerpt":{"rendered":"<p>(Aeronoticias).- Con una mayoritaria aprobaci\u00f3n de los empresarios a la gesti\u00f3n del presidente de la Rep\u00fablica, Ollanta Humala culmin\u00f3 en el Cuzco la 49\u00b0 edici\u00f3n de la Conferencia Anual de Ejecutivos (CADE) 2011. La \u00faltima jornada de la reuni\u00f3n fue clausurada por el Ministro de Econom\u00eda, Luis Miguel Castilla, quien habl\u00f3 sobre la gesti\u00f3n econ\u00f3mica [&hellip;]<\/p>\n","protected":false},"author":1,"featured_media":0,"comment_status":"open","ping_status":"open","sticky":false,"template":"","format":"standard","meta":{"tdm_status":"","tdm_grid_status":"","footnotes":""},"categories":[33],"tags":[],"class_list":{"0":"post-21319","1":"post","2":"type-post","3":"status-publish","4":"format-standard","6":"category-economia"},"yoast_head":"<!-- This site is optimized with the Yoast SEO plugin v25.1 - https:\/\/yoast.com\/wordpress\/plugins\/seo\/ -->\n<title>63% de empresarios aprueba gesti\u00f3n del Presidente Humala<\/title>\n<meta name=\"description\" content=\"Portal de noticias del Per\u00fa sobre el transporte a\u00e9reo, aviaci\u00f3n, turismo, hoteleria, actualidad.\" \/>\n<meta name=\"robots\" content=\"index, follow, max-snippet:-1, max-image-preview:large, max-video-preview:-1\" \/>\n<link rel=\"canonical\" href=\"https:\/\/aeronoticias.com.pe\/noticiero\/economia\/63-de-empresarios-aprueba-gestion-del-presidente-humala\/\" \/>\n<meta property=\"og:locale\" content=\"es_ES\" \/>\n<meta property=\"og:type\" content=\"article\" \/>\n<meta property=\"og:title\" content=\"63% de empresarios aprueba gesti\u00f3n del Presidente Humala\" \/>\n<meta property=\"og:description\" content=\"Portal de noticias del Per\u00fa sobre el transporte a\u00e9reo, aviaci\u00f3n, turismo, hoteleria, actualidad.\" \/>\n<meta property=\"og:url\" content=\"https:\/\/aeronoticias.com.pe\/noticiero\/economia\/63-de-empresarios-aprueba-gestion-del-presidente-humala\/\" \/>\n<meta property=\"og:site_name\" content=\"Aeronoticias.com.pe\" \/>\n<meta property=\"article:publisher\" content=\"https:\/\/www.facebook.com\/Aeronoticias.com.pe\/\" \/>\n<meta property=\"article:published_time\" content=\"2011-12-05T14:11:39+00:00\" \/>\n<meta name=\"author\" content=\"Redacci\u00f3n Aeronoticias\" \/>\n<meta name=\"twitter:card\" content=\"summary_large_image\" \/>\n<meta name=\"twitter:creator\" content=\"@aeronoticias\" \/>\n<meta name=\"twitter:site\" content=\"@aeronoticias\" \/>\n<meta name=\"twitter:label1\" content=\"Escrito por\" \/>\n\t<meta name=\"twitter:data1\" content=\"Redacci\u00f3n Aeronoticias\" \/>\n\t<meta name=\"twitter:label2\" content=\"Tiempo de lectura\" \/>\n\t<meta name=\"twitter:data2\" content=\"1 minuto\" \/>\n<script type=\"application\/ld+json\" class=\"yoast-schema-graph\">{\"@context\":\"https:\/\/schema.org\",\"@graph\":[{\"@type\":\"WebPage\",\"@id\":\"https:\/\/aeronoticias.com.pe\/noticiero\/economia\/63-de-empresarios-aprueba-gestion-del-presidente-humala\/\",\"url\":\"https:\/\/aeronoticias.com.pe\/noticiero\/economia\/63-de-empresarios-aprueba-gestion-del-presidente-humala\/\",\"name\":\"63% de empresarios aprueba gesti\u00f3n del Presidente Humala\",\"isPartOf\":{\"@id\":\"https:\/\/aeronoticias.com.pe\/noticiero\/#website\"},\"datePublished\":\"2011-12-05T14:11:39+00:00\",\"author\":{\"@id\":\"https:\/\/aeronoticias.com.pe\/noticiero\/#\/schema\/person\/fc1e5d578f4b62ba1cf7ac2bba1170a0\"},\"description\":\"Portal de noticias del Per\u00fa sobre el transporte a\u00e9reo, aviaci\u00f3n, turismo, hoteleria, actualidad.\",\"breadcrumb\":{\"@id\":\"https:\/\/aeronoticias.com.pe\/noticiero\/economia\/63-de-empresarios-aprueba-gestion-del-presidente-humala\/#breadcrumb\"},\"inLanguage\":\"es\",\"potentialAction\":[{\"@type\":\"ReadAction\",\"target\":[\"https:\/\/aeronoticias.com.pe\/noticiero\/economia\/63-de-empresarios-aprueba-gestion-del-presidente-humala\/\"]}]},{\"@type\":\"BreadcrumbList\",\"@id\":\"https:\/\/aeronoticias.com.pe\/noticiero\/economia\/63-de-empresarios-aprueba-gestion-del-presidente-humala\/#breadcrumb\",\"itemListElement\":[{\"@type\":\"ListItem\",\"position\":1,\"name\":\"Portada\",\"item\":\"https:\/\/aeronoticias.com.pe\/noticiero\/\"},{\"@type\":\"ListItem\",\"position\":2,\"name\":\"63% de empresarios aprueba gesti\u00f3n del Presidente Humala\"}]},{\"@type\":\"WebSite\",\"@id\":\"https:\/\/aeronoticias.com.pe\/noticiero\/#website\",\"url\":\"https:\/\/aeronoticias.com.pe\/noticiero\/\",\"name\":\"Aeronoticias.com.pe\",\"description\":\"Noticias de tranporte aereo, turismo, hoteles, gastronomia, actualidad, internacional\",\"potentialAction\":[{\"@type\":\"SearchAction\",\"target\":{\"@type\":\"EntryPoint\",\"urlTemplate\":\"https:\/\/aeronoticias.com.pe\/noticiero\/?s={search_term_string}\"},\"query-input\":{\"@type\":\"PropertyValueSpecification\",\"valueRequired\":true,\"valueName\":\"search_term_string\"}}],\"inLanguage\":\"es\"},{\"@type\":\"Person\",\"@id\":\"https:\/\/aeronoticias.com.pe\/noticiero\/#\/schema\/person\/fc1e5d578f4b62ba1cf7ac2bba1170a0\",\"name\":\"Redacci\u00f3n Aeronoticias\",\"url\":\"https:\/\/aeronoticias.com.pe\/noticiero\/author\/piloto\/\"}]}<\/script>\n<!-- \/ Yoast SEO plugin. -->","yoast_head_json":{"title":"63% de empresarios aprueba gesti\u00f3n del Presidente Humala","description":"Portal de noticias del Per\u00fa sobre el transporte a\u00e9reo, aviaci\u00f3n, turismo, hoteleria, actualidad.","robots":{"index":"index","follow":"follow","max-snippet":"max-snippet:-1","max-image-preview":"max-image-preview:large","max-video-preview":"max-video-preview:-1"},"canonical":"https:\/\/aeronoticias.com.pe\/noticiero\/economia\/63-de-empresarios-aprueba-gestion-del-presidente-humala\/","og_locale":"es_ES","og_type":"article","og_title":"63% de empresarios aprueba gesti\u00f3n del Presidente Humala","og_description":"Portal de noticias del Per\u00fa sobre el transporte a\u00e9reo, aviaci\u00f3n, turismo, hoteleria, actualidad.","og_url":"https:\/\/aeronoticias.com.pe\/noticiero\/economia\/63-de-empresarios-aprueba-gestion-del-presidente-humala\/","og_site_name":"Aeronoticias.com.pe","article_publisher":"https:\/\/www.facebook.com\/Aeronoticias.com.pe\/","article_published_time":"2011-12-05T14:11:39+00:00","author":"Redacci\u00f3n Aeronoticias","twitter_card":"summary_large_image","twitter_creator":"@aeronoticias","twitter_site":"@aeronoticias","twitter_misc":{"Escrito por":"Redacci\u00f3n Aeronoticias","Tiempo de lectura":"1 minuto"},"schema":{"@context":"https:\/\/schema.org","@graph":[{"@type":"WebPage","@id":"https:\/\/aeronoticias.com.pe\/noticiero\/economia\/63-de-empresarios-aprueba-gestion-del-presidente-humala\/","url":"https:\/\/aeronoticias.com.pe\/noticiero\/economia\/63-de-empresarios-aprueba-gestion-del-presidente-humala\/","name":"63% de empresarios aprueba gesti\u00f3n del Presidente Humala","isPartOf":{"@id":"https:\/\/aeronoticias.com.pe\/noticiero\/#website"},"datePublished":"2011-12-05T14:11:39+00:00","author":{"@id":"https:\/\/aeronoticias.com.pe\/noticiero\/#\/schema\/person\/fc1e5d578f4b62ba1cf7ac2bba1170a0"},"description":"Portal de noticias del Per\u00fa sobre el transporte a\u00e9reo, aviaci\u00f3n, turismo, hoteleria, actualidad.","breadcrumb":{"@id":"https:\/\/aeronoticias.com.pe\/noticiero\/economia\/63-de-empresarios-aprueba-gestion-del-presidente-humala\/#breadcrumb"},"inLanguage":"es","potentialAction":[{"@type":"ReadAction","target":["https:\/\/aeronoticias.com.pe\/noticiero\/economia\/63-de-empresarios-aprueba-gestion-del-presidente-humala\/"]}]},{"@type":"BreadcrumbList","@id":"https:\/\/aeronoticias.com.pe\/noticiero\/economia\/63-de-empresarios-aprueba-gestion-del-presidente-humala\/#breadcrumb","itemListElement":[{"@type":"ListItem","position":1,"name":"Portada","item":"https:\/\/aeronoticias.com.pe\/noticiero\/"},{"@type":"ListItem","position":2,"name":"63% de empresarios aprueba gesti\u00f3n del Presidente Humala"}]},{"@type":"WebSite","@id":"https:\/\/aeronoticias.com.pe\/noticiero\/#website","url":"https:\/\/aeronoticias.com.pe\/noticiero\/","name":"Aeronoticias.com.pe","description":"Noticias de tranporte aereo, turismo, hoteles, gastronomia, actualidad, internacional","potentialAction":[{"@type":"SearchAction","target":{"@type":"EntryPoint","urlTemplate":"https:\/\/aeronoticias.com.pe\/noticiero\/?s={search_term_string}"},"query-input":{"@type":"PropertyValueSpecification","valueRequired":true,"valueName":"search_term_string"}}],"inLanguage":"es"},{"@type":"Person","@id":"https:\/\/aeronoticias.com.pe\/noticiero\/#\/schema\/person\/fc1e5d578f4b62ba1cf7ac2bba1170a0","name":"Redacci\u00f3n Aeronoticias","url":"https:\/\/aeronoticias.com.pe\/noticiero\/author\/piloto\/"}]}},"_links":{"self":[{"href":"https:\/\/aeronoticias.com.pe\/noticiero\/wp-json\/wp\/v2\/posts\/21319","targetHints":{"allow":["GET"]}}],"collection":[{"href":"https:\/\/aeronoticias.com.pe\/noticiero\/wp-json\/wp\/v2\/posts"}],"about":[{"href":"https:\/\/aeronoticias.com.pe\/noticiero\/wp-json\/wp\/v2\/types\/post"}],"author":[{"embeddable":true,"href":"https:\/\/aeronoticias.com.pe\/noticiero\/wp-json\/wp\/v2\/users\/1"}],"replies":[{"embeddable":true,"href":"https:\/\/aeronoticias.com.pe\/noticiero\/wp-json\/wp\/v2\/comments?post=21319"}],"version-history":[{"count":0,"href":"https:\/\/aeronoticias.com.pe\/noticiero\/wp-json\/wp\/v2\/posts\/21319\/revisions"}],"wp:attachment":[{"href":"https:\/\/aeronoticias.com.pe\/noticiero\/wp-json\/wp\/v2\/media?parent=21319"}],"wp:term":[{"taxonomy":"category","embeddable":true,"href":"https:\/\/aeronoticias.com.pe\/noticiero\/wp-json\/wp\/v2\/categories?post=21319"},{"taxonomy":"post_tag","embeddable":true,"href":"https:\/\/aeronoticias.com.pe\/noticiero\/wp-json\/wp\/v2\/tags?post=21319"}],"curies":[{"name":"wp","href":"https:\/\/api.w.org\/{rel}","templated":true}]}}