{"id":2132,"date":"2009-02-27T09:56:02","date_gmt":"2009-02-27T09:56:02","guid":{"rendered":"http:\/\/desarrollo.mcvicious.com\/aero2020\/2009\/02\/27\/la-industria-aerea-aun-no-toca-fondo\/"},"modified":"2009-02-27T09:56:02","modified_gmt":"2009-02-27T09:56:02","slug":"la-industria-aerea-aun-no-toca-fondo","status":"publish","type":"post","link":"https:\/\/aeronoticias.com.pe\/noticiero\/transporte-aereo\/internacional\/la-industria-aerea-aun-no-toca-fondo\/","title":{"rendered":"LA INDUSTRIA AEREA AUN NO TOCA FONDO"},"content":{"rendered":"<p>&nbsp;<\/p>\n<p align=\"justify\">Seg&uacute;n alerta de la Asociaci&oacute;n de Transporte A&eacute;reo Internacional (IATA), al suministrar los resultados del tr&aacute;fico regular correspondientes al primer mes del a&ntilde;o, los cuales muestran un agudo deterioro de la demanda respecto al a&ntilde;o pasado se afirm&oacute; que contin&uacute;a el deterioro econ&oacute;mico en el tr&aacute;fico a&eacute;reo de enero.<\/p>\n<div style=\"text-align: center\">&nbsp;<\/div>\n<div style=\"text-align: center\"><img loading=\"lazy\" decoding=\"async\" src=\"http:\/\/www.aeronoticias.com.pe\/fotonoticias\/diciembre\/a%C3%A9reo.jpg\" alt=\" \" title=\"Industria a&eacute;rea\" width=\"372\" height=\"221\" \/><\/div>\n<p> <!--more--> <\/p>\n<p>&nbsp;<\/p>\n<p align=\"justify\">El tr&aacute;fico internacional de pasajeros cay&oacute; un 5,6% en enero de 2009, en comparaci&oacute;n con el mismo mes de 2008. Tambi&eacute;n es un punto porcentual peor que el 4,5% de diciembre respecto al de hace un a&ntilde;o. <\/p>\n<p> &nbsp;&ldquo;La industria se encuentra en una crisis global y todav&iacute;a no tocamos fondo&rdquo;, dijo Giovanni Bisignani, director general y consejero delegado de IATA.&nbsp; Las compa&ntilde;&iacute;as asi&aacute;ticas han liderado la ca&iacute;da de demanda de pasajeros con una reducci&oacute;n del 8,4% en enero respecto al a&ntilde;o pasado. <\/p>\n<p> Lo m&aacute;s grave de la ca&iacute;da de enero, es que es el quinto mes consecutivo de contracci&oacute;n. &ldquo;Las alarmas est&aacute;n sonando en todas partes, ya que, a excepci&oacute;n de las compa&ntilde;&iacute;as de Oriente Medio, la demanda de pasajeros est&aacute; cayendo en absolutamente todas las regiones&rdquo;, afirm&oacute; Bisignani en su descargo.<\/p>\n<p> La capacidad en la regi&oacute;n contrajo un 4,3%.&nbsp;&nbsp; Se prev&eacute; que la econom&iacute;a de Jap&oacute;n, el mayor mercado de la regi&oacute;n para el tr&aacute;fico a&eacute;reo, se contraiga en 2009 un 5%, cifra sin precedentes, por lo que las perspectivas para el tr&aacute;fico en la regi&oacute;n siguen siendo sombr&iacute;as. <\/p>\n<p> Todas las regiones est&aacute;n a la baja, salvo Oriente Medio. Las compa&ntilde;&iacute;as norteamericanas presentaron la segunda mayor ca&iacute;da con un 6,2%, debido a la reducci&oacute;n del tr&aacute;fico transpac&iacute;fico. Como respuesta, las l&iacute;neas a&eacute;reas redujeron un 2,6% de su capacidad internacional, dejando sin efecto parte de la expansi&oacute;n que hab&iacute;an tenido en los primeros meses de 2008. <\/p>\n<p> Las compa&ntilde;&iacute;as europeas lograron compensar algo m&aacute;s, la ca&iacute;da del 5,7% que registraron en la demanda con una reducci&oacute;n del 3,6% en la oferta. Cabe destacar que la demanda descendi&oacute; r&aacute;pidamente desde el 2,7% registrado en diciembre, a medida que las econom&iacute;as europeas comienzan a entrar en una profunda recesi&oacute;n. <\/p>\n<p> Las compa&ntilde;&iacute;as latinoamericanas experimentaron una modesta reducci&oacute;n del 1,4%. Incluso con un aumento del 0,5% en capacidad, la regi&oacute;n present&oacute; la tasa de ocupaci&oacute;n m&aacute;s alta, con el 74,9%. <\/p>\n<p> Las compa&ntilde;&iacute;as africanas han mejorado: la reducci&oacute;n de demanda que fue de un 4% en 2008, ha pasado a un 2,6% en enero. Oriente Medio fue la &uacute;nica regi&oacute;n con crecimiento del tr&aacute;fico, con un 3,1%.&nbsp;&nbsp; No obstante, este &iacute;ndice est&aacute; muy por debajo de los crecimientos de dos d&iacute;gitos de 2008, y del 10,8% de expansi&oacute;n en capacidad. <\/p>\n<p> Por &uacute;ltimo, afirm&oacute;: &ldquo;La &uacute;nica buena noticia es que los precios del combustible siguen muy por debajo de los niveles del a&ntilde;o pasado. Pero la ca&iacute;da de la demanda es mucho m&aacute;s da&ntilde;ina. La industria se est&aacute; contrayendo con una reducci&oacute;n esperada de los ingresos de 35.000 millones de d&oacute;lares hasta los 500.000 millones, lo que supondr&aacute; una p&eacute;rdida de 2.500 millones de d&oacute;lares este a&ntilde;o&rdquo;.<br \/>&nbsp; <\/p>\n","protected":false},"excerpt":{"rendered":"<p>&nbsp; Seg&uacute;n alerta de la Asociaci&oacute;n de Transporte A&eacute;reo Internacional (IATA), al suministrar los resultados del tr&aacute;fico regular correspondientes al primer mes del a&ntilde;o, los cuales muestran un agudo deterioro de la demanda respecto al a&ntilde;o pasado se afirm&oacute; que contin&uacute;a el deterioro econ&oacute;mico en el tr&aacute;fico a&eacute;reo de enero. &nbsp;<\/p>\n","protected":false},"author":1,"featured_media":0,"comment_status":"open","ping_status":"open","sticky":false,"template":"","format":"standard","meta":{"tdm_status":"","tdm_grid_status":"","footnotes":""},"categories":[32],"tags":[],"class_list":{"0":"post-2132","1":"post","2":"type-post","3":"status-publish","4":"format-standard","6":"category-internacional"},"yoast_head":"<!-- This site is optimized with the Yoast SEO plugin v25.1 - https:\/\/yoast.com\/wordpress\/plugins\/seo\/ -->\n<title>LA INDUSTRIA AEREA AUN NO TOCA FONDO<\/title>\n<meta name=\"description\" content=\"Portal de noticias del Per\u00fa sobre el transporte a\u00e9reo, aviaci\u00f3n, turismo, hoteleria, actualidad.\" \/>\n<meta name=\"robots\" content=\"index, follow, max-snippet:-1, max-image-preview:large, max-video-preview:-1\" \/>\n<link rel=\"canonical\" href=\"https:\/\/aeronoticias.com.pe\/noticiero\/transporte-aereo\/internacional\/la-industria-aerea-aun-no-toca-fondo\/\" \/>\n<meta property=\"og:locale\" content=\"es_ES\" \/>\n<meta property=\"og:type\" content=\"article\" \/>\n<meta property=\"og:title\" content=\"LA INDUSTRIA AEREA AUN NO TOCA FONDO\" \/>\n<meta property=\"og:description\" content=\"Portal de noticias del Per\u00fa sobre el transporte a\u00e9reo, aviaci\u00f3n, turismo, hoteleria, actualidad.\" \/>\n<meta property=\"og:url\" content=\"https:\/\/aeronoticias.com.pe\/noticiero\/transporte-aereo\/internacional\/la-industria-aerea-aun-no-toca-fondo\/\" \/>\n<meta property=\"og:site_name\" content=\"Aeronoticias.com.pe\" \/>\n<meta property=\"article:publisher\" content=\"https:\/\/www.facebook.com\/Aeronoticias.com.pe\/\" \/>\n<meta property=\"article:published_time\" content=\"2009-02-27T09:56:02+00:00\" \/>\n<meta property=\"og:image\" content=\"http:\/\/www.aeronoticias.com.pe\/fotonoticias\/diciembre\/a%C3%A9reo.jpg\" \/>\n<meta name=\"author\" content=\"Redacci\u00f3n Aeronoticias\" \/>\n<meta name=\"twitter:card\" content=\"summary_large_image\" \/>\n<meta name=\"twitter:creator\" content=\"@aeronoticias\" \/>\n<meta name=\"twitter:site\" content=\"@aeronoticias\" \/>\n<meta name=\"twitter:label1\" content=\"Escrito por\" \/>\n\t<meta name=\"twitter:data1\" content=\"Redacci\u00f3n Aeronoticias\" \/>\n\t<meta name=\"twitter:label2\" content=\"Tiempo de lectura\" \/>\n\t<meta name=\"twitter:data2\" content=\"3 minutos\" \/>\n<script type=\"application\/ld+json\" class=\"yoast-schema-graph\">{\"@context\":\"https:\/\/schema.org\",\"@graph\":[{\"@type\":\"WebPage\",\"@id\":\"https:\/\/aeronoticias.com.pe\/noticiero\/transporte-aereo\/internacional\/la-industria-aerea-aun-no-toca-fondo\/\",\"url\":\"https:\/\/aeronoticias.com.pe\/noticiero\/transporte-aereo\/internacional\/la-industria-aerea-aun-no-toca-fondo\/\",\"name\":\"LA INDUSTRIA AEREA AUN NO TOCA FONDO\",\"isPartOf\":{\"@id\":\"https:\/\/aeronoticias.com.pe\/noticiero\/#website\"},\"primaryImageOfPage\":{\"@id\":\"https:\/\/aeronoticias.com.pe\/noticiero\/transporte-aereo\/internacional\/la-industria-aerea-aun-no-toca-fondo\/#primaryimage\"},\"image\":{\"@id\":\"https:\/\/aeronoticias.com.pe\/noticiero\/transporte-aereo\/internacional\/la-industria-aerea-aun-no-toca-fondo\/#primaryimage\"},\"thumbnailUrl\":\"http:\/\/www.aeronoticias.com.pe\/fotonoticias\/diciembre\/a%C3%A9reo.jpg\",\"datePublished\":\"2009-02-27T09:56:02+00:00\",\"author\":{\"@id\":\"https:\/\/aeronoticias.com.pe\/noticiero\/#\/schema\/person\/fc1e5d578f4b62ba1cf7ac2bba1170a0\"},\"description\":\"Portal de noticias del Per\u00fa sobre el transporte a\u00e9reo, aviaci\u00f3n, turismo, hoteleria, actualidad.\",\"breadcrumb\":{\"@id\":\"https:\/\/aeronoticias.com.pe\/noticiero\/transporte-aereo\/internacional\/la-industria-aerea-aun-no-toca-fondo\/#breadcrumb\"},\"inLanguage\":\"es\",\"potentialAction\":[{\"@type\":\"ReadAction\",\"target\":[\"https:\/\/aeronoticias.com.pe\/noticiero\/transporte-aereo\/internacional\/la-industria-aerea-aun-no-toca-fondo\/\"]}]},{\"@type\":\"ImageObject\",\"inLanguage\":\"es\",\"@id\":\"https:\/\/aeronoticias.com.pe\/noticiero\/transporte-aereo\/internacional\/la-industria-aerea-aun-no-toca-fondo\/#primaryimage\",\"url\":\"http:\/\/www.aeronoticias.com.pe\/fotonoticias\/diciembre\/a%C3%A9reo.jpg\",\"contentUrl\":\"http:\/\/www.aeronoticias.com.pe\/fotonoticias\/diciembre\/a%C3%A9reo.jpg\"},{\"@type\":\"BreadcrumbList\",\"@id\":\"https:\/\/aeronoticias.com.pe\/noticiero\/transporte-aereo\/internacional\/la-industria-aerea-aun-no-toca-fondo\/#breadcrumb\",\"itemListElement\":[{\"@type\":\"ListItem\",\"position\":1,\"name\":\"Portada\",\"item\":\"https:\/\/aeronoticias.com.pe\/noticiero\/\"},{\"@type\":\"ListItem\",\"position\":2,\"name\":\"LA INDUSTRIA AEREA AUN NO TOCA FONDO\"}]},{\"@type\":\"WebSite\",\"@id\":\"https:\/\/aeronoticias.com.pe\/noticiero\/#website\",\"url\":\"https:\/\/aeronoticias.com.pe\/noticiero\/\",\"name\":\"Aeronoticias.com.pe\",\"description\":\"Noticias de tranporte aereo, turismo, hoteles, gastronomia, actualidad, internacional\",\"potentialAction\":[{\"@type\":\"SearchAction\",\"target\":{\"@type\":\"EntryPoint\",\"urlTemplate\":\"https:\/\/aeronoticias.com.pe\/noticiero\/?s={search_term_string}\"},\"query-input\":{\"@type\":\"PropertyValueSpecification\",\"valueRequired\":true,\"valueName\":\"search_term_string\"}}],\"inLanguage\":\"es\"},{\"@type\":\"Person\",\"@id\":\"https:\/\/aeronoticias.com.pe\/noticiero\/#\/schema\/person\/fc1e5d578f4b62ba1cf7ac2bba1170a0\",\"name\":\"Redacci\u00f3n Aeronoticias\",\"url\":\"https:\/\/aeronoticias.com.pe\/noticiero\/author\/piloto\/\"}]}<\/script>\n<!-- \/ Yoast SEO plugin. -->","yoast_head_json":{"title":"LA INDUSTRIA AEREA AUN NO TOCA FONDO","description":"Portal de noticias del Per\u00fa sobre el transporte a\u00e9reo, aviaci\u00f3n, turismo, hoteleria, actualidad.","robots":{"index":"index","follow":"follow","max-snippet":"max-snippet:-1","max-image-preview":"max-image-preview:large","max-video-preview":"max-video-preview:-1"},"canonical":"https:\/\/aeronoticias.com.pe\/noticiero\/transporte-aereo\/internacional\/la-industria-aerea-aun-no-toca-fondo\/","og_locale":"es_ES","og_type":"article","og_title":"LA INDUSTRIA AEREA AUN NO TOCA FONDO","og_description":"Portal de noticias del Per\u00fa sobre el transporte a\u00e9reo, aviaci\u00f3n, turismo, hoteleria, actualidad.","og_url":"https:\/\/aeronoticias.com.pe\/noticiero\/transporte-aereo\/internacional\/la-industria-aerea-aun-no-toca-fondo\/","og_site_name":"Aeronoticias.com.pe","article_publisher":"https:\/\/www.facebook.com\/Aeronoticias.com.pe\/","article_published_time":"2009-02-27T09:56:02+00:00","og_image":[{"url":"http:\/\/www.aeronoticias.com.pe\/fotonoticias\/diciembre\/a%C3%A9reo.jpg","type":"","width":"","height":""}],"author":"Redacci\u00f3n Aeronoticias","twitter_card":"summary_large_image","twitter_creator":"@aeronoticias","twitter_site":"@aeronoticias","twitter_misc":{"Escrito por":"Redacci\u00f3n Aeronoticias","Tiempo de lectura":"3 minutos"},"schema":{"@context":"https:\/\/schema.org","@graph":[{"@type":"WebPage","@id":"https:\/\/aeronoticias.com.pe\/noticiero\/transporte-aereo\/internacional\/la-industria-aerea-aun-no-toca-fondo\/","url":"https:\/\/aeronoticias.com.pe\/noticiero\/transporte-aereo\/internacional\/la-industria-aerea-aun-no-toca-fondo\/","name":"LA INDUSTRIA AEREA AUN NO TOCA FONDO","isPartOf":{"@id":"https:\/\/aeronoticias.com.pe\/noticiero\/#website"},"primaryImageOfPage":{"@id":"https:\/\/aeronoticias.com.pe\/noticiero\/transporte-aereo\/internacional\/la-industria-aerea-aun-no-toca-fondo\/#primaryimage"},"image":{"@id":"https:\/\/aeronoticias.com.pe\/noticiero\/transporte-aereo\/internacional\/la-industria-aerea-aun-no-toca-fondo\/#primaryimage"},"thumbnailUrl":"http:\/\/www.aeronoticias.com.pe\/fotonoticias\/diciembre\/a%C3%A9reo.jpg","datePublished":"2009-02-27T09:56:02+00:00","author":{"@id":"https:\/\/aeronoticias.com.pe\/noticiero\/#\/schema\/person\/fc1e5d578f4b62ba1cf7ac2bba1170a0"},"description":"Portal de noticias del Per\u00fa sobre el transporte a\u00e9reo, aviaci\u00f3n, turismo, hoteleria, actualidad.","breadcrumb":{"@id":"https:\/\/aeronoticias.com.pe\/noticiero\/transporte-aereo\/internacional\/la-industria-aerea-aun-no-toca-fondo\/#breadcrumb"},"inLanguage":"es","potentialAction":[{"@type":"ReadAction","target":["https:\/\/aeronoticias.com.pe\/noticiero\/transporte-aereo\/internacional\/la-industria-aerea-aun-no-toca-fondo\/"]}]},{"@type":"ImageObject","inLanguage":"es","@id":"https:\/\/aeronoticias.com.pe\/noticiero\/transporte-aereo\/internacional\/la-industria-aerea-aun-no-toca-fondo\/#primaryimage","url":"http:\/\/www.aeronoticias.com.pe\/fotonoticias\/diciembre\/a%C3%A9reo.jpg","contentUrl":"http:\/\/www.aeronoticias.com.pe\/fotonoticias\/diciembre\/a%C3%A9reo.jpg"},{"@type":"BreadcrumbList","@id":"https:\/\/aeronoticias.com.pe\/noticiero\/transporte-aereo\/internacional\/la-industria-aerea-aun-no-toca-fondo\/#breadcrumb","itemListElement":[{"@type":"ListItem","position":1,"name":"Portada","item":"https:\/\/aeronoticias.com.pe\/noticiero\/"},{"@type":"ListItem","position":2,"name":"LA INDUSTRIA AEREA AUN NO TOCA FONDO"}]},{"@type":"WebSite","@id":"https:\/\/aeronoticias.com.pe\/noticiero\/#website","url":"https:\/\/aeronoticias.com.pe\/noticiero\/","name":"Aeronoticias.com.pe","description":"Noticias de tranporte aereo, turismo, hoteles, gastronomia, actualidad, internacional","potentialAction":[{"@type":"SearchAction","target":{"@type":"EntryPoint","urlTemplate":"https:\/\/aeronoticias.com.pe\/noticiero\/?s={search_term_string}"},"query-input":{"@type":"PropertyValueSpecification","valueRequired":true,"valueName":"search_term_string"}}],"inLanguage":"es"},{"@type":"Person","@id":"https:\/\/aeronoticias.com.pe\/noticiero\/#\/schema\/person\/fc1e5d578f4b62ba1cf7ac2bba1170a0","name":"Redacci\u00f3n Aeronoticias","url":"https:\/\/aeronoticias.com.pe\/noticiero\/author\/piloto\/"}]}},"_links":{"self":[{"href":"https:\/\/aeronoticias.com.pe\/noticiero\/wp-json\/wp\/v2\/posts\/2132","targetHints":{"allow":["GET"]}}],"collection":[{"href":"https:\/\/aeronoticias.com.pe\/noticiero\/wp-json\/wp\/v2\/posts"}],"about":[{"href":"https:\/\/aeronoticias.com.pe\/noticiero\/wp-json\/wp\/v2\/types\/post"}],"author":[{"embeddable":true,"href":"https:\/\/aeronoticias.com.pe\/noticiero\/wp-json\/wp\/v2\/users\/1"}],"replies":[{"embeddable":true,"href":"https:\/\/aeronoticias.com.pe\/noticiero\/wp-json\/wp\/v2\/comments?post=2132"}],"version-history":[{"count":0,"href":"https:\/\/aeronoticias.com.pe\/noticiero\/wp-json\/wp\/v2\/posts\/2132\/revisions"}],"wp:attachment":[{"href":"https:\/\/aeronoticias.com.pe\/noticiero\/wp-json\/wp\/v2\/media?parent=2132"}],"wp:term":[{"taxonomy":"category","embeddable":true,"href":"https:\/\/aeronoticias.com.pe\/noticiero\/wp-json\/wp\/v2\/categories?post=2132"},{"taxonomy":"post_tag","embeddable":true,"href":"https:\/\/aeronoticias.com.pe\/noticiero\/wp-json\/wp\/v2\/tags?post=2132"}],"curies":[{"name":"wp","href":"https:\/\/api.w.org\/{rel}","templated":true}]}}