{"id":21327,"date":"2011-12-05T14:42:28","date_gmt":"2011-12-05T14:42:28","guid":{"rendered":"http:\/\/desarrollo.mcvicious.com\/aero2020\/2011\/12\/05\/calle-13-ofrecio-concierto-en-lima-con-cuatro-horas-de-retraso\/"},"modified":"2011-12-05T14:42:28","modified_gmt":"2011-12-05T14:42:28","slug":"calle-13-ofrecio-concierto-en-lima-con-cuatro-horas-de-retraso","status":"publish","type":"post","link":"https:\/\/aeronoticias.com.pe\/noticiero\/espectaculos\/calle-13-ofrecio-concierto-en-lima-con-cuatro-horas-de-retraso\/","title":{"rendered":"Calle 13 ofreci\u00f3 concierto en Lima con cuatro horas de retraso"},"content":{"rendered":"<p style=\"text-align: justify;\"><strong>(Aeronoticias)<\/strong> La agrupaci\u00f3n puertorrique\u00f1a Calle 13 ten\u00eda planeado realizar su concierto en nuestra capital, luego de haber ofrecido una de las m\u00e1s demoledoras presentaciones del 2011 (el pasado 31 de marzo). Sin embargo otro fue el resultado.<\/p>\n<p>El concierto estaba programado en un principio para las 11:15 p.m. del s\u00e1bado 3 de diciembre, empez\u00f3 reci\u00e9n a las 2:55 a.m. del domingo 4, debido a que el dueto integrado por Residente y Visitante tuvo problemas con el vuelo que los trasladaba desde Caracas a Lima.<\/p>\n<p>Poco antes de las 7:00 de la noche, ya hab\u00edan largas colas que esperaban en el exterior del Estadio de San Marcos, para ingresar a la explanada norte y separar el lugar m\u00e1s cerca al escenario. A pesar de la gran expectativa por ver a dicha banda en vivo, a\u00fan se manten\u00eda la calma y el orden.<\/p>\n<p>A las 9:45 p.m., la agrupaci\u00f3n local La Sarita, la telonera de la noche, cumpli\u00f3 con su parte al entregar lo mejor de su repertorio, durante una hora con 15 minutos, ante un auditorio casi lleno.<\/p>\n<p>Hasta ese momento, el p\u00fablico respond\u00eda sin perder la compostura, pese a notar la evidente ausencia de Calle 13. Pero, a la 1:00 a.m. ya era sobreentendido que Calle 13 no iba a cumplir con el horario programado.<\/p>\n<p>Por lo tanto, las tribunas se pon\u00edan cada vez m\u00e1s impacientes. Algunos fans que hab\u00edan tomado de m\u00e1s protagonizaron sendas grescas, donde tuvieron incluso que intervenir miembros de seguridad. Y cuando se pensaba que todo estaba resuelto, el respetable se pronunci\u00f3 pidiendo que comience el concierto y silbando en protesta.<\/p>\n<p>A las 2:55 a.m. que aparecieron Residente y Visitante bajo los reflectores, con un recibimiento poco usual: botellas y vasos que viajaban por el aire hasta caer en el escenario, acompa\u00f1ada por gritos, reclamos e insultos de los espectadores.<\/p>\n<p>El vocalista del grupo, Ren\u00e9 P\u00e9rez, intent\u00f3 no prestar atenci\u00f3n a la molestia de sus fans y comenz\u00f3 con su concierto con el tema \u201cBaile de los pobres\u201d. Pero r\u00e1pidamente tuvo que interrumpir el acto, luego de recibir en la cara el impacto de un llavero que alguien lanzo de entre el p\u00fablico.<\/p>\n<p>\u201cPer\u00fa, vamos a hacer algo para entendernos porque estamos en familia, \u00bfo no? aqu\u00ed nosotros no hemos dormido en tres d\u00edas, para que vengan a escucharme. No soy ning\u00fan Luis Miguel, ni Shakira&#8230; ni estaba en ning\u00fan jacuzzi. Yo fui a Venezuela hoy (s\u00e1bado) porque Puerto Rico no estaba entre los pa\u00edses que ten\u00edan que estar (en la Comunidad de Estados de Latinoam\u00e9rica y el Caribe) con todos los presidentes y por eso fui a Venezuela, para decirle a todos los presidentes: \u00a1qu\u00e9 viva Puerto Rico libre y no queremos ser colonia!\u201d, expres\u00f3 el cantante.<\/p>\n<p>\u201cEstoy cantando a las 3:00 de la ma\u00f1ana, as\u00ed como ustedes estan esperando hasta las 3:00 de la ma\u00f1ana\u2026 como son las revoluciones. Les doy las gracias a quienes quisieron entrar. <\/p>\n<p>Los que no quieren estar aqu\u00ed, porque est\u00e1n molestos, se pueden ir. Los que se quieren quedar porque entienden que mi pa\u00eds tambi\u00e9n merece una bandera all\u00e1, que se queden. Pero que no me vengan a tirar una llave en la cara. Yo no soy un artista, yo soy un tipo como ustedes que est\u00e1 parado aqu\u00ed rapeando\u201d, agreg\u00f3.<\/p>\n<p>Adem\u00e1s, Residente, evidentemente molesto, cerr\u00f3 el tema diciendo: \u201cY el que tenga alg\u00fan problema, tiene la tarima abierta y que se trepe aqu\u00ed, como un hombre, y me lo diga en la cara\u201d.<\/p>\n<p>Luego siguieron casi dos horas de concierto, interrumpido solo por Ren\u00e9 para intentar reconciliarse con el p\u00fablico, record\u00e1ndoles que Calle 13 \u201cson de los pocos artistas que los representan\u201d y recomendando no ver programas de espect\u00e1culo.<\/p>\n<p>Aunque algunos cientos de fan\u00e1ticos decidieron abandonar el local, debido a la hora (ya las 4:00 a.m.), miles a\u00fan continuaron saltando con el electrizante setlist que hab\u00eda preparado la agrupaci\u00f3n puertorrique\u00f1a. <\/p>\n<p>Sin embargo, el p\u00fablico no pudo escuchar por segunda vez a Calle 13 y nuestra ministra de Cultura, Susana Baca, interpretar el tema \u201cLatinoam\u00e9rica\u201d \u2013que le vali\u00f3 el Grammy Latino a los puertorrique\u00f1os-.<\/p>\n<p>El concierto finaliz\u00f3 a las 4:55 a.m.- con Residente agradeciendo a sus fieles seguidores y gritando: \u201c\u00a1Qu\u00e9 viva Latinoam\u00e9rica libre! \u00a1Qu\u00e9 viva Puerto Rico! \u00a1Qu\u00e9 viva el Per\u00fa!\u201d.<\/p>\n<p style=\"text-align: justify;\"><img loading=\"lazy\" decoding=\"async\" src=\"images\/stories\/11\/12\/051211\/calle13.jpg\" border=\"0\" alt=\"Calle 13 ofreci\u00f3 concierto en Lima con cuatro horas de retraso\" width=\"400\" height=\"289\" \/><\/p>\n<p style=\"text-align: justify;\">\u00a0<\/p>\n","protected":false},"excerpt":{"rendered":"<p>(Aeronoticias) La agrupaci\u00f3n puertorrique\u00f1a Calle 13 ten\u00eda planeado realizar su concierto en nuestra capital, luego de haber ofrecido una de las m\u00e1s demoledoras presentaciones del 2011 (el pasado 31 de marzo). Sin embargo otro fue el resultado. El concierto estaba programado en un principio para las 11:15 p.m. del s\u00e1bado 3 de diciembre, empez\u00f3 reci\u00e9n [&hellip;]<\/p>\n","protected":false},"author":1,"featured_media":0,"comment_status":"open","ping_status":"open","sticky":false,"template":"","format":"standard","meta":{"tdm_status":"","tdm_grid_status":"","footnotes":""},"categories":[41],"tags":[],"class_list":{"0":"post-21327","1":"post","2":"type-post","3":"status-publish","4":"format-standard","6":"category-espectaculos"},"yoast_head":"<!-- This site is optimized with the Yoast SEO plugin v25.1 - https:\/\/yoast.com\/wordpress\/plugins\/seo\/ -->\n<title>Calle 13 ofreci\u00f3 concierto en Lima con cuatro horas de retraso<\/title>\n<meta name=\"description\" content=\"Portal de noticias del Per\u00fa sobre el transporte a\u00e9reo, aviaci\u00f3n, turismo, hoteleria, actualidad.\" \/>\n<meta name=\"robots\" content=\"index, follow, max-snippet:-1, max-image-preview:large, max-video-preview:-1\" \/>\n<link rel=\"canonical\" href=\"https:\/\/aeronoticias.com.pe\/noticiero\/espectaculos\/calle-13-ofrecio-concierto-en-lima-con-cuatro-horas-de-retraso\/\" \/>\n<meta property=\"og:locale\" content=\"es_ES\" \/>\n<meta property=\"og:type\" content=\"article\" \/>\n<meta property=\"og:title\" content=\"Calle 13 ofreci\u00f3 concierto en Lima con cuatro horas de retraso\" \/>\n<meta property=\"og:description\" content=\"Portal de noticias del Per\u00fa sobre el transporte a\u00e9reo, aviaci\u00f3n, turismo, hoteleria, actualidad.\" \/>\n<meta property=\"og:url\" content=\"https:\/\/aeronoticias.com.pe\/noticiero\/espectaculos\/calle-13-ofrecio-concierto-en-lima-con-cuatro-horas-de-retraso\/\" \/>\n<meta property=\"og:site_name\" content=\"Aeronoticias.com.pe\" \/>\n<meta property=\"article:publisher\" content=\"https:\/\/www.facebook.com\/Aeronoticias.com.pe\/\" \/>\n<meta property=\"article:published_time\" content=\"2011-12-05T14:42:28+00:00\" \/>\n<meta name=\"author\" content=\"Redacci\u00f3n Aeronoticias\" \/>\n<meta name=\"twitter:card\" content=\"summary_large_image\" \/>\n<meta name=\"twitter:creator\" content=\"@aeronoticias\" \/>\n<meta name=\"twitter:site\" content=\"@aeronoticias\" \/>\n<meta name=\"twitter:label1\" content=\"Escrito por\" \/>\n\t<meta name=\"twitter:data1\" content=\"Redacci\u00f3n Aeronoticias\" \/>\n\t<meta name=\"twitter:label2\" content=\"Tiempo de lectura\" \/>\n\t<meta name=\"twitter:data2\" content=\"4 minutos\" \/>\n<script type=\"application\/ld+json\" class=\"yoast-schema-graph\">{\"@context\":\"https:\/\/schema.org\",\"@graph\":[{\"@type\":\"WebPage\",\"@id\":\"https:\/\/aeronoticias.com.pe\/noticiero\/espectaculos\/calle-13-ofrecio-concierto-en-lima-con-cuatro-horas-de-retraso\/\",\"url\":\"https:\/\/aeronoticias.com.pe\/noticiero\/espectaculos\/calle-13-ofrecio-concierto-en-lima-con-cuatro-horas-de-retraso\/\",\"name\":\"Calle 13 ofreci\u00f3 concierto en Lima con cuatro horas de retraso\",\"isPartOf\":{\"@id\":\"https:\/\/aeronoticias.com.pe\/noticiero\/#website\"},\"datePublished\":\"2011-12-05T14:42:28+00:00\",\"author\":{\"@id\":\"https:\/\/aeronoticias.com.pe\/noticiero\/#\/schema\/person\/fc1e5d578f4b62ba1cf7ac2bba1170a0\"},\"description\":\"Portal de noticias del Per\u00fa sobre el transporte a\u00e9reo, aviaci\u00f3n, turismo, hoteleria, actualidad.\",\"breadcrumb\":{\"@id\":\"https:\/\/aeronoticias.com.pe\/noticiero\/espectaculos\/calle-13-ofrecio-concierto-en-lima-con-cuatro-horas-de-retraso\/#breadcrumb\"},\"inLanguage\":\"es\",\"potentialAction\":[{\"@type\":\"ReadAction\",\"target\":[\"https:\/\/aeronoticias.com.pe\/noticiero\/espectaculos\/calle-13-ofrecio-concierto-en-lima-con-cuatro-horas-de-retraso\/\"]}]},{\"@type\":\"BreadcrumbList\",\"@id\":\"https:\/\/aeronoticias.com.pe\/noticiero\/espectaculos\/calle-13-ofrecio-concierto-en-lima-con-cuatro-horas-de-retraso\/#breadcrumb\",\"itemListElement\":[{\"@type\":\"ListItem\",\"position\":1,\"name\":\"Portada\",\"item\":\"https:\/\/aeronoticias.com.pe\/noticiero\/\"},{\"@type\":\"ListItem\",\"position\":2,\"name\":\"Calle 13 ofreci\u00f3 concierto en Lima con cuatro horas de retraso\"}]},{\"@type\":\"WebSite\",\"@id\":\"https:\/\/aeronoticias.com.pe\/noticiero\/#website\",\"url\":\"https:\/\/aeronoticias.com.pe\/noticiero\/\",\"name\":\"Aeronoticias.com.pe\",\"description\":\"Noticias de tranporte aereo, turismo, hoteles, gastronomia, actualidad, internacional\",\"potentialAction\":[{\"@type\":\"SearchAction\",\"target\":{\"@type\":\"EntryPoint\",\"urlTemplate\":\"https:\/\/aeronoticias.com.pe\/noticiero\/?s={search_term_string}\"},\"query-input\":{\"@type\":\"PropertyValueSpecification\",\"valueRequired\":true,\"valueName\":\"search_term_string\"}}],\"inLanguage\":\"es\"},{\"@type\":\"Person\",\"@id\":\"https:\/\/aeronoticias.com.pe\/noticiero\/#\/schema\/person\/fc1e5d578f4b62ba1cf7ac2bba1170a0\",\"name\":\"Redacci\u00f3n Aeronoticias\",\"url\":\"https:\/\/aeronoticias.com.pe\/noticiero\/author\/piloto\/\"}]}<\/script>\n<!-- \/ Yoast SEO plugin. -->","yoast_head_json":{"title":"Calle 13 ofreci\u00f3 concierto en Lima con cuatro horas de retraso","description":"Portal de noticias del Per\u00fa sobre el transporte a\u00e9reo, aviaci\u00f3n, turismo, hoteleria, actualidad.","robots":{"index":"index","follow":"follow","max-snippet":"max-snippet:-1","max-image-preview":"max-image-preview:large","max-video-preview":"max-video-preview:-1"},"canonical":"https:\/\/aeronoticias.com.pe\/noticiero\/espectaculos\/calle-13-ofrecio-concierto-en-lima-con-cuatro-horas-de-retraso\/","og_locale":"es_ES","og_type":"article","og_title":"Calle 13 ofreci\u00f3 concierto en Lima con cuatro horas de retraso","og_description":"Portal de noticias del Per\u00fa sobre el transporte a\u00e9reo, aviaci\u00f3n, turismo, hoteleria, actualidad.","og_url":"https:\/\/aeronoticias.com.pe\/noticiero\/espectaculos\/calle-13-ofrecio-concierto-en-lima-con-cuatro-horas-de-retraso\/","og_site_name":"Aeronoticias.com.pe","article_publisher":"https:\/\/www.facebook.com\/Aeronoticias.com.pe\/","article_published_time":"2011-12-05T14:42:28+00:00","author":"Redacci\u00f3n Aeronoticias","twitter_card":"summary_large_image","twitter_creator":"@aeronoticias","twitter_site":"@aeronoticias","twitter_misc":{"Escrito por":"Redacci\u00f3n Aeronoticias","Tiempo de lectura":"4 minutos"},"schema":{"@context":"https:\/\/schema.org","@graph":[{"@type":"WebPage","@id":"https:\/\/aeronoticias.com.pe\/noticiero\/espectaculos\/calle-13-ofrecio-concierto-en-lima-con-cuatro-horas-de-retraso\/","url":"https:\/\/aeronoticias.com.pe\/noticiero\/espectaculos\/calle-13-ofrecio-concierto-en-lima-con-cuatro-horas-de-retraso\/","name":"Calle 13 ofreci\u00f3 concierto en Lima con cuatro horas de retraso","isPartOf":{"@id":"https:\/\/aeronoticias.com.pe\/noticiero\/#website"},"datePublished":"2011-12-05T14:42:28+00:00","author":{"@id":"https:\/\/aeronoticias.com.pe\/noticiero\/#\/schema\/person\/fc1e5d578f4b62ba1cf7ac2bba1170a0"},"description":"Portal de noticias del Per\u00fa sobre el transporte a\u00e9reo, aviaci\u00f3n, turismo, hoteleria, actualidad.","breadcrumb":{"@id":"https:\/\/aeronoticias.com.pe\/noticiero\/espectaculos\/calle-13-ofrecio-concierto-en-lima-con-cuatro-horas-de-retraso\/#breadcrumb"},"inLanguage":"es","potentialAction":[{"@type":"ReadAction","target":["https:\/\/aeronoticias.com.pe\/noticiero\/espectaculos\/calle-13-ofrecio-concierto-en-lima-con-cuatro-horas-de-retraso\/"]}]},{"@type":"BreadcrumbList","@id":"https:\/\/aeronoticias.com.pe\/noticiero\/espectaculos\/calle-13-ofrecio-concierto-en-lima-con-cuatro-horas-de-retraso\/#breadcrumb","itemListElement":[{"@type":"ListItem","position":1,"name":"Portada","item":"https:\/\/aeronoticias.com.pe\/noticiero\/"},{"@type":"ListItem","position":2,"name":"Calle 13 ofreci\u00f3 concierto en Lima con cuatro horas de retraso"}]},{"@type":"WebSite","@id":"https:\/\/aeronoticias.com.pe\/noticiero\/#website","url":"https:\/\/aeronoticias.com.pe\/noticiero\/","name":"Aeronoticias.com.pe","description":"Noticias de tranporte aereo, turismo, hoteles, gastronomia, actualidad, internacional","potentialAction":[{"@type":"SearchAction","target":{"@type":"EntryPoint","urlTemplate":"https:\/\/aeronoticias.com.pe\/noticiero\/?s={search_term_string}"},"query-input":{"@type":"PropertyValueSpecification","valueRequired":true,"valueName":"search_term_string"}}],"inLanguage":"es"},{"@type":"Person","@id":"https:\/\/aeronoticias.com.pe\/noticiero\/#\/schema\/person\/fc1e5d578f4b62ba1cf7ac2bba1170a0","name":"Redacci\u00f3n Aeronoticias","url":"https:\/\/aeronoticias.com.pe\/noticiero\/author\/piloto\/"}]}},"_links":{"self":[{"href":"https:\/\/aeronoticias.com.pe\/noticiero\/wp-json\/wp\/v2\/posts\/21327","targetHints":{"allow":["GET"]}}],"collection":[{"href":"https:\/\/aeronoticias.com.pe\/noticiero\/wp-json\/wp\/v2\/posts"}],"about":[{"href":"https:\/\/aeronoticias.com.pe\/noticiero\/wp-json\/wp\/v2\/types\/post"}],"author":[{"embeddable":true,"href":"https:\/\/aeronoticias.com.pe\/noticiero\/wp-json\/wp\/v2\/users\/1"}],"replies":[{"embeddable":true,"href":"https:\/\/aeronoticias.com.pe\/noticiero\/wp-json\/wp\/v2\/comments?post=21327"}],"version-history":[{"count":0,"href":"https:\/\/aeronoticias.com.pe\/noticiero\/wp-json\/wp\/v2\/posts\/21327\/revisions"}],"wp:attachment":[{"href":"https:\/\/aeronoticias.com.pe\/noticiero\/wp-json\/wp\/v2\/media?parent=21327"}],"wp:term":[{"taxonomy":"category","embeddable":true,"href":"https:\/\/aeronoticias.com.pe\/noticiero\/wp-json\/wp\/v2\/categories?post=21327"},{"taxonomy":"post_tag","embeddable":true,"href":"https:\/\/aeronoticias.com.pe\/noticiero\/wp-json\/wp\/v2\/tags?post=21327"}],"curies":[{"name":"wp","href":"https:\/\/api.w.org\/{rel}","templated":true}]}}