{"id":2135,"date":"2009-02-27T11:55:40","date_gmt":"2009-02-27T11:55:40","guid":{"rendered":"http:\/\/desarrollo.mcvicious.com\/aero2020\/2009\/02\/27\/derrame-de-14000-barriles-de-crudo-de-ecuador\/"},"modified":"2009-02-27T11:55:40","modified_gmt":"2009-02-27T11:55:40","slug":"derrame-de-14000-barriles-de-crudo-de-ecuador","status":"publish","type":"post","link":"https:\/\/aeronoticias.com.pe\/noticiero\/internacionales\/derrame-de-14000-barriles-de-crudo-de-ecuador\/","title":{"rendered":"DERRAME DE 14.000 BARRILES DE CRUDO DE ECUADOR"},"content":{"rendered":"<p>El consorcio multinacional Oleoducto de&nbsp; Crudos Pesados (OCP), que administra y controla el Oleoducto para Crudos&nbsp; Pesados confirm&oacute; hoy que unos 14.000 barriles de&nbsp; petr&oacute;leo se derramaron por la rotura de una tuber&iacute;a en el r&iacute;o Santa&nbsp; Rosa y Quijos, de la provincia amaz&oacute;nica ecuatoriana del Napo&nbsp; (sureste de Ecuador). &nbsp;<\/p>\n<p>&nbsp;&nbsp; <\/p>\n<div style=\"text-align: center\"><img loading=\"lazy\" decoding=\"async\" src=\"http:\/\/www.aeronoticias.com.pe\/fotonoticias\/diciembre\/barriles.jpg\" alt=\" \" title=\"Barriles Petr&oacute;leo\" width=\"331\" height=\"230\" \/><\/div>\n<p> <!--more--> <\/p>\n<p>&nbsp;<\/p>\n<p align=\"justify\">Mediante un breve comunicado, OCP-Ecuador se&ntilde;al&oacute; que en las zonas&nbsp; afectadas se realizan trabajos de remediaci&oacute;n ambiental. &nbsp;<\/p>\n<p> Seg&uacute;n el&nbsp; informe de OCP-Ecuador: &ldquo;El vertido petrolero que se produjo el mi&eacute;rcoles, en el sector de&nbsp; Santa Rosa (Napo) fue debido a &quot;un fen&oacute;meno natural que caus&oacute; un&nbsp; esfuerzo extremo en una tuber&iacute;a, lo que llev&oacute; a la rotura del&nbsp; conducto y al derrame de unos 14.000 barriles de crudo&quot;, se afirm&oacute;.<\/p>\n<p> Adem&aacute;s se inform&oacute; que la rotura en la tuber&iacute;a es de 5 por 10&nbsp; cent&iacute;metros, la rotura del ducto, que se encuentra bajo tierra y tiene una&nbsp; longitud de 305 kil&oacute;metros, se detect&oacute; por la descompensaci&oacute;n de la&nbsp; presi&oacute;n en el oleoducto que une los pozos de extracci&oacute;n de petr&oacute;leo&nbsp; en la Amazonia con el puerto de embarque en la costa del Pac&iacute;fico. &nbsp;<\/p>\n<p>Seg&uacute;n el texto, las labores de limpieza y la recolecci&oacute;n del&nbsp; crudo vertido &quot;se realizan las 24 horas del d&iacute;a a trav&eacute;s de diques y&nbsp; piscinas de contenci&oacute;n desplegados en varios puntos&quot;. &nbsp;<\/p>\n<p>Tambi&eacute;n se&ntilde;al&oacute; que los trabajos de reparaci&oacute;n de la tuber&iacute;a &quot;ya&nbsp; se iniciaron&quot; y que se estima que en cinco d&iacute;as se restablecer&aacute;n las&nbsp; operaciones del oleoducto, &quot;luego de comprobar el correcto&nbsp; funcionamiento del sistema&quot;.&nbsp; &nbsp;<\/p>\n<p>T&eacute;cnicos de remediaci&oacute;n ambiental de OCP-Ecuador dijeron que han colocado barreras en el r&iacute;o Coca para evitar la contaminaci&oacute;n,&nbsp; aparte de que se realiza un censo para conocer el n&uacute;mero de familias&nbsp; afectadas en las zonas aleda&ntilde;as por el derrame de crudo. <br \/> &nbsp;<br \/>&nbsp; <\/p>\n","protected":false},"excerpt":{"rendered":"<p>El consorcio multinacional Oleoducto de&nbsp; Crudos Pesados (OCP), que administra y controla el Oleoducto para Crudos&nbsp; Pesados confirm&oacute; hoy que unos 14.000 barriles de&nbsp; petr&oacute;leo se derramaron por la rotura de una tuber&iacute;a en el r&iacute;o Santa&nbsp; Rosa y Quijos, de la provincia amaz&oacute;nica ecuatoriana del Napo&nbsp; (sureste de Ecuador). &nbsp; &nbsp;&nbsp;<\/p>\n","protected":false},"author":1,"featured_media":0,"comment_status":"open","ping_status":"open","sticky":false,"template":"","format":"standard","meta":{"tdm_status":"","tdm_grid_status":"","footnotes":""},"categories":[34],"tags":[],"class_list":{"0":"post-2135","1":"post","2":"type-post","3":"status-publish","4":"format-standard","6":"category-internacionales"},"yoast_head":"<!-- This site is optimized with the Yoast SEO plugin v25.1 - https:\/\/yoast.com\/wordpress\/plugins\/seo\/ -->\n<title>DERRAME DE 14.000 BARRILES DE CRUDO DE ECUADOR<\/title>\n<meta name=\"description\" content=\"Portal de noticias del Per\u00fa sobre el transporte a\u00e9reo, aviaci\u00f3n, turismo, hoteleria, actualidad.\" \/>\n<meta name=\"robots\" content=\"index, follow, max-snippet:-1, max-image-preview:large, max-video-preview:-1\" \/>\n<link rel=\"canonical\" href=\"https:\/\/aeronoticias.com.pe\/noticiero\/internacionales\/derrame-de-14000-barriles-de-crudo-de-ecuador\/\" \/>\n<meta property=\"og:locale\" content=\"es_ES\" \/>\n<meta property=\"og:type\" content=\"article\" \/>\n<meta property=\"og:title\" content=\"DERRAME DE 14.000 BARRILES DE CRUDO DE ECUADOR\" \/>\n<meta property=\"og:description\" content=\"Portal de noticias del Per\u00fa sobre el transporte a\u00e9reo, aviaci\u00f3n, turismo, hoteleria, actualidad.\" \/>\n<meta property=\"og:url\" content=\"https:\/\/aeronoticias.com.pe\/noticiero\/internacionales\/derrame-de-14000-barriles-de-crudo-de-ecuador\/\" \/>\n<meta property=\"og:site_name\" content=\"Aeronoticias.com.pe\" \/>\n<meta property=\"article:publisher\" content=\"https:\/\/www.facebook.com\/Aeronoticias.com.pe\/\" \/>\n<meta property=\"article:published_time\" content=\"2009-02-27T11:55:40+00:00\" \/>\n<meta property=\"og:image\" content=\"http:\/\/www.aeronoticias.com.pe\/fotonoticias\/diciembre\/barriles.jpg\" \/>\n<meta name=\"author\" content=\"Redacci\u00f3n Aeronoticias\" \/>\n<meta name=\"twitter:card\" content=\"summary_large_image\" \/>\n<meta name=\"twitter:creator\" content=\"@aeronoticias\" \/>\n<meta name=\"twitter:site\" content=\"@aeronoticias\" \/>\n<meta name=\"twitter:label1\" content=\"Escrito por\" \/>\n\t<meta name=\"twitter:data1\" content=\"Redacci\u00f3n Aeronoticias\" \/>\n\t<meta name=\"twitter:label2\" content=\"Tiempo de lectura\" \/>\n\t<meta name=\"twitter:data2\" content=\"2 minutos\" \/>\n<script type=\"application\/ld+json\" class=\"yoast-schema-graph\">{\"@context\":\"https:\/\/schema.org\",\"@graph\":[{\"@type\":\"WebPage\",\"@id\":\"https:\/\/aeronoticias.com.pe\/noticiero\/internacionales\/derrame-de-14000-barriles-de-crudo-de-ecuador\/\",\"url\":\"https:\/\/aeronoticias.com.pe\/noticiero\/internacionales\/derrame-de-14000-barriles-de-crudo-de-ecuador\/\",\"name\":\"DERRAME DE 14.000 BARRILES DE CRUDO DE ECUADOR\",\"isPartOf\":{\"@id\":\"https:\/\/aeronoticias.com.pe\/noticiero\/#website\"},\"primaryImageOfPage\":{\"@id\":\"https:\/\/aeronoticias.com.pe\/noticiero\/internacionales\/derrame-de-14000-barriles-de-crudo-de-ecuador\/#primaryimage\"},\"image\":{\"@id\":\"https:\/\/aeronoticias.com.pe\/noticiero\/internacionales\/derrame-de-14000-barriles-de-crudo-de-ecuador\/#primaryimage\"},\"thumbnailUrl\":\"http:\/\/www.aeronoticias.com.pe\/fotonoticias\/diciembre\/barriles.jpg\",\"datePublished\":\"2009-02-27T11:55:40+00:00\",\"author\":{\"@id\":\"https:\/\/aeronoticias.com.pe\/noticiero\/#\/schema\/person\/fc1e5d578f4b62ba1cf7ac2bba1170a0\"},\"description\":\"Portal de noticias del Per\u00fa sobre el transporte a\u00e9reo, aviaci\u00f3n, turismo, hoteleria, actualidad.\",\"breadcrumb\":{\"@id\":\"https:\/\/aeronoticias.com.pe\/noticiero\/internacionales\/derrame-de-14000-barriles-de-crudo-de-ecuador\/#breadcrumb\"},\"inLanguage\":\"es\",\"potentialAction\":[{\"@type\":\"ReadAction\",\"target\":[\"https:\/\/aeronoticias.com.pe\/noticiero\/internacionales\/derrame-de-14000-barriles-de-crudo-de-ecuador\/\"]}]},{\"@type\":\"ImageObject\",\"inLanguage\":\"es\",\"@id\":\"https:\/\/aeronoticias.com.pe\/noticiero\/internacionales\/derrame-de-14000-barriles-de-crudo-de-ecuador\/#primaryimage\",\"url\":\"http:\/\/www.aeronoticias.com.pe\/fotonoticias\/diciembre\/barriles.jpg\",\"contentUrl\":\"http:\/\/www.aeronoticias.com.pe\/fotonoticias\/diciembre\/barriles.jpg\"},{\"@type\":\"BreadcrumbList\",\"@id\":\"https:\/\/aeronoticias.com.pe\/noticiero\/internacionales\/derrame-de-14000-barriles-de-crudo-de-ecuador\/#breadcrumb\",\"itemListElement\":[{\"@type\":\"ListItem\",\"position\":1,\"name\":\"Portada\",\"item\":\"https:\/\/aeronoticias.com.pe\/noticiero\/\"},{\"@type\":\"ListItem\",\"position\":2,\"name\":\"DERRAME DE 14.000 BARRILES DE CRUDO DE ECUADOR\"}]},{\"@type\":\"WebSite\",\"@id\":\"https:\/\/aeronoticias.com.pe\/noticiero\/#website\",\"url\":\"https:\/\/aeronoticias.com.pe\/noticiero\/\",\"name\":\"Aeronoticias.com.pe\",\"description\":\"Noticias de tranporte aereo, turismo, hoteles, gastronomia, actualidad, internacional\",\"potentialAction\":[{\"@type\":\"SearchAction\",\"target\":{\"@type\":\"EntryPoint\",\"urlTemplate\":\"https:\/\/aeronoticias.com.pe\/noticiero\/?s={search_term_string}\"},\"query-input\":{\"@type\":\"PropertyValueSpecification\",\"valueRequired\":true,\"valueName\":\"search_term_string\"}}],\"inLanguage\":\"es\"},{\"@type\":\"Person\",\"@id\":\"https:\/\/aeronoticias.com.pe\/noticiero\/#\/schema\/person\/fc1e5d578f4b62ba1cf7ac2bba1170a0\",\"name\":\"Redacci\u00f3n Aeronoticias\",\"url\":\"https:\/\/aeronoticias.com.pe\/noticiero\/author\/piloto\/\"}]}<\/script>\n<!-- \/ Yoast SEO plugin. -->","yoast_head_json":{"title":"DERRAME DE 14.000 BARRILES DE CRUDO DE ECUADOR","description":"Portal de noticias del Per\u00fa sobre el transporte a\u00e9reo, aviaci\u00f3n, turismo, hoteleria, actualidad.","robots":{"index":"index","follow":"follow","max-snippet":"max-snippet:-1","max-image-preview":"max-image-preview:large","max-video-preview":"max-video-preview:-1"},"canonical":"https:\/\/aeronoticias.com.pe\/noticiero\/internacionales\/derrame-de-14000-barriles-de-crudo-de-ecuador\/","og_locale":"es_ES","og_type":"article","og_title":"DERRAME DE 14.000 BARRILES DE CRUDO DE ECUADOR","og_description":"Portal de noticias del Per\u00fa sobre el transporte a\u00e9reo, aviaci\u00f3n, turismo, hoteleria, actualidad.","og_url":"https:\/\/aeronoticias.com.pe\/noticiero\/internacionales\/derrame-de-14000-barriles-de-crudo-de-ecuador\/","og_site_name":"Aeronoticias.com.pe","article_publisher":"https:\/\/www.facebook.com\/Aeronoticias.com.pe\/","article_published_time":"2009-02-27T11:55:40+00:00","og_image":[{"url":"http:\/\/www.aeronoticias.com.pe\/fotonoticias\/diciembre\/barriles.jpg","type":"","width":"","height":""}],"author":"Redacci\u00f3n Aeronoticias","twitter_card":"summary_large_image","twitter_creator":"@aeronoticias","twitter_site":"@aeronoticias","twitter_misc":{"Escrito por":"Redacci\u00f3n Aeronoticias","Tiempo de lectura":"2 minutos"},"schema":{"@context":"https:\/\/schema.org","@graph":[{"@type":"WebPage","@id":"https:\/\/aeronoticias.com.pe\/noticiero\/internacionales\/derrame-de-14000-barriles-de-crudo-de-ecuador\/","url":"https:\/\/aeronoticias.com.pe\/noticiero\/internacionales\/derrame-de-14000-barriles-de-crudo-de-ecuador\/","name":"DERRAME DE 14.000 BARRILES DE CRUDO DE ECUADOR","isPartOf":{"@id":"https:\/\/aeronoticias.com.pe\/noticiero\/#website"},"primaryImageOfPage":{"@id":"https:\/\/aeronoticias.com.pe\/noticiero\/internacionales\/derrame-de-14000-barriles-de-crudo-de-ecuador\/#primaryimage"},"image":{"@id":"https:\/\/aeronoticias.com.pe\/noticiero\/internacionales\/derrame-de-14000-barriles-de-crudo-de-ecuador\/#primaryimage"},"thumbnailUrl":"http:\/\/www.aeronoticias.com.pe\/fotonoticias\/diciembre\/barriles.jpg","datePublished":"2009-02-27T11:55:40+00:00","author":{"@id":"https:\/\/aeronoticias.com.pe\/noticiero\/#\/schema\/person\/fc1e5d578f4b62ba1cf7ac2bba1170a0"},"description":"Portal de noticias del Per\u00fa sobre el transporte a\u00e9reo, aviaci\u00f3n, turismo, hoteleria, actualidad.","breadcrumb":{"@id":"https:\/\/aeronoticias.com.pe\/noticiero\/internacionales\/derrame-de-14000-barriles-de-crudo-de-ecuador\/#breadcrumb"},"inLanguage":"es","potentialAction":[{"@type":"ReadAction","target":["https:\/\/aeronoticias.com.pe\/noticiero\/internacionales\/derrame-de-14000-barriles-de-crudo-de-ecuador\/"]}]},{"@type":"ImageObject","inLanguage":"es","@id":"https:\/\/aeronoticias.com.pe\/noticiero\/internacionales\/derrame-de-14000-barriles-de-crudo-de-ecuador\/#primaryimage","url":"http:\/\/www.aeronoticias.com.pe\/fotonoticias\/diciembre\/barriles.jpg","contentUrl":"http:\/\/www.aeronoticias.com.pe\/fotonoticias\/diciembre\/barriles.jpg"},{"@type":"BreadcrumbList","@id":"https:\/\/aeronoticias.com.pe\/noticiero\/internacionales\/derrame-de-14000-barriles-de-crudo-de-ecuador\/#breadcrumb","itemListElement":[{"@type":"ListItem","position":1,"name":"Portada","item":"https:\/\/aeronoticias.com.pe\/noticiero\/"},{"@type":"ListItem","position":2,"name":"DERRAME DE 14.000 BARRILES DE CRUDO DE ECUADOR"}]},{"@type":"WebSite","@id":"https:\/\/aeronoticias.com.pe\/noticiero\/#website","url":"https:\/\/aeronoticias.com.pe\/noticiero\/","name":"Aeronoticias.com.pe","description":"Noticias de tranporte aereo, turismo, hoteles, gastronomia, actualidad, internacional","potentialAction":[{"@type":"SearchAction","target":{"@type":"EntryPoint","urlTemplate":"https:\/\/aeronoticias.com.pe\/noticiero\/?s={search_term_string}"},"query-input":{"@type":"PropertyValueSpecification","valueRequired":true,"valueName":"search_term_string"}}],"inLanguage":"es"},{"@type":"Person","@id":"https:\/\/aeronoticias.com.pe\/noticiero\/#\/schema\/person\/fc1e5d578f4b62ba1cf7ac2bba1170a0","name":"Redacci\u00f3n Aeronoticias","url":"https:\/\/aeronoticias.com.pe\/noticiero\/author\/piloto\/"}]}},"_links":{"self":[{"href":"https:\/\/aeronoticias.com.pe\/noticiero\/wp-json\/wp\/v2\/posts\/2135","targetHints":{"allow":["GET"]}}],"collection":[{"href":"https:\/\/aeronoticias.com.pe\/noticiero\/wp-json\/wp\/v2\/posts"}],"about":[{"href":"https:\/\/aeronoticias.com.pe\/noticiero\/wp-json\/wp\/v2\/types\/post"}],"author":[{"embeddable":true,"href":"https:\/\/aeronoticias.com.pe\/noticiero\/wp-json\/wp\/v2\/users\/1"}],"replies":[{"embeddable":true,"href":"https:\/\/aeronoticias.com.pe\/noticiero\/wp-json\/wp\/v2\/comments?post=2135"}],"version-history":[{"count":0,"href":"https:\/\/aeronoticias.com.pe\/noticiero\/wp-json\/wp\/v2\/posts\/2135\/revisions"}],"wp:attachment":[{"href":"https:\/\/aeronoticias.com.pe\/noticiero\/wp-json\/wp\/v2\/media?parent=2135"}],"wp:term":[{"taxonomy":"category","embeddable":true,"href":"https:\/\/aeronoticias.com.pe\/noticiero\/wp-json\/wp\/v2\/categories?post=2135"},{"taxonomy":"post_tag","embeddable":true,"href":"https:\/\/aeronoticias.com.pe\/noticiero\/wp-json\/wp\/v2\/tags?post=2135"}],"curies":[{"name":"wp","href":"https:\/\/api.w.org\/{rel}","templated":true}]}}