{"id":21359,"date":"2011-12-06T14:46:05","date_gmt":"2011-12-06T14:46:05","guid":{"rendered":"http:\/\/desarrollo.mcvicious.com\/aero2020\/2011\/12\/06\/iberia-implanta-la-solucion-de-amadeus-para-la-distribucion-de-servicios-complementarios\/"},"modified":"2011-12-06T14:46:05","modified_gmt":"2011-12-06T14:46:05","slug":"iberia-implanta-la-solucion-de-amadeus-para-la-distribucion-de-servicios-complementarios","status":"publish","type":"post","link":"https:\/\/aeronoticias.com.pe\/noticiero\/27\/iberia-implanta-la-solucion-de-amadeus-para-la-distribucion-de-servicios-complementarios\/","title":{"rendered":"Iberia implanta la soluci\u00f3n de Amadeus para la distribuci\u00f3n de servicios complementarios"},"content":{"rendered":"<p style=\"text-align: justify;\"><strong>(Aeronoticias)<\/strong> Iberia, el grupo de transporte a\u00e9reo m\u00e1s grande de Espa\u00f1a, ha adoptado Amadeus Ancillary Services que permite distribuir su oferta de servicios complementarios a las las agencias de viaje. Esta soluci\u00f3n se lanza as\u00ed por primera vez en Espa\u00f1a, donde las agencias de viajes ya pueden ofrecer la opci\u00f3n selecci\u00f3n avanzada de asientos de Iberia a sus clientes. Este nuevo servicio permite a los viajeros reservar su asiento favorito antes del proceso de facturaci\u00f3n, cuando se suelen asignar las plazas, e incluye la posibilidad de elegir asientos preferentes, como los que se encuentran junto a las salidas. <\/p>\n<p>La soluci\u00f3n para servicios complementarios de Amadeus tambi\u00e9n se ha integrado con el centro de atenci\u00f3n telef\u00f3nica y las oficinas de venta de la aerol\u00ednea, de forma que los clientes pueden recibir un servicio homog\u00e9neo en todos estos canales. <\/p>\n<p>\u00abCon la implantaci\u00f3n de la soluci\u00f3n de Amadeus, contamos con la estructura tecnol\u00f3gica que nos permitir\u00e1 ejecutar nuestra estrategia a largo plazo en materia de servicios complementarios\u00bb, se\u00f1al\u00f3 Jos\u00e9 Arribas, Head of Commercial Logistics en Iberia. Hemos trabajado con Amadeus durante varios meses para llegar con esta tecnolog\u00eda hasta las agencias de viajes de forma que puedan ofrecer nuestros servicios a sus clientes, reforzando as\u00ed su papel como consultores de viajes. Esta implantaci\u00f3n es una nueva prueba de nuestro compromiso de trabajar codo con codo con nuestras agencias asociadas\u00bb. <\/p>\n<p>Las agencias de viajes espa\u00f1olas ya pueden reservar la opci\u00f3n selecci\u00f3n avanzada de asientos mediante el est\u00e1ndar tecnol\u00f3gico del sector EMD (Electronic Miscellaneous Document). Este sistema de mensajer\u00eda electr\u00f3nica facilita la emisi\u00f3n, gesti\u00f3n, distribuci\u00f3n y tramitaci\u00f3n de los servicios complementarios. Al igual que el billete electr\u00f3nico en 2007, EMD forma parte de la iniciativa de servicios electr\u00f3nicos de la IATA para eliminar el uso del papel y simplificar los procesos en la industria a\u00e9rea. <\/p>\n<p>Amadeus ha integrado un exclusivo cat\u00e1logo interactivo de productos en su plataforma de venta para agencias de viajes que muestra claramente la gama de servicios opcionales que ofrecen las aerol\u00edneas. De esta forma, el agente de viajes puede ver, reservar y vender servicios complementarios r\u00e1pida y eficazmente. El contenido del cat\u00e1logo \u2014el servicio y la descripci\u00f3n\u2014 lo controla la aerol\u00ednea, que puede usar este espacio para diferenciar su oferta. <\/p>\n<p>\u00abNuestra soluci\u00f3n para servicios complementarios permite a las aerol\u00edneas comercializar sus servicios a trav\u00e9s de las agencias de viajes como lo har\u00edan en otros canales de venta, pero tambi\u00e9n generar ingresos adicionales haciendo que el proceso de reserva sea eficaz y sencillo para el agente de viajes\u00bb, destac\u00f3 David Doctor, Director Distribution Marketing de Amadeus. <\/p>\n<p>Un estudio realizado recientemente por Ideaworks, una consultora especializada en el sector a\u00e9reo, calcula que los ingresos por servicios complementarios se disparar\u00e1n hasta 32.500 millones de d\u00f3lares en 2011. De acuerdo con este estudio, los ingresos por servicios complementarios sacan al sector a\u00e9reo de una situaci\u00f3n de p\u00e9rdidas y siguen constituyendo una cobertura muy efectiva contra la escalada de los costes del combustible. <\/p>\n<p>Otras diecisiete compa\u00f1\u00edas a\u00e9reas han contratado Amadeus Ancillary Services. Esta soluci\u00f3n ya ha sido implantada en canales de venta en l\u00ednea y en agencias de viajes en mercados de primer nivel como Francia, Pa\u00edses Bajos y Escandinavia. <br \/><strong><\/strong><\/p>\n<p style=\"text-align: justify;\"><strong><img loading=\"lazy\" decoding=\"async\" src=\"images\/stories\/11\/12\/061211\/iberia.jpg\" border=\"0\" alt=\"Iberia implanta la soluci\u00f3n de Amadeus para la distribuci\u00f3n de servicios complementarios \" width=\"400\" height=\"280\" \/><br \/><\/strong><\/p>\n","protected":false},"excerpt":{"rendered":"<p>(Aeronoticias) Iberia, el grupo de transporte a\u00e9reo m\u00e1s grande de Espa\u00f1a, ha adoptado Amadeus Ancillary Services que permite distribuir su oferta de servicios complementarios a las las agencias de viaje. Esta soluci\u00f3n se lanza as\u00ed por primera vez en Espa\u00f1a, donde las agencias de viajes ya pueden ofrecer la opci\u00f3n selecci\u00f3n avanzada de asientos de [&hellip;]<\/p>\n","protected":false},"author":1,"featured_media":0,"comment_status":"open","ping_status":"open","sticky":false,"template":"","format":"standard","meta":{"tdm_status":"","tdm_grid_status":"","footnotes":""},"categories":[35],"tags":[],"class_list":{"0":"post-21359","1":"post","2":"type-post","3":"status-publish","4":"format-standard","6":"category-35"},"yoast_head":"<!-- This site is optimized with the Yoast SEO plugin v25.1 - https:\/\/yoast.com\/wordpress\/plugins\/seo\/ -->\n<title>Iberia implanta la soluci\u00f3n de Amadeus para la distribuci\u00f3n de servicios complementarios<\/title>\n<meta name=\"description\" content=\"Portal de noticias del Per\u00fa sobre el transporte a\u00e9reo, aviaci\u00f3n, turismo, hoteleria, actualidad.\" \/>\n<meta name=\"robots\" content=\"index, follow, max-snippet:-1, max-image-preview:large, max-video-preview:-1\" \/>\n<link rel=\"canonical\" href=\"https:\/\/aeronoticias.com.pe\/noticiero\/27\/iberia-implanta-la-solucion-de-amadeus-para-la-distribucion-de-servicios-complementarios\/\" \/>\n<meta property=\"og:locale\" content=\"es_ES\" \/>\n<meta property=\"og:type\" content=\"article\" \/>\n<meta property=\"og:title\" content=\"Iberia implanta la soluci\u00f3n de Amadeus para la distribuci\u00f3n de servicios complementarios\" \/>\n<meta property=\"og:description\" content=\"Portal de noticias del Per\u00fa sobre el transporte a\u00e9reo, aviaci\u00f3n, turismo, hoteleria, actualidad.\" \/>\n<meta property=\"og:url\" content=\"https:\/\/aeronoticias.com.pe\/noticiero\/27\/iberia-implanta-la-solucion-de-amadeus-para-la-distribucion-de-servicios-complementarios\/\" \/>\n<meta property=\"og:site_name\" content=\"Aeronoticias.com.pe\" \/>\n<meta property=\"article:publisher\" content=\"https:\/\/www.facebook.com\/Aeronoticias.com.pe\/\" \/>\n<meta property=\"article:published_time\" content=\"2011-12-06T14:46:05+00:00\" \/>\n<meta name=\"author\" content=\"Redacci\u00f3n Aeronoticias\" \/>\n<meta name=\"twitter:card\" content=\"summary_large_image\" \/>\n<meta name=\"twitter:creator\" content=\"@aeronoticias\" \/>\n<meta name=\"twitter:site\" content=\"@aeronoticias\" \/>\n<meta name=\"twitter:label1\" content=\"Escrito por\" \/>\n\t<meta name=\"twitter:data1\" content=\"Redacci\u00f3n Aeronoticias\" \/>\n\t<meta name=\"twitter:label2\" content=\"Tiempo de lectura\" \/>\n\t<meta name=\"twitter:data2\" content=\"3 minutos\" \/>\n<script type=\"application\/ld+json\" class=\"yoast-schema-graph\">{\"@context\":\"https:\/\/schema.org\",\"@graph\":[{\"@type\":\"WebPage\",\"@id\":\"https:\/\/aeronoticias.com.pe\/noticiero\/27\/iberia-implanta-la-solucion-de-amadeus-para-la-distribucion-de-servicios-complementarios\/\",\"url\":\"https:\/\/aeronoticias.com.pe\/noticiero\/27\/iberia-implanta-la-solucion-de-amadeus-para-la-distribucion-de-servicios-complementarios\/\",\"name\":\"Iberia implanta la soluci\u00f3n de Amadeus para la distribuci\u00f3n de servicios complementarios\",\"isPartOf\":{\"@id\":\"https:\/\/aeronoticias.com.pe\/noticiero\/#website\"},\"datePublished\":\"2011-12-06T14:46:05+00:00\",\"author\":{\"@id\":\"https:\/\/aeronoticias.com.pe\/noticiero\/#\/schema\/person\/fc1e5d578f4b62ba1cf7ac2bba1170a0\"},\"description\":\"Portal de noticias del Per\u00fa sobre el transporte a\u00e9reo, aviaci\u00f3n, turismo, hoteleria, actualidad.\",\"breadcrumb\":{\"@id\":\"https:\/\/aeronoticias.com.pe\/noticiero\/27\/iberia-implanta-la-solucion-de-amadeus-para-la-distribucion-de-servicios-complementarios\/#breadcrumb\"},\"inLanguage\":\"es\",\"potentialAction\":[{\"@type\":\"ReadAction\",\"target\":[\"https:\/\/aeronoticias.com.pe\/noticiero\/27\/iberia-implanta-la-solucion-de-amadeus-para-la-distribucion-de-servicios-complementarios\/\"]}]},{\"@type\":\"BreadcrumbList\",\"@id\":\"https:\/\/aeronoticias.com.pe\/noticiero\/27\/iberia-implanta-la-solucion-de-amadeus-para-la-distribucion-de-servicios-complementarios\/#breadcrumb\",\"itemListElement\":[{\"@type\":\"ListItem\",\"position\":1,\"name\":\"Portada\",\"item\":\"https:\/\/aeronoticias.com.pe\/noticiero\/\"},{\"@type\":\"ListItem\",\"position\":2,\"name\":\"Iberia implanta la soluci\u00f3n de Amadeus para la distribuci\u00f3n de servicios complementarios\"}]},{\"@type\":\"WebSite\",\"@id\":\"https:\/\/aeronoticias.com.pe\/noticiero\/#website\",\"url\":\"https:\/\/aeronoticias.com.pe\/noticiero\/\",\"name\":\"Aeronoticias.com.pe\",\"description\":\"Noticias de tranporte aereo, turismo, hoteles, gastronomia, actualidad, internacional\",\"potentialAction\":[{\"@type\":\"SearchAction\",\"target\":{\"@type\":\"EntryPoint\",\"urlTemplate\":\"https:\/\/aeronoticias.com.pe\/noticiero\/?s={search_term_string}\"},\"query-input\":{\"@type\":\"PropertyValueSpecification\",\"valueRequired\":true,\"valueName\":\"search_term_string\"}}],\"inLanguage\":\"es\"},{\"@type\":\"Person\",\"@id\":\"https:\/\/aeronoticias.com.pe\/noticiero\/#\/schema\/person\/fc1e5d578f4b62ba1cf7ac2bba1170a0\",\"name\":\"Redacci\u00f3n Aeronoticias\",\"url\":\"https:\/\/aeronoticias.com.pe\/noticiero\/author\/piloto\/\"}]}<\/script>\n<!-- \/ Yoast SEO plugin. -->","yoast_head_json":{"title":"Iberia implanta la soluci\u00f3n de Amadeus para la distribuci\u00f3n de servicios complementarios","description":"Portal de noticias del Per\u00fa sobre el transporte a\u00e9reo, aviaci\u00f3n, turismo, hoteleria, actualidad.","robots":{"index":"index","follow":"follow","max-snippet":"max-snippet:-1","max-image-preview":"max-image-preview:large","max-video-preview":"max-video-preview:-1"},"canonical":"https:\/\/aeronoticias.com.pe\/noticiero\/27\/iberia-implanta-la-solucion-de-amadeus-para-la-distribucion-de-servicios-complementarios\/","og_locale":"es_ES","og_type":"article","og_title":"Iberia implanta la soluci\u00f3n de Amadeus para la distribuci\u00f3n de servicios complementarios","og_description":"Portal de noticias del Per\u00fa sobre el transporte a\u00e9reo, aviaci\u00f3n, turismo, hoteleria, actualidad.","og_url":"https:\/\/aeronoticias.com.pe\/noticiero\/27\/iberia-implanta-la-solucion-de-amadeus-para-la-distribucion-de-servicios-complementarios\/","og_site_name":"Aeronoticias.com.pe","article_publisher":"https:\/\/www.facebook.com\/Aeronoticias.com.pe\/","article_published_time":"2011-12-06T14:46:05+00:00","author":"Redacci\u00f3n Aeronoticias","twitter_card":"summary_large_image","twitter_creator":"@aeronoticias","twitter_site":"@aeronoticias","twitter_misc":{"Escrito por":"Redacci\u00f3n Aeronoticias","Tiempo de lectura":"3 minutos"},"schema":{"@context":"https:\/\/schema.org","@graph":[{"@type":"WebPage","@id":"https:\/\/aeronoticias.com.pe\/noticiero\/27\/iberia-implanta-la-solucion-de-amadeus-para-la-distribucion-de-servicios-complementarios\/","url":"https:\/\/aeronoticias.com.pe\/noticiero\/27\/iberia-implanta-la-solucion-de-amadeus-para-la-distribucion-de-servicios-complementarios\/","name":"Iberia implanta la soluci\u00f3n de Amadeus para la distribuci\u00f3n de servicios complementarios","isPartOf":{"@id":"https:\/\/aeronoticias.com.pe\/noticiero\/#website"},"datePublished":"2011-12-06T14:46:05+00:00","author":{"@id":"https:\/\/aeronoticias.com.pe\/noticiero\/#\/schema\/person\/fc1e5d578f4b62ba1cf7ac2bba1170a0"},"description":"Portal de noticias del Per\u00fa sobre el transporte a\u00e9reo, aviaci\u00f3n, turismo, hoteleria, actualidad.","breadcrumb":{"@id":"https:\/\/aeronoticias.com.pe\/noticiero\/27\/iberia-implanta-la-solucion-de-amadeus-para-la-distribucion-de-servicios-complementarios\/#breadcrumb"},"inLanguage":"es","potentialAction":[{"@type":"ReadAction","target":["https:\/\/aeronoticias.com.pe\/noticiero\/27\/iberia-implanta-la-solucion-de-amadeus-para-la-distribucion-de-servicios-complementarios\/"]}]},{"@type":"BreadcrumbList","@id":"https:\/\/aeronoticias.com.pe\/noticiero\/27\/iberia-implanta-la-solucion-de-amadeus-para-la-distribucion-de-servicios-complementarios\/#breadcrumb","itemListElement":[{"@type":"ListItem","position":1,"name":"Portada","item":"https:\/\/aeronoticias.com.pe\/noticiero\/"},{"@type":"ListItem","position":2,"name":"Iberia implanta la soluci\u00f3n de Amadeus para la distribuci\u00f3n de servicios complementarios"}]},{"@type":"WebSite","@id":"https:\/\/aeronoticias.com.pe\/noticiero\/#website","url":"https:\/\/aeronoticias.com.pe\/noticiero\/","name":"Aeronoticias.com.pe","description":"Noticias de tranporte aereo, turismo, hoteles, gastronomia, actualidad, internacional","potentialAction":[{"@type":"SearchAction","target":{"@type":"EntryPoint","urlTemplate":"https:\/\/aeronoticias.com.pe\/noticiero\/?s={search_term_string}"},"query-input":{"@type":"PropertyValueSpecification","valueRequired":true,"valueName":"search_term_string"}}],"inLanguage":"es"},{"@type":"Person","@id":"https:\/\/aeronoticias.com.pe\/noticiero\/#\/schema\/person\/fc1e5d578f4b62ba1cf7ac2bba1170a0","name":"Redacci\u00f3n Aeronoticias","url":"https:\/\/aeronoticias.com.pe\/noticiero\/author\/piloto\/"}]}},"_links":{"self":[{"href":"https:\/\/aeronoticias.com.pe\/noticiero\/wp-json\/wp\/v2\/posts\/21359","targetHints":{"allow":["GET"]}}],"collection":[{"href":"https:\/\/aeronoticias.com.pe\/noticiero\/wp-json\/wp\/v2\/posts"}],"about":[{"href":"https:\/\/aeronoticias.com.pe\/noticiero\/wp-json\/wp\/v2\/types\/post"}],"author":[{"embeddable":true,"href":"https:\/\/aeronoticias.com.pe\/noticiero\/wp-json\/wp\/v2\/users\/1"}],"replies":[{"embeddable":true,"href":"https:\/\/aeronoticias.com.pe\/noticiero\/wp-json\/wp\/v2\/comments?post=21359"}],"version-history":[{"count":0,"href":"https:\/\/aeronoticias.com.pe\/noticiero\/wp-json\/wp\/v2\/posts\/21359\/revisions"}],"wp:attachment":[{"href":"https:\/\/aeronoticias.com.pe\/noticiero\/wp-json\/wp\/v2\/media?parent=21359"}],"wp:term":[{"taxonomy":"category","embeddable":true,"href":"https:\/\/aeronoticias.com.pe\/noticiero\/wp-json\/wp\/v2\/categories?post=21359"},{"taxonomy":"post_tag","embeddable":true,"href":"https:\/\/aeronoticias.com.pe\/noticiero\/wp-json\/wp\/v2\/tags?post=21359"}],"curies":[{"name":"wp","href":"https:\/\/api.w.org\/{rel}","templated":true}]}}