{"id":2136,"date":"2009-02-27T14:42:47","date_gmt":"2009-02-27T14:42:47","guid":{"rendered":"http:\/\/desarrollo.mcvicious.com\/aero2020\/2009\/02\/27\/congresista-peruana-en-conferencia-de-prensa-informo-denuncia-penal-contra-lan-por-discriminacion\/"},"modified":"2009-02-27T14:42:47","modified_gmt":"2009-02-27T14:42:47","slug":"congresista-peruana-en-conferencia-de-prensa-informo-denuncia-penal-contra-lan-por-discriminacion","status":"publish","type":"post","link":"https:\/\/aeronoticias.com.pe\/noticiero\/transporte-aereo\/internacional\/congresista-peruana-en-conferencia-de-prensa-informo-denuncia-penal-contra-lan-por-discriminacion\/","title":{"rendered":"CONGRESISTA PERUANA EN CONFERENCIA DE PRENSA  INFORMO DENUNCIA PENAL CONTRA LAN POR DISCRIMINACION"},"content":{"rendered":"<div align=\"justify\">La Congresista del Partido Nacionalista, Susana Vilca Achata, elegida por la regi&oacute;n Puno para el per&iacute;odo 2006-2011, dio una conferencia de prensa en la Sala Mohme, del Congreso de la Rep&uacute;blica del Per&uacute;, en la que inform&oacute; sobre la denuncia penal que interpuso el Procurador del Congreso, doctor Julio Ubillus Soriano, contra los directivos de LAN por obstrucci&oacute;n de la funci&oacute;n parlamentaria y discriminaci&oacute;n en agravio del Estado peruano.<\/div>\n<p><\/p>\n<div style=\"text-align: center\"><object classid=\"clsid:D27CDB6E-AE6D-11cf-96B8-444553540000\" codebase=\"http:\/\/download.macromedia.com\/pub\/shockwave\/cabs\/flash\/swflash.cab#version=6,0,29,0\" width=\"400\" height=\"325\"><param name=\"movie\" value=\"http:\/\/www.youtube.com\/v\/BLwiRc0xAmc&amp;hl=en&amp;fs=1\" \/><param name=\"quality\" value=\"high\" \/><param name=\"menu\" value=\"false\" \/><param name=\"wmode\" value=\"\" \/><embed src=\"http:\/\/www.youtube.com\/v\/BLwiRc0xAmc&amp;hl=en&amp;fs=1\" wmode=\"\" quality=\"high\" menu=\"false\" pluginspage=\"http:\/\/www.macromedia.com\/go\/getflashplayer\" type=\"application\/x-shockwave-flash\" width=\"400\" height=\"325\"><\/embed><\/object><br \/>Conferencia de la congresista Susana Vilca denuncia a Lan Peru: Parte I<\/div>\n<p> <!--more--> <\/p>\n<p>&nbsp;<\/p>\n<div align=\"center\"><object classid=\"clsid:D27CDB6E-AE6D-11cf-96B8-444553540000\" codebase=\"http:\/\/download.macromedia.com\/pub\/shockwave\/cabs\/flash\/swflash.cab#version=6,0,29,0\" width=\"400\" height=\"325\"><param name=\"movie\" value=\"http:\/\/www.youtube.com\/v\/7MT61Ws4ar8&amp;hl=en&amp;fs=1\" \/><param name=\"quality\" value=\"high\" \/><param name=\"menu\" value=\"false\" \/><param name=\"wmode\" value=\"\" \/><embed src=\"http:\/\/www.youtube.com\/v\/7MT61Ws4ar8&amp;hl=en&amp;fs=1\" wmode=\"\" quality=\"high\" menu=\"false\" pluginspage=\"http:\/\/www.macromedia.com\/go\/getflashplayer\" type=\"application\/x-shockwave-flash\" width=\"400\" height=\"325\"><\/embed><\/object><br \/>Conferencia de la Congresista Susana Vilca denuncia a Lan Peru: Parte II<\/div>\n<p>&nbsp;<\/p>\n<div align=\"center\"><object classid=\"clsid:D27CDB6E-AE6D-11cf-96B8-444553540000\" codebase=\"http:\/\/download.macromedia.com\/pub\/shockwave\/cabs\/flash\/swflash.cab#version=6,0,29,0\" width=\"400\" height=\"325\"><param name=\"movie\" value=\"http:\/\/www.youtube.com\/v\/izkM5mejqq0&amp;hl=en&amp;fs=1\" \/><param name=\"quality\" value=\"high\" \/><param name=\"menu\" value=\"false\" \/><param name=\"wmode\" value=\"\" \/><embed src=\"http:\/\/www.youtube.com\/v\/izkM5mejqq0&amp;hl=en&amp;fs=1\" wmode=\"\" quality=\"high\" menu=\"false\" pluginspage=\"http:\/\/www.macromedia.com\/go\/getflashplayer\" type=\"application\/x-shockwave-flash\" width=\"400\" height=\"325\"><\/embed><\/object><br \/>Conferencia de la congresista Susana Vilca denuncia a Lan Peru: Parte III<\/div>\n<p>&nbsp;<\/p>\n<div align=\"center\"><object classid=\"clsid:D27CDB6E-AE6D-11cf-96B8-444553540000\" codebase=\"http:\/\/download.macromedia.com\/pub\/shockwave\/cabs\/flash\/swflash.cab#version=6,0,29,0\" width=\"400\" height=\"325\"><param name=\"movie\" value=\"http:\/\/www.youtube.com\/v\/VWcQoLRYeTk&amp;hl=en&amp;fs=1\" \/><param name=\"quality\" value=\"high\" \/><param name=\"menu\" value=\"false\" \/><param name=\"wmode\" value=\"\" \/><embed src=\"http:\/\/www.youtube.com\/v\/VWcQoLRYeTk&amp;hl=en&amp;fs=1\" wmode=\"\" quality=\"high\" menu=\"false\" pluginspage=\"http:\/\/www.macromedia.com\/go\/getflashplayer\" type=\"application\/x-shockwave-flash\" width=\"400\" height=\"325\"><\/embed><\/object><br \/>Conferencia de la congresista Susana Vilca denuncia a Lan Peru: Parte IV<\/div>\n<p>&nbsp;<\/p>\n<div style=\"text-align: center\"><object classid=\"clsid:D27CDB6E-AE6D-11cf-96B8-444553540000\" codebase=\"http:\/\/download.macromedia.com\/pub\/shockwave\/cabs\/flash\/swflash.cab#version=6,0,29,0\" width=\"400\" height=\"325\"><param name=\"movie\" value=\"http:\/\/www.youtube.com\/v\/pro32_zUmnI&amp;hl=en&amp;fs=1\" \/><param name=\"quality\" value=\"high\" \/><param name=\"menu\" value=\"false\" \/><param name=\"wmode\" value=\"\" \/><embed src=\"http:\/\/www.youtube.com\/v\/pro32_zUmnI&amp;hl=en&amp;fs=1\" wmode=\"\" quality=\"high\" menu=\"false\" pluginspage=\"http:\/\/www.macromedia.com\/go\/getflashplayer\" type=\"application\/x-shockwave-flash\" width=\"400\" height=\"325\"><\/embed><\/object><\/div>\n<div align=\"center\">Conferencia de la congresista Susana Vilca denuncia a Lan Peru: Parte V<\/div>\n<p>&nbsp;<\/p>\n<div style=\"text-align: center\"><object classid=\"clsid:D27CDB6E-AE6D-11cf-96B8-444553540000\" codebase=\"http:\/\/download.macromedia.com\/pub\/shockwave\/cabs\/flash\/swflash.cab#version=6,0,29,0\" width=\"400\" height=\"325\"><param name=\"movie\" value=\"http:\/\/www.youtube.com\/v\/g41USLDQRnM&amp;hl=en&amp;fs=1\" \/><param name=\"quality\" value=\"high\" \/><param name=\"menu\" value=\"false\" \/><param name=\"wmode\" value=\"\" \/><embed src=\"http:\/\/www.youtube.com\/v\/g41USLDQRnM&amp;hl=en&amp;fs=1\" wmode=\"\" quality=\"high\" menu=\"false\" pluginspage=\"http:\/\/www.macromedia.com\/go\/getflashplayer\" type=\"application\/x-shockwave-flash\" width=\"400\" height=\"325\"><\/embed><\/object><\/div>\n<div align=\"center\">Conferencia de la congresista Susana Vilca denuncia a Lan Peru: Parte VI <\/div>\n<\/p>\n<div align=\"center\">\n<div style=\"text-align: center\"><object classid=\"clsid:D27CDB6E-AE6D-11cf-96B8-444553540000\" codebase=\"http:\/\/download.macromedia.com\/pub\/shockwave\/cabs\/flash\/swflash.cab#version=6,0,29,0\" width=\"400\" height=\"325\"><param name=\"movie\" value=\"http:\/\/www.youtube.com\/v\/GHNqmcQYI-0&amp;hl=en&amp;fs=1\" \/><param name=\"quality\" value=\"high\" \/><param name=\"menu\" value=\"false\" \/><param name=\"wmode\" value=\"\" \/><embed src=\"http:\/\/www.youtube.com\/v\/GHNqmcQYI-0&amp;hl=en&amp;fs=1\" wmode=\"\" quality=\"high\" menu=\"false\" pluginspage=\"http:\/\/www.macromedia.com\/go\/getflashplayer\" type=\"application\/x-shockwave-flash\" width=\"400\" height=\"325\"><\/embed><\/object><\/div>\n<div align=\"center\">Conferencia de la congresista Susana Vilca denuncia a Lan Peru: Parte VII<\/div>\n<\/div>\n<p>&nbsp;<\/p>\n<div align=\"center\"><object classid=\"clsid:D27CDB6E-AE6D-11cf-96B8-444553540000\" codebase=\"http:\/\/download.macromedia.com\/pub\/shockwave\/cabs\/flash\/swflash.cab#version=6,0,29,0\" width=\"400\" height=\"325\"><param name=\"movie\" value=\"http:\/\/www.youtube.com\/v\/N8ek8YQOcbM&amp;hl=es&amp;fs=1\" \/><param name=\"quality\" value=\"high\" \/><param name=\"menu\" value=\"false\" \/><param name=\"wmode\" value=\"\" \/><embed src=\"http:\/\/www.youtube.com\/v\/N8ek8YQOcbM&amp;hl=es&amp;fs=1\" wmode=\"\" quality=\"high\" menu=\"false\" pluginspage=\"http:\/\/www.macromedia.com\/go\/getflashplayer\" type=\"application\/x-shockwave-flash\" width=\"400\" height=\"325\"><\/embed><\/object><br \/>Conferencia de la congresista Susana Vilca denuncia a Lan Peru: Parte VIII<\/div>\n<p>&nbsp;<\/p>\n<div align=\"center\"><object classid=\"clsid:D27CDB6E-AE6D-11cf-96B8-444553540000\" codebase=\"http:\/\/download.macromedia.com\/pub\/shockwave\/cabs\/flash\/swflash.cab#version=6,0,29,0\" width=\"400\" height=\"325\"><param name=\"movie\" value=\"http:\/\/www.youtube.com\/v\/egs_2Ykazgw&amp;hl=es&amp;fs=1\" \/><param name=\"quality\" value=\"high\" \/><param name=\"menu\" value=\"false\" \/><param name=\"wmode\" value=\"\" \/><embed src=\"http:\/\/www.youtube.com\/v\/egs_2Ykazgw&amp;hl=es&amp;fs=1\" wmode=\"\" quality=\"high\" menu=\"false\" pluginspage=\"http:\/\/www.macromedia.com\/go\/getflashplayer\" type=\"application\/x-shockwave-flash\" width=\"400\" height=\"325\"><\/embed><\/object><br \/>Conferencia de la congresista Susana Vilca denuncia a Lan Peru: Parte IX<\/div>\n<p>&nbsp;<\/p>\n<div align=\"center\">\n<p>&nbsp;<\/p>\n<div align=\"center\"><object classid=\"clsid:D27CDB6E-AE6D-11cf-96B8-444553540000\" codebase=\"http:\/\/download.macromedia.com\/pub\/shockwave\/cabs\/flash\/swflash.cab#version=6,0,29,0\" width=\"400\" height=\"325\"><param name=\"movie\" value=\"http:\/\/www.youtube.com\/v\/UH5k8jXPRpc&amp;hl=es&amp;fs=1\" \/><param name=\"quality\" value=\"high\" \/><param name=\"menu\" value=\"false\" \/><param name=\"wmode\" value=\"\" \/><embed src=\"http:\/\/www.youtube.com\/v\/UH5k8jXPRpc&amp;hl=es&amp;fs=1\" wmode=\"\" quality=\"high\" menu=\"false\" pluginspage=\"http:\/\/www.macromedia.com\/go\/getflashplayer\" type=\"application\/x-shockwave-flash\" width=\"400\" height=\"325\"><\/embed><\/object><br \/> Conferencia de la congresista Susana Vilca denuncia a Lan Peru: Parte X<\/div>\n<\/p><\/div>\n<p>&nbsp;<\/p>\n<p>&nbsp;<\/p>\n<p>La denuncia penal ingres&oacute; al Despacho de la doctora Gladis Echaiz, Fiscal de la Naci&oacute;n.<\/p>\n<p>&nbsp;<\/p>\n","protected":false},"excerpt":{"rendered":"<p>La Congresista del Partido Nacionalista, Susana Vilca Achata, elegida por la regi&oacute;n Puno para el per&iacute;odo 2006-2011, dio una conferencia de prensa en la Sala Mohme, del Congreso de la Rep&uacute;blica del Per&uacute;, en la que inform&oacute; sobre la denuncia penal que interpuso el Procurador del Congreso, doctor Julio Ubillus Soriano, contra los directivos de [&hellip;]<\/p>\n","protected":false},"author":1,"featured_media":0,"comment_status":"open","ping_status":"open","sticky":false,"template":"","format":"standard","meta":{"tdm_status":"","tdm_grid_status":"","footnotes":""},"categories":[32],"tags":[],"class_list":{"0":"post-2136","1":"post","2":"type-post","3":"status-publish","4":"format-standard","6":"category-internacional"},"yoast_head":"<!-- This site is optimized with the Yoast SEO plugin v25.1 - https:\/\/yoast.com\/wordpress\/plugins\/seo\/ -->\n<title>CONGRESISTA PERUANA EN CONFERENCIA DE PRENSA INFORMO DENUNCIA PENAL CONTRA LAN POR DISCRIMINACION<\/title>\n<meta name=\"description\" content=\"Portal de noticias del Per\u00fa sobre el transporte a\u00e9reo, aviaci\u00f3n, turismo, hoteleria, actualidad.\" \/>\n<meta name=\"robots\" content=\"index, follow, max-snippet:-1, max-image-preview:large, max-video-preview:-1\" \/>\n<link rel=\"canonical\" href=\"https:\/\/aeronoticias.com.pe\/noticiero\/transporte-aereo\/internacional\/congresista-peruana-en-conferencia-de-prensa-informo-denuncia-penal-contra-lan-por-discriminacion\/\" \/>\n<meta property=\"og:locale\" content=\"es_ES\" \/>\n<meta property=\"og:type\" content=\"article\" \/>\n<meta property=\"og:title\" content=\"CONGRESISTA PERUANA EN CONFERENCIA DE PRENSA INFORMO DENUNCIA PENAL CONTRA LAN POR DISCRIMINACION\" \/>\n<meta property=\"og:description\" content=\"Portal de noticias del Per\u00fa sobre el transporte a\u00e9reo, aviaci\u00f3n, turismo, hoteleria, actualidad.\" \/>\n<meta property=\"og:url\" content=\"https:\/\/aeronoticias.com.pe\/noticiero\/transporte-aereo\/internacional\/congresista-peruana-en-conferencia-de-prensa-informo-denuncia-penal-contra-lan-por-discriminacion\/\" \/>\n<meta property=\"og:site_name\" content=\"Aeronoticias.com.pe\" \/>\n<meta property=\"article:publisher\" content=\"https:\/\/www.facebook.com\/Aeronoticias.com.pe\/\" \/>\n<meta property=\"article:published_time\" content=\"2009-02-27T14:42:47+00:00\" \/>\n<meta name=\"author\" content=\"Redacci\u00f3n Aeronoticias\" \/>\n<meta name=\"twitter:card\" content=\"summary_large_image\" \/>\n<meta name=\"twitter:creator\" content=\"@aeronoticias\" \/>\n<meta name=\"twitter:site\" content=\"@aeronoticias\" \/>\n<meta name=\"twitter:label1\" content=\"Escrito por\" \/>\n\t<meta name=\"twitter:data1\" content=\"Redacci\u00f3n Aeronoticias\" \/>\n\t<meta name=\"twitter:label2\" content=\"Tiempo de lectura\" \/>\n\t<meta name=\"twitter:data2\" content=\"1 minuto\" \/>\n<script type=\"application\/ld+json\" class=\"yoast-schema-graph\">{\"@context\":\"https:\/\/schema.org\",\"@graph\":[{\"@type\":\"WebPage\",\"@id\":\"https:\/\/aeronoticias.com.pe\/noticiero\/transporte-aereo\/internacional\/congresista-peruana-en-conferencia-de-prensa-informo-denuncia-penal-contra-lan-por-discriminacion\/\",\"url\":\"https:\/\/aeronoticias.com.pe\/noticiero\/transporte-aereo\/internacional\/congresista-peruana-en-conferencia-de-prensa-informo-denuncia-penal-contra-lan-por-discriminacion\/\",\"name\":\"CONGRESISTA PERUANA EN CONFERENCIA DE PRENSA INFORMO DENUNCIA PENAL CONTRA LAN POR DISCRIMINACION\",\"isPartOf\":{\"@id\":\"https:\/\/aeronoticias.com.pe\/noticiero\/#website\"},\"datePublished\":\"2009-02-27T14:42:47+00:00\",\"author\":{\"@id\":\"https:\/\/aeronoticias.com.pe\/noticiero\/#\/schema\/person\/fc1e5d578f4b62ba1cf7ac2bba1170a0\"},\"description\":\"Portal de noticias del Per\u00fa sobre el transporte a\u00e9reo, aviaci\u00f3n, turismo, hoteleria, actualidad.\",\"breadcrumb\":{\"@id\":\"https:\/\/aeronoticias.com.pe\/noticiero\/transporte-aereo\/internacional\/congresista-peruana-en-conferencia-de-prensa-informo-denuncia-penal-contra-lan-por-discriminacion\/#breadcrumb\"},\"inLanguage\":\"es\",\"potentialAction\":[{\"@type\":\"ReadAction\",\"target\":[\"https:\/\/aeronoticias.com.pe\/noticiero\/transporte-aereo\/internacional\/congresista-peruana-en-conferencia-de-prensa-informo-denuncia-penal-contra-lan-por-discriminacion\/\"]}]},{\"@type\":\"BreadcrumbList\",\"@id\":\"https:\/\/aeronoticias.com.pe\/noticiero\/transporte-aereo\/internacional\/congresista-peruana-en-conferencia-de-prensa-informo-denuncia-penal-contra-lan-por-discriminacion\/#breadcrumb\",\"itemListElement\":[{\"@type\":\"ListItem\",\"position\":1,\"name\":\"Portada\",\"item\":\"https:\/\/aeronoticias.com.pe\/noticiero\/\"},{\"@type\":\"ListItem\",\"position\":2,\"name\":\"CONGRESISTA PERUANA EN CONFERENCIA DE PRENSA INFORMO DENUNCIA PENAL CONTRA LAN POR DISCRIMINACION\"}]},{\"@type\":\"WebSite\",\"@id\":\"https:\/\/aeronoticias.com.pe\/noticiero\/#website\",\"url\":\"https:\/\/aeronoticias.com.pe\/noticiero\/\",\"name\":\"Aeronoticias.com.pe\",\"description\":\"Noticias de tranporte aereo, turismo, hoteles, gastronomia, actualidad, internacional\",\"potentialAction\":[{\"@type\":\"SearchAction\",\"target\":{\"@type\":\"EntryPoint\",\"urlTemplate\":\"https:\/\/aeronoticias.com.pe\/noticiero\/?s={search_term_string}\"},\"query-input\":{\"@type\":\"PropertyValueSpecification\",\"valueRequired\":true,\"valueName\":\"search_term_string\"}}],\"inLanguage\":\"es\"},{\"@type\":\"Person\",\"@id\":\"https:\/\/aeronoticias.com.pe\/noticiero\/#\/schema\/person\/fc1e5d578f4b62ba1cf7ac2bba1170a0\",\"name\":\"Redacci\u00f3n Aeronoticias\",\"url\":\"https:\/\/aeronoticias.com.pe\/noticiero\/author\/piloto\/\"}]}<\/script>\n<!-- \/ Yoast SEO plugin. -->","yoast_head_json":{"title":"CONGRESISTA PERUANA EN CONFERENCIA DE PRENSA INFORMO DENUNCIA PENAL CONTRA LAN POR DISCRIMINACION","description":"Portal de noticias del Per\u00fa sobre el transporte a\u00e9reo, aviaci\u00f3n, turismo, hoteleria, actualidad.","robots":{"index":"index","follow":"follow","max-snippet":"max-snippet:-1","max-image-preview":"max-image-preview:large","max-video-preview":"max-video-preview:-1"},"canonical":"https:\/\/aeronoticias.com.pe\/noticiero\/transporte-aereo\/internacional\/congresista-peruana-en-conferencia-de-prensa-informo-denuncia-penal-contra-lan-por-discriminacion\/","og_locale":"es_ES","og_type":"article","og_title":"CONGRESISTA PERUANA EN CONFERENCIA DE PRENSA INFORMO DENUNCIA PENAL CONTRA LAN POR DISCRIMINACION","og_description":"Portal de noticias del Per\u00fa sobre el transporte a\u00e9reo, aviaci\u00f3n, turismo, hoteleria, actualidad.","og_url":"https:\/\/aeronoticias.com.pe\/noticiero\/transporte-aereo\/internacional\/congresista-peruana-en-conferencia-de-prensa-informo-denuncia-penal-contra-lan-por-discriminacion\/","og_site_name":"Aeronoticias.com.pe","article_publisher":"https:\/\/www.facebook.com\/Aeronoticias.com.pe\/","article_published_time":"2009-02-27T14:42:47+00:00","author":"Redacci\u00f3n Aeronoticias","twitter_card":"summary_large_image","twitter_creator":"@aeronoticias","twitter_site":"@aeronoticias","twitter_misc":{"Escrito por":"Redacci\u00f3n Aeronoticias","Tiempo de lectura":"1 minuto"},"schema":{"@context":"https:\/\/schema.org","@graph":[{"@type":"WebPage","@id":"https:\/\/aeronoticias.com.pe\/noticiero\/transporte-aereo\/internacional\/congresista-peruana-en-conferencia-de-prensa-informo-denuncia-penal-contra-lan-por-discriminacion\/","url":"https:\/\/aeronoticias.com.pe\/noticiero\/transporte-aereo\/internacional\/congresista-peruana-en-conferencia-de-prensa-informo-denuncia-penal-contra-lan-por-discriminacion\/","name":"CONGRESISTA PERUANA EN CONFERENCIA DE PRENSA INFORMO DENUNCIA PENAL CONTRA LAN POR DISCRIMINACION","isPartOf":{"@id":"https:\/\/aeronoticias.com.pe\/noticiero\/#website"},"datePublished":"2009-02-27T14:42:47+00:00","author":{"@id":"https:\/\/aeronoticias.com.pe\/noticiero\/#\/schema\/person\/fc1e5d578f4b62ba1cf7ac2bba1170a0"},"description":"Portal de noticias del Per\u00fa sobre el transporte a\u00e9reo, aviaci\u00f3n, turismo, hoteleria, actualidad.","breadcrumb":{"@id":"https:\/\/aeronoticias.com.pe\/noticiero\/transporte-aereo\/internacional\/congresista-peruana-en-conferencia-de-prensa-informo-denuncia-penal-contra-lan-por-discriminacion\/#breadcrumb"},"inLanguage":"es","potentialAction":[{"@type":"ReadAction","target":["https:\/\/aeronoticias.com.pe\/noticiero\/transporte-aereo\/internacional\/congresista-peruana-en-conferencia-de-prensa-informo-denuncia-penal-contra-lan-por-discriminacion\/"]}]},{"@type":"BreadcrumbList","@id":"https:\/\/aeronoticias.com.pe\/noticiero\/transporte-aereo\/internacional\/congresista-peruana-en-conferencia-de-prensa-informo-denuncia-penal-contra-lan-por-discriminacion\/#breadcrumb","itemListElement":[{"@type":"ListItem","position":1,"name":"Portada","item":"https:\/\/aeronoticias.com.pe\/noticiero\/"},{"@type":"ListItem","position":2,"name":"CONGRESISTA PERUANA EN CONFERENCIA DE PRENSA INFORMO DENUNCIA PENAL CONTRA LAN POR DISCRIMINACION"}]},{"@type":"WebSite","@id":"https:\/\/aeronoticias.com.pe\/noticiero\/#website","url":"https:\/\/aeronoticias.com.pe\/noticiero\/","name":"Aeronoticias.com.pe","description":"Noticias de tranporte aereo, turismo, hoteles, gastronomia, actualidad, internacional","potentialAction":[{"@type":"SearchAction","target":{"@type":"EntryPoint","urlTemplate":"https:\/\/aeronoticias.com.pe\/noticiero\/?s={search_term_string}"},"query-input":{"@type":"PropertyValueSpecification","valueRequired":true,"valueName":"search_term_string"}}],"inLanguage":"es"},{"@type":"Person","@id":"https:\/\/aeronoticias.com.pe\/noticiero\/#\/schema\/person\/fc1e5d578f4b62ba1cf7ac2bba1170a0","name":"Redacci\u00f3n Aeronoticias","url":"https:\/\/aeronoticias.com.pe\/noticiero\/author\/piloto\/"}]}},"_links":{"self":[{"href":"https:\/\/aeronoticias.com.pe\/noticiero\/wp-json\/wp\/v2\/posts\/2136","targetHints":{"allow":["GET"]}}],"collection":[{"href":"https:\/\/aeronoticias.com.pe\/noticiero\/wp-json\/wp\/v2\/posts"}],"about":[{"href":"https:\/\/aeronoticias.com.pe\/noticiero\/wp-json\/wp\/v2\/types\/post"}],"author":[{"embeddable":true,"href":"https:\/\/aeronoticias.com.pe\/noticiero\/wp-json\/wp\/v2\/users\/1"}],"replies":[{"embeddable":true,"href":"https:\/\/aeronoticias.com.pe\/noticiero\/wp-json\/wp\/v2\/comments?post=2136"}],"version-history":[{"count":0,"href":"https:\/\/aeronoticias.com.pe\/noticiero\/wp-json\/wp\/v2\/posts\/2136\/revisions"}],"wp:attachment":[{"href":"https:\/\/aeronoticias.com.pe\/noticiero\/wp-json\/wp\/v2\/media?parent=2136"}],"wp:term":[{"taxonomy":"category","embeddable":true,"href":"https:\/\/aeronoticias.com.pe\/noticiero\/wp-json\/wp\/v2\/categories?post=2136"},{"taxonomy":"post_tag","embeddable":true,"href":"https:\/\/aeronoticias.com.pe\/noticiero\/wp-json\/wp\/v2\/tags?post=2136"}],"curies":[{"name":"wp","href":"https:\/\/api.w.org\/{rel}","templated":true}]}}