{"id":21362,"date":"2011-12-06T14:59:51","date_gmt":"2011-12-06T14:59:51","guid":{"rendered":"http:\/\/desarrollo.mcvicious.com\/aero2020\/2011\/12\/06\/casi-300-vuelos-cancelados-en-el-este-de-china-a-causa-de-una-espesa-niebla\/"},"modified":"2011-12-06T14:59:51","modified_gmt":"2011-12-06T14:59:51","slug":"casi-300-vuelos-cancelados-en-el-este-de-china-a-causa-de-una-espesa-niebla","status":"publish","type":"post","link":"https:\/\/aeronoticias.com.pe\/noticiero\/internacionales\/casi-300-vuelos-cancelados-en-el-este-de-china-a-causa-de-una-espesa-niebla\/","title":{"rendered":"Casi 300 vuelos cancelados en el este de China a causa de una espesa niebla"},"content":{"rendered":"<p style=\"text-align: justify;\"><strong>(Aeronoticias) <\/strong>La espesa niebla que se form\u00f3 este fin de semana en las provincias de Shandong y Hebei, Anhui, Zheijiang y Fujian, en el este de China, ha obligado a retrasar o cancelar numerosos vuelos y cerrar autopistas porque en algunas zonas la visibilidad es de menos de 200 metros, seg\u00fan ha informado este lunes la agencia de noticias Xinhua.<\/p>\n<p>En el Aeropuerto Internacional de Pek\u00edn, la visibilidad no supera los 300 metros, y hasta las 14.00 de este lunes, hora local, hab\u00edan cancelado vuelos 207 de salida y llegada y retrasado otros 126 al menos una hora. Hasta las 23.00 del domingo se hab\u00edan cancelado casi 300 vuelos cuyo destino era la capital y varias decenas hab\u00edan sufrido retrasos. Adem\u00e1s, la niebla ha forzado el cierre de algunas autopistas y el tr\u00e1fico por carretera es sumamente lento, seg\u00fan Xinhua. El Centro Meteorol\u00f3gico Nacional (CNM) ha declarado este lunes por la ma\u00f1ana la alerta azul &#8211;el nivel m\u00e1s bajo de una clasificaci\u00f3n de cuatro&#8211; y ha avisado de que la niebla crear\u00e1 problemas en carreteras, puertos y aeropuertos.<\/p>\n<p>El CNM ha pronosticado que un frente fr\u00edo atravesar\u00e1 las regiones central y oriental de China a partir de este martes, provocando lluvia y nieve y vientos fuertes durante los pr\u00f3ximos tres d\u00edas. Ma Xuecan, de la Estaci\u00f3n Meteorol\u00f3gica Nacional, ha dicho que espera que la niebla se disipe el jueves, cuando el frente fr\u00edo haya atravesado la regi\u00f3n. Fuente: <a href=\"http:\/\/www.finanzas.com\">www.finanzas.com<\/a><\/p>\n<p \/>  <!--more-->  <\/p>\n<p><img decoding=\"async\" src=\"images\/stories\/11\/12\/061211\/neblina.jpg\" border=\"0\" alt=\"neblina\" title=\"neblina\" \/><\/p>\n","protected":false},"excerpt":{"rendered":"<p>(Aeronoticias) La espesa niebla que se form\u00f3 este fin de semana en las provincias de Shandong y Hebei, Anhui, Zheijiang y Fujian, en el este de China, ha obligado a retrasar o cancelar numerosos vuelos y cerrar autopistas porque en algunas zonas la visibilidad es de menos de 200 metros, seg\u00fan ha informado este lunes [&hellip;]<\/p>\n","protected":false},"author":1,"featured_media":0,"comment_status":"open","ping_status":"open","sticky":false,"template":"","format":"standard","meta":{"tdm_status":"","tdm_grid_status":"","footnotes":""},"categories":[34],"tags":[],"class_list":{"0":"post-21362","1":"post","2":"type-post","3":"status-publish","4":"format-standard","6":"category-internacionales"},"yoast_head":"<!-- This site is optimized with the Yoast SEO plugin v25.1 - https:\/\/yoast.com\/wordpress\/plugins\/seo\/ -->\n<title>Casi 300 vuelos cancelados en el este de China a causa de una espesa niebla<\/title>\n<meta name=\"description\" content=\"Portal de noticias del Per\u00fa sobre el transporte a\u00e9reo, aviaci\u00f3n, turismo, hoteleria, actualidad.\" \/>\n<meta name=\"robots\" content=\"index, follow, max-snippet:-1, max-image-preview:large, max-video-preview:-1\" \/>\n<link rel=\"canonical\" href=\"https:\/\/aeronoticias.com.pe\/noticiero\/internacionales\/casi-300-vuelos-cancelados-en-el-este-de-china-a-causa-de-una-espesa-niebla\/\" \/>\n<meta property=\"og:locale\" content=\"es_ES\" \/>\n<meta property=\"og:type\" content=\"article\" \/>\n<meta property=\"og:title\" content=\"Casi 300 vuelos cancelados en el este de China a causa de una espesa niebla\" \/>\n<meta property=\"og:description\" content=\"Portal de noticias del Per\u00fa sobre el transporte a\u00e9reo, aviaci\u00f3n, turismo, hoteleria, actualidad.\" \/>\n<meta property=\"og:url\" content=\"https:\/\/aeronoticias.com.pe\/noticiero\/internacionales\/casi-300-vuelos-cancelados-en-el-este-de-china-a-causa-de-una-espesa-niebla\/\" \/>\n<meta property=\"og:site_name\" content=\"Aeronoticias.com.pe\" \/>\n<meta property=\"article:publisher\" content=\"https:\/\/www.facebook.com\/Aeronoticias.com.pe\/\" \/>\n<meta property=\"article:published_time\" content=\"2011-12-06T14:59:51+00:00\" \/>\n<meta name=\"author\" content=\"Redacci\u00f3n Aeronoticias\" \/>\n<meta name=\"twitter:card\" content=\"summary_large_image\" \/>\n<meta name=\"twitter:creator\" content=\"@aeronoticias\" \/>\n<meta name=\"twitter:site\" content=\"@aeronoticias\" \/>\n<meta name=\"twitter:label1\" content=\"Escrito por\" \/>\n\t<meta name=\"twitter:data1\" content=\"Redacci\u00f3n Aeronoticias\" \/>\n\t<meta name=\"twitter:label2\" content=\"Tiempo de lectura\" \/>\n\t<meta name=\"twitter:data2\" content=\"1 minuto\" \/>\n<script type=\"application\/ld+json\" class=\"yoast-schema-graph\">{\"@context\":\"https:\/\/schema.org\",\"@graph\":[{\"@type\":\"WebPage\",\"@id\":\"https:\/\/aeronoticias.com.pe\/noticiero\/internacionales\/casi-300-vuelos-cancelados-en-el-este-de-china-a-causa-de-una-espesa-niebla\/\",\"url\":\"https:\/\/aeronoticias.com.pe\/noticiero\/internacionales\/casi-300-vuelos-cancelados-en-el-este-de-china-a-causa-de-una-espesa-niebla\/\",\"name\":\"Casi 300 vuelos cancelados en el este de China a causa de una espesa niebla\",\"isPartOf\":{\"@id\":\"https:\/\/aeronoticias.com.pe\/noticiero\/#website\"},\"datePublished\":\"2011-12-06T14:59:51+00:00\",\"author\":{\"@id\":\"https:\/\/aeronoticias.com.pe\/noticiero\/#\/schema\/person\/fc1e5d578f4b62ba1cf7ac2bba1170a0\"},\"description\":\"Portal de noticias del Per\u00fa sobre el transporte a\u00e9reo, aviaci\u00f3n, turismo, hoteleria, actualidad.\",\"breadcrumb\":{\"@id\":\"https:\/\/aeronoticias.com.pe\/noticiero\/internacionales\/casi-300-vuelos-cancelados-en-el-este-de-china-a-causa-de-una-espesa-niebla\/#breadcrumb\"},\"inLanguage\":\"es\",\"potentialAction\":[{\"@type\":\"ReadAction\",\"target\":[\"https:\/\/aeronoticias.com.pe\/noticiero\/internacionales\/casi-300-vuelos-cancelados-en-el-este-de-china-a-causa-de-una-espesa-niebla\/\"]}]},{\"@type\":\"BreadcrumbList\",\"@id\":\"https:\/\/aeronoticias.com.pe\/noticiero\/internacionales\/casi-300-vuelos-cancelados-en-el-este-de-china-a-causa-de-una-espesa-niebla\/#breadcrumb\",\"itemListElement\":[{\"@type\":\"ListItem\",\"position\":1,\"name\":\"Portada\",\"item\":\"https:\/\/aeronoticias.com.pe\/noticiero\/\"},{\"@type\":\"ListItem\",\"position\":2,\"name\":\"Casi 300 vuelos cancelados en el este de China a causa de una espesa niebla\"}]},{\"@type\":\"WebSite\",\"@id\":\"https:\/\/aeronoticias.com.pe\/noticiero\/#website\",\"url\":\"https:\/\/aeronoticias.com.pe\/noticiero\/\",\"name\":\"Aeronoticias.com.pe\",\"description\":\"Noticias de tranporte aereo, turismo, hoteles, gastronomia, actualidad, internacional\",\"potentialAction\":[{\"@type\":\"SearchAction\",\"target\":{\"@type\":\"EntryPoint\",\"urlTemplate\":\"https:\/\/aeronoticias.com.pe\/noticiero\/?s={search_term_string}\"},\"query-input\":{\"@type\":\"PropertyValueSpecification\",\"valueRequired\":true,\"valueName\":\"search_term_string\"}}],\"inLanguage\":\"es\"},{\"@type\":\"Person\",\"@id\":\"https:\/\/aeronoticias.com.pe\/noticiero\/#\/schema\/person\/fc1e5d578f4b62ba1cf7ac2bba1170a0\",\"name\":\"Redacci\u00f3n Aeronoticias\",\"url\":\"https:\/\/aeronoticias.com.pe\/noticiero\/author\/piloto\/\"}]}<\/script>\n<!-- \/ Yoast SEO plugin. -->","yoast_head_json":{"title":"Casi 300 vuelos cancelados en el este de China a causa de una espesa niebla","description":"Portal de noticias del Per\u00fa sobre el transporte a\u00e9reo, aviaci\u00f3n, turismo, hoteleria, actualidad.","robots":{"index":"index","follow":"follow","max-snippet":"max-snippet:-1","max-image-preview":"max-image-preview:large","max-video-preview":"max-video-preview:-1"},"canonical":"https:\/\/aeronoticias.com.pe\/noticiero\/internacionales\/casi-300-vuelos-cancelados-en-el-este-de-china-a-causa-de-una-espesa-niebla\/","og_locale":"es_ES","og_type":"article","og_title":"Casi 300 vuelos cancelados en el este de China a causa de una espesa niebla","og_description":"Portal de noticias del Per\u00fa sobre el transporte a\u00e9reo, aviaci\u00f3n, turismo, hoteleria, actualidad.","og_url":"https:\/\/aeronoticias.com.pe\/noticiero\/internacionales\/casi-300-vuelos-cancelados-en-el-este-de-china-a-causa-de-una-espesa-niebla\/","og_site_name":"Aeronoticias.com.pe","article_publisher":"https:\/\/www.facebook.com\/Aeronoticias.com.pe\/","article_published_time":"2011-12-06T14:59:51+00:00","author":"Redacci\u00f3n Aeronoticias","twitter_card":"summary_large_image","twitter_creator":"@aeronoticias","twitter_site":"@aeronoticias","twitter_misc":{"Escrito por":"Redacci\u00f3n Aeronoticias","Tiempo de lectura":"1 minuto"},"schema":{"@context":"https:\/\/schema.org","@graph":[{"@type":"WebPage","@id":"https:\/\/aeronoticias.com.pe\/noticiero\/internacionales\/casi-300-vuelos-cancelados-en-el-este-de-china-a-causa-de-una-espesa-niebla\/","url":"https:\/\/aeronoticias.com.pe\/noticiero\/internacionales\/casi-300-vuelos-cancelados-en-el-este-de-china-a-causa-de-una-espesa-niebla\/","name":"Casi 300 vuelos cancelados en el este de China a causa de una espesa niebla","isPartOf":{"@id":"https:\/\/aeronoticias.com.pe\/noticiero\/#website"},"datePublished":"2011-12-06T14:59:51+00:00","author":{"@id":"https:\/\/aeronoticias.com.pe\/noticiero\/#\/schema\/person\/fc1e5d578f4b62ba1cf7ac2bba1170a0"},"description":"Portal de noticias del Per\u00fa sobre el transporte a\u00e9reo, aviaci\u00f3n, turismo, hoteleria, actualidad.","breadcrumb":{"@id":"https:\/\/aeronoticias.com.pe\/noticiero\/internacionales\/casi-300-vuelos-cancelados-en-el-este-de-china-a-causa-de-una-espesa-niebla\/#breadcrumb"},"inLanguage":"es","potentialAction":[{"@type":"ReadAction","target":["https:\/\/aeronoticias.com.pe\/noticiero\/internacionales\/casi-300-vuelos-cancelados-en-el-este-de-china-a-causa-de-una-espesa-niebla\/"]}]},{"@type":"BreadcrumbList","@id":"https:\/\/aeronoticias.com.pe\/noticiero\/internacionales\/casi-300-vuelos-cancelados-en-el-este-de-china-a-causa-de-una-espesa-niebla\/#breadcrumb","itemListElement":[{"@type":"ListItem","position":1,"name":"Portada","item":"https:\/\/aeronoticias.com.pe\/noticiero\/"},{"@type":"ListItem","position":2,"name":"Casi 300 vuelos cancelados en el este de China a causa de una espesa niebla"}]},{"@type":"WebSite","@id":"https:\/\/aeronoticias.com.pe\/noticiero\/#website","url":"https:\/\/aeronoticias.com.pe\/noticiero\/","name":"Aeronoticias.com.pe","description":"Noticias de tranporte aereo, turismo, hoteles, gastronomia, actualidad, internacional","potentialAction":[{"@type":"SearchAction","target":{"@type":"EntryPoint","urlTemplate":"https:\/\/aeronoticias.com.pe\/noticiero\/?s={search_term_string}"},"query-input":{"@type":"PropertyValueSpecification","valueRequired":true,"valueName":"search_term_string"}}],"inLanguage":"es"},{"@type":"Person","@id":"https:\/\/aeronoticias.com.pe\/noticiero\/#\/schema\/person\/fc1e5d578f4b62ba1cf7ac2bba1170a0","name":"Redacci\u00f3n Aeronoticias","url":"https:\/\/aeronoticias.com.pe\/noticiero\/author\/piloto\/"}]}},"_links":{"self":[{"href":"https:\/\/aeronoticias.com.pe\/noticiero\/wp-json\/wp\/v2\/posts\/21362","targetHints":{"allow":["GET"]}}],"collection":[{"href":"https:\/\/aeronoticias.com.pe\/noticiero\/wp-json\/wp\/v2\/posts"}],"about":[{"href":"https:\/\/aeronoticias.com.pe\/noticiero\/wp-json\/wp\/v2\/types\/post"}],"author":[{"embeddable":true,"href":"https:\/\/aeronoticias.com.pe\/noticiero\/wp-json\/wp\/v2\/users\/1"}],"replies":[{"embeddable":true,"href":"https:\/\/aeronoticias.com.pe\/noticiero\/wp-json\/wp\/v2\/comments?post=21362"}],"version-history":[{"count":0,"href":"https:\/\/aeronoticias.com.pe\/noticiero\/wp-json\/wp\/v2\/posts\/21362\/revisions"}],"wp:attachment":[{"href":"https:\/\/aeronoticias.com.pe\/noticiero\/wp-json\/wp\/v2\/media?parent=21362"}],"wp:term":[{"taxonomy":"category","embeddable":true,"href":"https:\/\/aeronoticias.com.pe\/noticiero\/wp-json\/wp\/v2\/categories?post=21362"},{"taxonomy":"post_tag","embeddable":true,"href":"https:\/\/aeronoticias.com.pe\/noticiero\/wp-json\/wp\/v2\/tags?post=21362"}],"curies":[{"name":"wp","href":"https:\/\/api.w.org\/{rel}","templated":true}]}}