{"id":21363,"date":"2011-12-06T15:01:35","date_gmt":"2011-12-06T15:01:35","guid":{"rendered":"http:\/\/desarrollo.mcvicious.com\/aero2020\/2011\/12\/06\/se-incrementa-el-trafico-aereo-en-america-latina\/"},"modified":"2011-12-06T15:01:35","modified_gmt":"2011-12-06T15:01:35","slug":"se-incrementa-el-trafico-aereo-en-america-latina","status":"publish","type":"post","link":"https:\/\/aeronoticias.com.pe\/noticiero\/transporte-aereo\/internacional\/se-incrementa-el-trafico-aereo-en-america-latina\/","title":{"rendered":"Se incrementa el tr\u00e1fico a\u00e9reo en Am\u00e9rica Latina"},"content":{"rendered":"<p style=\"text-align: justify;\"><strong>(Aeronoticias).-<\/strong> La Asociaci\u00f3n Latinoamericana y del Caribe de Transporte A\u00e9reo (ALTA), inform\u00f3 que durante octubre se transportaron 11 millones 681,069 pasajeros en la regi\u00f3n, lo que represent\u00f3 un incremento de 1.6%, respecto al mismo mes del 2010. \u201cEl trafico se increment\u00f3 un 3.4% y la capacidad creci\u00f3 un 7.4%, reduciendo el factor de ocupaci\u00f3n al 73.7%, 2.8 puntos porcentuales menos\u201d, coment\u00f3 la organizaci\u00f3n.<\/p>\n<p>En los primeros 10 meses de este a\u00f1o, se movilizado en aeronaves 115 millones 074,600 personas, 3.4% m\u00e1s que el a\u00f1o pasado. De acuerdo a la asociaci\u00f3n, Latinoam\u00e9rica y Asia son las regiones en las que m\u00e1s crecimiento se observar\u00e1 en los pr\u00f3ximos 10 a\u00f1os. Pese a la disminuci\u00f3n del factor de ocupaci\u00f3n en octubre, en el acumulado desde enero, este pas\u00f3 de 73.1 a 75.3%, lo que representan un incentivo para las aerol\u00edneas por incrementar operaciones.<\/p>\n<p>  <!--more-->  <\/p>\n<p style=\"text-align: justify;\">En M\u00e9xico, el Grupo Aeroportuario del Sureste (Asur) anunci\u00f3 que en noviembre el total de usuarios fue de 1 mill\u00f3n 341,032, lo que signific\u00f3 un aumento de 8.3%, en relaci\u00f3n con el mismo mes del a\u00f1o pasado, liderado por las operaciones de su aeropuerto en Canc\u00fan, que moviliz\u00f3 959,390 viajeros, nacionales e internacionales, \u201clo cual nos parece positivo\u201d para las utilidades del cuarto trimestre, comentaron analistas del Grupo Financiero Banamex. \u201cCabe se\u00f1alar que todos los aeropuertos de ASUR reportaron un crecimiento anual durante noviembre (aunque el aumento en el peque\u00f1o aeropuerto de Tapachula fue m\u00ednimo, 0.3%), agregaron. La terminal de Huatulco fue la de mayor actividad al incrementar 29.2 por ciento. Fuente: http:\/\/eleconomista.com.mx<\/p>\n<p style=\"text-align: justify;\"><img decoding=\"async\" src=\"images\/stories\/11\/12\/061211\/trafico_aereo_latinoamerica.jpg\" border=\"0\" alt=\"Se incrementa el tr\u00e1fico a\u00e9reo en Am\u00e9rica Latina\" title=\"Se incrementa el tr\u00e1fico a\u00e9reo en Am\u00e9rica Latina\" \/><\/p>\n","protected":false},"excerpt":{"rendered":"<p>(Aeronoticias).- La Asociaci\u00f3n Latinoamericana y del Caribe de Transporte A\u00e9reo (ALTA), inform\u00f3 que durante octubre se transportaron 11 millones 681,069 pasajeros en la regi\u00f3n, lo que represent\u00f3 un incremento de 1.6%, respecto al mismo mes del 2010. \u201cEl trafico se increment\u00f3 un 3.4% y la capacidad creci\u00f3 un 7.4%, reduciendo el factor de ocupaci\u00f3n al [&hellip;]<\/p>\n","protected":false},"author":1,"featured_media":0,"comment_status":"open","ping_status":"open","sticky":false,"template":"","format":"standard","meta":{"tdm_status":"","tdm_grid_status":"","footnotes":""},"categories":[32],"tags":[],"class_list":{"0":"post-21363","1":"post","2":"type-post","3":"status-publish","4":"format-standard","6":"category-internacional"},"yoast_head":"<!-- This site is optimized with the Yoast SEO plugin v25.1 - https:\/\/yoast.com\/wordpress\/plugins\/seo\/ -->\n<title>Se incrementa el tr\u00e1fico a\u00e9reo en Am\u00e9rica Latina<\/title>\n<meta name=\"description\" content=\"Portal de noticias del Per\u00fa sobre el transporte a\u00e9reo, aviaci\u00f3n, turismo, hoteleria, actualidad.\" \/>\n<meta name=\"robots\" content=\"index, follow, max-snippet:-1, max-image-preview:large, max-video-preview:-1\" \/>\n<link rel=\"canonical\" href=\"https:\/\/aeronoticias.com.pe\/noticiero\/transporte-aereo\/internacional\/se-incrementa-el-trafico-aereo-en-america-latina\/\" \/>\n<meta property=\"og:locale\" content=\"es_ES\" \/>\n<meta property=\"og:type\" content=\"article\" \/>\n<meta property=\"og:title\" content=\"Se incrementa el tr\u00e1fico a\u00e9reo en Am\u00e9rica Latina\" \/>\n<meta property=\"og:description\" content=\"Portal de noticias del Per\u00fa sobre el transporte a\u00e9reo, aviaci\u00f3n, turismo, hoteleria, actualidad.\" \/>\n<meta property=\"og:url\" content=\"https:\/\/aeronoticias.com.pe\/noticiero\/transporte-aereo\/internacional\/se-incrementa-el-trafico-aereo-en-america-latina\/\" \/>\n<meta property=\"og:site_name\" content=\"Aeronoticias.com.pe\" \/>\n<meta property=\"article:publisher\" content=\"https:\/\/www.facebook.com\/Aeronoticias.com.pe\/\" \/>\n<meta property=\"article:published_time\" content=\"2011-12-06T15:01:35+00:00\" \/>\n<meta name=\"author\" content=\"Redacci\u00f3n Aeronoticias\" \/>\n<meta name=\"twitter:card\" content=\"summary_large_image\" \/>\n<meta name=\"twitter:creator\" content=\"@aeronoticias\" \/>\n<meta name=\"twitter:site\" content=\"@aeronoticias\" \/>\n<meta name=\"twitter:label1\" content=\"Escrito por\" \/>\n\t<meta name=\"twitter:data1\" content=\"Redacci\u00f3n Aeronoticias\" \/>\n\t<meta name=\"twitter:label2\" content=\"Tiempo de lectura\" \/>\n\t<meta name=\"twitter:data2\" content=\"1 minuto\" \/>\n<script type=\"application\/ld+json\" class=\"yoast-schema-graph\">{\"@context\":\"https:\/\/schema.org\",\"@graph\":[{\"@type\":\"WebPage\",\"@id\":\"https:\/\/aeronoticias.com.pe\/noticiero\/transporte-aereo\/internacional\/se-incrementa-el-trafico-aereo-en-america-latina\/\",\"url\":\"https:\/\/aeronoticias.com.pe\/noticiero\/transporte-aereo\/internacional\/se-incrementa-el-trafico-aereo-en-america-latina\/\",\"name\":\"Se incrementa el tr\u00e1fico a\u00e9reo en Am\u00e9rica Latina\",\"isPartOf\":{\"@id\":\"https:\/\/aeronoticias.com.pe\/noticiero\/#website\"},\"datePublished\":\"2011-12-06T15:01:35+00:00\",\"author\":{\"@id\":\"https:\/\/aeronoticias.com.pe\/noticiero\/#\/schema\/person\/fc1e5d578f4b62ba1cf7ac2bba1170a0\"},\"description\":\"Portal de noticias del Per\u00fa sobre el transporte a\u00e9reo, aviaci\u00f3n, turismo, hoteleria, actualidad.\",\"breadcrumb\":{\"@id\":\"https:\/\/aeronoticias.com.pe\/noticiero\/transporte-aereo\/internacional\/se-incrementa-el-trafico-aereo-en-america-latina\/#breadcrumb\"},\"inLanguage\":\"es\",\"potentialAction\":[{\"@type\":\"ReadAction\",\"target\":[\"https:\/\/aeronoticias.com.pe\/noticiero\/transporte-aereo\/internacional\/se-incrementa-el-trafico-aereo-en-america-latina\/\"]}]},{\"@type\":\"BreadcrumbList\",\"@id\":\"https:\/\/aeronoticias.com.pe\/noticiero\/transporte-aereo\/internacional\/se-incrementa-el-trafico-aereo-en-america-latina\/#breadcrumb\",\"itemListElement\":[{\"@type\":\"ListItem\",\"position\":1,\"name\":\"Portada\",\"item\":\"https:\/\/aeronoticias.com.pe\/noticiero\/\"},{\"@type\":\"ListItem\",\"position\":2,\"name\":\"Se incrementa el tr\u00e1fico a\u00e9reo en Am\u00e9rica Latina\"}]},{\"@type\":\"WebSite\",\"@id\":\"https:\/\/aeronoticias.com.pe\/noticiero\/#website\",\"url\":\"https:\/\/aeronoticias.com.pe\/noticiero\/\",\"name\":\"Aeronoticias.com.pe\",\"description\":\"Noticias de tranporte aereo, turismo, hoteles, gastronomia, actualidad, internacional\",\"potentialAction\":[{\"@type\":\"SearchAction\",\"target\":{\"@type\":\"EntryPoint\",\"urlTemplate\":\"https:\/\/aeronoticias.com.pe\/noticiero\/?s={search_term_string}\"},\"query-input\":{\"@type\":\"PropertyValueSpecification\",\"valueRequired\":true,\"valueName\":\"search_term_string\"}}],\"inLanguage\":\"es\"},{\"@type\":\"Person\",\"@id\":\"https:\/\/aeronoticias.com.pe\/noticiero\/#\/schema\/person\/fc1e5d578f4b62ba1cf7ac2bba1170a0\",\"name\":\"Redacci\u00f3n Aeronoticias\",\"url\":\"https:\/\/aeronoticias.com.pe\/noticiero\/author\/piloto\/\"}]}<\/script>\n<!-- \/ Yoast SEO plugin. -->","yoast_head_json":{"title":"Se incrementa el tr\u00e1fico a\u00e9reo en Am\u00e9rica Latina","description":"Portal de noticias del Per\u00fa sobre el transporte a\u00e9reo, aviaci\u00f3n, turismo, hoteleria, actualidad.","robots":{"index":"index","follow":"follow","max-snippet":"max-snippet:-1","max-image-preview":"max-image-preview:large","max-video-preview":"max-video-preview:-1"},"canonical":"https:\/\/aeronoticias.com.pe\/noticiero\/transporte-aereo\/internacional\/se-incrementa-el-trafico-aereo-en-america-latina\/","og_locale":"es_ES","og_type":"article","og_title":"Se incrementa el tr\u00e1fico a\u00e9reo en Am\u00e9rica Latina","og_description":"Portal de noticias del Per\u00fa sobre el transporte a\u00e9reo, aviaci\u00f3n, turismo, hoteleria, actualidad.","og_url":"https:\/\/aeronoticias.com.pe\/noticiero\/transporte-aereo\/internacional\/se-incrementa-el-trafico-aereo-en-america-latina\/","og_site_name":"Aeronoticias.com.pe","article_publisher":"https:\/\/www.facebook.com\/Aeronoticias.com.pe\/","article_published_time":"2011-12-06T15:01:35+00:00","author":"Redacci\u00f3n Aeronoticias","twitter_card":"summary_large_image","twitter_creator":"@aeronoticias","twitter_site":"@aeronoticias","twitter_misc":{"Escrito por":"Redacci\u00f3n Aeronoticias","Tiempo de lectura":"1 minuto"},"schema":{"@context":"https:\/\/schema.org","@graph":[{"@type":"WebPage","@id":"https:\/\/aeronoticias.com.pe\/noticiero\/transporte-aereo\/internacional\/se-incrementa-el-trafico-aereo-en-america-latina\/","url":"https:\/\/aeronoticias.com.pe\/noticiero\/transporte-aereo\/internacional\/se-incrementa-el-trafico-aereo-en-america-latina\/","name":"Se incrementa el tr\u00e1fico a\u00e9reo en Am\u00e9rica Latina","isPartOf":{"@id":"https:\/\/aeronoticias.com.pe\/noticiero\/#website"},"datePublished":"2011-12-06T15:01:35+00:00","author":{"@id":"https:\/\/aeronoticias.com.pe\/noticiero\/#\/schema\/person\/fc1e5d578f4b62ba1cf7ac2bba1170a0"},"description":"Portal de noticias del Per\u00fa sobre el transporte a\u00e9reo, aviaci\u00f3n, turismo, hoteleria, actualidad.","breadcrumb":{"@id":"https:\/\/aeronoticias.com.pe\/noticiero\/transporte-aereo\/internacional\/se-incrementa-el-trafico-aereo-en-america-latina\/#breadcrumb"},"inLanguage":"es","potentialAction":[{"@type":"ReadAction","target":["https:\/\/aeronoticias.com.pe\/noticiero\/transporte-aereo\/internacional\/se-incrementa-el-trafico-aereo-en-america-latina\/"]}]},{"@type":"BreadcrumbList","@id":"https:\/\/aeronoticias.com.pe\/noticiero\/transporte-aereo\/internacional\/se-incrementa-el-trafico-aereo-en-america-latina\/#breadcrumb","itemListElement":[{"@type":"ListItem","position":1,"name":"Portada","item":"https:\/\/aeronoticias.com.pe\/noticiero\/"},{"@type":"ListItem","position":2,"name":"Se incrementa el tr\u00e1fico a\u00e9reo en Am\u00e9rica Latina"}]},{"@type":"WebSite","@id":"https:\/\/aeronoticias.com.pe\/noticiero\/#website","url":"https:\/\/aeronoticias.com.pe\/noticiero\/","name":"Aeronoticias.com.pe","description":"Noticias de tranporte aereo, turismo, hoteles, gastronomia, actualidad, internacional","potentialAction":[{"@type":"SearchAction","target":{"@type":"EntryPoint","urlTemplate":"https:\/\/aeronoticias.com.pe\/noticiero\/?s={search_term_string}"},"query-input":{"@type":"PropertyValueSpecification","valueRequired":true,"valueName":"search_term_string"}}],"inLanguage":"es"},{"@type":"Person","@id":"https:\/\/aeronoticias.com.pe\/noticiero\/#\/schema\/person\/fc1e5d578f4b62ba1cf7ac2bba1170a0","name":"Redacci\u00f3n Aeronoticias","url":"https:\/\/aeronoticias.com.pe\/noticiero\/author\/piloto\/"}]}},"_links":{"self":[{"href":"https:\/\/aeronoticias.com.pe\/noticiero\/wp-json\/wp\/v2\/posts\/21363","targetHints":{"allow":["GET"]}}],"collection":[{"href":"https:\/\/aeronoticias.com.pe\/noticiero\/wp-json\/wp\/v2\/posts"}],"about":[{"href":"https:\/\/aeronoticias.com.pe\/noticiero\/wp-json\/wp\/v2\/types\/post"}],"author":[{"embeddable":true,"href":"https:\/\/aeronoticias.com.pe\/noticiero\/wp-json\/wp\/v2\/users\/1"}],"replies":[{"embeddable":true,"href":"https:\/\/aeronoticias.com.pe\/noticiero\/wp-json\/wp\/v2\/comments?post=21363"}],"version-history":[{"count":0,"href":"https:\/\/aeronoticias.com.pe\/noticiero\/wp-json\/wp\/v2\/posts\/21363\/revisions"}],"wp:attachment":[{"href":"https:\/\/aeronoticias.com.pe\/noticiero\/wp-json\/wp\/v2\/media?parent=21363"}],"wp:term":[{"taxonomy":"category","embeddable":true,"href":"https:\/\/aeronoticias.com.pe\/noticiero\/wp-json\/wp\/v2\/categories?post=21363"},{"taxonomy":"post_tag","embeddable":true,"href":"https:\/\/aeronoticias.com.pe\/noticiero\/wp-json\/wp\/v2\/tags?post=21363"}],"curies":[{"name":"wp","href":"https:\/\/api.w.org\/{rel}","templated":true}]}}