{"id":21365,"date":"2011-12-06T15:05:26","date_gmt":"2011-12-06T15:05:26","guid":{"rendered":"http:\/\/desarrollo.mcvicious.com\/aero2020\/2011\/12\/06\/lan-airlines-y-amadeus-firman-un-acuerdo-de-distribucion-de-contenido\/"},"modified":"2011-12-06T15:05:26","modified_gmt":"2011-12-06T15:05:26","slug":"lan-airlines-y-amadeus-firman-un-acuerdo-de-distribucion-de-contenido","status":"publish","type":"post","link":"https:\/\/aeronoticias.com.pe\/noticiero\/27\/lan-airlines-y-amadeus-firman-un-acuerdo-de-distribucion-de-contenido\/","title":{"rendered":"LAN Airlines y Amadeus firman un acuerdo de distribuci\u00f3n de contenido"},"content":{"rendered":"<p style=\"text-align: justify;\"><strong>(Aeronoticias) <\/strong>Amadeus, compa\u00f1\u00eda de referencia en el procesamiento de transacciones y proveedor de soluciones tecnol\u00f3gicas avanzadas para el sector mundial del viaje y el turismo, y LAN Airlines, compa\u00f1\u00eda a\u00e9rea de referencia en Latinoam\u00e9rica, han firmado un acuerdo de distribuci\u00f3n de contenido con varios a\u00f1os de vigencia. El acuerdo garantiza a las agencias de viajes usuarias de Amadeus en todo el mundo el acceso a la totalidad de las tarifas, horarios y disponibilidades de los m\u00e1s de 18 millones de plazas que venden anualmente las l\u00edneas a\u00e9reas que forman el grupo LAN. <\/p>\n<p>El acuerdo de distribuci\u00f3n \u00edntegra de contenido incluye a todas las compa\u00f1\u00edas del grupo LAN (LAN Airlines, LAN Ecuador, LAN Per\u00fa, LAN Argentina, Aires y LAN Express) y garantiza que a trav\u00e9s del sistema Amadeus estar\u00e1 disponible la misma oferta que en cualquier otro canal de venta, incluidas las p\u00e1ginas web de las propias compa\u00f1\u00edas. <\/p>\n<p>\u00abAmadeus apuesta por acuerdos de distribuci\u00f3n de contenido a largo plazo con las l\u00edneas a\u00e9reas de referencia en todo el mundo para dotar de una estabilidad duradera al mercado de la distribuci\u00f3n de viajes. En virtud de este acuerdo, las agencias usuarias de Amadeus tienen el acceso garantizado a toda la oferta de las compa\u00f1\u00edas a\u00e9reas del grupo LAN a escala mundial\u00bb, afirm\u00f3 Decius Valmorbida, Executive Vice President de Amadeus Latin America. <\/p>\n<p>\u00abEn LAN apostamos por desarrollar nuestro negocio y, en este sentido, la red de agencias de viajes que utilizan Amadeus desempe\u00f1a un papel importante para nuestra expansi\u00f3n en todos los mercados\u00bb, declar\u00f3 Sergio Mendoza, Chief Commercial Innovation Officer de LAN. \u00abMediante este acuerdo, garantizamos que las agencias de viajes tengan un acceso eficaz a toda nuestra gama de tarifas y as\u00ed se aseguren de poder ofrecer las opciones de viaje m\u00e1s completas a sus clientes\u00bb, a\u00f1adi\u00f3. <\/p>\n<p>Amadeus tiene contratos de distribuci\u00f3n de contenido con l\u00edneas a\u00e9reas de referencia en Latinoam\u00e9rica, entre las que se incluyen AviancaTaca, Copa Airlines y TAM. A d\u00eda de hoy, el 80% de las reservas a\u00e9reas que se hacen a trav\u00e9s de Amadeus en todo el mundo, son de l\u00edneas a\u00e9reas con contrato de distribuci\u00f3n.<\/p>\n<p style=\"text-align: justify;\"><img loading=\"lazy\" decoding=\"async\" src=\"images\/stories\/11\/12\/061211\/lan2.jpg\" border=\"0\" alt=\"LAN Airlines y Amadeus firman un acuerdo de distribuci\u00f3n de contenido\" width=\"400\" height=\"280\" \/><\/p>\n","protected":false},"excerpt":{"rendered":"<p>(Aeronoticias) Amadeus, compa\u00f1\u00eda de referencia en el procesamiento de transacciones y proveedor de soluciones tecnol\u00f3gicas avanzadas para el sector mundial del viaje y el turismo, y LAN Airlines, compa\u00f1\u00eda a\u00e9rea de referencia en Latinoam\u00e9rica, han firmado un acuerdo de distribuci\u00f3n de contenido con varios a\u00f1os de vigencia. El acuerdo garantiza a las agencias de viajes [&hellip;]<\/p>\n","protected":false},"author":1,"featured_media":0,"comment_status":"open","ping_status":"open","sticky":false,"template":"","format":"standard","meta":{"tdm_status":"","tdm_grid_status":"","footnotes":""},"categories":[35],"tags":[],"class_list":{"0":"post-21365","1":"post","2":"type-post","3":"status-publish","4":"format-standard","6":"category-35"},"yoast_head":"<!-- This site is optimized with the Yoast SEO plugin v25.1 - https:\/\/yoast.com\/wordpress\/plugins\/seo\/ -->\n<title>LAN Airlines y Amadeus firman un acuerdo de distribuci\u00f3n de contenido<\/title>\n<meta name=\"description\" content=\"Portal de noticias del Per\u00fa sobre el transporte a\u00e9reo, aviaci\u00f3n, turismo, hoteleria, actualidad.\" \/>\n<meta name=\"robots\" content=\"index, follow, max-snippet:-1, max-image-preview:large, max-video-preview:-1\" \/>\n<link rel=\"canonical\" href=\"https:\/\/aeronoticias.com.pe\/noticiero\/27\/lan-airlines-y-amadeus-firman-un-acuerdo-de-distribucion-de-contenido\/\" \/>\n<meta property=\"og:locale\" content=\"es_ES\" \/>\n<meta property=\"og:type\" content=\"article\" \/>\n<meta property=\"og:title\" content=\"LAN Airlines y Amadeus firman un acuerdo de distribuci\u00f3n de contenido\" \/>\n<meta property=\"og:description\" content=\"Portal de noticias del Per\u00fa sobre el transporte a\u00e9reo, aviaci\u00f3n, turismo, hoteleria, actualidad.\" \/>\n<meta property=\"og:url\" content=\"https:\/\/aeronoticias.com.pe\/noticiero\/27\/lan-airlines-y-amadeus-firman-un-acuerdo-de-distribucion-de-contenido\/\" \/>\n<meta property=\"og:site_name\" content=\"Aeronoticias.com.pe\" \/>\n<meta property=\"article:publisher\" content=\"https:\/\/www.facebook.com\/Aeronoticias.com.pe\/\" \/>\n<meta property=\"article:published_time\" content=\"2011-12-06T15:05:26+00:00\" \/>\n<meta name=\"author\" content=\"Redacci\u00f3n Aeronoticias\" \/>\n<meta name=\"twitter:card\" content=\"summary_large_image\" \/>\n<meta name=\"twitter:creator\" content=\"@aeronoticias\" \/>\n<meta name=\"twitter:site\" content=\"@aeronoticias\" \/>\n<meta name=\"twitter:label1\" content=\"Escrito por\" \/>\n\t<meta name=\"twitter:data1\" content=\"Redacci\u00f3n Aeronoticias\" \/>\n\t<meta name=\"twitter:label2\" content=\"Tiempo de lectura\" \/>\n\t<meta name=\"twitter:data2\" content=\"2 minutos\" \/>\n<script type=\"application\/ld+json\" class=\"yoast-schema-graph\">{\"@context\":\"https:\/\/schema.org\",\"@graph\":[{\"@type\":\"WebPage\",\"@id\":\"https:\/\/aeronoticias.com.pe\/noticiero\/27\/lan-airlines-y-amadeus-firman-un-acuerdo-de-distribucion-de-contenido\/\",\"url\":\"https:\/\/aeronoticias.com.pe\/noticiero\/27\/lan-airlines-y-amadeus-firman-un-acuerdo-de-distribucion-de-contenido\/\",\"name\":\"LAN Airlines y Amadeus firman un acuerdo de distribuci\u00f3n de contenido\",\"isPartOf\":{\"@id\":\"https:\/\/aeronoticias.com.pe\/noticiero\/#website\"},\"datePublished\":\"2011-12-06T15:05:26+00:00\",\"author\":{\"@id\":\"https:\/\/aeronoticias.com.pe\/noticiero\/#\/schema\/person\/fc1e5d578f4b62ba1cf7ac2bba1170a0\"},\"description\":\"Portal de noticias del Per\u00fa sobre el transporte a\u00e9reo, aviaci\u00f3n, turismo, hoteleria, actualidad.\",\"breadcrumb\":{\"@id\":\"https:\/\/aeronoticias.com.pe\/noticiero\/27\/lan-airlines-y-amadeus-firman-un-acuerdo-de-distribucion-de-contenido\/#breadcrumb\"},\"inLanguage\":\"es\",\"potentialAction\":[{\"@type\":\"ReadAction\",\"target\":[\"https:\/\/aeronoticias.com.pe\/noticiero\/27\/lan-airlines-y-amadeus-firman-un-acuerdo-de-distribucion-de-contenido\/\"]}]},{\"@type\":\"BreadcrumbList\",\"@id\":\"https:\/\/aeronoticias.com.pe\/noticiero\/27\/lan-airlines-y-amadeus-firman-un-acuerdo-de-distribucion-de-contenido\/#breadcrumb\",\"itemListElement\":[{\"@type\":\"ListItem\",\"position\":1,\"name\":\"Portada\",\"item\":\"https:\/\/aeronoticias.com.pe\/noticiero\/\"},{\"@type\":\"ListItem\",\"position\":2,\"name\":\"LAN Airlines y Amadeus firman un acuerdo de distribuci\u00f3n de contenido\"}]},{\"@type\":\"WebSite\",\"@id\":\"https:\/\/aeronoticias.com.pe\/noticiero\/#website\",\"url\":\"https:\/\/aeronoticias.com.pe\/noticiero\/\",\"name\":\"Aeronoticias.com.pe\",\"description\":\"Noticias de tranporte aereo, turismo, hoteles, gastronomia, actualidad, internacional\",\"potentialAction\":[{\"@type\":\"SearchAction\",\"target\":{\"@type\":\"EntryPoint\",\"urlTemplate\":\"https:\/\/aeronoticias.com.pe\/noticiero\/?s={search_term_string}\"},\"query-input\":{\"@type\":\"PropertyValueSpecification\",\"valueRequired\":true,\"valueName\":\"search_term_string\"}}],\"inLanguage\":\"es\"},{\"@type\":\"Person\",\"@id\":\"https:\/\/aeronoticias.com.pe\/noticiero\/#\/schema\/person\/fc1e5d578f4b62ba1cf7ac2bba1170a0\",\"name\":\"Redacci\u00f3n Aeronoticias\",\"url\":\"https:\/\/aeronoticias.com.pe\/noticiero\/author\/piloto\/\"}]}<\/script>\n<!-- \/ Yoast SEO plugin. -->","yoast_head_json":{"title":"LAN Airlines y Amadeus firman un acuerdo de distribuci\u00f3n de contenido","description":"Portal de noticias del Per\u00fa sobre el transporte a\u00e9reo, aviaci\u00f3n, turismo, hoteleria, actualidad.","robots":{"index":"index","follow":"follow","max-snippet":"max-snippet:-1","max-image-preview":"max-image-preview:large","max-video-preview":"max-video-preview:-1"},"canonical":"https:\/\/aeronoticias.com.pe\/noticiero\/27\/lan-airlines-y-amadeus-firman-un-acuerdo-de-distribucion-de-contenido\/","og_locale":"es_ES","og_type":"article","og_title":"LAN Airlines y Amadeus firman un acuerdo de distribuci\u00f3n de contenido","og_description":"Portal de noticias del Per\u00fa sobre el transporte a\u00e9reo, aviaci\u00f3n, turismo, hoteleria, actualidad.","og_url":"https:\/\/aeronoticias.com.pe\/noticiero\/27\/lan-airlines-y-amadeus-firman-un-acuerdo-de-distribucion-de-contenido\/","og_site_name":"Aeronoticias.com.pe","article_publisher":"https:\/\/www.facebook.com\/Aeronoticias.com.pe\/","article_published_time":"2011-12-06T15:05:26+00:00","author":"Redacci\u00f3n Aeronoticias","twitter_card":"summary_large_image","twitter_creator":"@aeronoticias","twitter_site":"@aeronoticias","twitter_misc":{"Escrito por":"Redacci\u00f3n Aeronoticias","Tiempo de lectura":"2 minutos"},"schema":{"@context":"https:\/\/schema.org","@graph":[{"@type":"WebPage","@id":"https:\/\/aeronoticias.com.pe\/noticiero\/27\/lan-airlines-y-amadeus-firman-un-acuerdo-de-distribucion-de-contenido\/","url":"https:\/\/aeronoticias.com.pe\/noticiero\/27\/lan-airlines-y-amadeus-firman-un-acuerdo-de-distribucion-de-contenido\/","name":"LAN Airlines y Amadeus firman un acuerdo de distribuci\u00f3n de contenido","isPartOf":{"@id":"https:\/\/aeronoticias.com.pe\/noticiero\/#website"},"datePublished":"2011-12-06T15:05:26+00:00","author":{"@id":"https:\/\/aeronoticias.com.pe\/noticiero\/#\/schema\/person\/fc1e5d578f4b62ba1cf7ac2bba1170a0"},"description":"Portal de noticias del Per\u00fa sobre el transporte a\u00e9reo, aviaci\u00f3n, turismo, hoteleria, actualidad.","breadcrumb":{"@id":"https:\/\/aeronoticias.com.pe\/noticiero\/27\/lan-airlines-y-amadeus-firman-un-acuerdo-de-distribucion-de-contenido\/#breadcrumb"},"inLanguage":"es","potentialAction":[{"@type":"ReadAction","target":["https:\/\/aeronoticias.com.pe\/noticiero\/27\/lan-airlines-y-amadeus-firman-un-acuerdo-de-distribucion-de-contenido\/"]}]},{"@type":"BreadcrumbList","@id":"https:\/\/aeronoticias.com.pe\/noticiero\/27\/lan-airlines-y-amadeus-firman-un-acuerdo-de-distribucion-de-contenido\/#breadcrumb","itemListElement":[{"@type":"ListItem","position":1,"name":"Portada","item":"https:\/\/aeronoticias.com.pe\/noticiero\/"},{"@type":"ListItem","position":2,"name":"LAN Airlines y Amadeus firman un acuerdo de distribuci\u00f3n de contenido"}]},{"@type":"WebSite","@id":"https:\/\/aeronoticias.com.pe\/noticiero\/#website","url":"https:\/\/aeronoticias.com.pe\/noticiero\/","name":"Aeronoticias.com.pe","description":"Noticias de tranporte aereo, turismo, hoteles, gastronomia, actualidad, internacional","potentialAction":[{"@type":"SearchAction","target":{"@type":"EntryPoint","urlTemplate":"https:\/\/aeronoticias.com.pe\/noticiero\/?s={search_term_string}"},"query-input":{"@type":"PropertyValueSpecification","valueRequired":true,"valueName":"search_term_string"}}],"inLanguage":"es"},{"@type":"Person","@id":"https:\/\/aeronoticias.com.pe\/noticiero\/#\/schema\/person\/fc1e5d578f4b62ba1cf7ac2bba1170a0","name":"Redacci\u00f3n Aeronoticias","url":"https:\/\/aeronoticias.com.pe\/noticiero\/author\/piloto\/"}]}},"_links":{"self":[{"href":"https:\/\/aeronoticias.com.pe\/noticiero\/wp-json\/wp\/v2\/posts\/21365","targetHints":{"allow":["GET"]}}],"collection":[{"href":"https:\/\/aeronoticias.com.pe\/noticiero\/wp-json\/wp\/v2\/posts"}],"about":[{"href":"https:\/\/aeronoticias.com.pe\/noticiero\/wp-json\/wp\/v2\/types\/post"}],"author":[{"embeddable":true,"href":"https:\/\/aeronoticias.com.pe\/noticiero\/wp-json\/wp\/v2\/users\/1"}],"replies":[{"embeddable":true,"href":"https:\/\/aeronoticias.com.pe\/noticiero\/wp-json\/wp\/v2\/comments?post=21365"}],"version-history":[{"count":0,"href":"https:\/\/aeronoticias.com.pe\/noticiero\/wp-json\/wp\/v2\/posts\/21365\/revisions"}],"wp:attachment":[{"href":"https:\/\/aeronoticias.com.pe\/noticiero\/wp-json\/wp\/v2\/media?parent=21365"}],"wp:term":[{"taxonomy":"category","embeddable":true,"href":"https:\/\/aeronoticias.com.pe\/noticiero\/wp-json\/wp\/v2\/categories?post=21365"},{"taxonomy":"post_tag","embeddable":true,"href":"https:\/\/aeronoticias.com.pe\/noticiero\/wp-json\/wp\/v2\/tags?post=21365"}],"curies":[{"name":"wp","href":"https:\/\/api.w.org\/{rel}","templated":true}]}}