{"id":2137,"date":"2009-02-27T23:03:34","date_gmt":"2009-02-27T23:03:34","guid":{"rendered":"http:\/\/desarrollo.mcvicious.com\/aero2020\/2009\/02\/27\/precauci-en-mercados-por-crisis-redunda-en-contracci-de-exportaciones-peruanas\/"},"modified":"2009-02-27T23:03:34","modified_gmt":"2009-02-27T23:03:34","slug":"precauci-en-mercados-por-crisis-redunda-en-contracci-de-exportaciones-peruanas","status":"publish","type":"post","link":"https:\/\/aeronoticias.com.pe\/noticiero\/economia\/precauci-en-mercados-por-crisis-redunda-en-contracci-de-exportaciones-peruanas\/","title":{"rendered":"PRECAUCI"},"content":{"rendered":"<div align=\"justify\">Las exportaciones peruanas habr&iacute;an sumado en enero &uacute;ltimo&nbsp; US$&nbsp; 1,556 millones sufriendo as&iacute; una contracci&oacute;n de -38% en t&eacute;rminos nominales respecto a su valor de enero del 2008.&nbsp; En esta oportunidad tanto las exportaciones tradicionales como las no tradicionales habr&iacute;an registrado una disminuci&oacute;n en sus niveles de ventas, seg&uacute;n cifras preliminares de Aduanas, inform&oacute; la Asociaci&oacute;n de Exportadores (ADEX).<\/div>\n<p><\/p>\n<div align=\"center\"><img loading=\"lazy\" decoding=\"async\" src=\"http:\/\/www.aeronoticias.com.pe\/fotonoticias\/0109\/02\/270209\/export.jpg\" alt=\" \" title=\"PRECAUCI&Oacute;N EN MERCADOS POR CRISIS REDUNDA  EN CONTRACCI&Oacute;N DE EXPORTACIONES PERUANAS\" width=\"400\" height=\"268\" \/><\/div>\n<p> <!--more--> <\/p>\n<div align=\"justify\">Sin embargo, para el presidente del gremio exportador, Jos&eacute; Luis Silva Martinot, las estad&iacute;sticas de enero no deben ser tomadas&nbsp; como un indicio de lo que ser&aacute; el desempe&ntilde;o de las exportaciones en todo el a&ntilde;o, dijo que conf&iacute;a que el esfuerzo de la cadena exportadora, sumado al apoyo del gobierno y al buen resultado de los programas de rescate aplicados en Estados Unidos, Europa y Asia,&nbsp; determinen en la recuperaci&oacute;n de su sector.<\/p>\n<p> &ldquo;La situaci&oacute;n est&aacute; cambiando y prueba de ello es que se ha identificado un incremento en las demandas del exterior. Nuestras empresas asociadas nos reportan que meses atr&aacute;s sus compradores hac&iacute;an menores pedidos, pero &uacute;ltimamente, al ver que lo que ten&iacute;an en almacenes se agot&oacute;,&nbsp; est&aacute;n incrementando sus requerimientos&rdquo;, a&ntilde;adi&oacute;.<\/p>\n<p> Explic&oacute; que el factor psicol&oacute;gico determina el comportamiento del consumo mundial, sin embargo, confi&oacute; que esa situaci&oacute;n en la que predomina la precauci&oacute;n,&nbsp; cambie tan pronto se sientan los efectos de las medidas adoptadas por los pa&iacute;ses para serle frente a la crisis.<\/p>\n<p> <strong>An&aacute;lisis cuidadoso<\/strong><br \/> Respecto a las cifras de exportaci&oacute;n en enero pasado, el l&iacute;der exportador detall&oacute; que mientras los env&iacute;os primarios habr&iacute;an registrado una contracci&oacute;n de -43%, sumando US$ 1,089.9 millones los de valor agregado se habr&iacute;an reducido en -25% con exportaciones por US$ 467.3 millones. <\/p>\n<p> &ldquo;Estos resultados deben analizarse con cuidado porque las estad&iacute;sticas de un mes son sensibles a diversos factores, entre ellos el proceso de correcci&oacute;n de precios que se desencaden&oacute; desde el &uacute;ltimo trimestre del a&ntilde;o pasado y que contrasta con los altos niveles nominales registrados en el primer semestre del 2008&rdquo;, coment&oacute;. <\/p>\n<p> Mencion&oacute;, por ejemplo, que las exportaciones no tradicionales de enero del a&ntilde;o pasado crecieron en t&eacute;rminos nominales en 58.6%, respecto a enero del 2007, lo que se explica por ventas excepcionales y a mayores precios, de productos de los sub sectores agro y confecciones-textiles, a nuevos mercados como China y Venezuela, respectivamente.<\/p>\n<p> &ldquo;En enero de este a&ntilde;o, el efecto estad&iacute;stico de la entrada a nuevos mercados&nbsp; de ese mismo mes del a&ntilde;o pasado desaparece pues China y Venezuela ya son parte de nuestra cartera de clientes. Asimismo, este a&ntilde;o se est&aacute; experimentando una correcci&oacute;n importante de precios&rdquo;, explic&oacute;.<\/p>\n<p> Mencion&oacute; que en el caso de las exportaciones no tradicionales, sus vol&uacute;menes cayeron en solo 3.4%&nbsp; en enero &uacute;ltimo respecto a similar mes del a&ntilde;o pasado, sin embargo, ese mismo volumen (de enero del 2009) es superior en 54% a lo exportado en enero del 2007.&nbsp; A&ntilde;adi&oacute; que por el lado de los precios (de los productos con valor agregado), estos disminuyeron en 21.6% reflejando la correcci&oacute;n a la baja que est&aacute;n experimentando los precios internacionales.<\/p>\n<p> Refiri&eacute;ndose a la ca&iacute;da de los precios que est&aacute; afectando principalmente a nuestros env&iacute;os primarios (minerales y petr&oacute;leo), Silva dijo, que, precisamente, en estos momentos, se pone en relieve la importancia de las medidas adoptadas por el gobierno al incrementar el drawback y los fondos crediticios y de garant&iacute;as ya que estos ayudar&aacute;n a las empresas a sobrevivir a la crisis y mantener sus niveles de producci&oacute;n y empleo, de modo tal que el beneficiario real ser&aacute; el trabajador. <\/div>\n","protected":false},"excerpt":{"rendered":"<p>Las exportaciones peruanas habr&iacute;an sumado en enero &uacute;ltimo&nbsp; US$&nbsp; 1,556 millones sufriendo as&iacute; una contracci&oacute;n de -38% en t&eacute;rminos nominales respecto a su valor de enero del 2008.&nbsp; En esta oportunidad tanto las exportaciones tradicionales como las no tradicionales habr&iacute;an registrado una disminuci&oacute;n en sus niveles de ventas, seg&uacute;n cifras preliminares de Aduanas, inform&oacute; la [&hellip;]<\/p>\n","protected":false},"author":1,"featured_media":0,"comment_status":"open","ping_status":"open","sticky":false,"template":"","format":"standard","meta":{"tdm_status":"","tdm_grid_status":"","footnotes":""},"categories":[33],"tags":[],"class_list":{"0":"post-2137","1":"post","2":"type-post","3":"status-publish","4":"format-standard","6":"category-economia"},"yoast_head":"<!-- This site is optimized with the Yoast SEO plugin v25.1 - https:\/\/yoast.com\/wordpress\/plugins\/seo\/ -->\n<title>PRECAUCI<\/title>\n<meta name=\"description\" content=\"Portal de noticias del Per\u00fa sobre el transporte a\u00e9reo, aviaci\u00f3n, turismo, hoteleria, actualidad.\" \/>\n<meta name=\"robots\" content=\"index, follow, max-snippet:-1, max-image-preview:large, max-video-preview:-1\" \/>\n<link rel=\"canonical\" href=\"https:\/\/aeronoticias.com.pe\/noticiero\/economia\/precauci-en-mercados-por-crisis-redunda-en-contracci-de-exportaciones-peruanas\/\" \/>\n<meta property=\"og:locale\" content=\"es_ES\" \/>\n<meta property=\"og:type\" content=\"article\" \/>\n<meta property=\"og:title\" content=\"PRECAUCI\" \/>\n<meta property=\"og:description\" content=\"Portal de noticias del Per\u00fa sobre el transporte a\u00e9reo, aviaci\u00f3n, turismo, hoteleria, actualidad.\" \/>\n<meta property=\"og:url\" content=\"https:\/\/aeronoticias.com.pe\/noticiero\/economia\/precauci-en-mercados-por-crisis-redunda-en-contracci-de-exportaciones-peruanas\/\" \/>\n<meta property=\"og:site_name\" content=\"Aeronoticias.com.pe\" \/>\n<meta property=\"article:publisher\" content=\"https:\/\/www.facebook.com\/Aeronoticias.com.pe\/\" \/>\n<meta property=\"article:published_time\" content=\"2009-02-27T23:03:34+00:00\" \/>\n<meta property=\"og:image\" content=\"http:\/\/www.aeronoticias.com.pe\/fotonoticias\/0109\/02\/270209\/export.jpg\" \/>\n<meta name=\"author\" content=\"Redacci\u00f3n Aeronoticias\" \/>\n<meta name=\"twitter:card\" content=\"summary_large_image\" \/>\n<meta name=\"twitter:creator\" content=\"@aeronoticias\" \/>\n<meta name=\"twitter:site\" content=\"@aeronoticias\" \/>\n<meta name=\"twitter:label1\" content=\"Escrito por\" \/>\n\t<meta name=\"twitter:data1\" content=\"Redacci\u00f3n Aeronoticias\" \/>\n\t<meta name=\"twitter:label2\" content=\"Tiempo de lectura\" \/>\n\t<meta name=\"twitter:data2\" content=\"4 minutos\" \/>\n<script type=\"application\/ld+json\" class=\"yoast-schema-graph\">{\"@context\":\"https:\/\/schema.org\",\"@graph\":[{\"@type\":\"WebPage\",\"@id\":\"https:\/\/aeronoticias.com.pe\/noticiero\/economia\/precauci-en-mercados-por-crisis-redunda-en-contracci-de-exportaciones-peruanas\/\",\"url\":\"https:\/\/aeronoticias.com.pe\/noticiero\/economia\/precauci-en-mercados-por-crisis-redunda-en-contracci-de-exportaciones-peruanas\/\",\"name\":\"PRECAUCI\",\"isPartOf\":{\"@id\":\"https:\/\/aeronoticias.com.pe\/noticiero\/#website\"},\"primaryImageOfPage\":{\"@id\":\"https:\/\/aeronoticias.com.pe\/noticiero\/economia\/precauci-en-mercados-por-crisis-redunda-en-contracci-de-exportaciones-peruanas\/#primaryimage\"},\"image\":{\"@id\":\"https:\/\/aeronoticias.com.pe\/noticiero\/economia\/precauci-en-mercados-por-crisis-redunda-en-contracci-de-exportaciones-peruanas\/#primaryimage\"},\"thumbnailUrl\":\"http:\/\/www.aeronoticias.com.pe\/fotonoticias\/0109\/02\/270209\/export.jpg\",\"datePublished\":\"2009-02-27T23:03:34+00:00\",\"author\":{\"@id\":\"https:\/\/aeronoticias.com.pe\/noticiero\/#\/schema\/person\/fc1e5d578f4b62ba1cf7ac2bba1170a0\"},\"description\":\"Portal de noticias del Per\u00fa sobre el transporte a\u00e9reo, aviaci\u00f3n, turismo, hoteleria, actualidad.\",\"breadcrumb\":{\"@id\":\"https:\/\/aeronoticias.com.pe\/noticiero\/economia\/precauci-en-mercados-por-crisis-redunda-en-contracci-de-exportaciones-peruanas\/#breadcrumb\"},\"inLanguage\":\"es\",\"potentialAction\":[{\"@type\":\"ReadAction\",\"target\":[\"https:\/\/aeronoticias.com.pe\/noticiero\/economia\/precauci-en-mercados-por-crisis-redunda-en-contracci-de-exportaciones-peruanas\/\"]}]},{\"@type\":\"ImageObject\",\"inLanguage\":\"es\",\"@id\":\"https:\/\/aeronoticias.com.pe\/noticiero\/economia\/precauci-en-mercados-por-crisis-redunda-en-contracci-de-exportaciones-peruanas\/#primaryimage\",\"url\":\"http:\/\/www.aeronoticias.com.pe\/fotonoticias\/0109\/02\/270209\/export.jpg\",\"contentUrl\":\"http:\/\/www.aeronoticias.com.pe\/fotonoticias\/0109\/02\/270209\/export.jpg\"},{\"@type\":\"BreadcrumbList\",\"@id\":\"https:\/\/aeronoticias.com.pe\/noticiero\/economia\/precauci-en-mercados-por-crisis-redunda-en-contracci-de-exportaciones-peruanas\/#breadcrumb\",\"itemListElement\":[{\"@type\":\"ListItem\",\"position\":1,\"name\":\"Portada\",\"item\":\"https:\/\/aeronoticias.com.pe\/noticiero\/\"},{\"@type\":\"ListItem\",\"position\":2,\"name\":\"PRECAUCI\"}]},{\"@type\":\"WebSite\",\"@id\":\"https:\/\/aeronoticias.com.pe\/noticiero\/#website\",\"url\":\"https:\/\/aeronoticias.com.pe\/noticiero\/\",\"name\":\"Aeronoticias.com.pe\",\"description\":\"Noticias de tranporte aereo, turismo, hoteles, gastronomia, actualidad, internacional\",\"potentialAction\":[{\"@type\":\"SearchAction\",\"target\":{\"@type\":\"EntryPoint\",\"urlTemplate\":\"https:\/\/aeronoticias.com.pe\/noticiero\/?s={search_term_string}\"},\"query-input\":{\"@type\":\"PropertyValueSpecification\",\"valueRequired\":true,\"valueName\":\"search_term_string\"}}],\"inLanguage\":\"es\"},{\"@type\":\"Person\",\"@id\":\"https:\/\/aeronoticias.com.pe\/noticiero\/#\/schema\/person\/fc1e5d578f4b62ba1cf7ac2bba1170a0\",\"name\":\"Redacci\u00f3n Aeronoticias\",\"url\":\"https:\/\/aeronoticias.com.pe\/noticiero\/author\/piloto\/\"}]}<\/script>\n<!-- \/ Yoast SEO plugin. -->","yoast_head_json":{"title":"PRECAUCI","description":"Portal de noticias del Per\u00fa sobre el transporte a\u00e9reo, aviaci\u00f3n, turismo, hoteleria, actualidad.","robots":{"index":"index","follow":"follow","max-snippet":"max-snippet:-1","max-image-preview":"max-image-preview:large","max-video-preview":"max-video-preview:-1"},"canonical":"https:\/\/aeronoticias.com.pe\/noticiero\/economia\/precauci-en-mercados-por-crisis-redunda-en-contracci-de-exportaciones-peruanas\/","og_locale":"es_ES","og_type":"article","og_title":"PRECAUCI","og_description":"Portal de noticias del Per\u00fa sobre el transporte a\u00e9reo, aviaci\u00f3n, turismo, hoteleria, actualidad.","og_url":"https:\/\/aeronoticias.com.pe\/noticiero\/economia\/precauci-en-mercados-por-crisis-redunda-en-contracci-de-exportaciones-peruanas\/","og_site_name":"Aeronoticias.com.pe","article_publisher":"https:\/\/www.facebook.com\/Aeronoticias.com.pe\/","article_published_time":"2009-02-27T23:03:34+00:00","og_image":[{"url":"http:\/\/www.aeronoticias.com.pe\/fotonoticias\/0109\/02\/270209\/export.jpg","type":"","width":"","height":""}],"author":"Redacci\u00f3n Aeronoticias","twitter_card":"summary_large_image","twitter_creator":"@aeronoticias","twitter_site":"@aeronoticias","twitter_misc":{"Escrito por":"Redacci\u00f3n Aeronoticias","Tiempo de lectura":"4 minutos"},"schema":{"@context":"https:\/\/schema.org","@graph":[{"@type":"WebPage","@id":"https:\/\/aeronoticias.com.pe\/noticiero\/economia\/precauci-en-mercados-por-crisis-redunda-en-contracci-de-exportaciones-peruanas\/","url":"https:\/\/aeronoticias.com.pe\/noticiero\/economia\/precauci-en-mercados-por-crisis-redunda-en-contracci-de-exportaciones-peruanas\/","name":"PRECAUCI","isPartOf":{"@id":"https:\/\/aeronoticias.com.pe\/noticiero\/#website"},"primaryImageOfPage":{"@id":"https:\/\/aeronoticias.com.pe\/noticiero\/economia\/precauci-en-mercados-por-crisis-redunda-en-contracci-de-exportaciones-peruanas\/#primaryimage"},"image":{"@id":"https:\/\/aeronoticias.com.pe\/noticiero\/economia\/precauci-en-mercados-por-crisis-redunda-en-contracci-de-exportaciones-peruanas\/#primaryimage"},"thumbnailUrl":"http:\/\/www.aeronoticias.com.pe\/fotonoticias\/0109\/02\/270209\/export.jpg","datePublished":"2009-02-27T23:03:34+00:00","author":{"@id":"https:\/\/aeronoticias.com.pe\/noticiero\/#\/schema\/person\/fc1e5d578f4b62ba1cf7ac2bba1170a0"},"description":"Portal de noticias del Per\u00fa sobre el transporte a\u00e9reo, aviaci\u00f3n, turismo, hoteleria, actualidad.","breadcrumb":{"@id":"https:\/\/aeronoticias.com.pe\/noticiero\/economia\/precauci-en-mercados-por-crisis-redunda-en-contracci-de-exportaciones-peruanas\/#breadcrumb"},"inLanguage":"es","potentialAction":[{"@type":"ReadAction","target":["https:\/\/aeronoticias.com.pe\/noticiero\/economia\/precauci-en-mercados-por-crisis-redunda-en-contracci-de-exportaciones-peruanas\/"]}]},{"@type":"ImageObject","inLanguage":"es","@id":"https:\/\/aeronoticias.com.pe\/noticiero\/economia\/precauci-en-mercados-por-crisis-redunda-en-contracci-de-exportaciones-peruanas\/#primaryimage","url":"http:\/\/www.aeronoticias.com.pe\/fotonoticias\/0109\/02\/270209\/export.jpg","contentUrl":"http:\/\/www.aeronoticias.com.pe\/fotonoticias\/0109\/02\/270209\/export.jpg"},{"@type":"BreadcrumbList","@id":"https:\/\/aeronoticias.com.pe\/noticiero\/economia\/precauci-en-mercados-por-crisis-redunda-en-contracci-de-exportaciones-peruanas\/#breadcrumb","itemListElement":[{"@type":"ListItem","position":1,"name":"Portada","item":"https:\/\/aeronoticias.com.pe\/noticiero\/"},{"@type":"ListItem","position":2,"name":"PRECAUCI"}]},{"@type":"WebSite","@id":"https:\/\/aeronoticias.com.pe\/noticiero\/#website","url":"https:\/\/aeronoticias.com.pe\/noticiero\/","name":"Aeronoticias.com.pe","description":"Noticias de tranporte aereo, turismo, hoteles, gastronomia, actualidad, internacional","potentialAction":[{"@type":"SearchAction","target":{"@type":"EntryPoint","urlTemplate":"https:\/\/aeronoticias.com.pe\/noticiero\/?s={search_term_string}"},"query-input":{"@type":"PropertyValueSpecification","valueRequired":true,"valueName":"search_term_string"}}],"inLanguage":"es"},{"@type":"Person","@id":"https:\/\/aeronoticias.com.pe\/noticiero\/#\/schema\/person\/fc1e5d578f4b62ba1cf7ac2bba1170a0","name":"Redacci\u00f3n Aeronoticias","url":"https:\/\/aeronoticias.com.pe\/noticiero\/author\/piloto\/"}]}},"_links":{"self":[{"href":"https:\/\/aeronoticias.com.pe\/noticiero\/wp-json\/wp\/v2\/posts\/2137","targetHints":{"allow":["GET"]}}],"collection":[{"href":"https:\/\/aeronoticias.com.pe\/noticiero\/wp-json\/wp\/v2\/posts"}],"about":[{"href":"https:\/\/aeronoticias.com.pe\/noticiero\/wp-json\/wp\/v2\/types\/post"}],"author":[{"embeddable":true,"href":"https:\/\/aeronoticias.com.pe\/noticiero\/wp-json\/wp\/v2\/users\/1"}],"replies":[{"embeddable":true,"href":"https:\/\/aeronoticias.com.pe\/noticiero\/wp-json\/wp\/v2\/comments?post=2137"}],"version-history":[{"count":0,"href":"https:\/\/aeronoticias.com.pe\/noticiero\/wp-json\/wp\/v2\/posts\/2137\/revisions"}],"wp:attachment":[{"href":"https:\/\/aeronoticias.com.pe\/noticiero\/wp-json\/wp\/v2\/media?parent=2137"}],"wp:term":[{"taxonomy":"category","embeddable":true,"href":"https:\/\/aeronoticias.com.pe\/noticiero\/wp-json\/wp\/v2\/categories?post=2137"},{"taxonomy":"post_tag","embeddable":true,"href":"https:\/\/aeronoticias.com.pe\/noticiero\/wp-json\/wp\/v2\/tags?post=2137"}],"curies":[{"name":"wp","href":"https:\/\/api.w.org\/{rel}","templated":true}]}}