{"id":21370,"date":"2011-12-06T18:55:18","date_gmt":"2011-12-06T18:55:18","guid":{"rendered":"http:\/\/desarrollo.mcvicious.com\/aero2020\/2011\/12\/06\/jw-marriott-lo-invita-a-pasar-las-fiestas-de-fin-de-ano\/"},"modified":"2011-12-06T18:55:18","modified_gmt":"2011-12-06T18:55:18","slug":"jw-marriott-lo-invita-a-pasar-las-fiestas-de-fin-de-ano","status":"publish","type":"post","link":"https:\/\/aeronoticias.com.pe\/noticiero\/turismo\/hoteleria\/jw-marriott-lo-invita-a-pasar-las-fiestas-de-fin-de-ano\/","title":{"rendered":"JW Marriott lo invita a pasar  las  Fiestas de Fin de A\u00f1o"},"content":{"rendered":"<p style=\"text-align: justify;\"><strong>(Aeronoticias).-<\/strong> Disfrute las Fiestas de Fin de A\u00f1o en el\u00a0 Restaurante La Vista junto a Pap\u00e1 Noel, qui\u00e9n estar\u00e1 desde el viernes 09 al domingo 25 de diciembre esper\u00e1ndolos para pasar un momento inolvidable. Grandes y peque\u00f1os podr\u00e1n tomarse fotos y apreciar en el Lobby\u00a0 del hotel la exposici\u00f3n del Retablo de Chocolate Navide\u00f1o\u00a0 que\u00a0 ha sido preparada especialmente por nuestros Chefs.<\/p>\n<p>El s\u00e1bado 24 y domingo 25 la magia de la navidad la vivir\u00e1 en el Restaurante La Vista\u00a0 que ofrece exquisitos Buffets para toda la familia durante el desayuno, almuerzo\u00a0 y cena. El 31 de diciembre despida el 2011 con nosotros, contaremos con una Cena Buffet de fin de a\u00f1o en el Restaurante\u00a0 La Vista y la Terraza del Mar\u00a0 que\u00a0 incluyen Cava y Pisco Sour ilimitado.<\/p>\n<p>Y si de festejar se trata\u00a0 el\u00a0 JW Sushi Ceviche Lounge\u00a0 lo espera desde las 6 de la tarde\u00a0 con una variada\u00a0 propuesta de Piqueos personales acompa\u00f1ados\u00a0 de bebidas, cava o cocktails y a la medianoche una deliciosa Cena con cotill\u00f3n incluido para recibir el Nuevo A\u00f1o 2012.<\/p>\n<p>Al d\u00eda siguiente muy temprano contaremos con la mejor carta Buffet durante el desayuno y almuerzo, encontraremos con lo m\u00e1s fresco del mar para usted en nuestros opciones de sushis y ceviches disfrute tambi\u00e9n\u00a0 de una variedad de estaciones con los m\u00e1s selectos potajes todo ello amenizado con m\u00fasica de la Tuna de la Universidad San Mart\u00edn de Porres.<\/p>\n<p>Por \u00faltimo, no se pierda la inigualable experiencia de disfrutar el paquete de fin de semana que estar\u00e1 vigente del 15 de diciembre al 09 de enero que incluye habitaci\u00f3n.<\/p>\n<p style=\"text-align: justify;\"><img decoding=\"async\" class=\"caption\" src=\"images\/stories\/11\/12\/061211\/marriott-2011.jpg\" border=\"0\" alt=\"JW Marriott lo invita a pasar  las  Fiestas de Fin de A\u00f1o\" title=\"JW Marriott lo invita a pasar  las  Fiestas de Fin de A\u00f1o\" \/><\/p>\n","protected":false},"excerpt":{"rendered":"<p>(Aeronoticias).- Disfrute las Fiestas de Fin de A\u00f1o en el\u00a0 Restaurante La Vista junto a Pap\u00e1 Noel, qui\u00e9n estar\u00e1 desde el viernes 09 al domingo 25 de diciembre esper\u00e1ndolos para pasar un momento inolvidable. Grandes y peque\u00f1os podr\u00e1n tomarse fotos y apreciar en el Lobby\u00a0 del hotel la exposici\u00f3n del Retablo de Chocolate Navide\u00f1o\u00a0 que\u00a0 [&hellip;]<\/p>\n","protected":false},"author":1,"featured_media":0,"comment_status":"open","ping_status":"open","sticky":false,"template":"","format":"standard","meta":{"tdm_status":"","tdm_grid_status":"","footnotes":""},"categories":[50],"tags":[],"class_list":{"0":"post-21370","1":"post","2":"type-post","3":"status-publish","4":"format-standard","6":"category-hoteleria"},"yoast_head":"<!-- This site is optimized with the Yoast SEO plugin v25.1 - https:\/\/yoast.com\/wordpress\/plugins\/seo\/ -->\n<title>JW Marriott lo invita a pasar las Fiestas de Fin de A\u00f1o<\/title>\n<meta name=\"description\" content=\"Portal de noticias del Per\u00fa sobre el transporte a\u00e9reo, aviaci\u00f3n, turismo, hoteleria, actualidad.\" \/>\n<meta name=\"robots\" content=\"index, follow, max-snippet:-1, max-image-preview:large, max-video-preview:-1\" \/>\n<link rel=\"canonical\" href=\"https:\/\/aeronoticias.com.pe\/noticiero\/turismo\/hoteleria\/jw-marriott-lo-invita-a-pasar-las-fiestas-de-fin-de-ano\/\" \/>\n<meta property=\"og:locale\" content=\"es_ES\" \/>\n<meta property=\"og:type\" content=\"article\" \/>\n<meta property=\"og:title\" content=\"JW Marriott lo invita a pasar las Fiestas de Fin de A\u00f1o\" \/>\n<meta property=\"og:description\" content=\"Portal de noticias del Per\u00fa sobre el transporte a\u00e9reo, aviaci\u00f3n, turismo, hoteleria, actualidad.\" \/>\n<meta property=\"og:url\" content=\"https:\/\/aeronoticias.com.pe\/noticiero\/turismo\/hoteleria\/jw-marriott-lo-invita-a-pasar-las-fiestas-de-fin-de-ano\/\" \/>\n<meta property=\"og:site_name\" content=\"Aeronoticias.com.pe\" \/>\n<meta property=\"article:publisher\" content=\"https:\/\/www.facebook.com\/Aeronoticias.com.pe\/\" \/>\n<meta property=\"article:published_time\" content=\"2011-12-06T18:55:18+00:00\" \/>\n<meta name=\"author\" content=\"Redacci\u00f3n Aeronoticias\" \/>\n<meta name=\"twitter:card\" content=\"summary_large_image\" \/>\n<meta name=\"twitter:creator\" content=\"@aeronoticias\" \/>\n<meta name=\"twitter:site\" content=\"@aeronoticias\" \/>\n<meta name=\"twitter:label1\" content=\"Escrito por\" \/>\n\t<meta name=\"twitter:data1\" content=\"Redacci\u00f3n Aeronoticias\" \/>\n\t<meta name=\"twitter:label2\" content=\"Tiempo de lectura\" \/>\n\t<meta name=\"twitter:data2\" content=\"1 minuto\" \/>\n<script type=\"application\/ld+json\" class=\"yoast-schema-graph\">{\"@context\":\"https:\/\/schema.org\",\"@graph\":[{\"@type\":\"WebPage\",\"@id\":\"https:\/\/aeronoticias.com.pe\/noticiero\/turismo\/hoteleria\/jw-marriott-lo-invita-a-pasar-las-fiestas-de-fin-de-ano\/\",\"url\":\"https:\/\/aeronoticias.com.pe\/noticiero\/turismo\/hoteleria\/jw-marriott-lo-invita-a-pasar-las-fiestas-de-fin-de-ano\/\",\"name\":\"JW Marriott lo invita a pasar las Fiestas de Fin de A\u00f1o\",\"isPartOf\":{\"@id\":\"https:\/\/aeronoticias.com.pe\/noticiero\/#website\"},\"datePublished\":\"2011-12-06T18:55:18+00:00\",\"author\":{\"@id\":\"https:\/\/aeronoticias.com.pe\/noticiero\/#\/schema\/person\/fc1e5d578f4b62ba1cf7ac2bba1170a0\"},\"description\":\"Portal de noticias del Per\u00fa sobre el transporte a\u00e9reo, aviaci\u00f3n, turismo, hoteleria, actualidad.\",\"breadcrumb\":{\"@id\":\"https:\/\/aeronoticias.com.pe\/noticiero\/turismo\/hoteleria\/jw-marriott-lo-invita-a-pasar-las-fiestas-de-fin-de-ano\/#breadcrumb\"},\"inLanguage\":\"es\",\"potentialAction\":[{\"@type\":\"ReadAction\",\"target\":[\"https:\/\/aeronoticias.com.pe\/noticiero\/turismo\/hoteleria\/jw-marriott-lo-invita-a-pasar-las-fiestas-de-fin-de-ano\/\"]}]},{\"@type\":\"BreadcrumbList\",\"@id\":\"https:\/\/aeronoticias.com.pe\/noticiero\/turismo\/hoteleria\/jw-marriott-lo-invita-a-pasar-las-fiestas-de-fin-de-ano\/#breadcrumb\",\"itemListElement\":[{\"@type\":\"ListItem\",\"position\":1,\"name\":\"Portada\",\"item\":\"https:\/\/aeronoticias.com.pe\/noticiero\/\"},{\"@type\":\"ListItem\",\"position\":2,\"name\":\"JW Marriott lo invita a pasar las Fiestas de Fin de A\u00f1o\"}]},{\"@type\":\"WebSite\",\"@id\":\"https:\/\/aeronoticias.com.pe\/noticiero\/#website\",\"url\":\"https:\/\/aeronoticias.com.pe\/noticiero\/\",\"name\":\"Aeronoticias.com.pe\",\"description\":\"Noticias de tranporte aereo, turismo, hoteles, gastronomia, actualidad, internacional\",\"potentialAction\":[{\"@type\":\"SearchAction\",\"target\":{\"@type\":\"EntryPoint\",\"urlTemplate\":\"https:\/\/aeronoticias.com.pe\/noticiero\/?s={search_term_string}\"},\"query-input\":{\"@type\":\"PropertyValueSpecification\",\"valueRequired\":true,\"valueName\":\"search_term_string\"}}],\"inLanguage\":\"es\"},{\"@type\":\"Person\",\"@id\":\"https:\/\/aeronoticias.com.pe\/noticiero\/#\/schema\/person\/fc1e5d578f4b62ba1cf7ac2bba1170a0\",\"name\":\"Redacci\u00f3n Aeronoticias\",\"url\":\"https:\/\/aeronoticias.com.pe\/noticiero\/author\/piloto\/\"}]}<\/script>\n<!-- \/ Yoast SEO plugin. -->","yoast_head_json":{"title":"JW Marriott lo invita a pasar las Fiestas de Fin de A\u00f1o","description":"Portal de noticias del Per\u00fa sobre el transporte a\u00e9reo, aviaci\u00f3n, turismo, hoteleria, actualidad.","robots":{"index":"index","follow":"follow","max-snippet":"max-snippet:-1","max-image-preview":"max-image-preview:large","max-video-preview":"max-video-preview:-1"},"canonical":"https:\/\/aeronoticias.com.pe\/noticiero\/turismo\/hoteleria\/jw-marriott-lo-invita-a-pasar-las-fiestas-de-fin-de-ano\/","og_locale":"es_ES","og_type":"article","og_title":"JW Marriott lo invita a pasar las Fiestas de Fin de A\u00f1o","og_description":"Portal de noticias del Per\u00fa sobre el transporte a\u00e9reo, aviaci\u00f3n, turismo, hoteleria, actualidad.","og_url":"https:\/\/aeronoticias.com.pe\/noticiero\/turismo\/hoteleria\/jw-marriott-lo-invita-a-pasar-las-fiestas-de-fin-de-ano\/","og_site_name":"Aeronoticias.com.pe","article_publisher":"https:\/\/www.facebook.com\/Aeronoticias.com.pe\/","article_published_time":"2011-12-06T18:55:18+00:00","author":"Redacci\u00f3n Aeronoticias","twitter_card":"summary_large_image","twitter_creator":"@aeronoticias","twitter_site":"@aeronoticias","twitter_misc":{"Escrito por":"Redacci\u00f3n Aeronoticias","Tiempo de lectura":"1 minuto"},"schema":{"@context":"https:\/\/schema.org","@graph":[{"@type":"WebPage","@id":"https:\/\/aeronoticias.com.pe\/noticiero\/turismo\/hoteleria\/jw-marriott-lo-invita-a-pasar-las-fiestas-de-fin-de-ano\/","url":"https:\/\/aeronoticias.com.pe\/noticiero\/turismo\/hoteleria\/jw-marriott-lo-invita-a-pasar-las-fiestas-de-fin-de-ano\/","name":"JW Marriott lo invita a pasar las Fiestas de Fin de A\u00f1o","isPartOf":{"@id":"https:\/\/aeronoticias.com.pe\/noticiero\/#website"},"datePublished":"2011-12-06T18:55:18+00:00","author":{"@id":"https:\/\/aeronoticias.com.pe\/noticiero\/#\/schema\/person\/fc1e5d578f4b62ba1cf7ac2bba1170a0"},"description":"Portal de noticias del Per\u00fa sobre el transporte a\u00e9reo, aviaci\u00f3n, turismo, hoteleria, actualidad.","breadcrumb":{"@id":"https:\/\/aeronoticias.com.pe\/noticiero\/turismo\/hoteleria\/jw-marriott-lo-invita-a-pasar-las-fiestas-de-fin-de-ano\/#breadcrumb"},"inLanguage":"es","potentialAction":[{"@type":"ReadAction","target":["https:\/\/aeronoticias.com.pe\/noticiero\/turismo\/hoteleria\/jw-marriott-lo-invita-a-pasar-las-fiestas-de-fin-de-ano\/"]}]},{"@type":"BreadcrumbList","@id":"https:\/\/aeronoticias.com.pe\/noticiero\/turismo\/hoteleria\/jw-marriott-lo-invita-a-pasar-las-fiestas-de-fin-de-ano\/#breadcrumb","itemListElement":[{"@type":"ListItem","position":1,"name":"Portada","item":"https:\/\/aeronoticias.com.pe\/noticiero\/"},{"@type":"ListItem","position":2,"name":"JW Marriott lo invita a pasar las Fiestas de Fin de A\u00f1o"}]},{"@type":"WebSite","@id":"https:\/\/aeronoticias.com.pe\/noticiero\/#website","url":"https:\/\/aeronoticias.com.pe\/noticiero\/","name":"Aeronoticias.com.pe","description":"Noticias de tranporte aereo, turismo, hoteles, gastronomia, actualidad, internacional","potentialAction":[{"@type":"SearchAction","target":{"@type":"EntryPoint","urlTemplate":"https:\/\/aeronoticias.com.pe\/noticiero\/?s={search_term_string}"},"query-input":{"@type":"PropertyValueSpecification","valueRequired":true,"valueName":"search_term_string"}}],"inLanguage":"es"},{"@type":"Person","@id":"https:\/\/aeronoticias.com.pe\/noticiero\/#\/schema\/person\/fc1e5d578f4b62ba1cf7ac2bba1170a0","name":"Redacci\u00f3n Aeronoticias","url":"https:\/\/aeronoticias.com.pe\/noticiero\/author\/piloto\/"}]}},"_links":{"self":[{"href":"https:\/\/aeronoticias.com.pe\/noticiero\/wp-json\/wp\/v2\/posts\/21370","targetHints":{"allow":["GET"]}}],"collection":[{"href":"https:\/\/aeronoticias.com.pe\/noticiero\/wp-json\/wp\/v2\/posts"}],"about":[{"href":"https:\/\/aeronoticias.com.pe\/noticiero\/wp-json\/wp\/v2\/types\/post"}],"author":[{"embeddable":true,"href":"https:\/\/aeronoticias.com.pe\/noticiero\/wp-json\/wp\/v2\/users\/1"}],"replies":[{"embeddable":true,"href":"https:\/\/aeronoticias.com.pe\/noticiero\/wp-json\/wp\/v2\/comments?post=21370"}],"version-history":[{"count":0,"href":"https:\/\/aeronoticias.com.pe\/noticiero\/wp-json\/wp\/v2\/posts\/21370\/revisions"}],"wp:attachment":[{"href":"https:\/\/aeronoticias.com.pe\/noticiero\/wp-json\/wp\/v2\/media?parent=21370"}],"wp:term":[{"taxonomy":"category","embeddable":true,"href":"https:\/\/aeronoticias.com.pe\/noticiero\/wp-json\/wp\/v2\/categories?post=21370"},{"taxonomy":"post_tag","embeddable":true,"href":"https:\/\/aeronoticias.com.pe\/noticiero\/wp-json\/wp\/v2\/tags?post=21370"}],"curies":[{"name":"wp","href":"https:\/\/api.w.org\/{rel}","templated":true}]}}