{"id":21390,"date":"2011-12-07T15:10:04","date_gmt":"2011-12-07T15:10:04","guid":{"rendered":"http:\/\/desarrollo.mcvicious.com\/aero2020\/2011\/12\/07\/en-chile-piden-revelar-los-nombres-de-los-pilotos-fach-que-bombardearon-la-moneda-en-1973\/"},"modified":"2011-12-07T15:10:04","modified_gmt":"2011-12-07T15:10:04","slug":"en-chile-piden-revelar-los-nombres-de-los-pilotos-fach-que-bombardearon-la-moneda-en-1973","status":"publish","type":"post","link":"https:\/\/aeronoticias.com.pe\/noticiero\/internacionales\/en-chile-piden-revelar-los-nombres-de-los-pilotos-fach-que-bombardearon-la-moneda-en-1973\/","title":{"rendered":"En Chile piden revelar los nombres de los pilotos FACH que bombardearon La Moneda en 1973"},"content":{"rendered":"<p style=\"text-align: justify;\"><strong>(Aeronoticias).-<\/strong> La justicia chilena est\u00e1 requiriendo por tercera vez, al general retirado de la fuerza a\u00e9rea de su pa\u00eds, Mario L\u00f3pez Tobar, \u00a0que revele los nombres de todos los pilotos que participaron en el bombardeo del Palacio de La Moneda el 11 de Setiembre de 1973, en cuyo interior se suicid\u00f3 el presidente socialista Salvador Allende, tras el golpe del sanguinario dictador , general Augusto Pinochet.<\/p>\n<p style=\"text-align: justify;\">Pero L\u00f3pez, quien comand\u00f3 la escuadrilla de aviones de combate Hawker Hunter en ese ataque , ya \u00a0se neg\u00f3 dos veces anteriores a ese requerimiento y ahora la Corte de Santiago \u00a0ha dispuesto que se presente bajo pena de apercibimiento.<\/p>\n<p style=\"text-align: justify;\">Mientras tanto las autoridades judiciales han ido m\u00e1s lejos y han solicitado la lista completa de todos los pilotos.<\/p>\n<p>  <!--more-->  <\/p>\n<p><img decoding=\"async\" src=\"images\/stories\/11\/12\/071211\/bombardeo_casa_moneda_pilotos_fach.jpg\" border=\"0\" alt=\"En Chile piden revelar los nombres de los pilotos FACH que bombardearon La Moneda en 1973\" title=\"En Chile piden revelar los nombres de los pilotos FACH que bombardearon La Moneda en 1973\" \/><\/p>\n","protected":false},"excerpt":{"rendered":"<p>(Aeronoticias).- La justicia chilena est\u00e1 requiriendo por tercera vez, al general retirado de la fuerza a\u00e9rea de su pa\u00eds, Mario L\u00f3pez Tobar, \u00a0que revele los nombres de todos los pilotos que participaron en el bombardeo del Palacio de La Moneda el 11 de Setiembre de 1973, en cuyo interior se suicid\u00f3 el presidente socialista Salvador [&hellip;]<\/p>\n","protected":false},"author":1,"featured_media":0,"comment_status":"open","ping_status":"open","sticky":false,"template":"","format":"standard","meta":{"tdm_status":"","tdm_grid_status":"","footnotes":""},"categories":[34],"tags":[],"class_list":{"0":"post-21390","1":"post","2":"type-post","3":"status-publish","4":"format-standard","6":"category-internacionales"},"yoast_head":"<!-- This site is optimized with the Yoast SEO plugin v25.1 - https:\/\/yoast.com\/wordpress\/plugins\/seo\/ -->\n<title>En Chile piden revelar los nombres de los pilotos FACH que bombardearon La Moneda en 1973<\/title>\n<meta name=\"description\" content=\"Portal de noticias del Per\u00fa sobre el transporte a\u00e9reo, aviaci\u00f3n, turismo, hoteleria, actualidad.\" \/>\n<meta name=\"robots\" content=\"index, follow, max-snippet:-1, max-image-preview:large, max-video-preview:-1\" \/>\n<link rel=\"canonical\" href=\"https:\/\/aeronoticias.com.pe\/noticiero\/internacionales\/en-chile-piden-revelar-los-nombres-de-los-pilotos-fach-que-bombardearon-la-moneda-en-1973\/\" \/>\n<meta property=\"og:locale\" content=\"es_ES\" \/>\n<meta property=\"og:type\" content=\"article\" \/>\n<meta property=\"og:title\" content=\"En Chile piden revelar los nombres de los pilotos FACH que bombardearon La Moneda en 1973\" \/>\n<meta property=\"og:description\" content=\"Portal de noticias del Per\u00fa sobre el transporte a\u00e9reo, aviaci\u00f3n, turismo, hoteleria, actualidad.\" \/>\n<meta property=\"og:url\" content=\"https:\/\/aeronoticias.com.pe\/noticiero\/internacionales\/en-chile-piden-revelar-los-nombres-de-los-pilotos-fach-que-bombardearon-la-moneda-en-1973\/\" \/>\n<meta property=\"og:site_name\" content=\"Aeronoticias.com.pe\" \/>\n<meta property=\"article:publisher\" content=\"https:\/\/www.facebook.com\/Aeronoticias.com.pe\/\" \/>\n<meta property=\"article:published_time\" content=\"2011-12-07T15:10:04+00:00\" \/>\n<meta name=\"author\" content=\"Redacci\u00f3n Aeronoticias\" \/>\n<meta name=\"twitter:card\" content=\"summary_large_image\" \/>\n<meta name=\"twitter:creator\" content=\"@aeronoticias\" \/>\n<meta name=\"twitter:site\" content=\"@aeronoticias\" \/>\n<meta name=\"twitter:label1\" content=\"Escrito por\" \/>\n\t<meta name=\"twitter:data1\" content=\"Redacci\u00f3n Aeronoticias\" \/>\n\t<meta name=\"twitter:label2\" content=\"Tiempo de lectura\" \/>\n\t<meta name=\"twitter:data2\" content=\"1 minuto\" \/>\n<script type=\"application\/ld+json\" class=\"yoast-schema-graph\">{\"@context\":\"https:\/\/schema.org\",\"@graph\":[{\"@type\":\"WebPage\",\"@id\":\"https:\/\/aeronoticias.com.pe\/noticiero\/internacionales\/en-chile-piden-revelar-los-nombres-de-los-pilotos-fach-que-bombardearon-la-moneda-en-1973\/\",\"url\":\"https:\/\/aeronoticias.com.pe\/noticiero\/internacionales\/en-chile-piden-revelar-los-nombres-de-los-pilotos-fach-que-bombardearon-la-moneda-en-1973\/\",\"name\":\"En Chile piden revelar los nombres de los pilotos FACH que bombardearon La Moneda en 1973\",\"isPartOf\":{\"@id\":\"https:\/\/aeronoticias.com.pe\/noticiero\/#website\"},\"datePublished\":\"2011-12-07T15:10:04+00:00\",\"author\":{\"@id\":\"https:\/\/aeronoticias.com.pe\/noticiero\/#\/schema\/person\/fc1e5d578f4b62ba1cf7ac2bba1170a0\"},\"description\":\"Portal de noticias del Per\u00fa sobre el transporte a\u00e9reo, aviaci\u00f3n, turismo, hoteleria, actualidad.\",\"breadcrumb\":{\"@id\":\"https:\/\/aeronoticias.com.pe\/noticiero\/internacionales\/en-chile-piden-revelar-los-nombres-de-los-pilotos-fach-que-bombardearon-la-moneda-en-1973\/#breadcrumb\"},\"inLanguage\":\"es\",\"potentialAction\":[{\"@type\":\"ReadAction\",\"target\":[\"https:\/\/aeronoticias.com.pe\/noticiero\/internacionales\/en-chile-piden-revelar-los-nombres-de-los-pilotos-fach-que-bombardearon-la-moneda-en-1973\/\"]}]},{\"@type\":\"BreadcrumbList\",\"@id\":\"https:\/\/aeronoticias.com.pe\/noticiero\/internacionales\/en-chile-piden-revelar-los-nombres-de-los-pilotos-fach-que-bombardearon-la-moneda-en-1973\/#breadcrumb\",\"itemListElement\":[{\"@type\":\"ListItem\",\"position\":1,\"name\":\"Portada\",\"item\":\"https:\/\/aeronoticias.com.pe\/noticiero\/\"},{\"@type\":\"ListItem\",\"position\":2,\"name\":\"En Chile piden revelar los nombres de los pilotos FACH que bombardearon La Moneda en 1973\"}]},{\"@type\":\"WebSite\",\"@id\":\"https:\/\/aeronoticias.com.pe\/noticiero\/#website\",\"url\":\"https:\/\/aeronoticias.com.pe\/noticiero\/\",\"name\":\"Aeronoticias.com.pe\",\"description\":\"Noticias de tranporte aereo, turismo, hoteles, gastronomia, actualidad, internacional\",\"potentialAction\":[{\"@type\":\"SearchAction\",\"target\":{\"@type\":\"EntryPoint\",\"urlTemplate\":\"https:\/\/aeronoticias.com.pe\/noticiero\/?s={search_term_string}\"},\"query-input\":{\"@type\":\"PropertyValueSpecification\",\"valueRequired\":true,\"valueName\":\"search_term_string\"}}],\"inLanguage\":\"es\"},{\"@type\":\"Person\",\"@id\":\"https:\/\/aeronoticias.com.pe\/noticiero\/#\/schema\/person\/fc1e5d578f4b62ba1cf7ac2bba1170a0\",\"name\":\"Redacci\u00f3n Aeronoticias\",\"url\":\"https:\/\/aeronoticias.com.pe\/noticiero\/author\/piloto\/\"}]}<\/script>\n<!-- \/ Yoast SEO plugin. -->","yoast_head_json":{"title":"En Chile piden revelar los nombres de los pilotos FACH que bombardearon La Moneda en 1973","description":"Portal de noticias del Per\u00fa sobre el transporte a\u00e9reo, aviaci\u00f3n, turismo, hoteleria, actualidad.","robots":{"index":"index","follow":"follow","max-snippet":"max-snippet:-1","max-image-preview":"max-image-preview:large","max-video-preview":"max-video-preview:-1"},"canonical":"https:\/\/aeronoticias.com.pe\/noticiero\/internacionales\/en-chile-piden-revelar-los-nombres-de-los-pilotos-fach-que-bombardearon-la-moneda-en-1973\/","og_locale":"es_ES","og_type":"article","og_title":"En Chile piden revelar los nombres de los pilotos FACH que bombardearon La Moneda en 1973","og_description":"Portal de noticias del Per\u00fa sobre el transporte a\u00e9reo, aviaci\u00f3n, turismo, hoteleria, actualidad.","og_url":"https:\/\/aeronoticias.com.pe\/noticiero\/internacionales\/en-chile-piden-revelar-los-nombres-de-los-pilotos-fach-que-bombardearon-la-moneda-en-1973\/","og_site_name":"Aeronoticias.com.pe","article_publisher":"https:\/\/www.facebook.com\/Aeronoticias.com.pe\/","article_published_time":"2011-12-07T15:10:04+00:00","author":"Redacci\u00f3n Aeronoticias","twitter_card":"summary_large_image","twitter_creator":"@aeronoticias","twitter_site":"@aeronoticias","twitter_misc":{"Escrito por":"Redacci\u00f3n Aeronoticias","Tiempo de lectura":"1 minuto"},"schema":{"@context":"https:\/\/schema.org","@graph":[{"@type":"WebPage","@id":"https:\/\/aeronoticias.com.pe\/noticiero\/internacionales\/en-chile-piden-revelar-los-nombres-de-los-pilotos-fach-que-bombardearon-la-moneda-en-1973\/","url":"https:\/\/aeronoticias.com.pe\/noticiero\/internacionales\/en-chile-piden-revelar-los-nombres-de-los-pilotos-fach-que-bombardearon-la-moneda-en-1973\/","name":"En Chile piden revelar los nombres de los pilotos FACH que bombardearon La Moneda en 1973","isPartOf":{"@id":"https:\/\/aeronoticias.com.pe\/noticiero\/#website"},"datePublished":"2011-12-07T15:10:04+00:00","author":{"@id":"https:\/\/aeronoticias.com.pe\/noticiero\/#\/schema\/person\/fc1e5d578f4b62ba1cf7ac2bba1170a0"},"description":"Portal de noticias del Per\u00fa sobre el transporte a\u00e9reo, aviaci\u00f3n, turismo, hoteleria, actualidad.","breadcrumb":{"@id":"https:\/\/aeronoticias.com.pe\/noticiero\/internacionales\/en-chile-piden-revelar-los-nombres-de-los-pilotos-fach-que-bombardearon-la-moneda-en-1973\/#breadcrumb"},"inLanguage":"es","potentialAction":[{"@type":"ReadAction","target":["https:\/\/aeronoticias.com.pe\/noticiero\/internacionales\/en-chile-piden-revelar-los-nombres-de-los-pilotos-fach-que-bombardearon-la-moneda-en-1973\/"]}]},{"@type":"BreadcrumbList","@id":"https:\/\/aeronoticias.com.pe\/noticiero\/internacionales\/en-chile-piden-revelar-los-nombres-de-los-pilotos-fach-que-bombardearon-la-moneda-en-1973\/#breadcrumb","itemListElement":[{"@type":"ListItem","position":1,"name":"Portada","item":"https:\/\/aeronoticias.com.pe\/noticiero\/"},{"@type":"ListItem","position":2,"name":"En Chile piden revelar los nombres de los pilotos FACH que bombardearon La Moneda en 1973"}]},{"@type":"WebSite","@id":"https:\/\/aeronoticias.com.pe\/noticiero\/#website","url":"https:\/\/aeronoticias.com.pe\/noticiero\/","name":"Aeronoticias.com.pe","description":"Noticias de tranporte aereo, turismo, hoteles, gastronomia, actualidad, internacional","potentialAction":[{"@type":"SearchAction","target":{"@type":"EntryPoint","urlTemplate":"https:\/\/aeronoticias.com.pe\/noticiero\/?s={search_term_string}"},"query-input":{"@type":"PropertyValueSpecification","valueRequired":true,"valueName":"search_term_string"}}],"inLanguage":"es"},{"@type":"Person","@id":"https:\/\/aeronoticias.com.pe\/noticiero\/#\/schema\/person\/fc1e5d578f4b62ba1cf7ac2bba1170a0","name":"Redacci\u00f3n Aeronoticias","url":"https:\/\/aeronoticias.com.pe\/noticiero\/author\/piloto\/"}]}},"_links":{"self":[{"href":"https:\/\/aeronoticias.com.pe\/noticiero\/wp-json\/wp\/v2\/posts\/21390","targetHints":{"allow":["GET"]}}],"collection":[{"href":"https:\/\/aeronoticias.com.pe\/noticiero\/wp-json\/wp\/v2\/posts"}],"about":[{"href":"https:\/\/aeronoticias.com.pe\/noticiero\/wp-json\/wp\/v2\/types\/post"}],"author":[{"embeddable":true,"href":"https:\/\/aeronoticias.com.pe\/noticiero\/wp-json\/wp\/v2\/users\/1"}],"replies":[{"embeddable":true,"href":"https:\/\/aeronoticias.com.pe\/noticiero\/wp-json\/wp\/v2\/comments?post=21390"}],"version-history":[{"count":0,"href":"https:\/\/aeronoticias.com.pe\/noticiero\/wp-json\/wp\/v2\/posts\/21390\/revisions"}],"wp:attachment":[{"href":"https:\/\/aeronoticias.com.pe\/noticiero\/wp-json\/wp\/v2\/media?parent=21390"}],"wp:term":[{"taxonomy":"category","embeddable":true,"href":"https:\/\/aeronoticias.com.pe\/noticiero\/wp-json\/wp\/v2\/categories?post=21390"},{"taxonomy":"post_tag","embeddable":true,"href":"https:\/\/aeronoticias.com.pe\/noticiero\/wp-json\/wp\/v2\/tags?post=21390"}],"curies":[{"name":"wp","href":"https:\/\/api.w.org\/{rel}","templated":true}]}}