{"id":21392,"date":"2011-12-07T15:13:49","date_gmt":"2011-12-07T15:13:49","guid":{"rendered":"http:\/\/desarrollo.mcvicious.com\/aero2020\/2011\/12\/07\/el-gobierno-de-brasil-podria-examinar-la-fusion-de-lan-y-tam-antes-de-fin-de-ano\/"},"modified":"2011-12-07T15:13:49","modified_gmt":"2011-12-07T15:13:49","slug":"el-gobierno-de-brasil-podria-examinar-la-fusion-de-lan-y-tam-antes-de-fin-de-ano","status":"publish","type":"post","link":"https:\/\/aeronoticias.com.pe\/noticiero\/transporte-aereo\/internacional\/el-gobierno-de-brasil-podria-examinar-la-fusion-de-lan-y-tam-antes-de-fin-de-ano\/","title":{"rendered":"El gobierno de Brasil podr\u00eda examinar la fusi\u00f3n de LAN y TAM antes de fin de a\u00f1o"},"content":{"rendered":"<p style=\"text-align: justify;\"><strong>(Aeronoticias).- <\/strong>El Consejo Administrativo de Defensa Econ\u00f3mica de Brasil, o CADE, podr\u00eda iniciar este a\u00f1o su an\u00e1lisis final de la fusi\u00f3n entre la aerol\u00ednea chilena LAN SA y la local TAM SA, aunque a\u00fan no se ha fijado una fecha formal para la discusi\u00f3n, dijo el martes un portavoz de la entidad.<\/p>\n<p>El an\u00e1lisis de la fusi\u00f3n, que se anunci\u00f3 a fines de 2010, super\u00f3 otro obst\u00e1culo esta semana con la aprobaci\u00f3n del abogado general de la entidad, Gilvandro de Araujo. Araujo s\u00f3lo puso un requisito: Que LAN y TAM se desasocien de una de las dos alianzas globales en que participan.<\/p>\n<p>  <!--more-->  <\/p>\n<p style=\"text-align: justify;\">TAM pertenece a Star Alliance, mientras que LAN integra Oneworld. Ambas aerol\u00edneas han reconocido que tendr\u00edan que elegir una en alg\u00fan momento, mientras se completa la fusi\u00f3n. El portavoz de CADE se\u00f1al\u00f3 que se complet\u00f3 el an\u00e1lisis de la fusi\u00f3n entre las varias entidades que reportan a su directorio. El proceso ahora volver\u00e1 a Olavo Chinaglia, quien integra el directorio de CADE y es responsable del informe general sobre la fusi\u00f3n.<\/p>\n<p>A continuaci\u00f3n, el directorio examinar\u00e1 la fusi\u00f3n, seg\u00fan el Portavoz. Chinaglia dijo que le gustar\u00eda garantizar un fallo este a\u00f1o y que el directorio de CADE se reunir\u00e1 este mi\u00e9rcoles y 14 de diciembre, seg\u00fan el vocero. Las acciones de LAN sub\u00edan un 1% en Nueva York, mientras que las de TAM avanzaban un 1,1%. Fuente: http:\/\/online.wsj.com<\/p>\n<p style=\"text-align: justify;\"><img decoding=\"async\" src=\"images\/stories\/11\/12\/071211\/fusion_lan_tam_brasil.jpg\" border=\"0\" alt=\"El gobierno de Brasil podr\u00eda examinar la fusi\u00f3n de LAN y TAM antes de fin de a\u00f1o\" title=\"El gobierno de Brasil podr\u00eda examinar la fusi\u00f3n de LAN y TAM antes de fin de a\u00f1o\" \/><\/p>\n","protected":false},"excerpt":{"rendered":"<p>(Aeronoticias).- El Consejo Administrativo de Defensa Econ\u00f3mica de Brasil, o CADE, podr\u00eda iniciar este a\u00f1o su an\u00e1lisis final de la fusi\u00f3n entre la aerol\u00ednea chilena LAN SA y la local TAM SA, aunque a\u00fan no se ha fijado una fecha formal para la discusi\u00f3n, dijo el martes un portavoz de la entidad. El an\u00e1lisis de [&hellip;]<\/p>\n","protected":false},"author":1,"featured_media":0,"comment_status":"open","ping_status":"open","sticky":false,"template":"","format":"standard","meta":{"tdm_status":"","tdm_grid_status":"","footnotes":""},"categories":[32],"tags":[],"class_list":{"0":"post-21392","1":"post","2":"type-post","3":"status-publish","4":"format-standard","6":"category-internacional"},"yoast_head":"<!-- This site is optimized with the Yoast SEO plugin v25.1 - https:\/\/yoast.com\/wordpress\/plugins\/seo\/ -->\n<title>El gobierno de Brasil podr\u00eda examinar la fusi\u00f3n de LAN y TAM antes de fin de a\u00f1o<\/title>\n<meta name=\"description\" content=\"Portal de noticias del Per\u00fa sobre el transporte a\u00e9reo, aviaci\u00f3n, turismo, hoteleria, actualidad.\" \/>\n<meta name=\"robots\" content=\"index, follow, max-snippet:-1, max-image-preview:large, max-video-preview:-1\" \/>\n<link rel=\"canonical\" href=\"https:\/\/aeronoticias.com.pe\/noticiero\/transporte-aereo\/internacional\/el-gobierno-de-brasil-podria-examinar-la-fusion-de-lan-y-tam-antes-de-fin-de-ano\/\" \/>\n<meta property=\"og:locale\" content=\"es_ES\" \/>\n<meta property=\"og:type\" content=\"article\" \/>\n<meta property=\"og:title\" content=\"El gobierno de Brasil podr\u00eda examinar la fusi\u00f3n de LAN y TAM antes de fin de a\u00f1o\" \/>\n<meta property=\"og:description\" content=\"Portal de noticias del Per\u00fa sobre el transporte a\u00e9reo, aviaci\u00f3n, turismo, hoteleria, actualidad.\" \/>\n<meta property=\"og:url\" content=\"https:\/\/aeronoticias.com.pe\/noticiero\/transporte-aereo\/internacional\/el-gobierno-de-brasil-podria-examinar-la-fusion-de-lan-y-tam-antes-de-fin-de-ano\/\" \/>\n<meta property=\"og:site_name\" content=\"Aeronoticias.com.pe\" \/>\n<meta property=\"article:publisher\" content=\"https:\/\/www.facebook.com\/Aeronoticias.com.pe\/\" \/>\n<meta property=\"article:published_time\" content=\"2011-12-07T15:13:49+00:00\" \/>\n<meta name=\"author\" content=\"Redacci\u00f3n Aeronoticias\" \/>\n<meta name=\"twitter:card\" content=\"summary_large_image\" \/>\n<meta name=\"twitter:creator\" content=\"@aeronoticias\" \/>\n<meta name=\"twitter:site\" content=\"@aeronoticias\" \/>\n<meta name=\"twitter:label1\" content=\"Escrito por\" \/>\n\t<meta name=\"twitter:data1\" content=\"Redacci\u00f3n Aeronoticias\" \/>\n\t<meta name=\"twitter:label2\" content=\"Tiempo de lectura\" \/>\n\t<meta name=\"twitter:data2\" content=\"1 minuto\" \/>\n<script type=\"application\/ld+json\" class=\"yoast-schema-graph\">{\"@context\":\"https:\/\/schema.org\",\"@graph\":[{\"@type\":\"WebPage\",\"@id\":\"https:\/\/aeronoticias.com.pe\/noticiero\/transporte-aereo\/internacional\/el-gobierno-de-brasil-podria-examinar-la-fusion-de-lan-y-tam-antes-de-fin-de-ano\/\",\"url\":\"https:\/\/aeronoticias.com.pe\/noticiero\/transporte-aereo\/internacional\/el-gobierno-de-brasil-podria-examinar-la-fusion-de-lan-y-tam-antes-de-fin-de-ano\/\",\"name\":\"El gobierno de Brasil podr\u00eda examinar la fusi\u00f3n de LAN y TAM antes de fin de a\u00f1o\",\"isPartOf\":{\"@id\":\"https:\/\/aeronoticias.com.pe\/noticiero\/#website\"},\"datePublished\":\"2011-12-07T15:13:49+00:00\",\"author\":{\"@id\":\"https:\/\/aeronoticias.com.pe\/noticiero\/#\/schema\/person\/fc1e5d578f4b62ba1cf7ac2bba1170a0\"},\"description\":\"Portal de noticias del Per\u00fa sobre el transporte a\u00e9reo, aviaci\u00f3n, turismo, hoteleria, actualidad.\",\"breadcrumb\":{\"@id\":\"https:\/\/aeronoticias.com.pe\/noticiero\/transporte-aereo\/internacional\/el-gobierno-de-brasil-podria-examinar-la-fusion-de-lan-y-tam-antes-de-fin-de-ano\/#breadcrumb\"},\"inLanguage\":\"es\",\"potentialAction\":[{\"@type\":\"ReadAction\",\"target\":[\"https:\/\/aeronoticias.com.pe\/noticiero\/transporte-aereo\/internacional\/el-gobierno-de-brasil-podria-examinar-la-fusion-de-lan-y-tam-antes-de-fin-de-ano\/\"]}]},{\"@type\":\"BreadcrumbList\",\"@id\":\"https:\/\/aeronoticias.com.pe\/noticiero\/transporte-aereo\/internacional\/el-gobierno-de-brasil-podria-examinar-la-fusion-de-lan-y-tam-antes-de-fin-de-ano\/#breadcrumb\",\"itemListElement\":[{\"@type\":\"ListItem\",\"position\":1,\"name\":\"Portada\",\"item\":\"https:\/\/aeronoticias.com.pe\/noticiero\/\"},{\"@type\":\"ListItem\",\"position\":2,\"name\":\"El gobierno de Brasil podr\u00eda examinar la fusi\u00f3n de LAN y TAM antes de fin de a\u00f1o\"}]},{\"@type\":\"WebSite\",\"@id\":\"https:\/\/aeronoticias.com.pe\/noticiero\/#website\",\"url\":\"https:\/\/aeronoticias.com.pe\/noticiero\/\",\"name\":\"Aeronoticias.com.pe\",\"description\":\"Noticias de tranporte aereo, turismo, hoteles, gastronomia, actualidad, internacional\",\"potentialAction\":[{\"@type\":\"SearchAction\",\"target\":{\"@type\":\"EntryPoint\",\"urlTemplate\":\"https:\/\/aeronoticias.com.pe\/noticiero\/?s={search_term_string}\"},\"query-input\":{\"@type\":\"PropertyValueSpecification\",\"valueRequired\":true,\"valueName\":\"search_term_string\"}}],\"inLanguage\":\"es\"},{\"@type\":\"Person\",\"@id\":\"https:\/\/aeronoticias.com.pe\/noticiero\/#\/schema\/person\/fc1e5d578f4b62ba1cf7ac2bba1170a0\",\"name\":\"Redacci\u00f3n Aeronoticias\",\"url\":\"https:\/\/aeronoticias.com.pe\/noticiero\/author\/piloto\/\"}]}<\/script>\n<!-- \/ Yoast SEO plugin. -->","yoast_head_json":{"title":"El gobierno de Brasil podr\u00eda examinar la fusi\u00f3n de LAN y TAM antes de fin de a\u00f1o","description":"Portal de noticias del Per\u00fa sobre el transporte a\u00e9reo, aviaci\u00f3n, turismo, hoteleria, actualidad.","robots":{"index":"index","follow":"follow","max-snippet":"max-snippet:-1","max-image-preview":"max-image-preview:large","max-video-preview":"max-video-preview:-1"},"canonical":"https:\/\/aeronoticias.com.pe\/noticiero\/transporte-aereo\/internacional\/el-gobierno-de-brasil-podria-examinar-la-fusion-de-lan-y-tam-antes-de-fin-de-ano\/","og_locale":"es_ES","og_type":"article","og_title":"El gobierno de Brasil podr\u00eda examinar la fusi\u00f3n de LAN y TAM antes de fin de a\u00f1o","og_description":"Portal de noticias del Per\u00fa sobre el transporte a\u00e9reo, aviaci\u00f3n, turismo, hoteleria, actualidad.","og_url":"https:\/\/aeronoticias.com.pe\/noticiero\/transporte-aereo\/internacional\/el-gobierno-de-brasil-podria-examinar-la-fusion-de-lan-y-tam-antes-de-fin-de-ano\/","og_site_name":"Aeronoticias.com.pe","article_publisher":"https:\/\/www.facebook.com\/Aeronoticias.com.pe\/","article_published_time":"2011-12-07T15:13:49+00:00","author":"Redacci\u00f3n Aeronoticias","twitter_card":"summary_large_image","twitter_creator":"@aeronoticias","twitter_site":"@aeronoticias","twitter_misc":{"Escrito por":"Redacci\u00f3n Aeronoticias","Tiempo de lectura":"1 minuto"},"schema":{"@context":"https:\/\/schema.org","@graph":[{"@type":"WebPage","@id":"https:\/\/aeronoticias.com.pe\/noticiero\/transporte-aereo\/internacional\/el-gobierno-de-brasil-podria-examinar-la-fusion-de-lan-y-tam-antes-de-fin-de-ano\/","url":"https:\/\/aeronoticias.com.pe\/noticiero\/transporte-aereo\/internacional\/el-gobierno-de-brasil-podria-examinar-la-fusion-de-lan-y-tam-antes-de-fin-de-ano\/","name":"El gobierno de Brasil podr\u00eda examinar la fusi\u00f3n de LAN y TAM antes de fin de a\u00f1o","isPartOf":{"@id":"https:\/\/aeronoticias.com.pe\/noticiero\/#website"},"datePublished":"2011-12-07T15:13:49+00:00","author":{"@id":"https:\/\/aeronoticias.com.pe\/noticiero\/#\/schema\/person\/fc1e5d578f4b62ba1cf7ac2bba1170a0"},"description":"Portal de noticias del Per\u00fa sobre el transporte a\u00e9reo, aviaci\u00f3n, turismo, hoteleria, actualidad.","breadcrumb":{"@id":"https:\/\/aeronoticias.com.pe\/noticiero\/transporte-aereo\/internacional\/el-gobierno-de-brasil-podria-examinar-la-fusion-de-lan-y-tam-antes-de-fin-de-ano\/#breadcrumb"},"inLanguage":"es","potentialAction":[{"@type":"ReadAction","target":["https:\/\/aeronoticias.com.pe\/noticiero\/transporte-aereo\/internacional\/el-gobierno-de-brasil-podria-examinar-la-fusion-de-lan-y-tam-antes-de-fin-de-ano\/"]}]},{"@type":"BreadcrumbList","@id":"https:\/\/aeronoticias.com.pe\/noticiero\/transporte-aereo\/internacional\/el-gobierno-de-brasil-podria-examinar-la-fusion-de-lan-y-tam-antes-de-fin-de-ano\/#breadcrumb","itemListElement":[{"@type":"ListItem","position":1,"name":"Portada","item":"https:\/\/aeronoticias.com.pe\/noticiero\/"},{"@type":"ListItem","position":2,"name":"El gobierno de Brasil podr\u00eda examinar la fusi\u00f3n de LAN y TAM antes de fin de a\u00f1o"}]},{"@type":"WebSite","@id":"https:\/\/aeronoticias.com.pe\/noticiero\/#website","url":"https:\/\/aeronoticias.com.pe\/noticiero\/","name":"Aeronoticias.com.pe","description":"Noticias de tranporte aereo, turismo, hoteles, gastronomia, actualidad, internacional","potentialAction":[{"@type":"SearchAction","target":{"@type":"EntryPoint","urlTemplate":"https:\/\/aeronoticias.com.pe\/noticiero\/?s={search_term_string}"},"query-input":{"@type":"PropertyValueSpecification","valueRequired":true,"valueName":"search_term_string"}}],"inLanguage":"es"},{"@type":"Person","@id":"https:\/\/aeronoticias.com.pe\/noticiero\/#\/schema\/person\/fc1e5d578f4b62ba1cf7ac2bba1170a0","name":"Redacci\u00f3n Aeronoticias","url":"https:\/\/aeronoticias.com.pe\/noticiero\/author\/piloto\/"}]}},"_links":{"self":[{"href":"https:\/\/aeronoticias.com.pe\/noticiero\/wp-json\/wp\/v2\/posts\/21392","targetHints":{"allow":["GET"]}}],"collection":[{"href":"https:\/\/aeronoticias.com.pe\/noticiero\/wp-json\/wp\/v2\/posts"}],"about":[{"href":"https:\/\/aeronoticias.com.pe\/noticiero\/wp-json\/wp\/v2\/types\/post"}],"author":[{"embeddable":true,"href":"https:\/\/aeronoticias.com.pe\/noticiero\/wp-json\/wp\/v2\/users\/1"}],"replies":[{"embeddable":true,"href":"https:\/\/aeronoticias.com.pe\/noticiero\/wp-json\/wp\/v2\/comments?post=21392"}],"version-history":[{"count":0,"href":"https:\/\/aeronoticias.com.pe\/noticiero\/wp-json\/wp\/v2\/posts\/21392\/revisions"}],"wp:attachment":[{"href":"https:\/\/aeronoticias.com.pe\/noticiero\/wp-json\/wp\/v2\/media?parent=21392"}],"wp:term":[{"taxonomy":"category","embeddable":true,"href":"https:\/\/aeronoticias.com.pe\/noticiero\/wp-json\/wp\/v2\/categories?post=21392"},{"taxonomy":"post_tag","embeddable":true,"href":"https:\/\/aeronoticias.com.pe\/noticiero\/wp-json\/wp\/v2\/tags?post=21392"}],"curies":[{"name":"wp","href":"https:\/\/api.w.org\/{rel}","templated":true}]}}