{"id":21394,"date":"2011-12-07T15:17:52","date_gmt":"2011-12-07T15:17:52","guid":{"rendered":"http:\/\/desarrollo.mcvicious.com\/aero2020\/2011\/12\/07\/en-enero-se-estrena-el-reality-de-jennifer-lopez-y-marc-anthony\/"},"modified":"2011-12-07T15:17:52","modified_gmt":"2011-12-07T15:17:52","slug":"en-enero-se-estrena-el-reality-de-jennifer-lopez-y-marc-anthony","status":"publish","type":"post","link":"https:\/\/aeronoticias.com.pe\/noticiero\/espectaculos\/en-enero-se-estrena-el-reality-de-jennifer-lopez-y-marc-anthony\/","title":{"rendered":"En enero se estrena el &#8216;Reality&#8217; de Jennifer L\u00f3pez y Marc Anthony"},"content":{"rendered":"<p style=\"text-align: justify;\"><strong>(Aeronoticias).-<\/strong> El &#8216;reality&#8217; de talentos \u201c\u00a1Q\u2019 viva! The Chosen\u201d, que conducir\u00e1n los cantantes Jennifer L\u00f3pez y Marc Anthony, se estrenar\u00e1 en todo el mundo en enero del pr\u00f3ximo a\u00f1o, seg\u00fan se public\u00f3 en el diario \u201cLa Tercera\u201d de Chile.<\/p>\n<p>Luego de su paso por el Per\u00fa, Jennifer L\u00f3pez lleg\u00f3 a Santiago, donde se reuni\u00f3 tambi\u00e9n con talentosos muchachos, de los cuales eligi\u00f3 a un chileno y a un brasile\u00f1o. Ellos recibieron la invitaci\u00f3n personal de J.Lo para viajar a Estados Unidos.<\/p>\n<p>Terminada esta fase, los elegidos ser\u00e1n supervisados tanto por ambos cantantes como por el core\u00f3grafo Jamie King. Ellos trabajar\u00e1n con los talentos escogidos para ver qui\u00e9nes estar\u00e1n en la final del \u2018reality\u2019.<\/p>\n<p>  <!--more-->  <\/p>\n<p style=\"text-align: justify;\">La visita de Jennifer L\u00f3pez al Per\u00fa y Chile \u2013as\u00ed como el viaje de Marc Anthony\u2013 formar\u00e1 parte de los seis primeros episodios del \u2018reality\u2019, los cuales mostrar\u00e1n a ambos realizando la preselecci\u00f3n de los candidatos.<\/p>\n<p>En el s\u00e9ptimo cap\u00edtulo, el core\u00f3grafo Jamie King seleccionar\u00e1 a 26 concursantes, entre los cuales se elegir\u00e1 en cuatro episodios \u2013por coreograf\u00eda, canto, etc.\u2013 el elenco que tendr\u00e1 a su cargo el espect\u00e1culo final.<\/p>\n<p><img decoding=\"async\" src=\"images\/stories\/11\/12\/071211\/reality_jennifer_lopez_marc_anthony.jpg\" border=\"0\" alt=\"En enero se estrena el 'Reality' de Jennifer L\u00f3pez y Marc Anthony \" title=\"En enero se estrena el 'Reality' de Jennifer L\u00f3pez y Marc Anthony \" \/><\/p>\n","protected":false},"excerpt":{"rendered":"<p>(Aeronoticias).- El &#8216;reality&#8217; de talentos \u201c\u00a1Q\u2019 viva! The Chosen\u201d, que conducir\u00e1n los cantantes Jennifer L\u00f3pez y Marc Anthony, se estrenar\u00e1 en todo el mundo en enero del pr\u00f3ximo a\u00f1o, seg\u00fan se public\u00f3 en el diario \u201cLa Tercera\u201d de Chile. Luego de su paso por el Per\u00fa, Jennifer L\u00f3pez lleg\u00f3 a Santiago, donde se reuni\u00f3 tambi\u00e9n [&hellip;]<\/p>\n","protected":false},"author":1,"featured_media":0,"comment_status":"open","ping_status":"open","sticky":false,"template":"","format":"standard","meta":{"tdm_status":"","tdm_grid_status":"","footnotes":""},"categories":[41],"tags":[],"class_list":{"0":"post-21394","1":"post","2":"type-post","3":"status-publish","4":"format-standard","6":"category-espectaculos"},"yoast_head":"<!-- This site is optimized with the Yoast SEO plugin v25.1 - https:\/\/yoast.com\/wordpress\/plugins\/seo\/ -->\n<title>En enero se estrena el &#039;Reality&#039; de Jennifer L\u00f3pez y Marc Anthony<\/title>\n<meta name=\"description\" content=\"Portal de noticias del Per\u00fa sobre el transporte a\u00e9reo, aviaci\u00f3n, turismo, hoteleria, actualidad.\" \/>\n<meta name=\"robots\" content=\"index, follow, max-snippet:-1, max-image-preview:large, max-video-preview:-1\" \/>\n<link rel=\"canonical\" href=\"https:\/\/aeronoticias.com.pe\/noticiero\/espectaculos\/en-enero-se-estrena-el-reality-de-jennifer-lopez-y-marc-anthony\/\" \/>\n<meta property=\"og:locale\" content=\"es_ES\" \/>\n<meta property=\"og:type\" content=\"article\" \/>\n<meta property=\"og:title\" content=\"En enero se estrena el &#039;Reality&#039; de Jennifer L\u00f3pez y Marc Anthony\" \/>\n<meta property=\"og:description\" content=\"Portal de noticias del Per\u00fa sobre el transporte a\u00e9reo, aviaci\u00f3n, turismo, hoteleria, actualidad.\" \/>\n<meta property=\"og:url\" content=\"https:\/\/aeronoticias.com.pe\/noticiero\/espectaculos\/en-enero-se-estrena-el-reality-de-jennifer-lopez-y-marc-anthony\/\" \/>\n<meta property=\"og:site_name\" content=\"Aeronoticias.com.pe\" \/>\n<meta property=\"article:publisher\" content=\"https:\/\/www.facebook.com\/Aeronoticias.com.pe\/\" \/>\n<meta property=\"article:published_time\" content=\"2011-12-07T15:17:52+00:00\" \/>\n<meta name=\"author\" content=\"Redacci\u00f3n Aeronoticias\" \/>\n<meta name=\"twitter:card\" content=\"summary_large_image\" \/>\n<meta name=\"twitter:creator\" content=\"@aeronoticias\" \/>\n<meta name=\"twitter:site\" content=\"@aeronoticias\" \/>\n<meta name=\"twitter:label1\" content=\"Escrito por\" \/>\n\t<meta name=\"twitter:data1\" content=\"Redacci\u00f3n Aeronoticias\" \/>\n\t<meta name=\"twitter:label2\" content=\"Tiempo de lectura\" \/>\n\t<meta name=\"twitter:data2\" content=\"1 minuto\" \/>\n<script type=\"application\/ld+json\" class=\"yoast-schema-graph\">{\"@context\":\"https:\/\/schema.org\",\"@graph\":[{\"@type\":\"WebPage\",\"@id\":\"https:\/\/aeronoticias.com.pe\/noticiero\/espectaculos\/en-enero-se-estrena-el-reality-de-jennifer-lopez-y-marc-anthony\/\",\"url\":\"https:\/\/aeronoticias.com.pe\/noticiero\/espectaculos\/en-enero-se-estrena-el-reality-de-jennifer-lopez-y-marc-anthony\/\",\"name\":\"En enero se estrena el 'Reality' de Jennifer L\u00f3pez y Marc Anthony\",\"isPartOf\":{\"@id\":\"https:\/\/aeronoticias.com.pe\/noticiero\/#website\"},\"datePublished\":\"2011-12-07T15:17:52+00:00\",\"author\":{\"@id\":\"https:\/\/aeronoticias.com.pe\/noticiero\/#\/schema\/person\/fc1e5d578f4b62ba1cf7ac2bba1170a0\"},\"description\":\"Portal de noticias del Per\u00fa sobre el transporte a\u00e9reo, aviaci\u00f3n, turismo, hoteleria, actualidad.\",\"breadcrumb\":{\"@id\":\"https:\/\/aeronoticias.com.pe\/noticiero\/espectaculos\/en-enero-se-estrena-el-reality-de-jennifer-lopez-y-marc-anthony\/#breadcrumb\"},\"inLanguage\":\"es\",\"potentialAction\":[{\"@type\":\"ReadAction\",\"target\":[\"https:\/\/aeronoticias.com.pe\/noticiero\/espectaculos\/en-enero-se-estrena-el-reality-de-jennifer-lopez-y-marc-anthony\/\"]}]},{\"@type\":\"BreadcrumbList\",\"@id\":\"https:\/\/aeronoticias.com.pe\/noticiero\/espectaculos\/en-enero-se-estrena-el-reality-de-jennifer-lopez-y-marc-anthony\/#breadcrumb\",\"itemListElement\":[{\"@type\":\"ListItem\",\"position\":1,\"name\":\"Portada\",\"item\":\"https:\/\/aeronoticias.com.pe\/noticiero\/\"},{\"@type\":\"ListItem\",\"position\":2,\"name\":\"En enero se estrena el &#8216;Reality&#8217; de Jennifer L\u00f3pez y Marc Anthony\"}]},{\"@type\":\"WebSite\",\"@id\":\"https:\/\/aeronoticias.com.pe\/noticiero\/#website\",\"url\":\"https:\/\/aeronoticias.com.pe\/noticiero\/\",\"name\":\"Aeronoticias.com.pe\",\"description\":\"Noticias de tranporte aereo, turismo, hoteles, gastronomia, actualidad, internacional\",\"potentialAction\":[{\"@type\":\"SearchAction\",\"target\":{\"@type\":\"EntryPoint\",\"urlTemplate\":\"https:\/\/aeronoticias.com.pe\/noticiero\/?s={search_term_string}\"},\"query-input\":{\"@type\":\"PropertyValueSpecification\",\"valueRequired\":true,\"valueName\":\"search_term_string\"}}],\"inLanguage\":\"es\"},{\"@type\":\"Person\",\"@id\":\"https:\/\/aeronoticias.com.pe\/noticiero\/#\/schema\/person\/fc1e5d578f4b62ba1cf7ac2bba1170a0\",\"name\":\"Redacci\u00f3n Aeronoticias\",\"url\":\"https:\/\/aeronoticias.com.pe\/noticiero\/author\/piloto\/\"}]}<\/script>\n<!-- \/ Yoast SEO plugin. -->","yoast_head_json":{"title":"En enero se estrena el 'Reality' de Jennifer L\u00f3pez y Marc Anthony","description":"Portal de noticias del Per\u00fa sobre el transporte a\u00e9reo, aviaci\u00f3n, turismo, hoteleria, actualidad.","robots":{"index":"index","follow":"follow","max-snippet":"max-snippet:-1","max-image-preview":"max-image-preview:large","max-video-preview":"max-video-preview:-1"},"canonical":"https:\/\/aeronoticias.com.pe\/noticiero\/espectaculos\/en-enero-se-estrena-el-reality-de-jennifer-lopez-y-marc-anthony\/","og_locale":"es_ES","og_type":"article","og_title":"En enero se estrena el 'Reality' de Jennifer L\u00f3pez y Marc Anthony","og_description":"Portal de noticias del Per\u00fa sobre el transporte a\u00e9reo, aviaci\u00f3n, turismo, hoteleria, actualidad.","og_url":"https:\/\/aeronoticias.com.pe\/noticiero\/espectaculos\/en-enero-se-estrena-el-reality-de-jennifer-lopez-y-marc-anthony\/","og_site_name":"Aeronoticias.com.pe","article_publisher":"https:\/\/www.facebook.com\/Aeronoticias.com.pe\/","article_published_time":"2011-12-07T15:17:52+00:00","author":"Redacci\u00f3n Aeronoticias","twitter_card":"summary_large_image","twitter_creator":"@aeronoticias","twitter_site":"@aeronoticias","twitter_misc":{"Escrito por":"Redacci\u00f3n Aeronoticias","Tiempo de lectura":"1 minuto"},"schema":{"@context":"https:\/\/schema.org","@graph":[{"@type":"WebPage","@id":"https:\/\/aeronoticias.com.pe\/noticiero\/espectaculos\/en-enero-se-estrena-el-reality-de-jennifer-lopez-y-marc-anthony\/","url":"https:\/\/aeronoticias.com.pe\/noticiero\/espectaculos\/en-enero-se-estrena-el-reality-de-jennifer-lopez-y-marc-anthony\/","name":"En enero se estrena el 'Reality' de Jennifer L\u00f3pez y Marc Anthony","isPartOf":{"@id":"https:\/\/aeronoticias.com.pe\/noticiero\/#website"},"datePublished":"2011-12-07T15:17:52+00:00","author":{"@id":"https:\/\/aeronoticias.com.pe\/noticiero\/#\/schema\/person\/fc1e5d578f4b62ba1cf7ac2bba1170a0"},"description":"Portal de noticias del Per\u00fa sobre el transporte a\u00e9reo, aviaci\u00f3n, turismo, hoteleria, actualidad.","breadcrumb":{"@id":"https:\/\/aeronoticias.com.pe\/noticiero\/espectaculos\/en-enero-se-estrena-el-reality-de-jennifer-lopez-y-marc-anthony\/#breadcrumb"},"inLanguage":"es","potentialAction":[{"@type":"ReadAction","target":["https:\/\/aeronoticias.com.pe\/noticiero\/espectaculos\/en-enero-se-estrena-el-reality-de-jennifer-lopez-y-marc-anthony\/"]}]},{"@type":"BreadcrumbList","@id":"https:\/\/aeronoticias.com.pe\/noticiero\/espectaculos\/en-enero-se-estrena-el-reality-de-jennifer-lopez-y-marc-anthony\/#breadcrumb","itemListElement":[{"@type":"ListItem","position":1,"name":"Portada","item":"https:\/\/aeronoticias.com.pe\/noticiero\/"},{"@type":"ListItem","position":2,"name":"En enero se estrena el &#8216;Reality&#8217; de Jennifer L\u00f3pez y Marc Anthony"}]},{"@type":"WebSite","@id":"https:\/\/aeronoticias.com.pe\/noticiero\/#website","url":"https:\/\/aeronoticias.com.pe\/noticiero\/","name":"Aeronoticias.com.pe","description":"Noticias de tranporte aereo, turismo, hoteles, gastronomia, actualidad, internacional","potentialAction":[{"@type":"SearchAction","target":{"@type":"EntryPoint","urlTemplate":"https:\/\/aeronoticias.com.pe\/noticiero\/?s={search_term_string}"},"query-input":{"@type":"PropertyValueSpecification","valueRequired":true,"valueName":"search_term_string"}}],"inLanguage":"es"},{"@type":"Person","@id":"https:\/\/aeronoticias.com.pe\/noticiero\/#\/schema\/person\/fc1e5d578f4b62ba1cf7ac2bba1170a0","name":"Redacci\u00f3n Aeronoticias","url":"https:\/\/aeronoticias.com.pe\/noticiero\/author\/piloto\/"}]}},"_links":{"self":[{"href":"https:\/\/aeronoticias.com.pe\/noticiero\/wp-json\/wp\/v2\/posts\/21394","targetHints":{"allow":["GET"]}}],"collection":[{"href":"https:\/\/aeronoticias.com.pe\/noticiero\/wp-json\/wp\/v2\/posts"}],"about":[{"href":"https:\/\/aeronoticias.com.pe\/noticiero\/wp-json\/wp\/v2\/types\/post"}],"author":[{"embeddable":true,"href":"https:\/\/aeronoticias.com.pe\/noticiero\/wp-json\/wp\/v2\/users\/1"}],"replies":[{"embeddable":true,"href":"https:\/\/aeronoticias.com.pe\/noticiero\/wp-json\/wp\/v2\/comments?post=21394"}],"version-history":[{"count":0,"href":"https:\/\/aeronoticias.com.pe\/noticiero\/wp-json\/wp\/v2\/posts\/21394\/revisions"}],"wp:attachment":[{"href":"https:\/\/aeronoticias.com.pe\/noticiero\/wp-json\/wp\/v2\/media?parent=21394"}],"wp:term":[{"taxonomy":"category","embeddable":true,"href":"https:\/\/aeronoticias.com.pe\/noticiero\/wp-json\/wp\/v2\/categories?post=21394"},{"taxonomy":"post_tag","embeddable":true,"href":"https:\/\/aeronoticias.com.pe\/noticiero\/wp-json\/wp\/v2\/tags?post=21394"}],"curies":[{"name":"wp","href":"https:\/\/api.w.org\/{rel}","templated":true}]}}