{"id":21395,"date":"2011-12-07T15:36:22","date_gmt":"2011-12-07T15:36:22","guid":{"rendered":"http:\/\/desarrollo.mcvicious.com\/aero2020\/2011\/12\/07\/hoy-es-el-dia-de-la-aviacion-civil-internacional\/"},"modified":"2011-12-07T15:36:22","modified_gmt":"2011-12-07T15:36:22","slug":"hoy-es-el-dia-de-la-aviacion-civil-internacional","status":"publish","type":"post","link":"https:\/\/aeronoticias.com.pe\/noticiero\/ultimas\/1\/hoy-es-el-dia-de-la-aviacion-civil-internacional\/","title":{"rendered":"Hoy es el D\u00eda de la Aviaci\u00f3n Civil Internacional"},"content":{"rendered":"<p style=\"text-align: justify;\"><strong>(Aeronoticias)<\/strong> Hoy es el D\u00eda de la Aviaci\u00f3n Civil Internacional, una fecha establecida en 1994 mediante una resoluci\u00f3n de la Organizaci\u00f3n de la Aviaci\u00f3n Civil Internacional (OACI), agencia especializada de la Organizaci\u00f3n de Naciones Unidas (ONU) que vela por la seguridad y el orden del transporte a\u00e9reo internacional.<\/p>\n<p style=\"text-align: center;\"><img decoding=\"async\" src=\"images\/stories\/11\/12\/071211\/0avion.jpg\" border=\"0\" alt=\"avion\" title=\"avion\" \/><\/p>\n<p style=\"text-align: justify;\">La celebraci\u00f3n fue establecida en ese a\u00f1o a fin de conmemorar el cincuentenario de la firma en Chicago, Estados Unidos, del Convenio sobre Aviaci\u00f3n Civil Internacional, que actualiz\u00f3 la Convenci\u00f3n de Par\u00eds de 1919 y dio origen a la OACI.<\/p>\n<p>En uno de sus considerandos, la resoluci\u00f3n A29-1 de la asamblea de la OACI estim\u00f3 conveniente reconocer \u201cla importante contribuci\u00f3n de la aviaci\u00f3n civil internacional al bienestar social y econ\u00f3mico de los pueblos del mundo\u201d. Esta afirmaci\u00f3n encontr\u00f3 eco en la Asamblea General de la ONU, en 1996, emiti\u00f3 una resoluci\u00f3n que reconoc\u00eda oficialmente el siete de diciembre como D\u00eda de la Aviaci\u00f3n Civil Internacional. Listindiario.com<\/p>\n<p style=\"text-align: center;\">\u00a0<\/p>\n","protected":false},"excerpt":{"rendered":"<p>(Aeronoticias) Hoy es el D\u00eda de la Aviaci\u00f3n Civil Internacional, una fecha establecida en 1994 mediante una resoluci\u00f3n de la Organizaci\u00f3n de la Aviaci\u00f3n Civil Internacional (OACI), agencia especializada de la Organizaci\u00f3n de Naciones Unidas (ONU) que vela por la seguridad y el orden del transporte a\u00e9reo internacional. La celebraci\u00f3n fue establecida en ese a\u00f1o [&hellip;]<\/p>\n","protected":false},"author":1,"featured_media":0,"comment_status":"open","ping_status":"open","sticky":false,"template":"","format":"standard","meta":{"tdm_status":"","tdm_grid_status":"","footnotes":""},"categories":[30],"tags":[],"class_list":{"0":"post-21395","1":"post","2":"type-post","3":"status-publish","4":"format-standard","6":"category-30"},"yoast_head":"<!-- This site is optimized with the Yoast SEO plugin v25.1 - https:\/\/yoast.com\/wordpress\/plugins\/seo\/ -->\n<title>Hoy es el D\u00eda de la Aviaci\u00f3n Civil Internacional<\/title>\n<meta name=\"description\" content=\"Portal de noticias del Per\u00fa sobre el transporte a\u00e9reo, aviaci\u00f3n, turismo, hoteleria, actualidad.\" \/>\n<meta name=\"robots\" content=\"index, follow, max-snippet:-1, max-image-preview:large, max-video-preview:-1\" \/>\n<link rel=\"canonical\" href=\"https:\/\/aeronoticias.com.pe\/noticiero\/ultimas\/1\/hoy-es-el-dia-de-la-aviacion-civil-internacional\/\" \/>\n<meta property=\"og:locale\" content=\"es_ES\" \/>\n<meta property=\"og:type\" content=\"article\" \/>\n<meta property=\"og:title\" content=\"Hoy es el D\u00eda de la Aviaci\u00f3n Civil Internacional\" \/>\n<meta property=\"og:description\" content=\"Portal de noticias del Per\u00fa sobre el transporte a\u00e9reo, aviaci\u00f3n, turismo, hoteleria, actualidad.\" \/>\n<meta property=\"og:url\" content=\"https:\/\/aeronoticias.com.pe\/noticiero\/ultimas\/1\/hoy-es-el-dia-de-la-aviacion-civil-internacional\/\" \/>\n<meta property=\"og:site_name\" content=\"Aeronoticias.com.pe\" \/>\n<meta property=\"article:publisher\" content=\"https:\/\/www.facebook.com\/Aeronoticias.com.pe\/\" \/>\n<meta property=\"article:published_time\" content=\"2011-12-07T15:36:22+00:00\" \/>\n<meta name=\"author\" content=\"Redacci\u00f3n Aeronoticias\" \/>\n<meta name=\"twitter:card\" content=\"summary_large_image\" \/>\n<meta name=\"twitter:creator\" content=\"@aeronoticias\" \/>\n<meta name=\"twitter:site\" content=\"@aeronoticias\" \/>\n<meta name=\"twitter:label1\" content=\"Escrito por\" \/>\n\t<meta name=\"twitter:data1\" content=\"Redacci\u00f3n Aeronoticias\" \/>\n\t<meta name=\"twitter:label2\" content=\"Tiempo de lectura\" \/>\n\t<meta name=\"twitter:data2\" content=\"1 minuto\" \/>\n<script type=\"application\/ld+json\" class=\"yoast-schema-graph\">{\"@context\":\"https:\/\/schema.org\",\"@graph\":[{\"@type\":\"WebPage\",\"@id\":\"https:\/\/aeronoticias.com.pe\/noticiero\/ultimas\/1\/hoy-es-el-dia-de-la-aviacion-civil-internacional\/\",\"url\":\"https:\/\/aeronoticias.com.pe\/noticiero\/ultimas\/1\/hoy-es-el-dia-de-la-aviacion-civil-internacional\/\",\"name\":\"Hoy es el D\u00eda de la Aviaci\u00f3n Civil Internacional\",\"isPartOf\":{\"@id\":\"https:\/\/aeronoticias.com.pe\/noticiero\/#website\"},\"datePublished\":\"2011-12-07T15:36:22+00:00\",\"author\":{\"@id\":\"https:\/\/aeronoticias.com.pe\/noticiero\/#\/schema\/person\/fc1e5d578f4b62ba1cf7ac2bba1170a0\"},\"description\":\"Portal de noticias del Per\u00fa sobre el transporte a\u00e9reo, aviaci\u00f3n, turismo, hoteleria, actualidad.\",\"breadcrumb\":{\"@id\":\"https:\/\/aeronoticias.com.pe\/noticiero\/ultimas\/1\/hoy-es-el-dia-de-la-aviacion-civil-internacional\/#breadcrumb\"},\"inLanguage\":\"es\",\"potentialAction\":[{\"@type\":\"ReadAction\",\"target\":[\"https:\/\/aeronoticias.com.pe\/noticiero\/ultimas\/1\/hoy-es-el-dia-de-la-aviacion-civil-internacional\/\"]}]},{\"@type\":\"BreadcrumbList\",\"@id\":\"https:\/\/aeronoticias.com.pe\/noticiero\/ultimas\/1\/hoy-es-el-dia-de-la-aviacion-civil-internacional\/#breadcrumb\",\"itemListElement\":[{\"@type\":\"ListItem\",\"position\":1,\"name\":\"Portada\",\"item\":\"https:\/\/aeronoticias.com.pe\/noticiero\/\"},{\"@type\":\"ListItem\",\"position\":2,\"name\":\"Hoy es el D\u00eda de la Aviaci\u00f3n Civil Internacional\"}]},{\"@type\":\"WebSite\",\"@id\":\"https:\/\/aeronoticias.com.pe\/noticiero\/#website\",\"url\":\"https:\/\/aeronoticias.com.pe\/noticiero\/\",\"name\":\"Aeronoticias.com.pe\",\"description\":\"Noticias de tranporte aereo, turismo, hoteles, gastronomia, actualidad, internacional\",\"potentialAction\":[{\"@type\":\"SearchAction\",\"target\":{\"@type\":\"EntryPoint\",\"urlTemplate\":\"https:\/\/aeronoticias.com.pe\/noticiero\/?s={search_term_string}\"},\"query-input\":{\"@type\":\"PropertyValueSpecification\",\"valueRequired\":true,\"valueName\":\"search_term_string\"}}],\"inLanguage\":\"es\"},{\"@type\":\"Person\",\"@id\":\"https:\/\/aeronoticias.com.pe\/noticiero\/#\/schema\/person\/fc1e5d578f4b62ba1cf7ac2bba1170a0\",\"name\":\"Redacci\u00f3n Aeronoticias\",\"url\":\"https:\/\/aeronoticias.com.pe\/noticiero\/author\/piloto\/\"}]}<\/script>\n<!-- \/ Yoast SEO plugin. -->","yoast_head_json":{"title":"Hoy es el D\u00eda de la Aviaci\u00f3n Civil Internacional","description":"Portal de noticias del Per\u00fa sobre el transporte a\u00e9reo, aviaci\u00f3n, turismo, hoteleria, actualidad.","robots":{"index":"index","follow":"follow","max-snippet":"max-snippet:-1","max-image-preview":"max-image-preview:large","max-video-preview":"max-video-preview:-1"},"canonical":"https:\/\/aeronoticias.com.pe\/noticiero\/ultimas\/1\/hoy-es-el-dia-de-la-aviacion-civil-internacional\/","og_locale":"es_ES","og_type":"article","og_title":"Hoy es el D\u00eda de la Aviaci\u00f3n Civil Internacional","og_description":"Portal de noticias del Per\u00fa sobre el transporte a\u00e9reo, aviaci\u00f3n, turismo, hoteleria, actualidad.","og_url":"https:\/\/aeronoticias.com.pe\/noticiero\/ultimas\/1\/hoy-es-el-dia-de-la-aviacion-civil-internacional\/","og_site_name":"Aeronoticias.com.pe","article_publisher":"https:\/\/www.facebook.com\/Aeronoticias.com.pe\/","article_published_time":"2011-12-07T15:36:22+00:00","author":"Redacci\u00f3n Aeronoticias","twitter_card":"summary_large_image","twitter_creator":"@aeronoticias","twitter_site":"@aeronoticias","twitter_misc":{"Escrito por":"Redacci\u00f3n Aeronoticias","Tiempo de lectura":"1 minuto"},"schema":{"@context":"https:\/\/schema.org","@graph":[{"@type":"WebPage","@id":"https:\/\/aeronoticias.com.pe\/noticiero\/ultimas\/1\/hoy-es-el-dia-de-la-aviacion-civil-internacional\/","url":"https:\/\/aeronoticias.com.pe\/noticiero\/ultimas\/1\/hoy-es-el-dia-de-la-aviacion-civil-internacional\/","name":"Hoy es el D\u00eda de la Aviaci\u00f3n Civil Internacional","isPartOf":{"@id":"https:\/\/aeronoticias.com.pe\/noticiero\/#website"},"datePublished":"2011-12-07T15:36:22+00:00","author":{"@id":"https:\/\/aeronoticias.com.pe\/noticiero\/#\/schema\/person\/fc1e5d578f4b62ba1cf7ac2bba1170a0"},"description":"Portal de noticias del Per\u00fa sobre el transporte a\u00e9reo, aviaci\u00f3n, turismo, hoteleria, actualidad.","breadcrumb":{"@id":"https:\/\/aeronoticias.com.pe\/noticiero\/ultimas\/1\/hoy-es-el-dia-de-la-aviacion-civil-internacional\/#breadcrumb"},"inLanguage":"es","potentialAction":[{"@type":"ReadAction","target":["https:\/\/aeronoticias.com.pe\/noticiero\/ultimas\/1\/hoy-es-el-dia-de-la-aviacion-civil-internacional\/"]}]},{"@type":"BreadcrumbList","@id":"https:\/\/aeronoticias.com.pe\/noticiero\/ultimas\/1\/hoy-es-el-dia-de-la-aviacion-civil-internacional\/#breadcrumb","itemListElement":[{"@type":"ListItem","position":1,"name":"Portada","item":"https:\/\/aeronoticias.com.pe\/noticiero\/"},{"@type":"ListItem","position":2,"name":"Hoy es el D\u00eda de la Aviaci\u00f3n Civil Internacional"}]},{"@type":"WebSite","@id":"https:\/\/aeronoticias.com.pe\/noticiero\/#website","url":"https:\/\/aeronoticias.com.pe\/noticiero\/","name":"Aeronoticias.com.pe","description":"Noticias de tranporte aereo, turismo, hoteles, gastronomia, actualidad, internacional","potentialAction":[{"@type":"SearchAction","target":{"@type":"EntryPoint","urlTemplate":"https:\/\/aeronoticias.com.pe\/noticiero\/?s={search_term_string}"},"query-input":{"@type":"PropertyValueSpecification","valueRequired":true,"valueName":"search_term_string"}}],"inLanguage":"es"},{"@type":"Person","@id":"https:\/\/aeronoticias.com.pe\/noticiero\/#\/schema\/person\/fc1e5d578f4b62ba1cf7ac2bba1170a0","name":"Redacci\u00f3n Aeronoticias","url":"https:\/\/aeronoticias.com.pe\/noticiero\/author\/piloto\/"}]}},"_links":{"self":[{"href":"https:\/\/aeronoticias.com.pe\/noticiero\/wp-json\/wp\/v2\/posts\/21395","targetHints":{"allow":["GET"]}}],"collection":[{"href":"https:\/\/aeronoticias.com.pe\/noticiero\/wp-json\/wp\/v2\/posts"}],"about":[{"href":"https:\/\/aeronoticias.com.pe\/noticiero\/wp-json\/wp\/v2\/types\/post"}],"author":[{"embeddable":true,"href":"https:\/\/aeronoticias.com.pe\/noticiero\/wp-json\/wp\/v2\/users\/1"}],"replies":[{"embeddable":true,"href":"https:\/\/aeronoticias.com.pe\/noticiero\/wp-json\/wp\/v2\/comments?post=21395"}],"version-history":[{"count":0,"href":"https:\/\/aeronoticias.com.pe\/noticiero\/wp-json\/wp\/v2\/posts\/21395\/revisions"}],"wp:attachment":[{"href":"https:\/\/aeronoticias.com.pe\/noticiero\/wp-json\/wp\/v2\/media?parent=21395"}],"wp:term":[{"taxonomy":"category","embeddable":true,"href":"https:\/\/aeronoticias.com.pe\/noticiero\/wp-json\/wp\/v2\/categories?post=21395"},{"taxonomy":"post_tag","embeddable":true,"href":"https:\/\/aeronoticias.com.pe\/noticiero\/wp-json\/wp\/v2\/tags?post=21395"}],"curies":[{"name":"wp","href":"https:\/\/api.w.org\/{rel}","templated":true}]}}