{"id":21396,"date":"2011-12-07T19:03:25","date_gmt":"2011-12-07T19:03:25","guid":{"rendered":"http:\/\/desarrollo.mcvicious.com\/aero2020\/2011\/12\/07\/en-el-dia-de-la-aviacion-civil-internacional-recuerdan-libro-del-peru-al-cincuentenario-de-la-oaci\/"},"modified":"2011-12-07T19:03:25","modified_gmt":"2011-12-07T19:03:25","slug":"en-el-dia-de-la-aviacion-civil-internacional-recuerdan-libro-del-peru-al-cincuentenario-de-la-oaci","status":"publish","type":"post","link":"https:\/\/aeronoticias.com.pe\/noticiero\/ultimas\/1\/en-el-dia-de-la-aviacion-civil-internacional-recuerdan-libro-del-peru-al-cincuentenario-de-la-oaci\/","title":{"rendered":"En el D\u00eda de la Aviaci\u00f3n Civil Internacional recuerdan libro del Per\u00fa al Cincuentenario de la OACI"},"content":{"rendered":"<p style=\"text-align: justify;\"><strong>(Aeronoticias).-<\/strong> El 07 de diciembre de 1994 se celebr\u00f3 en Lima el cincuenta aniversario de creaci\u00f3n de la Organizaci\u00f3n de la Aviaci\u00f3n Civil Internacional OACI, que tienen 7 sedes regionales en el mundo, una de las cuales est\u00e1 en el Per\u00fa.<\/p>\n<p>En esa fecha se conform\u00f3 la Comisi\u00f3n del Cincuentenario del Convenio de Chicago de 1944 que estuvo integrado por la OACI por el se\u00f1or Paulo Imre Hegedus, se\u00f1ora Nora Arias y se\u00f1or Jorge Fern\u00e1ndez, por la Asociaci\u00f3n de Empresas de Transporte A\u00e9reo Internacional AETAI, el se\u00f1or Jos\u00e9 Luis da Cunha, por la Comisi\u00f3n Interamericana de Juristas Expertos en Derecho A\u00e9reo y Espacial CIJEDAE y el Instituto Peruano de Derecho A\u00e9reo, Julian Palac\u00edn Fern\u00e1ndez, por PROMPERU el se\u00f1or Guillermo Denegri y por el Ministerio de Relaciones Exteriores en el Per\u00fa el se\u00f1or Mario Bustamante R.<\/p>\n<p>  <!--more-->  <\/p>\n<p style=\"text-align: center;\"><img loading=\"lazy\" decoding=\"async\" src=\"images\/stories\/11\/12\/071211\/oaci.jpg\" border=\"0\" alt=\"En el D\u00eda de la Aviaci\u00f3n Civil Internacional recuerdan libro del Per\u00fa al Cincuentenario de la OACI\" width=\"400\" height=\"268\" \/><\/p>\n<p style=\"text-align: justify;\">Es importante destacar que dentro del programa oficial de los Estados se realiz\u00f3 un acto acad\u00e9mico internacional a cargo del presidente de la OACI, Dr. Assad Kotaite, quien en la oficina regional sudamericana de la OACI en Lima, present\u00f3 el libro \u201cLa OACI y la CLAC en el desarrollo del Transporte A\u00e9reo en la Regi\u00f3n\u201d, escrito por el presidente del Instituto Peruano de Derecho A\u00e9reo IPDA, Julian Palac\u00edn Fern\u00e1ndez, en 580 p\u00e1ginas, que fue un homenaje del Per\u00fa al Cincuentenario de la OACI en un tiraje de 2,000 ejemplares que se distribuyeron en 185 pa\u00edses y que ya est\u00e1 agotado.<\/p>\n<p style=\"text-align: center;\"><img decoding=\"async\" src=\"images\/stories\/11\/12\/071211\/oaci_reunion.jpg\" border=\"0\" alt=\"En el D\u00eda de la Aviaci\u00f3n Civil Internacional recuerdan libro del Per\u00fa al Cincuentenario de la OACI\" \/><\/p>\n<p style=\"text-align: justify;\"><a href=\"images\/stories\/11\/12\/071211\/oaci_presentacion.jpg\" target=\"_blank\" rel=\"noopener noreferrer\">Hacer click para ver el programa de los actos oficiales del Cincuentenario de la OACI<\/a>:<\/p>\n<p style=\"text-align: center;\"><a href=\"images\/stories\/11\/12\/071211\/oaci_presentacion.jpg\" target=\"_blank\" rel=\"noopener noreferrer\"><img decoding=\"async\" src=\"images\/stories\/11\/12\/071211\/oaci_portada.jpg\" border=\"0\" alt=\"En el D\u00eda de la Aviaci\u00f3n Civil Internacional recuerdan libro del Per\u00fa al Cincuentenario de la OACI\" \/><\/a><\/p>\n<p>{jathumbnail off images=\u00bbimages\/stories\/11\/12\/071211\/oaci.jpg,images\/stories\/11\/12\/071211\/oaci_reunion.jpg,images\/stories\/11\/12\/071211\/oaci_portada.jpg\u00bb}<\/p>\n","protected":false},"excerpt":{"rendered":"<p>(Aeronoticias).- El 07 de diciembre de 1994 se celebr\u00f3 en Lima el cincuenta aniversario de creaci\u00f3n de la Organizaci\u00f3n de la Aviaci\u00f3n Civil Internacional OACI, que tienen 7 sedes regionales en el mundo, una de las cuales est\u00e1 en el Per\u00fa. En esa fecha se conform\u00f3 la Comisi\u00f3n del Cincuentenario del Convenio de Chicago de [&hellip;]<\/p>\n","protected":false},"author":1,"featured_media":0,"comment_status":"open","ping_status":"open","sticky":false,"template":"","format":"standard","meta":{"tdm_status":"","tdm_grid_status":"","footnotes":""},"categories":[30],"tags":[],"class_list":{"0":"post-21396","1":"post","2":"type-post","3":"status-publish","4":"format-standard","6":"category-30"},"yoast_head":"<!-- This site is optimized with the Yoast SEO plugin v25.1 - https:\/\/yoast.com\/wordpress\/plugins\/seo\/ -->\n<title>En el D\u00eda de la Aviaci\u00f3n Civil Internacional recuerdan libro del Per\u00fa al Cincuentenario de la OACI<\/title>\n<meta name=\"description\" content=\"Portal de noticias del Per\u00fa sobre el transporte a\u00e9reo, aviaci\u00f3n, turismo, hoteleria, actualidad.\" \/>\n<meta name=\"robots\" content=\"index, follow, max-snippet:-1, max-image-preview:large, max-video-preview:-1\" \/>\n<link rel=\"canonical\" href=\"https:\/\/aeronoticias.com.pe\/noticiero\/ultimas\/1\/en-el-dia-de-la-aviacion-civil-internacional-recuerdan-libro-del-peru-al-cincuentenario-de-la-oaci\/\" \/>\n<meta property=\"og:locale\" content=\"es_ES\" \/>\n<meta property=\"og:type\" content=\"article\" \/>\n<meta property=\"og:title\" content=\"En el D\u00eda de la Aviaci\u00f3n Civil Internacional recuerdan libro del Per\u00fa al Cincuentenario de la OACI\" \/>\n<meta property=\"og:description\" content=\"Portal de noticias del Per\u00fa sobre el transporte a\u00e9reo, aviaci\u00f3n, turismo, hoteleria, actualidad.\" \/>\n<meta property=\"og:url\" content=\"https:\/\/aeronoticias.com.pe\/noticiero\/ultimas\/1\/en-el-dia-de-la-aviacion-civil-internacional-recuerdan-libro-del-peru-al-cincuentenario-de-la-oaci\/\" \/>\n<meta property=\"og:site_name\" content=\"Aeronoticias.com.pe\" \/>\n<meta property=\"article:publisher\" content=\"https:\/\/www.facebook.com\/Aeronoticias.com.pe\/\" \/>\n<meta property=\"article:published_time\" content=\"2011-12-07T19:03:25+00:00\" \/>\n<meta name=\"author\" content=\"Redacci\u00f3n Aeronoticias\" \/>\n<meta name=\"twitter:card\" content=\"summary_large_image\" \/>\n<meta name=\"twitter:creator\" content=\"@aeronoticias\" \/>\n<meta name=\"twitter:site\" content=\"@aeronoticias\" \/>\n<meta name=\"twitter:label1\" content=\"Escrito por\" \/>\n\t<meta name=\"twitter:data1\" content=\"Redacci\u00f3n Aeronoticias\" \/>\n\t<meta name=\"twitter:label2\" content=\"Tiempo de lectura\" \/>\n\t<meta name=\"twitter:data2\" content=\"1 minuto\" \/>\n<script type=\"application\/ld+json\" class=\"yoast-schema-graph\">{\"@context\":\"https:\/\/schema.org\",\"@graph\":[{\"@type\":\"WebPage\",\"@id\":\"https:\/\/aeronoticias.com.pe\/noticiero\/ultimas\/1\/en-el-dia-de-la-aviacion-civil-internacional-recuerdan-libro-del-peru-al-cincuentenario-de-la-oaci\/\",\"url\":\"https:\/\/aeronoticias.com.pe\/noticiero\/ultimas\/1\/en-el-dia-de-la-aviacion-civil-internacional-recuerdan-libro-del-peru-al-cincuentenario-de-la-oaci\/\",\"name\":\"En el D\u00eda de la Aviaci\u00f3n Civil Internacional recuerdan libro del Per\u00fa al Cincuentenario de la OACI\",\"isPartOf\":{\"@id\":\"https:\/\/aeronoticias.com.pe\/noticiero\/#website\"},\"datePublished\":\"2011-12-07T19:03:25+00:00\",\"author\":{\"@id\":\"https:\/\/aeronoticias.com.pe\/noticiero\/#\/schema\/person\/fc1e5d578f4b62ba1cf7ac2bba1170a0\"},\"description\":\"Portal de noticias del Per\u00fa sobre el transporte a\u00e9reo, aviaci\u00f3n, turismo, hoteleria, actualidad.\",\"breadcrumb\":{\"@id\":\"https:\/\/aeronoticias.com.pe\/noticiero\/ultimas\/1\/en-el-dia-de-la-aviacion-civil-internacional-recuerdan-libro-del-peru-al-cincuentenario-de-la-oaci\/#breadcrumb\"},\"inLanguage\":\"es\",\"potentialAction\":[{\"@type\":\"ReadAction\",\"target\":[\"https:\/\/aeronoticias.com.pe\/noticiero\/ultimas\/1\/en-el-dia-de-la-aviacion-civil-internacional-recuerdan-libro-del-peru-al-cincuentenario-de-la-oaci\/\"]}]},{\"@type\":\"BreadcrumbList\",\"@id\":\"https:\/\/aeronoticias.com.pe\/noticiero\/ultimas\/1\/en-el-dia-de-la-aviacion-civil-internacional-recuerdan-libro-del-peru-al-cincuentenario-de-la-oaci\/#breadcrumb\",\"itemListElement\":[{\"@type\":\"ListItem\",\"position\":1,\"name\":\"Portada\",\"item\":\"https:\/\/aeronoticias.com.pe\/noticiero\/\"},{\"@type\":\"ListItem\",\"position\":2,\"name\":\"En el D\u00eda de la Aviaci\u00f3n Civil Internacional recuerdan libro del Per\u00fa al Cincuentenario de la OACI\"}]},{\"@type\":\"WebSite\",\"@id\":\"https:\/\/aeronoticias.com.pe\/noticiero\/#website\",\"url\":\"https:\/\/aeronoticias.com.pe\/noticiero\/\",\"name\":\"Aeronoticias.com.pe\",\"description\":\"Noticias de tranporte aereo, turismo, hoteles, gastronomia, actualidad, internacional\",\"potentialAction\":[{\"@type\":\"SearchAction\",\"target\":{\"@type\":\"EntryPoint\",\"urlTemplate\":\"https:\/\/aeronoticias.com.pe\/noticiero\/?s={search_term_string}\"},\"query-input\":{\"@type\":\"PropertyValueSpecification\",\"valueRequired\":true,\"valueName\":\"search_term_string\"}}],\"inLanguage\":\"es\"},{\"@type\":\"Person\",\"@id\":\"https:\/\/aeronoticias.com.pe\/noticiero\/#\/schema\/person\/fc1e5d578f4b62ba1cf7ac2bba1170a0\",\"name\":\"Redacci\u00f3n Aeronoticias\",\"url\":\"https:\/\/aeronoticias.com.pe\/noticiero\/author\/piloto\/\"}]}<\/script>\n<!-- \/ Yoast SEO plugin. -->","yoast_head_json":{"title":"En el D\u00eda de la Aviaci\u00f3n Civil Internacional recuerdan libro del Per\u00fa al Cincuentenario de la OACI","description":"Portal de noticias del Per\u00fa sobre el transporte a\u00e9reo, aviaci\u00f3n, turismo, hoteleria, actualidad.","robots":{"index":"index","follow":"follow","max-snippet":"max-snippet:-1","max-image-preview":"max-image-preview:large","max-video-preview":"max-video-preview:-1"},"canonical":"https:\/\/aeronoticias.com.pe\/noticiero\/ultimas\/1\/en-el-dia-de-la-aviacion-civil-internacional-recuerdan-libro-del-peru-al-cincuentenario-de-la-oaci\/","og_locale":"es_ES","og_type":"article","og_title":"En el D\u00eda de la Aviaci\u00f3n Civil Internacional recuerdan libro del Per\u00fa al Cincuentenario de la OACI","og_description":"Portal de noticias del Per\u00fa sobre el transporte a\u00e9reo, aviaci\u00f3n, turismo, hoteleria, actualidad.","og_url":"https:\/\/aeronoticias.com.pe\/noticiero\/ultimas\/1\/en-el-dia-de-la-aviacion-civil-internacional-recuerdan-libro-del-peru-al-cincuentenario-de-la-oaci\/","og_site_name":"Aeronoticias.com.pe","article_publisher":"https:\/\/www.facebook.com\/Aeronoticias.com.pe\/","article_published_time":"2011-12-07T19:03:25+00:00","author":"Redacci\u00f3n Aeronoticias","twitter_card":"summary_large_image","twitter_creator":"@aeronoticias","twitter_site":"@aeronoticias","twitter_misc":{"Escrito por":"Redacci\u00f3n Aeronoticias","Tiempo de lectura":"1 minuto"},"schema":{"@context":"https:\/\/schema.org","@graph":[{"@type":"WebPage","@id":"https:\/\/aeronoticias.com.pe\/noticiero\/ultimas\/1\/en-el-dia-de-la-aviacion-civil-internacional-recuerdan-libro-del-peru-al-cincuentenario-de-la-oaci\/","url":"https:\/\/aeronoticias.com.pe\/noticiero\/ultimas\/1\/en-el-dia-de-la-aviacion-civil-internacional-recuerdan-libro-del-peru-al-cincuentenario-de-la-oaci\/","name":"En el D\u00eda de la Aviaci\u00f3n Civil Internacional recuerdan libro del Per\u00fa al Cincuentenario de la OACI","isPartOf":{"@id":"https:\/\/aeronoticias.com.pe\/noticiero\/#website"},"datePublished":"2011-12-07T19:03:25+00:00","author":{"@id":"https:\/\/aeronoticias.com.pe\/noticiero\/#\/schema\/person\/fc1e5d578f4b62ba1cf7ac2bba1170a0"},"description":"Portal de noticias del Per\u00fa sobre el transporte a\u00e9reo, aviaci\u00f3n, turismo, hoteleria, actualidad.","breadcrumb":{"@id":"https:\/\/aeronoticias.com.pe\/noticiero\/ultimas\/1\/en-el-dia-de-la-aviacion-civil-internacional-recuerdan-libro-del-peru-al-cincuentenario-de-la-oaci\/#breadcrumb"},"inLanguage":"es","potentialAction":[{"@type":"ReadAction","target":["https:\/\/aeronoticias.com.pe\/noticiero\/ultimas\/1\/en-el-dia-de-la-aviacion-civil-internacional-recuerdan-libro-del-peru-al-cincuentenario-de-la-oaci\/"]}]},{"@type":"BreadcrumbList","@id":"https:\/\/aeronoticias.com.pe\/noticiero\/ultimas\/1\/en-el-dia-de-la-aviacion-civil-internacional-recuerdan-libro-del-peru-al-cincuentenario-de-la-oaci\/#breadcrumb","itemListElement":[{"@type":"ListItem","position":1,"name":"Portada","item":"https:\/\/aeronoticias.com.pe\/noticiero\/"},{"@type":"ListItem","position":2,"name":"En el D\u00eda de la Aviaci\u00f3n Civil Internacional recuerdan libro del Per\u00fa al Cincuentenario de la OACI"}]},{"@type":"WebSite","@id":"https:\/\/aeronoticias.com.pe\/noticiero\/#website","url":"https:\/\/aeronoticias.com.pe\/noticiero\/","name":"Aeronoticias.com.pe","description":"Noticias de tranporte aereo, turismo, hoteles, gastronomia, actualidad, internacional","potentialAction":[{"@type":"SearchAction","target":{"@type":"EntryPoint","urlTemplate":"https:\/\/aeronoticias.com.pe\/noticiero\/?s={search_term_string}"},"query-input":{"@type":"PropertyValueSpecification","valueRequired":true,"valueName":"search_term_string"}}],"inLanguage":"es"},{"@type":"Person","@id":"https:\/\/aeronoticias.com.pe\/noticiero\/#\/schema\/person\/fc1e5d578f4b62ba1cf7ac2bba1170a0","name":"Redacci\u00f3n Aeronoticias","url":"https:\/\/aeronoticias.com.pe\/noticiero\/author\/piloto\/"}]}},"_links":{"self":[{"href":"https:\/\/aeronoticias.com.pe\/noticiero\/wp-json\/wp\/v2\/posts\/21396","targetHints":{"allow":["GET"]}}],"collection":[{"href":"https:\/\/aeronoticias.com.pe\/noticiero\/wp-json\/wp\/v2\/posts"}],"about":[{"href":"https:\/\/aeronoticias.com.pe\/noticiero\/wp-json\/wp\/v2\/types\/post"}],"author":[{"embeddable":true,"href":"https:\/\/aeronoticias.com.pe\/noticiero\/wp-json\/wp\/v2\/users\/1"}],"replies":[{"embeddable":true,"href":"https:\/\/aeronoticias.com.pe\/noticiero\/wp-json\/wp\/v2\/comments?post=21396"}],"version-history":[{"count":0,"href":"https:\/\/aeronoticias.com.pe\/noticiero\/wp-json\/wp\/v2\/posts\/21396\/revisions"}],"wp:attachment":[{"href":"https:\/\/aeronoticias.com.pe\/noticiero\/wp-json\/wp\/v2\/media?parent=21396"}],"wp:term":[{"taxonomy":"category","embeddable":true,"href":"https:\/\/aeronoticias.com.pe\/noticiero\/wp-json\/wp\/v2\/categories?post=21396"},{"taxonomy":"post_tag","embeddable":true,"href":"https:\/\/aeronoticias.com.pe\/noticiero\/wp-json\/wp\/v2\/tags?post=21396"}],"curies":[{"name":"wp","href":"https:\/\/api.w.org\/{rel}","templated":true}]}}