{"id":21399,"date":"2011-12-07T19:19:04","date_gmt":"2011-12-07T19:19:04","guid":{"rendered":"http:\/\/desarrollo.mcvicious.com\/aero2020\/2011\/12\/07\/francia-reconoce-el-fin-del-avion-qrafaleq-si-no-se-vende-a-otros-paises\/"},"modified":"2011-12-07T19:19:04","modified_gmt":"2011-12-07T19:19:04","slug":"francia-reconoce-el-fin-del-avion-qrafaleq-si-no-se-vende-a-otros-paises","status":"publish","type":"post","link":"https:\/\/aeronoticias.com.pe\/noticiero\/internacionales\/francia-reconoce-el-fin-del-avion-qrafaleq-si-no-se-vende-a-otros-paises\/","title":{"rendered":"Francia reconoce el fin del avi\u00f3n \u00abRafale\u00bb si no se vende a otros pa\u00edses"},"content":{"rendered":"<p style=\"text-align: justify;\"><strong>(Aeronoticias).-<\/strong> El Gobierno\u00a0franc\u00e9s\u00a0reconoci\u00f3 hoy que\u00a0eval\u00faa\u00a0la posibilidad de dejar de fabricar el avi\u00f3n de combate\u00a0&#8216;Rafale&#8217; si este modelo sigue sin venderse a otros pa\u00edses, seg\u00fan revel\u00f3 el ministro de Defensa, G\u00e9rard Longuet.<\/p>\n<p style=\"text-align: justify;\">Aunque en un primer momento Longuet dio a entender que el fabricante, Dassault, dejar\u00eda de producirlo a partir de 2018, posteriormente cit\u00f3 la fecha de 2030 como posible fin de fabricaci\u00f3n del aparato.<\/p>\n<p>  <!--more-->  <\/p>\n<p style=\"text-align: justify;\">En declaraciones a un grupo de medios franceses, entre ellos \u00abLe Monde\u00bb y la radio \u00abFrance Info\u00bb, el ministro dijo que \u00absi Dassault no vende su aparato en el extranjero, la cadena se parar\u00e1 y los aparatos seguir\u00e1n siendo mantenidos\u00bb.<\/p>\n<p style=\"text-align: justify;\">Las declaraciones del ministro se conocen despu\u00e9s de las dificultades que atraviesa la venta de los\u00a0&#8216;Rafale&#8217;\u00a0a otros pa\u00edses, como Brasil o los Emiratos \u00c1rabes Unidos (EAU).<\/p>\n<p><strong>M\u00e1s informaci\u00f3n<\/strong><\/p>\n<p style=\"text-align: justify;\">Brasil\u00a0ha comunicado a Francia que podr\u00eda reconsiderar en 2012 su decisi\u00f3n de parar la licitaci\u00f3n de aviones de defensa, en la que participan los Rafale. Mientras que\u00a0los EAU hicieron saber que la oferta del fabricante Dassault \u00abno es competitiva\u00bb. EFE<\/p>\n<p><img decoding=\"async\" src=\"images\/stories\/10\/02\/050210\/rafaele.jpg\" border=\"0\" alt=\"Francia reconoce el fin del avi\u00f3n \" title=\"Francia reconoce el fin del avi\u00f3n \" \/><\/p>\n<p><\/p>\n","protected":false},"excerpt":{"rendered":"<p>(Aeronoticias).- El Gobierno\u00a0franc\u00e9s\u00a0reconoci\u00f3 hoy que\u00a0eval\u00faa\u00a0la posibilidad de dejar de fabricar el avi\u00f3n de combate\u00a0&#8216;Rafale&#8217; si este modelo sigue sin venderse a otros pa\u00edses, seg\u00fan revel\u00f3 el ministro de Defensa, G\u00e9rard Longuet. Aunque en un primer momento Longuet dio a entender que el fabricante, Dassault, dejar\u00eda de producirlo a partir de 2018, posteriormente cit\u00f3 la fecha [&hellip;]<\/p>\n","protected":false},"author":1,"featured_media":0,"comment_status":"open","ping_status":"open","sticky":false,"template":"","format":"standard","meta":{"tdm_status":"","tdm_grid_status":"","footnotes":""},"categories":[34],"tags":[],"class_list":{"0":"post-21399","1":"post","2":"type-post","3":"status-publish","4":"format-standard","6":"category-internacionales"},"yoast_head":"<!-- This site is optimized with the Yoast SEO plugin v25.1 - https:\/\/yoast.com\/wordpress\/plugins\/seo\/ -->\n<title>Francia reconoce el fin del avi\u00f3n &quot;Rafale&quot; si no se vende a otros pa\u00edses<\/title>\n<meta name=\"description\" content=\"Portal de noticias del Per\u00fa sobre el transporte a\u00e9reo, aviaci\u00f3n, turismo, hoteleria, actualidad.\" \/>\n<meta name=\"robots\" content=\"index, follow, max-snippet:-1, max-image-preview:large, max-video-preview:-1\" \/>\n<link rel=\"canonical\" href=\"https:\/\/aeronoticias.com.pe\/noticiero\/internacionales\/francia-reconoce-el-fin-del-avion-qrafaleq-si-no-se-vende-a-otros-paises\/\" \/>\n<meta property=\"og:locale\" content=\"es_ES\" \/>\n<meta property=\"og:type\" content=\"article\" \/>\n<meta property=\"og:title\" content=\"Francia reconoce el fin del avi\u00f3n &quot;Rafale&quot; si no se vende a otros pa\u00edses\" \/>\n<meta property=\"og:description\" content=\"Portal de noticias del Per\u00fa sobre el transporte a\u00e9reo, aviaci\u00f3n, turismo, hoteleria, actualidad.\" \/>\n<meta property=\"og:url\" content=\"https:\/\/aeronoticias.com.pe\/noticiero\/internacionales\/francia-reconoce-el-fin-del-avion-qrafaleq-si-no-se-vende-a-otros-paises\/\" \/>\n<meta property=\"og:site_name\" content=\"Aeronoticias.com.pe\" \/>\n<meta property=\"article:publisher\" content=\"https:\/\/www.facebook.com\/Aeronoticias.com.pe\/\" \/>\n<meta property=\"article:published_time\" content=\"2011-12-07T19:19:04+00:00\" \/>\n<meta name=\"author\" content=\"Redacci\u00f3n Aeronoticias\" \/>\n<meta name=\"twitter:card\" content=\"summary_large_image\" \/>\n<meta name=\"twitter:creator\" content=\"@aeronoticias\" \/>\n<meta name=\"twitter:site\" content=\"@aeronoticias\" \/>\n<meta name=\"twitter:label1\" content=\"Escrito por\" \/>\n\t<meta name=\"twitter:data1\" content=\"Redacci\u00f3n Aeronoticias\" \/>\n\t<meta name=\"twitter:label2\" content=\"Tiempo de lectura\" \/>\n\t<meta name=\"twitter:data2\" content=\"1 minuto\" \/>\n<script type=\"application\/ld+json\" class=\"yoast-schema-graph\">{\"@context\":\"https:\/\/schema.org\",\"@graph\":[{\"@type\":\"WebPage\",\"@id\":\"https:\/\/aeronoticias.com.pe\/noticiero\/internacionales\/francia-reconoce-el-fin-del-avion-qrafaleq-si-no-se-vende-a-otros-paises\/\",\"url\":\"https:\/\/aeronoticias.com.pe\/noticiero\/internacionales\/francia-reconoce-el-fin-del-avion-qrafaleq-si-no-se-vende-a-otros-paises\/\",\"name\":\"Francia reconoce el fin del avi\u00f3n \\\"Rafale\\\" si no se vende a otros pa\u00edses\",\"isPartOf\":{\"@id\":\"https:\/\/aeronoticias.com.pe\/noticiero\/#website\"},\"datePublished\":\"2011-12-07T19:19:04+00:00\",\"author\":{\"@id\":\"https:\/\/aeronoticias.com.pe\/noticiero\/#\/schema\/person\/fc1e5d578f4b62ba1cf7ac2bba1170a0\"},\"description\":\"Portal de noticias del Per\u00fa sobre el transporte a\u00e9reo, aviaci\u00f3n, turismo, hoteleria, actualidad.\",\"breadcrumb\":{\"@id\":\"https:\/\/aeronoticias.com.pe\/noticiero\/internacionales\/francia-reconoce-el-fin-del-avion-qrafaleq-si-no-se-vende-a-otros-paises\/#breadcrumb\"},\"inLanguage\":\"es\",\"potentialAction\":[{\"@type\":\"ReadAction\",\"target\":[\"https:\/\/aeronoticias.com.pe\/noticiero\/internacionales\/francia-reconoce-el-fin-del-avion-qrafaleq-si-no-se-vende-a-otros-paises\/\"]}]},{\"@type\":\"BreadcrumbList\",\"@id\":\"https:\/\/aeronoticias.com.pe\/noticiero\/internacionales\/francia-reconoce-el-fin-del-avion-qrafaleq-si-no-se-vende-a-otros-paises\/#breadcrumb\",\"itemListElement\":[{\"@type\":\"ListItem\",\"position\":1,\"name\":\"Portada\",\"item\":\"https:\/\/aeronoticias.com.pe\/noticiero\/\"},{\"@type\":\"ListItem\",\"position\":2,\"name\":\"Francia reconoce el fin del avi\u00f3n \u00abRafale\u00bb si no se vende a otros pa\u00edses\"}]},{\"@type\":\"WebSite\",\"@id\":\"https:\/\/aeronoticias.com.pe\/noticiero\/#website\",\"url\":\"https:\/\/aeronoticias.com.pe\/noticiero\/\",\"name\":\"Aeronoticias.com.pe\",\"description\":\"Noticias de tranporte aereo, turismo, hoteles, gastronomia, actualidad, internacional\",\"potentialAction\":[{\"@type\":\"SearchAction\",\"target\":{\"@type\":\"EntryPoint\",\"urlTemplate\":\"https:\/\/aeronoticias.com.pe\/noticiero\/?s={search_term_string}\"},\"query-input\":{\"@type\":\"PropertyValueSpecification\",\"valueRequired\":true,\"valueName\":\"search_term_string\"}}],\"inLanguage\":\"es\"},{\"@type\":\"Person\",\"@id\":\"https:\/\/aeronoticias.com.pe\/noticiero\/#\/schema\/person\/fc1e5d578f4b62ba1cf7ac2bba1170a0\",\"name\":\"Redacci\u00f3n Aeronoticias\",\"url\":\"https:\/\/aeronoticias.com.pe\/noticiero\/author\/piloto\/\"}]}<\/script>\n<!-- \/ Yoast SEO plugin. -->","yoast_head_json":{"title":"Francia reconoce el fin del avi\u00f3n \"Rafale\" si no se vende a otros pa\u00edses","description":"Portal de noticias del Per\u00fa sobre el transporte a\u00e9reo, aviaci\u00f3n, turismo, hoteleria, actualidad.","robots":{"index":"index","follow":"follow","max-snippet":"max-snippet:-1","max-image-preview":"max-image-preview:large","max-video-preview":"max-video-preview:-1"},"canonical":"https:\/\/aeronoticias.com.pe\/noticiero\/internacionales\/francia-reconoce-el-fin-del-avion-qrafaleq-si-no-se-vende-a-otros-paises\/","og_locale":"es_ES","og_type":"article","og_title":"Francia reconoce el fin del avi\u00f3n \"Rafale\" si no se vende a otros pa\u00edses","og_description":"Portal de noticias del Per\u00fa sobre el transporte a\u00e9reo, aviaci\u00f3n, turismo, hoteleria, actualidad.","og_url":"https:\/\/aeronoticias.com.pe\/noticiero\/internacionales\/francia-reconoce-el-fin-del-avion-qrafaleq-si-no-se-vende-a-otros-paises\/","og_site_name":"Aeronoticias.com.pe","article_publisher":"https:\/\/www.facebook.com\/Aeronoticias.com.pe\/","article_published_time":"2011-12-07T19:19:04+00:00","author":"Redacci\u00f3n Aeronoticias","twitter_card":"summary_large_image","twitter_creator":"@aeronoticias","twitter_site":"@aeronoticias","twitter_misc":{"Escrito por":"Redacci\u00f3n Aeronoticias","Tiempo de lectura":"1 minuto"},"schema":{"@context":"https:\/\/schema.org","@graph":[{"@type":"WebPage","@id":"https:\/\/aeronoticias.com.pe\/noticiero\/internacionales\/francia-reconoce-el-fin-del-avion-qrafaleq-si-no-se-vende-a-otros-paises\/","url":"https:\/\/aeronoticias.com.pe\/noticiero\/internacionales\/francia-reconoce-el-fin-del-avion-qrafaleq-si-no-se-vende-a-otros-paises\/","name":"Francia reconoce el fin del avi\u00f3n \"Rafale\" si no se vende a otros pa\u00edses","isPartOf":{"@id":"https:\/\/aeronoticias.com.pe\/noticiero\/#website"},"datePublished":"2011-12-07T19:19:04+00:00","author":{"@id":"https:\/\/aeronoticias.com.pe\/noticiero\/#\/schema\/person\/fc1e5d578f4b62ba1cf7ac2bba1170a0"},"description":"Portal de noticias del Per\u00fa sobre el transporte a\u00e9reo, aviaci\u00f3n, turismo, hoteleria, actualidad.","breadcrumb":{"@id":"https:\/\/aeronoticias.com.pe\/noticiero\/internacionales\/francia-reconoce-el-fin-del-avion-qrafaleq-si-no-se-vende-a-otros-paises\/#breadcrumb"},"inLanguage":"es","potentialAction":[{"@type":"ReadAction","target":["https:\/\/aeronoticias.com.pe\/noticiero\/internacionales\/francia-reconoce-el-fin-del-avion-qrafaleq-si-no-se-vende-a-otros-paises\/"]}]},{"@type":"BreadcrumbList","@id":"https:\/\/aeronoticias.com.pe\/noticiero\/internacionales\/francia-reconoce-el-fin-del-avion-qrafaleq-si-no-se-vende-a-otros-paises\/#breadcrumb","itemListElement":[{"@type":"ListItem","position":1,"name":"Portada","item":"https:\/\/aeronoticias.com.pe\/noticiero\/"},{"@type":"ListItem","position":2,"name":"Francia reconoce el fin del avi\u00f3n \u00abRafale\u00bb si no se vende a otros pa\u00edses"}]},{"@type":"WebSite","@id":"https:\/\/aeronoticias.com.pe\/noticiero\/#website","url":"https:\/\/aeronoticias.com.pe\/noticiero\/","name":"Aeronoticias.com.pe","description":"Noticias de tranporte aereo, turismo, hoteles, gastronomia, actualidad, internacional","potentialAction":[{"@type":"SearchAction","target":{"@type":"EntryPoint","urlTemplate":"https:\/\/aeronoticias.com.pe\/noticiero\/?s={search_term_string}"},"query-input":{"@type":"PropertyValueSpecification","valueRequired":true,"valueName":"search_term_string"}}],"inLanguage":"es"},{"@type":"Person","@id":"https:\/\/aeronoticias.com.pe\/noticiero\/#\/schema\/person\/fc1e5d578f4b62ba1cf7ac2bba1170a0","name":"Redacci\u00f3n Aeronoticias","url":"https:\/\/aeronoticias.com.pe\/noticiero\/author\/piloto\/"}]}},"_links":{"self":[{"href":"https:\/\/aeronoticias.com.pe\/noticiero\/wp-json\/wp\/v2\/posts\/21399","targetHints":{"allow":["GET"]}}],"collection":[{"href":"https:\/\/aeronoticias.com.pe\/noticiero\/wp-json\/wp\/v2\/posts"}],"about":[{"href":"https:\/\/aeronoticias.com.pe\/noticiero\/wp-json\/wp\/v2\/types\/post"}],"author":[{"embeddable":true,"href":"https:\/\/aeronoticias.com.pe\/noticiero\/wp-json\/wp\/v2\/users\/1"}],"replies":[{"embeddable":true,"href":"https:\/\/aeronoticias.com.pe\/noticiero\/wp-json\/wp\/v2\/comments?post=21399"}],"version-history":[{"count":0,"href":"https:\/\/aeronoticias.com.pe\/noticiero\/wp-json\/wp\/v2\/posts\/21399\/revisions"}],"wp:attachment":[{"href":"https:\/\/aeronoticias.com.pe\/noticiero\/wp-json\/wp\/v2\/media?parent=21399"}],"wp:term":[{"taxonomy":"category","embeddable":true,"href":"https:\/\/aeronoticias.com.pe\/noticiero\/wp-json\/wp\/v2\/categories?post=21399"},{"taxonomy":"post_tag","embeddable":true,"href":"https:\/\/aeronoticias.com.pe\/noticiero\/wp-json\/wp\/v2\/tags?post=21399"}],"curies":[{"name":"wp","href":"https:\/\/api.w.org\/{rel}","templated":true}]}}