{"id":21417,"date":"2011-12-08T02:58:10","date_gmt":"2011-12-08T02:58:10","guid":{"rendered":"http:\/\/desarrollo.mcvicious.com\/aero2020\/2011\/12\/08\/rescatan-a-tripulantes-heridos-de-la-embarcacion-pesquera-atiburon-3a\/"},"modified":"2011-12-08T02:58:10","modified_gmt":"2011-12-08T02:58:10","slug":"rescatan-a-tripulantes-heridos-de-la-embarcacion-pesquera-atiburon-3a","status":"publish","type":"post","link":"https:\/\/aeronoticias.com.pe\/noticiero\/nacionales\/rescatan-a-tripulantes-heridos-de-la-embarcacion-pesquera-atiburon-3a\/","title":{"rendered":"Rescatan a tripulantes heridos de la Embarcaci\u00f3n Pesquera \u00b4Tibur\u00f3n 3\u00b4"},"content":{"rendered":"<p style=\"text-align: justify;\">(Aeronoticias).-\u00a0 A las 0945 horas del d\u00eda de hoy, la Capitan\u00eda Guardacostas Mar\u00edtima del Callao, recibi\u00f3 la llamada telef\u00f3nica del procurador pesquero Carlos Rodr\u00edguez Solano de la empresa Luciana S.A.C., informando que los tripulantes de la Embarcaci\u00f3n Pesquera \u201cTibur\u00f3n 3\u201d con matr\u00edcula CE-12972-PM, sufrieron un accidente mientras realizaban sus faenas de pesca a 50 kil\u00f3metros aproximadamente del Puerto de Anc\u00f3n.<\/p>\n<p>El accidente se produjo como consecuencia de la rotura del tang\u00f3n del palo mayor de la embarcaci\u00f3n conocida como \u201cpluma\u201d, desde donde se realizan las maniobras con los aparejos de pesca, la cual cay\u00f3 encima de los tripulantes, cuando estos se encontraban recogiendo la red de pesca, dando como resultado: tres tripulantes heridos y uno fallecido, seg\u00fan informaci\u00f3n brindada por los pescadores.<\/p>\n<p>Ante lo ocurrido, la Capitan\u00eda de Puerto del Callao, activ\u00f3 el Plan de B\u00fasqueda y Rescate, disponiendo la salida del helic\u00f3ptero tipo UH-3H con personal param\u00e9dico de la Sanidad Mar\u00edtima Internacional de la Direcci\u00f3n Regional de Salud del Callao y personal de buzos de la Comandancia del Grupo de Salvamento de la Marina de Guerra del Per\u00fa, para el traslado de los tripulantes.<\/p>\n<p>Asimismo, se dio a conocer que los pescadores fueron trasladados por la embarcaci\u00f3n Pesquera \u201cTibur\u00f3n 6\u201d, para posteriormente ser evacuados por el helic\u00f3ptero al Centro M\u00e9dico Naval \u201cCirujano Mayor Santiago T\u00e1vara\u201d, donde ser\u00e1n evaluados por personal m\u00e9dico de dicho nosocomio.<\/p>\n<p>Los tripulantes fueron identificados como: Humberto Diego Ramos, Luli L\u00f3pez Bonifacio, Guillermo Saravia Moreno y Miguel \u00c1ngel Aguilar Rodr\u00edguez.<br \/><img decoding=\"async\" class=\"caption\" src=\"images\/stories\/11\/12\/071211\/tiburon-3.jpg\" border=\"0\" alt=\"Rescatan a tripulantes heridos de la Embarcaci\u00f3n Pesquera \u00b4Tibur\u00f3n 3\u00b4\" title=\"Rescatan a tripulantes heridos de la Embarcaci\u00f3n Pesquera \u00b4Tibur\u00f3n 3\u00b4\" \/><\/p>\n","protected":false},"excerpt":{"rendered":"<p>(Aeronoticias).-\u00a0 A las 0945 horas del d\u00eda de hoy, la Capitan\u00eda Guardacostas Mar\u00edtima del Callao, recibi\u00f3 la llamada telef\u00f3nica del procurador pesquero Carlos Rodr\u00edguez Solano de la empresa Luciana S.A.C., informando que los tripulantes de la Embarcaci\u00f3n Pesquera \u201cTibur\u00f3n 3\u201d con matr\u00edcula CE-12972-PM, sufrieron un accidente mientras realizaban sus faenas de pesca a 50 kil\u00f3metros [&hellip;]<\/p>\n","protected":false},"author":1,"featured_media":0,"comment_status":"open","ping_status":"open","sticky":false,"template":"","format":"standard","meta":{"tdm_status":"","tdm_grid_status":"","footnotes":""},"categories":[38],"tags":[],"class_list":{"0":"post-21417","1":"post","2":"type-post","3":"status-publish","4":"format-standard","6":"category-nacionales"},"yoast_head":"<!-- This site is optimized with the Yoast SEO plugin v25.1 - https:\/\/yoast.com\/wordpress\/plugins\/seo\/ -->\n<title>Rescatan a tripulantes heridos de la Embarcaci\u00f3n Pesquera \u00b4Tibur\u00f3n 3\u00b4<\/title>\n<meta name=\"description\" content=\"Portal de noticias del Per\u00fa sobre el transporte a\u00e9reo, aviaci\u00f3n, turismo, hoteleria, actualidad.\" \/>\n<meta name=\"robots\" content=\"index, follow, max-snippet:-1, max-image-preview:large, max-video-preview:-1\" \/>\n<link rel=\"canonical\" href=\"https:\/\/aeronoticias.com.pe\/noticiero\/nacionales\/rescatan-a-tripulantes-heridos-de-la-embarcacion-pesquera-atiburon-3a\/\" \/>\n<meta property=\"og:locale\" content=\"es_ES\" \/>\n<meta property=\"og:type\" content=\"article\" \/>\n<meta property=\"og:title\" content=\"Rescatan a tripulantes heridos de la Embarcaci\u00f3n Pesquera \u00b4Tibur\u00f3n 3\u00b4\" \/>\n<meta property=\"og:description\" content=\"Portal de noticias del Per\u00fa sobre el transporte a\u00e9reo, aviaci\u00f3n, turismo, hoteleria, actualidad.\" \/>\n<meta property=\"og:url\" content=\"https:\/\/aeronoticias.com.pe\/noticiero\/nacionales\/rescatan-a-tripulantes-heridos-de-la-embarcacion-pesquera-atiburon-3a\/\" \/>\n<meta property=\"og:site_name\" content=\"Aeronoticias.com.pe\" \/>\n<meta property=\"article:publisher\" content=\"https:\/\/www.facebook.com\/Aeronoticias.com.pe\/\" \/>\n<meta property=\"article:published_time\" content=\"2011-12-08T02:58:10+00:00\" \/>\n<meta name=\"author\" content=\"Redacci\u00f3n Aeronoticias\" \/>\n<meta name=\"twitter:card\" content=\"summary_large_image\" \/>\n<meta name=\"twitter:creator\" content=\"@aeronoticias\" \/>\n<meta name=\"twitter:site\" content=\"@aeronoticias\" \/>\n<meta name=\"twitter:label1\" content=\"Escrito por\" \/>\n\t<meta name=\"twitter:data1\" content=\"Redacci\u00f3n Aeronoticias\" \/>\n\t<meta name=\"twitter:label2\" content=\"Tiempo de lectura\" \/>\n\t<meta name=\"twitter:data2\" content=\"1 minuto\" \/>\n<script type=\"application\/ld+json\" class=\"yoast-schema-graph\">{\"@context\":\"https:\/\/schema.org\",\"@graph\":[{\"@type\":\"WebPage\",\"@id\":\"https:\/\/aeronoticias.com.pe\/noticiero\/nacionales\/rescatan-a-tripulantes-heridos-de-la-embarcacion-pesquera-atiburon-3a\/\",\"url\":\"https:\/\/aeronoticias.com.pe\/noticiero\/nacionales\/rescatan-a-tripulantes-heridos-de-la-embarcacion-pesquera-atiburon-3a\/\",\"name\":\"Rescatan a tripulantes heridos de la Embarcaci\u00f3n Pesquera \u00b4Tibur\u00f3n 3\u00b4\",\"isPartOf\":{\"@id\":\"https:\/\/aeronoticias.com.pe\/noticiero\/#website\"},\"datePublished\":\"2011-12-08T02:58:10+00:00\",\"author\":{\"@id\":\"https:\/\/aeronoticias.com.pe\/noticiero\/#\/schema\/person\/fc1e5d578f4b62ba1cf7ac2bba1170a0\"},\"description\":\"Portal de noticias del Per\u00fa sobre el transporte a\u00e9reo, aviaci\u00f3n, turismo, hoteleria, actualidad.\",\"breadcrumb\":{\"@id\":\"https:\/\/aeronoticias.com.pe\/noticiero\/nacionales\/rescatan-a-tripulantes-heridos-de-la-embarcacion-pesquera-atiburon-3a\/#breadcrumb\"},\"inLanguage\":\"es\",\"potentialAction\":[{\"@type\":\"ReadAction\",\"target\":[\"https:\/\/aeronoticias.com.pe\/noticiero\/nacionales\/rescatan-a-tripulantes-heridos-de-la-embarcacion-pesquera-atiburon-3a\/\"]}]},{\"@type\":\"BreadcrumbList\",\"@id\":\"https:\/\/aeronoticias.com.pe\/noticiero\/nacionales\/rescatan-a-tripulantes-heridos-de-la-embarcacion-pesquera-atiburon-3a\/#breadcrumb\",\"itemListElement\":[{\"@type\":\"ListItem\",\"position\":1,\"name\":\"Portada\",\"item\":\"https:\/\/aeronoticias.com.pe\/noticiero\/\"},{\"@type\":\"ListItem\",\"position\":2,\"name\":\"Rescatan a tripulantes heridos de la Embarcaci\u00f3n Pesquera \u00b4Tibur\u00f3n 3\u00b4\"}]},{\"@type\":\"WebSite\",\"@id\":\"https:\/\/aeronoticias.com.pe\/noticiero\/#website\",\"url\":\"https:\/\/aeronoticias.com.pe\/noticiero\/\",\"name\":\"Aeronoticias.com.pe\",\"description\":\"Noticias de tranporte aereo, turismo, hoteles, gastronomia, actualidad, internacional\",\"potentialAction\":[{\"@type\":\"SearchAction\",\"target\":{\"@type\":\"EntryPoint\",\"urlTemplate\":\"https:\/\/aeronoticias.com.pe\/noticiero\/?s={search_term_string}\"},\"query-input\":{\"@type\":\"PropertyValueSpecification\",\"valueRequired\":true,\"valueName\":\"search_term_string\"}}],\"inLanguage\":\"es\"},{\"@type\":\"Person\",\"@id\":\"https:\/\/aeronoticias.com.pe\/noticiero\/#\/schema\/person\/fc1e5d578f4b62ba1cf7ac2bba1170a0\",\"name\":\"Redacci\u00f3n Aeronoticias\",\"url\":\"https:\/\/aeronoticias.com.pe\/noticiero\/author\/piloto\/\"}]}<\/script>\n<!-- \/ Yoast SEO plugin. -->","yoast_head_json":{"title":"Rescatan a tripulantes heridos de la Embarcaci\u00f3n Pesquera \u00b4Tibur\u00f3n 3\u00b4","description":"Portal de noticias del Per\u00fa sobre el transporte a\u00e9reo, aviaci\u00f3n, turismo, hoteleria, actualidad.","robots":{"index":"index","follow":"follow","max-snippet":"max-snippet:-1","max-image-preview":"max-image-preview:large","max-video-preview":"max-video-preview:-1"},"canonical":"https:\/\/aeronoticias.com.pe\/noticiero\/nacionales\/rescatan-a-tripulantes-heridos-de-la-embarcacion-pesquera-atiburon-3a\/","og_locale":"es_ES","og_type":"article","og_title":"Rescatan a tripulantes heridos de la Embarcaci\u00f3n Pesquera \u00b4Tibur\u00f3n 3\u00b4","og_description":"Portal de noticias del Per\u00fa sobre el transporte a\u00e9reo, aviaci\u00f3n, turismo, hoteleria, actualidad.","og_url":"https:\/\/aeronoticias.com.pe\/noticiero\/nacionales\/rescatan-a-tripulantes-heridos-de-la-embarcacion-pesquera-atiburon-3a\/","og_site_name":"Aeronoticias.com.pe","article_publisher":"https:\/\/www.facebook.com\/Aeronoticias.com.pe\/","article_published_time":"2011-12-08T02:58:10+00:00","author":"Redacci\u00f3n Aeronoticias","twitter_card":"summary_large_image","twitter_creator":"@aeronoticias","twitter_site":"@aeronoticias","twitter_misc":{"Escrito por":"Redacci\u00f3n Aeronoticias","Tiempo de lectura":"1 minuto"},"schema":{"@context":"https:\/\/schema.org","@graph":[{"@type":"WebPage","@id":"https:\/\/aeronoticias.com.pe\/noticiero\/nacionales\/rescatan-a-tripulantes-heridos-de-la-embarcacion-pesquera-atiburon-3a\/","url":"https:\/\/aeronoticias.com.pe\/noticiero\/nacionales\/rescatan-a-tripulantes-heridos-de-la-embarcacion-pesquera-atiburon-3a\/","name":"Rescatan a tripulantes heridos de la Embarcaci\u00f3n Pesquera \u00b4Tibur\u00f3n 3\u00b4","isPartOf":{"@id":"https:\/\/aeronoticias.com.pe\/noticiero\/#website"},"datePublished":"2011-12-08T02:58:10+00:00","author":{"@id":"https:\/\/aeronoticias.com.pe\/noticiero\/#\/schema\/person\/fc1e5d578f4b62ba1cf7ac2bba1170a0"},"description":"Portal de noticias del Per\u00fa sobre el transporte a\u00e9reo, aviaci\u00f3n, turismo, hoteleria, actualidad.","breadcrumb":{"@id":"https:\/\/aeronoticias.com.pe\/noticiero\/nacionales\/rescatan-a-tripulantes-heridos-de-la-embarcacion-pesquera-atiburon-3a\/#breadcrumb"},"inLanguage":"es","potentialAction":[{"@type":"ReadAction","target":["https:\/\/aeronoticias.com.pe\/noticiero\/nacionales\/rescatan-a-tripulantes-heridos-de-la-embarcacion-pesquera-atiburon-3a\/"]}]},{"@type":"BreadcrumbList","@id":"https:\/\/aeronoticias.com.pe\/noticiero\/nacionales\/rescatan-a-tripulantes-heridos-de-la-embarcacion-pesquera-atiburon-3a\/#breadcrumb","itemListElement":[{"@type":"ListItem","position":1,"name":"Portada","item":"https:\/\/aeronoticias.com.pe\/noticiero\/"},{"@type":"ListItem","position":2,"name":"Rescatan a tripulantes heridos de la Embarcaci\u00f3n Pesquera \u00b4Tibur\u00f3n 3\u00b4"}]},{"@type":"WebSite","@id":"https:\/\/aeronoticias.com.pe\/noticiero\/#website","url":"https:\/\/aeronoticias.com.pe\/noticiero\/","name":"Aeronoticias.com.pe","description":"Noticias de tranporte aereo, turismo, hoteles, gastronomia, actualidad, internacional","potentialAction":[{"@type":"SearchAction","target":{"@type":"EntryPoint","urlTemplate":"https:\/\/aeronoticias.com.pe\/noticiero\/?s={search_term_string}"},"query-input":{"@type":"PropertyValueSpecification","valueRequired":true,"valueName":"search_term_string"}}],"inLanguage":"es"},{"@type":"Person","@id":"https:\/\/aeronoticias.com.pe\/noticiero\/#\/schema\/person\/fc1e5d578f4b62ba1cf7ac2bba1170a0","name":"Redacci\u00f3n Aeronoticias","url":"https:\/\/aeronoticias.com.pe\/noticiero\/author\/piloto\/"}]}},"_links":{"self":[{"href":"https:\/\/aeronoticias.com.pe\/noticiero\/wp-json\/wp\/v2\/posts\/21417","targetHints":{"allow":["GET"]}}],"collection":[{"href":"https:\/\/aeronoticias.com.pe\/noticiero\/wp-json\/wp\/v2\/posts"}],"about":[{"href":"https:\/\/aeronoticias.com.pe\/noticiero\/wp-json\/wp\/v2\/types\/post"}],"author":[{"embeddable":true,"href":"https:\/\/aeronoticias.com.pe\/noticiero\/wp-json\/wp\/v2\/users\/1"}],"replies":[{"embeddable":true,"href":"https:\/\/aeronoticias.com.pe\/noticiero\/wp-json\/wp\/v2\/comments?post=21417"}],"version-history":[{"count":0,"href":"https:\/\/aeronoticias.com.pe\/noticiero\/wp-json\/wp\/v2\/posts\/21417\/revisions"}],"wp:attachment":[{"href":"https:\/\/aeronoticias.com.pe\/noticiero\/wp-json\/wp\/v2\/media?parent=21417"}],"wp:term":[{"taxonomy":"category","embeddable":true,"href":"https:\/\/aeronoticias.com.pe\/noticiero\/wp-json\/wp\/v2\/categories?post=21417"},{"taxonomy":"post_tag","embeddable":true,"href":"https:\/\/aeronoticias.com.pe\/noticiero\/wp-json\/wp\/v2\/tags?post=21417"}],"curies":[{"name":"wp","href":"https:\/\/api.w.org\/{rel}","templated":true}]}}